{"id":3080,"date":"2022-04-18T09:18:22","date_gmt":"2022-04-18T12:18:22","guid":{"rendered":"http:\/\/metropoleemfoco.com.br\/?p=3080"},"modified":"2022-04-18T09:18:23","modified_gmt":"2022-04-18T12:18:23","slug":"livre-das-lesoes-veron-ganha-espaco-e-tem-maior-sequencia-de-jogos-do-elenco-do-palmeiras","status":"publish","type":"post","link":"https:\/\/metropoleemfoco.com.br\/?p=3080","title":{"rendered":"Livre das les\u00f5es, Veron ganha espa\u00e7o e tem maior sequ\u00eancia de jogos do elenco do Palmeiras"},"content":{"rendered":"\n<h2 class=\"wp-block-heading\">Atacante participou das \u00faltimas dez partidas do Verd\u00e3o e tem sido usado como titular<\/h2>\n\n\n\n<hr class=\"wp-block-separator\"\/>\n\n\n\n<p>Gabriel Veron \u00e9 uma das principais esperan\u00e7as dos torcedores para o futuro do&nbsp;<a href=\"https:\/\/globoesporte.globo.com\/futebol\/times\/palmeiras\/\">Palmeiras<\/a>. Entretanto, desde que subiu ao profissional, no fim de 2019, o atacante tem sofrido com as les\u00f5es e nunca conseguiu de fato se firmar na equipe.<\/p>\n\n\n\n<p>Mas em 2022 isso tem sido diferente. E o garoto de 19 anos vem conquistando cada vez mais espa\u00e7o com o t\u00e9cnico Abel Ferreira.<\/p>\n\n\n\n<p>Atualmente, Veron \u00e9 o jogador com a maior sequ\u00eancia do elenco,\u00a0tendo participado dos \u00faltimos dez jogos do Verd\u00e3o.<\/p>\n\n\n\n<figure class=\"wp-block-image\"><img decoding=\"async\" src=\"https:\/\/s2.glbimg.com\/DksESrgjWmMYIK11Y3MVwqYhkE8=\/0x0:1500x844\/1008x0\/smart\/filters:strip_icc()\/i.s3.glbimg.com\/v1\/AUTH_bc8228b6673f488aa253bbcb03c80ec5\/internal_photos\/bs\/2021\/G\/e\/q0WI25TV6oLgefBX2BHg\/51342111535-65c009d7ef-h.jpg\" alt=\"Gabriel Veron durante treino do Palmeiras na Academia de Futebol \u2014 Foto: Cesar Greco\"\/><\/figure>\n\n\n\n<p>Gabriel Veron durante treino do Palmeiras na Academia de Futebol \u2014 Foto: Cesar Greco<\/p>\n\n\n\n<p>E foi titular nos mais recentes, contra o Independiente Petrolero, pela Libertadores, e&nbsp;<a href=\"https:\/\/ge.globo.com\/futebol\/times\/palmeiras\/noticia\/2022\/04\/17\/analise-palmeiras-merecia-vencer-mas-poderia-ter-jogado-bem-melhor-contra-o-goias.ghtml\">Goi\u00e1s, pelo Brasileir\u00e3o<\/a>&nbsp;\u2013 neste, inclusive, Abel n\u00e3o poupou ningu\u00e9m e decidiu o escalar desde o in\u00edcio.<\/p>\n\n\n\n<p>O treinador explicou a op\u00e7\u00e3o e elogiou o momento de Gabriel Veron.<\/p>\n\n\n\n<p>\u2013 Minha fun\u00e7\u00e3o, meritocracia. O Navarro fez um jogo fant\u00e1stico em casa, normal receber oportunidade, assim como o Veron. Normal os jogadores mostrarem. Se me entregar com forma consistente \u00e9 o que queremos \u2013 disse.https:\/\/imasdk.googleapis.com\/js\/core\/bridge3.510.1_pt_br.html#goog_1008920117<video muted=\"\" preload=\"none\" poster=\"https:\/\/s02.video.glbimg.com\/x720\/10490509.jpg\"><\/video>00:00\/07:03<\/p>\n\n\n\n<p>Melhores momentos de Goi\u00e1s 1 x 1 Palmeiras pela 2\u00aa rodada do Brasileir\u00e3o<\/p>\n\n\n\n<p>Veron participou de 19 dos 24 jogos que realizou em 2022. Se continuar livre das les\u00f5es e mantiver a m\u00e9dia, ele jogar\u00e1 bem mais do que nas temporadas anteriores, j\u00e1 que atuou 37 vezes em 2020 e apenas 20 em 2021.https:\/\/7b445478b8bc9b6179c9efd5a9f52ae9.safeframe.googlesyndication.com\/safeframe\/1-0-38\/html\/container.html<\/p>\n\n\n\n<p>Apesar de aumentar sua frequ\u00eancia nas partidas, Gabriel Veron ainda busca o primeiro gol neste ano. Ele tem alternado sua fun\u00e7\u00e3o no ataque como ponta e centroavante.<\/p>\n\n\n\n<p>A pr\u00f3xima oportunidade para o garoto quebrar esse jejum ser\u00e1 na quarta-feira, quando o&nbsp;<a href=\"https:\/\/globoesporte.globo.com\/futebol\/times\/palmeiras\/\">Palmeiras<\/a>&nbsp;enfrentar\u00e1 o Flamengo, no Maracan\u00e3, \u00e0s 19h30 (de Bras\u00edlia), pelo Brasileir\u00e3o.https:\/\/imasdk.googleapis.com\/js\/core\/bridge3.510.1_pt_br.html#goog_1008920119<video muted=\"\" preload=\"none\" poster=\"https:\/\/s03.video.glbimg.com\/x720\/10490546.jpg\"><\/video>00:00\/02:52<\/p>\n\n\n\n<p>&#8220;T\u00e1 dif\u00edcil de acreditar na arbitragem no Brasil&#8221;, reclama Bocca | A Voz da Torcida<\/p>\n\n\n\n<p>Fonte: Ge<\/p>\n","protected":false},"excerpt":{"rendered":"<p>Atacante participou das \u00faltimas dez partidas do Verd\u00e3o e tem sido usado como titular Gabriel Veron \u00e9 uma das principais<\/p>\n","protected":false},"author":1,"featured_media":3081,"comment_status":"open","ping_status":"open","sticky":false,"template":"","format":"standard","meta":{"colormag_page_container_layout":"default_layout","colormag_page_sidebar_layout":"default_layout","footnotes":""},"categories":[1],"tags":[],"class_list":["post-3080","post","type-post","status-publish","format-standard","has-post-thumbnail","hentry","category-geral"],"_links":{"self":[{"href":"https:\/\/metropoleemfoco.com.br\/index.php?rest_route=\/wp\/v2\/posts\/3080","targetHints":{"allow":["GET"]}}],"collection":[{"href":"https:\/\/metropoleemfoco.com.br\/index.php?rest_route=\/wp\/v2\/posts"}],"about":[{"href":"https:\/\/metropoleemfoco.com.br\/index.php?rest_route=\/wp\/v2\/types\/post"}],"author":[{"embeddable":true,"href":"https:\/\/metropoleemfoco.com.br\/index.php?rest_route=\/wp\/v2\/users\/1"}],"replies":[{"embeddable":true,"href":"https:\/\/metropoleemfoco.com.br\/index.php?rest_route=%2Fwp%2Fv2%2Fcomments&post=3080"}],"version-history":[{"count":1,"href":"https:\/\/metropoleemfoco.com.br\/index.php?rest_route=\/wp\/v2\/posts\/3080\/revisions"}],"predecessor-version":[{"id":3082,"href":"https:\/\/metropoleemfoco.com.br\/index.php?rest_route=\/wp\/v2\/posts\/3080\/revisions\/3082"}],"wp:featuredmedia":[{"embeddable":true,"href":"https:\/\/metropoleemfoco.com.br\/index.php?rest_route=\/wp\/v2\/media\/3081"}],"wp:attachment":[{"href":"https:\/\/metropoleemfoco.com.br\/index.php?rest_route=%2Fwp%2Fv2%2Fmedia&parent=3080"}],"wp:term":[{"taxonomy":"category","embeddable":true,"href":"https:\/\/metropoleemfoco.com.br\/index.php?rest_route=%2Fwp%2Fv2%2Fcategories&post=3080"},{"taxonomy":"post_tag","embeddable":true,"href":"https:\/\/metropoleemfoco.com.br\/index.php?rest_route=%2Fwp%2Fv2%2Ftags&post=3080"}],"curies":[{"name":"wp","href":"https:\/\/api.w.org\/{rel}","templated":true}]}}