{"id":3069,"date":"2022-04-18T09:17:06","date_gmt":"2022-04-18T12:17:06","guid":{"rendered":"http:\/\/metropoleemfoco.com.br\/?p=3069"},"modified":"2022-04-18T09:17:07","modified_gmt":"2022-04-18T12:17:07","slug":"crise-de-ansiedade-coletiva-na-escola-o-que-se-sabe-sobre-o-contagio-emocional","status":"publish","type":"post","link":"https:\/\/metropoleemfoco.com.br\/?p=3069","title":{"rendered":"Crise de ansiedade coletiva na escola: o que se sabe sobre o &#8220;cont\u00e1gio emocional&#8221;"},"content":{"rendered":"\n<h2 class=\"wp-block-heading\">Crises que atingiram jovens em col\u00e9gios em Recife e em no interior de S\u00e3o Paulo acenderam alertas para os cuidados com a sa\u00fade mental dos jovens, principalmente ap\u00f3s a volta \u00e0s aulas p\u00f3s-pandemia.<\/h2>\n\n\n\n<figure class=\"wp-block-image\"><img decoding=\"async\" src=\"https:\/\/zenklub.com.br\/blog\/wp-content\/uploads\/2020\/11\/ansiedade-sintomas.jpg\" alt=\"Ansiedade: 22 sintomas f\u00edsicos e psicol\u00f3gicos e teste online | Zenklub\"\/><\/figure>\n\n\n\n<p>Um caso numa escola de Recife deixou o Brasil chocado: 26 alunos sofreram uma crise nervosa dentro de sala de aula e precisaram de atendimento m\u00e9dico fora do col\u00e9gio. Os relatos sobre a causa e o espalhamento do surto ainda n\u00e3o s\u00e3o claros, mas especialistas j\u00e1 diagnosticaram o caso como uma crise de ansiedade coletiva. Em um col\u00e9gio do interior de S\u00e3o Paulo, v\u00e1rios alunos se cortaram com a l\u00e2mina do apontador de l\u00e1pis. O que est\u00e1 por tr\u00e1s deste comportamento &#8220;contagioso&#8221; entre os estudantes? O quanto dos efeitos da pandemia pode ter influenciado a fragilidade emocional dos jovens?<\/p>\n\n\n\n<p>Especialistas em psicologia e educa\u00e7\u00e3o discutiram isso no podcast Isso \u00c9 Fant\u00e1stico desta semana, apresentado por T\u00e1bata Poline. O psiquiatra Guilherme Polanczyck, professor de psiquiatria da inf\u00e2ncia e do adolesc\u00eancia da faculdade de Medicina da USP, explicou o conceito de &#8220;cont\u00e1gio emocional&#8221;, que est\u00e1 sendo cada vez mais vis\u00edvel entre os jovens. J\u00e1 a diretora-executiva da consultoria em intelig\u00eancia educacional Vozes da Educa\u00e7\u00e3o, Carolina Campos, colocou em perspectiva a aten\u00e7\u00e3o que o Brasil d\u00e1 \u00e0 sa\u00fade mental dos estudantes em compara\u00e7\u00e3o com outros pa\u00edses. Segundo ela, nos EUA, j\u00e1 investem massivamente em pol\u00edticas p\u00fablicas de sa\u00fade mental para as escolas, enquanto no Canad\u00e1 e na Austr\u00e1lia isso j\u00e1 \u00e9 debate desde a d\u00e9cada de 1970. Tamb\u00e9m participa do podcast a rep\u00f3rter Beatriz Castro, que acompanhou e noticiou todo o caso em Recife.<\/p>\n\n\n\n<p>Fonte: G1<\/p>\n","protected":false},"excerpt":{"rendered":"<p>Crises que atingiram jovens em col\u00e9gios em Recife e em no interior de S\u00e3o Paulo acenderam alertas para os cuidados<\/p>\n","protected":false},"author":1,"featured_media":3078,"comment_status":"open","ping_status":"open","sticky":false,"template":"","format":"standard","meta":{"colormag_page_container_layout":"default_layout","colormag_page_sidebar_layout":"default_layout","footnotes":""},"categories":[9],"tags":[],"class_list":["post-3069","post","type-post","status-publish","format-standard","has-post-thumbnail","hentry","category-saude"],"_links":{"self":[{"href":"https:\/\/metropoleemfoco.com.br\/index.php?rest_route=\/wp\/v2\/posts\/3069","targetHints":{"allow":["GET"]}}],"collection":[{"href":"https:\/\/metropoleemfoco.com.br\/index.php?rest_route=\/wp\/v2\/posts"}],"about":[{"href":"https:\/\/metropoleemfoco.com.br\/index.php?rest_route=\/wp\/v2\/types\/post"}],"author":[{"embeddable":true,"href":"https:\/\/metropoleemfoco.com.br\/index.php?rest_route=\/wp\/v2\/users\/1"}],"replies":[{"embeddable":true,"href":"https:\/\/metropoleemfoco.com.br\/index.php?rest_route=%2Fwp%2Fv2%2Fcomments&post=3069"}],"version-history":[{"count":1,"href":"https:\/\/metropoleemfoco.com.br\/index.php?rest_route=\/wp\/v2\/posts\/3069\/revisions"}],"predecessor-version":[{"id":3079,"href":"https:\/\/metropoleemfoco.com.br\/index.php?rest_route=\/wp\/v2\/posts\/3069\/revisions\/3079"}],"wp:featuredmedia":[{"embeddable":true,"href":"https:\/\/metropoleemfoco.com.br\/index.php?rest_route=\/wp\/v2\/media\/3078"}],"wp:attachment":[{"href":"https:\/\/metropoleemfoco.com.br\/index.php?rest_route=%2Fwp%2Fv2%2Fmedia&parent=3069"}],"wp:term":[{"taxonomy":"category","embeddable":true,"href":"https:\/\/metropoleemfoco.com.br\/index.php?rest_route=%2Fwp%2Fv2%2Fcategories&post=3069"},{"taxonomy":"post_tag","embeddable":true,"href":"https:\/\/metropoleemfoco.com.br\/index.php?rest_route=%2Fwp%2Fv2%2Ftags&post=3069"}],"curies":[{"name":"wp","href":"https:\/\/api.w.org\/{rel}","templated":true}]}}