{"id":2187,"date":"2022-02-04T13:05:12","date_gmt":"2022-02-04T16:05:12","guid":{"rendered":"https:\/\/metropoleemfoco.com.br\/?p=2187"},"modified":"2022-02-04T13:05:13","modified_gmt":"2022-02-04T16:05:13","slug":"gilberto-barros-e-condenado-por-homofobia-e-multado-em-r-32-mil-por-comissao-do-governo-de-sp","status":"publish","type":"post","link":"https:\/\/metropoleemfoco.com.br\/?p=2187","title":{"rendered":"Gilberto Barros \u00e9 condenado por homofobia e multado em R$ 32 mil por comiss\u00e3o do governo de SP"},"content":{"rendered":"\n<h2 class=\"wp-block-heading\" id=\"durante-programa-em-seu-canal-no-youtube-apresentador-fez-comentarios-homofobicos-e-incitou-violencia-contra-populacao-lgbtqia-na-condenacao-a-defesa-argumentou-que-ele-convive-diariamente-e-tem-lacos-de-amizade-com-pessoas-das-mais-diversas-orientacoes-sexuais\">Durante programa em seu canal no YouTube, apresentador fez coment\u00e1rios homof\u00f3bicos e incitou viol\u00eancia contra popula\u00e7\u00e3o LGBTQIA+. Na condena\u00e7\u00e3o, a defesa argumentou que ele convive &#8216;diariamente&#8217; e tem &#8216;la\u00e7os de amizade com pessoas das mais diversas orienta\u00e7\u00f5es sexuais&#8217;.<\/h2>\n\n\n\n<p><\/p>\n\n\n\n<p><\/p>\n\n\n\n<hr class=\"wp-block-separator\"\/>\n\n\n\n<figure class=\"wp-block-image\"><img decoding=\"async\" src=\"https:\/\/s2.glbimg.com\/bnQyKq5ee1CVrEuLKUbglyjcvWM=\/0x0:1080x741\/984x0\/smart\/filters:strip_icc()\/i.s3.glbimg.com\/v1\/AUTH_59edd422c0c84a879bd37670ae4f538a\/internal_photos\/bs\/2022\/5\/i\/DGvCfTSNiN0Qgr9ovdnw\/38655890-2072477709492013-1257359531399184384-n.jpg\" alt=\"Gilberto Barros \u2014 Foto: Reprodu\u00e7\u00e3o\/ Facebook\"\/><\/figure>\n\n\n\n<p>Gilberto Barros \u2014 Foto: Reprodu\u00e7\u00e3o\/ Facebook<\/p>\n\n\n\n<p>O apresentador Gilberto Barros foi condenado por homofobia e multado pela Secretaria da Justi\u00e7a e da Cidadania do estado de <a href=\"https:\/\/g1.globo.com\/sp\/sao-paulo\/cidade\/sao-paulo\/\">S\u00e3o Paulo<\/a> no valor de R$ 32 mil devido a coment\u00e1rios feitos em um programa no seu canal no YouTube.<\/p>\n\n\n\n<p>Durante a exibi\u00e7\u00e3o do programa, o apresentador chegou a fazer coment\u00e1rios homof\u00f3bicos e incitar viol\u00eancia contra a popula\u00e7\u00e3o LGBTQIA+.<\/p>\n\n\n\n<p>Entre as frases, disse: &#8220;Voc\u00ea lembra a hora que eu acordava para trabalhar na R\u00e1dio Globo, quando cheguei a <a href=\"https:\/\/g1.globo.com\/sp\/sao-paulo\/cidade\/sao-paulo\/\">S\u00e3o Paulo<\/a>, em 1984? Tinha que acordar \u00e0s 2h30 e ainda presenciar, no lugar onde guardava o carro, beijo de l\u00edngua de dois bigodes. Porque tinha uma boate gay l\u00e1 na frente&#8221;.<\/p>\n\n\n\n<p>E emendou: &#8220;N\u00e3o tenho nada contra, mas eu tamb\u00e9m vomito. Sou gente, gente. Naquela \u00e9poca ainda, imagina chegando do interior. Hoje em dia, se quiser fazer na minha<strong> frente faz, apanha os dois, mas faz<\/strong>&#8220;.<\/p>\n\n\n\n<p>A den\u00fancia foi feita pelo jornalista William de Lucca, e o processo foi instaurado baseado na <a href=\"https:\/\/g1.globo.com\/sp\/sao-paulo\/noticia\/2019\/06\/25\/um-em-cada-tres-processos-administrativos-por-discriminacao-contra-lgbts-termina-em-condenacao-em-sp.ghtml\">Lei Estadual 10.948\/2001, que prev\u00ea puni\u00e7\u00e3o<\/a> a &#8220;toda manifesta\u00e7\u00e3o atentat\u00f3ria ou discriminat\u00f3ria praticada contra cidad\u00e3o homossexual, bissexual ou transg\u00eanero&#8221;, praticadas por pessoas f\u00edsicas e jur\u00eddicas.<\/p>\n\n\n\n<p>A defesa de Gilberto Barros chegou a argumentar que ele convive &#8220;diariamente&#8221; e tem &#8220;la\u00e7os de amizade com pessoas das mais diversas orienta\u00e7\u00f5es sexuais&#8221;. Argumentou ainda que n\u00e3o se dirigiu a uma pessoa em especifico e que estava se referindo em outros \u00e9pocas. A Comiss\u00e3o Especial de Discrimina\u00e7\u00e3o em Raz\u00e3o de Orienta\u00e7\u00e3o Sexual, que analisa as den\u00fancias, rejeitou os argumentos do apresentador.<\/p>\n\n\n\n<p>Segundo a comiss\u00e3o, as falas de Gilberto durante o programa evidenciam natureza LGBTf\u00f3bica, extrapolando os limites de liberdade de express\u00e3o, al\u00e9m de estimular a viol\u00eancia f\u00edsica contra a popula\u00e7\u00e3o LGBTQIA+.<\/p>\n\n\n\n<p>O <strong>g1 <\/strong>procurou o apresentador para comentar sobre o caso, mas, at\u00e9 a \u00faltima atualiza\u00e7\u00e3o desta reportagem, n\u00e3o teve retorno.<\/p>\n\n\n\n<h2 class=\"wp-block-heading\" id=\"condenacoes-da-comissao\">Condena\u00e7\u00f5es da comiss\u00e3o<\/h2>\n\n\n\n<p>As puni\u00e7\u00f5es da Comiss\u00e3o Especial de Discrimina\u00e7\u00e3o em Raz\u00e3o de Orienta\u00e7\u00e3o Sexual ou Identidade de G\u00eanero v\u00e3o desde advert\u00eancia, passando por pagamento de multa at\u00e9 a cassa\u00e7\u00e3o de licen\u00e7a estadual de funcionamento de uma empresa, por exemplo.<\/p>\n\n\n\n<p>A comiss\u00e3o foi instaurada em 2001, com base na lei estadual. Ela \u00e9 formada por cinco integrantes da secretaria. A den\u00fancia \u00e9 feita pela ouvidoria, pela pr\u00f3pria secretaria ou outro \u00f3rg\u00e3o a encaminha para a comiss\u00e3o. Como n\u00e3o se trata de um processo judicial, n\u00e3o h\u00e1 a necessidade de registro de boletim de ocorr\u00eancia.<\/p>\n\n\n\n<p>Quando a pessoa relata o fato, um expediente \u00e9 gerado e, a partir da\u00ed, o coordenador da comiss\u00e3o verifica se \u00e9 o caso de tentar uma media\u00e7\u00e3o antes da abertura do processo. No caso de Gilberto Barros, n\u00e3o houve media\u00e7\u00e3o.<\/p>\n\n\n\n<h2 class=\"wp-block-heading\" id=\"como-tramita-a-denuncia-por-discriminacao-sexual-na-secretaria-da-justica-de-sp\">Como tramita a den\u00fancia por discrimina\u00e7\u00e3o sexual na Secretaria da Justi\u00e7a de SP<\/h2>\n\n\n\n<figure class=\"wp-block-image\"><img decoding=\"async\" src=\"https:\/\/s2.glbimg.com\/upKVg1_dOBKLAdcTlt0MM6_FQ_Q=\/0x302:1600x4839\/984x0\/smart\/filters:strip_icc()\/i.s3.glbimg.com\/v1\/AUTH_59edd422c0c84a879bd37670ae4f538a\/internal_photos\/bs\/2019\/0\/d\/WBopfNSOyYOjlBvDdCMw\/discriminacao-sexual-sp-arte.png\" alt=\"Como tramita uma den\u00fancia de discrimina\u00e7\u00e3o sexual em SP \u2014 Foto: Wagner Magalh\u00e3es\/G1\"\/><\/figure>\n\n\n\n<p>Como tramita uma den\u00fancia de discrimina\u00e7\u00e3o sexual em SP \u2014 Foto: Wagner Magalh\u00e3es\/G1<\/p>\n\n\n\n<p>Fonte: G1<\/p>\n","protected":false},"excerpt":{"rendered":"<p>Durante programa em seu canal no YouTube, apresentador fez coment\u00e1rios homof\u00f3bicos e incitou viol\u00eancia contra popula\u00e7\u00e3o LGBTQIA+. Na condena\u00e7\u00e3o, a<\/p>\n","protected":false},"author":1,"featured_media":2188,"comment_status":"open","ping_status":"open","sticky":false,"template":"","format":"standard","meta":{"colormag_page_container_layout":"default_layout","colormag_page_sidebar_layout":"default_layout","footnotes":""},"categories":[3],"tags":[],"class_list":["post-2187","post","type-post","status-publish","format-standard","has-post-thumbnail","hentry","category-seu-bairro"],"_links":{"self":[{"href":"https:\/\/metropoleemfoco.com.br\/index.php?rest_route=\/wp\/v2\/posts\/2187","targetHints":{"allow":["GET"]}}],"collection":[{"href":"https:\/\/metropoleemfoco.com.br\/index.php?rest_route=\/wp\/v2\/posts"}],"about":[{"href":"https:\/\/metropoleemfoco.com.br\/index.php?rest_route=\/wp\/v2\/types\/post"}],"author":[{"embeddable":true,"href":"https:\/\/metropoleemfoco.com.br\/index.php?rest_route=\/wp\/v2\/users\/1"}],"replies":[{"embeddable":true,"href":"https:\/\/metropoleemfoco.com.br\/index.php?rest_route=%2Fwp%2Fv2%2Fcomments&post=2187"}],"version-history":[{"count":1,"href":"https:\/\/metropoleemfoco.com.br\/index.php?rest_route=\/wp\/v2\/posts\/2187\/revisions"}],"predecessor-version":[{"id":2189,"href":"https:\/\/metropoleemfoco.com.br\/index.php?rest_route=\/wp\/v2\/posts\/2187\/revisions\/2189"}],"wp:featuredmedia":[{"embeddable":true,"href":"https:\/\/metropoleemfoco.com.br\/index.php?rest_route=\/wp\/v2\/media\/2188"}],"wp:attachment":[{"href":"https:\/\/metropoleemfoco.com.br\/index.php?rest_route=%2Fwp%2Fv2%2Fmedia&parent=2187"}],"wp:term":[{"taxonomy":"category","embeddable":true,"href":"https:\/\/metropoleemfoco.com.br\/index.php?rest_route=%2Fwp%2Fv2%2Fcategories&post=2187"},{"taxonomy":"post_tag","embeddable":true,"href":"https:\/\/metropoleemfoco.com.br\/index.php?rest_route=%2Fwp%2Fv2%2Ftags&post=2187"}],"curies":[{"name":"wp","href":"https:\/\/api.w.org\/{rel}","templated":true}]}}