{"id":13977,"date":"2026-05-02T15:06:25","date_gmt":"2026-05-02T18:06:25","guid":{"rendered":"http:\/\/metropoleemfoco.com.br\/?p=13977"},"modified":"2026-05-02T15:06:25","modified_gmt":"2026-05-02T18:06:25","slug":"13977","status":"publish","type":"post","link":"https:\/\/metropoleemfoco.com.br\/?p=13977","title":{"rendered":""},"content":{"rendered":"<header class=\"group\/header group mx-auto box-border flex w-full max-w-full flex-col gap-4 pb-4 md:border-b md:border-neutral-200 [&amp;_.gallery]:-mx-4 [&amp;_.gallery]:outline [&amp;_.gallery]:outline-2 [&amp;_.gallery]:outline-neutral-950 [&amp;_.gallery]:lg:-mx-0 [&amp;_.gallery]:lg:outline-none\">\n<div class=\"flex w-full flex-col gap-4\">\n<div class=\"border-b pb-4 lg:border-b-0 lg:pb-0\" tabindex=\"1\">\n<h1 class=\"font-bold text-3xl lg:text-4xl\" data-single-title=\"true\">Brasil emplaca 832,2 mil carros no 1\u00ba quadrimestre do ano<\/h1>\n<\/div>\n<div tabindex=\"2\">\n<h2 class=\"text-lg font-normal group-[.isActiveSource]:text-xl\" data-single-excerpt=\"true\">Mercado cresce nos primeiros meses do ano e mostra for\u00e7a dos eletrificados<\/h2>\n<\/div>\n<\/div>\n<div class=\"h-auto w-fit cursor-pointer group-has-[.featuredImage]:w-full group-has-[.gallery]:w-full group-has-[.mosaic-large]:w-full group-has-[.mosaic-small]:w-fit [#gut-square_&amp;]:w-full [#gut-square_&amp;]:lg:w-fit [#gut-trio_&amp;]:w-full [#manchete-section-one_&amp;]:h-full [#manchete-section-one_&amp;]:w-full\" tabindex=\"0\" role=\"button\" aria-controls=\"modal-content\" aria-expanded=\"false\" aria-haspopup=\"true\">\n<div class=\"group\/featureImage featuredImage relative w-full\" data-image=\"true\">\n<div class=\"fullScreenButton absolute right-0 z-20 mr-2 mt-2 size-6 rounded-sm bg-red-600 p-0 hover:bg-red-500 sm:p-1 md:mr-4 md:mt-4 md:size-8\"><\/div>\n<figure class=\"group\/featureImage featuredImage relative z-10 mb-4 flex shrink flex-col gap-2\">\n<div class=\"featuredImage--image z-10 -mx-4 flex items-center justify-center bg-neutral-950 lg:mx-0 lg:overflow-hidden lg:rounded-lg\"><picture class=\"flex object-cover overflow-clip w-full aspect-video\"><source srcset=\"https:\/\/admin.cnnbrasil.com.br\/wp-content\/uploads\/sites\/12\/2021\/06\/10133_E0FF626D29422D97-2.jpg?w=1200&amp;h=900&amp;crop=0\" media=\"(min-width: 1024px)\" \/><source srcset=\"https:\/\/admin.cnnbrasil.com.br\/wp-content\/uploads\/sites\/12\/2021\/06\/10133_E0FF626D29422D97-2.jpg?w=849&amp;h=477&amp;crop=0\" media=\"(min-width: 768px)\" \/><img loading=\"lazy\" decoding=\"async\" class=\"flex size-full object-cover\" src=\"https:\/\/admin.cnnbrasil.com.br\/wp-content\/uploads\/sites\/12\/2021\/06\/10133_E0FF626D29422D97-2.jpg?w=419&amp;h=283&amp;crop=0\" alt=\"Nova Strada Carro\" width=\"419\" height=\"283\" \/><\/picture><\/div><figcaption class=\"featuredImage--caption text-neutral-500\"><span class=\"text-sm font-medium featuredImage--subtitle\">Nova Strada, da Fiat, foi lan\u00e7ada em junho<\/span><span class=\"text-xs font-normal featuredImage--credits\">\u00a0 \u2022 Foto: Divulga\u00e7\u00e3o\/FCA<\/span><\/figcaption><\/figure>\n<\/div>\n<\/div>\n<\/header>\n<div class=\"text-lg w-full pt-6 font-light text-neutral-800 group-[.isActiveSource&gt;*]:text-xl md:pt-10 [&amp;&gt;*:not(.single-product)]:mx-auto [&amp;&gt;*:not(.single-product)]:max-w-2xl [&amp;_.gallery]:mb-4 [&amp;_p]:my-4 first:[&amp;_p]:mt-0 [&amp;_strong]:font-medium\" data-single-content=\"true\">\n<div>O mercado brasileiro de ve\u00edculos leves fechou o primeiro quadrimestre de 2026 com 832.266 unidades emplacadas, alta de 16,2% sobre o mesmo per\u00edodo de 2025, quando o setor registrou 716.138 ve\u00edculos.<\/div>\n<div id=\"content_1\" class=\"custom__ad__element flex min-h-64 bg-gray-200 justify-center items-center my-4 py-4 bg-[url('\/images\/ad-bg.png')] bg-repeat\" role=\"complementary\" aria-label=\"Publicidade\"><\/div>\n<div>O resultado supera o patamar pr\u00e9-pandemia de 2019, quando o setor somava 803.179 unidades at\u00e9 o m\u00eas quatro. O levantamento \u00e9 do consultor C\u00e1ssio Pagliarini, da Bright Consulting.<\/div>\n<div id=\"content_2\" class=\"custom__ad__element flex min-h-64 bg-gray-200 justify-center items-center my-4 py-4 bg-[url('\/images\/ad-bg.png')] bg-repeat\" role=\"complementary\" aria-label=\"Publicidade\"><\/div>\n<div>Abril terminou com volume consistente, apesar da queda em rela\u00e7\u00e3o a mar\u00e7o, explicada em parte pelo calend\u00e1rio mais curto, com dois dias \u00fateis a menos. Ainda assim, a m\u00e9dia di\u00e1ria de 11.797 unidades confirmou um ambiente de consumo mais aquecido.<\/div>\n<div>No ranking geral de abril, a\u00a0<a class=\"text-red-600 underline hover:text-red-500 font-medium break-words group-[.isActiveSource]:text-xl\" href=\"https:\/\/www.cnnbrasil.com.br\/auto\/fiat-prepara-5-carros-ineditos-no-brasil-ate-2030-para-celebrar-50-anos\/\" target=\"_self\" rel=\"\">Fiat<\/a>\u00a0manteve a lideran\u00e7a, com 43.132 unidades e 18,7% de participa\u00e7\u00e3o. Na sequ\u00eancia aparecem Volkswagen, com 38.899 unidades, e GM, com 25.099. A Hyundai ocupa a quarta posi\u00e7\u00e3o, com 18.557, praticamente empatada com a BYD, que registrou 18.463 unidades e entrou no top 5 nacional.<\/div>\n<div id=\"content_3\" class=\"custom__ad__element flex min-h-64 bg-gray-200 justify-center items-center my-4 py-4 bg-[url('\/images\/ad-bg.png')] bg-repeat\" role=\"complementary\" aria-label=\"Publicidade\">\n<div id=\"google_ads_iframe_\/21920083859\/artigos_blogs_2023_4__container__\"><\/div>\n<\/div>\n<div>Segundo Pagliarini, o varejo (showroom) respondeu por 121.878 unidades (51,7%), enquanto a venda direta somou 114.064 (48,3%). Ambos os canais recuaram em rela\u00e7\u00e3o a mar\u00e7o \u2014 o varejo caiu 4,5% e a venda direta, 12,8%. Na compara\u00e7\u00e3o com abril de 2025, por\u00e9m, os dois avan\u00e7aram: +17,3% no varejo e +21,9% na venda direta.<\/div>\n<h2 class=\"text-2xl my-5 font-bold break-words\">Mudan\u00e7a<\/h2>\n<div>A principal transforma\u00e7\u00e3o do quadrimestre est\u00e1 no avan\u00e7o das marcas chinesas. BYD, Caoa Chery, GWM, Geely (recuperada ap\u00f3s o hiato de oferta no m\u00eas anterior), Omoda &amp; Jaecoo, GAC, Leapmotor e Jetour j\u00e1 ocupam espa\u00e7o relevante no mercado brasileiro.<\/div>\n<div><\/div>\n<div>A\u00a0<a class=\"text-red-600 underline hover:text-red-500 font-medium break-words group-[.isActiveSource]:text-xl\" href=\"https:\/\/www.cnnbrasil.com.br\/economia\/negocios\/byd-reporta-queda-de-55-no-lucro-liquido-do-1o-tri-de-2026\/\" target=\"_self\" rel=\"\">BYD<\/a> \u00e9 o caso mais emblem\u00e1tico. Deixou de ser promessa no segmento de eletrificados para se tornar concorrente direta das marcas tradicionais. Ainda tem participa\u00e7\u00e3o limitada no segmento de picapes \u2014 hoje restrita \u00e0 Shark \u2014, mas prepara expans\u00e3o com a chegada da nova m\u00e9dia compacta Mako, prevista para setembro e antecipada com exclusividade pela CNN.<\/div>\n<div><\/div>\n<div>No varejo, a BYD liderou em abril, com 14.911 unidades, ligeiramente \u00e0 frente de Volkswagen (14.832), Fiat (13.568), Chevrolet (10.208) e Toyota (9.695). O dado mostra que o avan\u00e7o da marca n\u00e3o depende apenas de vendas diretas ou frotistas. H\u00e1 quatro anos, no in\u00edcio da opera\u00e7\u00e3o com autom\u00f3veis no Brasil, superar a Toyota era um objetivo ambicioso. Hoje, isso j\u00e1 \u00e9 realidade.<\/div>\n<h2 class=\"text-2xl my-5 font-bold break-words\">Carros mais vendidos do Brasil em abril de 2026<\/h2>\n<ol class=\"list-decimal pl-6 marker:text-red-600 marker:text-lg marker:font-bold\">\n<li class=\"[ul&gt;&amp;]:indent-5 mb-3 break-words [ul&gt;&amp;]:relative [ul&gt;&amp;]:before:absolute [ul&gt;&amp;]:before:left-1 [ul&gt;&amp;]:before:top-2 [ul&gt;&amp;]:before:w-2 [ul&gt;&amp;]:before:h-2 [ul&gt;&amp;]:before:bg-red-600 [ul&gt;&amp;]:before:rounded-full marker:inline group-[.isActiveSource]:text-xl\">Fiat Strada \u2014 14.910<\/li>\n<li class=\"[ul&gt;&amp;]:indent-5 mb-3 break-words [ul&gt;&amp;]:relative [ul&gt;&amp;]:before:absolute [ul&gt;&amp;]:before:left-1 [ul&gt;&amp;]:before:top-2 [ul&gt;&amp;]:before:w-2 [ul&gt;&amp;]:before:h-2 [ul&gt;&amp;]:before:bg-red-600 [ul&gt;&amp;]:before:rounded-full marker:inline group-[.isActiveSource]:text-xl\">Fiat Argo \u2014 7.991<\/li>\n<li class=\"[ul&gt;&amp;]:indent-5 mb-3 break-words [ul&gt;&amp;]:relative [ul&gt;&amp;]:before:absolute [ul&gt;&amp;]:before:left-1 [ul&gt;&amp;]:before:top-2 [ul&gt;&amp;]:before:w-2 [ul&gt;&amp;]:before:h-2 [ul&gt;&amp;]:before:bg-red-600 [ul&gt;&amp;]:before:rounded-full marker:inline group-[.isActiveSource]:text-xl\">Chevrolet Onix \u2014 7.847<\/li>\n<li class=\"[ul&gt;&amp;]:indent-5 mb-3 break-words [ul&gt;&amp;]:relative [ul&gt;&amp;]:before:absolute [ul&gt;&amp;]:before:left-1 [ul&gt;&amp;]:before:top-2 [ul&gt;&amp;]:before:w-2 [ul&gt;&amp;]:before:h-2 [ul&gt;&amp;]:before:bg-red-600 [ul&gt;&amp;]:before:rounded-full marker:inline group-[.isActiveSource]:text-xl\">Volkswagen T-Cross \u2014 7.810<\/li>\n<li class=\"[ul&gt;&amp;]:indent-5 mb-3 break-words [ul&gt;&amp;]:relative [ul&gt;&amp;]:before:absolute [ul&gt;&amp;]:before:left-1 [ul&gt;&amp;]:before:top-2 [ul&gt;&amp;]:before:w-2 [ul&gt;&amp;]:before:h-2 [ul&gt;&amp;]:before:bg-red-600 [ul&gt;&amp;]:before:rounded-full marker:inline group-[.isActiveSource]:text-xl\">Hyundai Creta \u2014 7.649<\/li>\n<li class=\"[ul&gt;&amp;]:indent-5 mb-3 break-words [ul&gt;&amp;]:relative [ul&gt;&amp;]:before:absolute [ul&gt;&amp;]:before:left-1 [ul&gt;&amp;]:before:top-2 [ul&gt;&amp;]:before:w-2 [ul&gt;&amp;]:before:h-2 [ul&gt;&amp;]:before:bg-red-600 [ul&gt;&amp;]:before:rounded-full marker:inline group-[.isActiveSource]:text-xl\">BYD Dolphin Mini \u2014 6.873<\/li>\n<li class=\"[ul&gt;&amp;]:indent-5 mb-3 break-words [ul&gt;&amp;]:relative [ul&gt;&amp;]:before:absolute [ul&gt;&amp;]:before:left-1 [ul&gt;&amp;]:before:top-2 [ul&gt;&amp;]:before:w-2 [ul&gt;&amp;]:before:h-2 [ul&gt;&amp;]:before:bg-red-600 [ul&gt;&amp;]:before:rounded-full marker:inline group-[.isActiveSource]:text-xl\">Hyundai HB20 \u2014 6.764<\/li>\n<li class=\"[ul&gt;&amp;]:indent-5 mb-3 break-words [ul&gt;&amp;]:relative [ul&gt;&amp;]:before:absolute [ul&gt;&amp;]:before:left-1 [ul&gt;&amp;]:before:top-2 [ul&gt;&amp;]:before:w-2 [ul&gt;&amp;]:before:h-2 [ul&gt;&amp;]:before:bg-red-600 [ul&gt;&amp;]:before:rounded-full marker:inline group-[.isActiveSource]:text-xl\">Volkswagen Saveiro \u2014 6.457<\/li>\n<li class=\"[ul&gt;&amp;]:indent-5 mb-3 break-words [ul&gt;&amp;]:relative [ul&gt;&amp;]:before:absolute [ul&gt;&amp;]:before:left-1 [ul&gt;&amp;]:before:top-2 [ul&gt;&amp;]:before:w-2 [ul&gt;&amp;]:before:h-2 [ul&gt;&amp;]:before:bg-red-600 [ul&gt;&amp;]:before:rounded-full marker:inline group-[.isActiveSource]:text-xl\">Renault Kwid \u2014 6.453<\/li>\n<li class=\"[ul&gt;&amp;]:indent-5 mb-3 break-words [ul&gt;&amp;]:relative [ul&gt;&amp;]:before:absolute [ul&gt;&amp;]:before:left-1 [ul&gt;&amp;]:before:top-2 [ul&gt;&amp;]:before:w-2 [ul&gt;&amp;]:before:h-2 [ul&gt;&amp;]:before:bg-red-600 [ul&gt;&amp;]:before:rounded-full marker:inline group-[.isActiveSource]:text-xl\">Volkswagen Tera \u2014 6.232<\/li>\n<li class=\"[ul&gt;&amp;]:indent-5 mb-3 break-words [ul&gt;&amp;]:relative [ul&gt;&amp;]:before:absolute [ul&gt;&amp;]:before:left-1 [ul&gt;&amp;]:before:top-2 [ul&gt;&amp;]:before:w-2 [ul&gt;&amp;]:before:h-2 [ul&gt;&amp;]:before:bg-red-600 [ul&gt;&amp;]:before:rounded-full marker:inline group-[.isActiveSource]:text-xl\">Volkswagen Polo Track \u2014 5.938<\/li>\n<li class=\"[ul&gt;&amp;]:indent-5 mb-3 break-words [ul&gt;&amp;]:relative [ul&gt;&amp;]:before:absolute [ul&gt;&amp;]:before:left-1 [ul&gt;&amp;]:before:top-2 [ul&gt;&amp;]:before:w-2 [ul&gt;&amp;]:before:h-2 [ul&gt;&amp;]:before:bg-red-600 [ul&gt;&amp;]:before:rounded-full marker:inline group-[.isActiveSource]:text-xl\">Fiat Mobi \u2014 5.361<\/li>\n<li class=\"[ul&gt;&amp;]:indent-5 mb-3 break-words [ul&gt;&amp;]:relative [ul&gt;&amp;]:before:absolute [ul&gt;&amp;]:before:left-1 [ul&gt;&amp;]:before:top-2 [ul&gt;&amp;]:before:w-2 [ul&gt;&amp;]:before:h-2 [ul&gt;&amp;]:before:bg-red-600 [ul&gt;&amp;]:before:rounded-full marker:inline group-[.isActiveSource]:text-xl\">Volkswagen Nivus \u2014 5.346<\/li>\n<li class=\"[ul&gt;&amp;]:indent-5 mb-3 break-words [ul&gt;&amp;]:relative [ul&gt;&amp;]:before:absolute [ul&gt;&amp;]:before:left-1 [ul&gt;&amp;]:before:top-2 [ul&gt;&amp;]:before:w-2 [ul&gt;&amp;]:before:h-2 [ul&gt;&amp;]:before:bg-red-600 [ul&gt;&amp;]:before:rounded-full marker:inline group-[.isActiveSource]:text-xl\">Chevrolet Tracker \u2014 5.305<\/li>\n<li class=\"[ul&gt;&amp;]:indent-5 mb-3 break-words [ul&gt;&amp;]:relative [ul&gt;&amp;]:before:absolute [ul&gt;&amp;]:before:left-1 [ul&gt;&amp;]:before:top-2 [ul&gt;&amp;]:before:w-2 [ul&gt;&amp;]:before:h-2 [ul&gt;&amp;]:before:bg-red-600 [ul&gt;&amp;]:before:rounded-full marker:inline group-[.isActiveSource]:text-xl\">Fiat Pulse \u2014 4.387<\/li>\n<\/ol>\n<p>Fonte: CNN<\/p>\n<\/div>\n","protected":false},"excerpt":{"rendered":"<p>Brasil emplaca 832,2 mil carros no 1\u00ba quadrimestre do ano Mercado cresce nos primeiros meses do ano e mostra for\u00e7a<\/p>\n","protected":false},"author":1,"featured_media":13982,"comment_status":"open","ping_status":"open","sticky":false,"template":"","format":"standard","meta":{"colormag_page_container_layout":"default_layout","colormag_page_sidebar_layout":"default_layout","footnotes":""},"categories":[90],"tags":[],"class_list":["post-13977","post","type-post","status-publish","format-standard","has-post-thumbnail","hentry","category-brasil"],"_links":{"self":[{"href":"https:\/\/metropoleemfoco.com.br\/index.php?rest_route=\/wp\/v2\/posts\/13977","targetHints":{"allow":["GET"]}}],"collection":[{"href":"https:\/\/metropoleemfoco.com.br\/index.php?rest_route=\/wp\/v2\/posts"}],"about":[{"href":"https:\/\/metropoleemfoco.com.br\/index.php?rest_route=\/wp\/v2\/types\/post"}],"author":[{"embeddable":true,"href":"https:\/\/metropoleemfoco.com.br\/index.php?rest_route=\/wp\/v2\/users\/1"}],"replies":[{"embeddable":true,"href":"https:\/\/metropoleemfoco.com.br\/index.php?rest_route=%2Fwp%2Fv2%2Fcomments&post=13977"}],"version-history":[{"count":1,"href":"https:\/\/metropoleemfoco.com.br\/index.php?rest_route=\/wp\/v2\/posts\/13977\/revisions"}],"predecessor-version":[{"id":13983,"href":"https:\/\/metropoleemfoco.com.br\/index.php?rest_route=\/wp\/v2\/posts\/13977\/revisions\/13983"}],"wp:featuredmedia":[{"embeddable":true,"href":"https:\/\/metropoleemfoco.com.br\/index.php?rest_route=\/wp\/v2\/media\/13982"}],"wp:attachment":[{"href":"https:\/\/metropoleemfoco.com.br\/index.php?rest_route=%2Fwp%2Fv2%2Fmedia&parent=13977"}],"wp:term":[{"taxonomy":"category","embeddable":true,"href":"https:\/\/metropoleemfoco.com.br\/index.php?rest_route=%2Fwp%2Fv2%2Fcategories&post=13977"},{"taxonomy":"post_tag","embeddable":true,"href":"https:\/\/metropoleemfoco.com.br\/index.php?rest_route=%2Fwp%2Fv2%2Ftags&post=13977"}],"curies":[{"name":"wp","href":"https:\/\/api.w.org\/{rel}","templated":true}]}}