{"id":13915,"date":"2026-04-29T06:00:06","date_gmt":"2026-04-29T09:00:06","guid":{"rendered":"http:\/\/metropoleemfoco.com.br\/?p=13915"},"modified":"2026-04-29T00:45:29","modified_gmt":"2026-04-29T03:45:29","slug":"13915","status":"publish","type":"post","link":"https:\/\/metropoleemfoco.com.br\/?p=13915","title":{"rendered":""},"content":{"rendered":"<header class=\"Grid__Col-sc-owmjhw-2 ivaiSK\">\n<div class=\"HeaderNoticiaWrapper-sc-4exe2y-0 bZTBph  colunas-wrapper\">\n<h1 class=\"Text__TextBase-sc-1d75gww-0 TcJvw\">Dono de a\u00e7ougue \u00e9 preso por vender carnes estragadas na zona leste.<\/h1>\n<h2 class=\"Text__TextBase-sc-1d75gww-0 eOYeiH noticiaCabecalho__subtitulo\">A\u00e7ougue foi denunciado \u00e0 pol\u00edcia por moradores da regi\u00e3o. Dono foi preso em flagrante na manh\u00e3 dessa segunda (27\/4)<\/h2>\n<div class=\"logo-div-container\">\n<div>\n<div class=\"HeaderNoticiaWrapper__Autor-sc-4exe2y-2 ghxIAK\"><a href=\"https:\/\/www.metropoles.com\/author\/julia-queiroz\" target=\"_top\" rel=\"author\">J\u00falia Queiroz<\/a><\/div>\n<\/div>\n<\/div>\n<\/div>\n<\/header>\n<div class=\"Grid__Col-sc-owmjhw-2 cgtvGh\">\n<div class=\"NoticiaInternaWrapper__ImagemDestaque-sc-481g5p-5 bBlNwq\">\n<div class=\"NoticiaInternaWrapper__WrapperShare-sc-481g5p-9 cLhTYG\">\n<div class=\"NoticiaInternaWrapper__SocialMedias-sc-481g5p-10 gYQUxP\"><\/div>\n<\/div>\n<div class=\"ImgDestaqueNoticiaWrapper-sc-1frrxvx-0 btGEwY\">\n<div class=\"ImgDestaqueNoticiaWrapper__CreditoImagem-sc-1frrxvx-1 EObEe\"><span class=\"Text__TextBase-sc-1d75gww-0 gWMhxK noticia__imagemDestaque--credito\">Divulga\u00e7\u00e3o\/Pol\u00edcia Civil de S\u00e3o Paulo<\/span><\/div>\n<figure class=\"ImgDestaqueNoticiaWrapper__Imagem-sc-1frrxvx-2 ebzoXV\"><img loading=\"lazy\" decoding=\"async\" class=\"imagem__placeholder\" src=\"https:\/\/i.metroimg.com\/KODARY6T5xWaU1uEw0k3ZY-al0VfrzI7M6tD2__tlds\/w:900\/q:85\/f:webp\/plain\/https:\/\/images.metroimg.com\/2026\/04\/whatsapp-image-2026-04-28-at-104919-am.jpg\" alt=\"dono a\u00e7ougue zona leste carne podre\" width=\"1200\" height=\"800\" data-nimg=\"1\" data-yield-master-placement-inserted=\"\" \/><\/figure>\n<\/div>\n<\/div>\n<div class=\"ConteudoNoticiaWrapper-sc-19fsm27-0 hIDPRr m-content\">\n<div class=\"ConteudoNoticiaWrapper__Artigo-sc-19fsm27-1 eehoEi\">\n<p>O dono de um a\u00e7ougue foi preso em flagrante pela\u00a0<a href=\"https:\/\/www.policiacivil.sp.gov.br\/portal\/\" target=\"_blank\" rel=\"noopener\">Pol\u00edcia Civil<\/a>\u00a0na manh\u00e3 dessa segunda-feira (27\/4) por armazenar e comercializar\u00a0<strong>carnes estragadas<\/strong>\u00a0em um estabelecimento na zona leste de\u00a0<a href=\"https:\/\/www.metropoles.com\/sao-paulo\">S\u00e3o Paulo<\/a>.<\/p>\n<div><iframe loading=\"lazy\" title=\"28042026\" src=\"https:\/\/cdn.jwplayer.com\/players\/oUozQur9-65fVsHCx.html\" width=\"100%\" height=\"100%\" frameborder=\"0\" scrolling=\"auto\" allowfullscreen=\"allowfullscreen\" data-mce-fragment=\"1\"><\/iframe><\/div>\n<p data-gtm-vis-recent-on-screen104869357_94=\"2514\" data-gtm-vis-first-on-screen104869357_94=\"2514\" data-gtm-vis-total-visible-time104869357_94=\"100\" data-gtm-vis-has-fired104869357_94=\"1\">Segundo o boletim de ocorr\u00eancia, a equipe foi acionada ap\u00f3s den\u00fancia de moradores da regi\u00e3o, que relataram um cheiro forte de um local que funcionava como a\u00e7ougue clandestino.<\/p>\n<p>No endere\u00e7o indicado, na Avenida Vila Ema, os agentes encontraram uma c\u00e2mara fria onde estavam armazenadas carnes sem identifica\u00e7\u00e3o e sem informa\u00e7\u00f5es sobre validade.<\/p>\n<div class=\"splide-container\">\n<div class=\"pre-slider\">\n<div class=\"splide__first\">\n<div class=\"splide__slide\"><img decoding=\"async\" title=\"Dono de a\u00e7ougue \u00e9 preso por vender carnes estragadas na zona leste - destaque galeria\" src=\"https:\/\/i.metroimg.com\/bAYJ6huTwGU5djnHFpqvlXx3f1AZe2zyP8yjT651QCU\/w:600\/q:85\/f:webp\/plain\/https:\/\/images.metroimg.com\/2026\/04\/whatsapp-image-2026-04-28-at-104918-am.jpg\" alt=\"Dono de a\u00e7ougue \u00e9 preso por vender carnes estragadas na zona leste - destaque galeria\" \/><\/div>\n<\/div>\n<div class=\"splide__thumb-list\">\n<div class=\"splide__slide\">\n<div class=\"splide__total-images\">3 imagens<\/div>\n<p><img decoding=\"async\" title=\"Segundo o boletim de ocorr\u00eancia, as carnes eram armazendas de forma incorreta e h\u00e1 suspeita de incrementa\u00e7\u00e3o com soja para aumentar peso\" src=\"https:\/\/i.metroimg.com\/csVcwbVjAcWhFDHZ1eA66WglWR7ZhiUjCLDUohAf7kc\/w:180\/q:85\/f:webp\/plain\/https:\/\/images.metroimg.com\/2026\/04\/whatsapp-image-2026-04-28-at-104916-am.jpg\" alt=\"Segundo o boletim de ocorr\u00eancia, as carnes eram armazendas de forma incorreta e h\u00e1 suspeita de incrementa\u00e7\u00e3o com soja para aumentar peso\" \/><\/div>\n<div class=\"splide__slide\"><img decoding=\"async\" title=\"A\u00e7ougue funcionava na Avenida Vila Ema, zona leste da capital\" src=\"https:\/\/i.metroimg.com\/H76Z59knaUX3I_OQqGK71IJmvwcoIHKHgDuwJ1GJL30\/w:180\/q:85\/f:webp\/plain\/https:\/\/images.metroimg.com\/2026\/04\/whatsapp-image-2026-04-28-at-104919-am.jpg\" alt=\"A\u00e7ougue funcionava na Avenida Vila Ema, zona leste da capital\" \/><\/div>\n<\/div>\n<\/div>\n<\/div>\n<p>Al\u00e9m disso, os policiais afirmaram que o local n\u00e3o tinha condi\u00e7\u00f5es m\u00ednimas de higiene, com espa\u00e7os de armazenamento dos alimentos pr\u00f3ximo a banheiros e \u00e1reas de circula\u00e7\u00e3o de funcion\u00e1rios.<\/p>\n<p>Durante a averigua\u00e7\u00e3o, os policiais descobriram outro endere\u00e7o vinculado ao estabelecimento da Vila Ema, situado na Vila Tolstoi, onde mais carnes foram encontradas na mesma situa\u00e7\u00e3o.<\/p>\n<div class=\"m-banner-wrap m-banner-rectangle m-publicity-content-middle\" data-injected-by=\"gtm\">\n<div id=\"publi-partner-article-1\">\n<div id=\"r89-desktop-incontent-0-wrapper\"><\/div>\n<\/div>\n<\/div>\n<p>O dono foi preso em flagrante por policiais do 42\u00ba Distrito Policial Parque S\u00e3o Lucas por\u00a0<strong>crimes contra as rela\u00e7\u00f5es de consumo<\/strong>.<\/p>\n<p>Fonte: METROPOLES<\/p>\n<\/div>\n<\/div>\n<\/div>\n","protected":false},"excerpt":{"rendered":"<p>Dono de a\u00e7ougue \u00e9 preso por vender carnes estragadas na zona leste. A\u00e7ougue foi denunciado \u00e0 pol\u00edcia por moradores da<\/p>\n","protected":false},"author":1,"featured_media":13918,"comment_status":"open","ping_status":"open","sticky":false,"template":"","format":"standard","meta":{"colormag_page_container_layout":"default_layout","colormag_page_sidebar_layout":"default_layout","footnotes":""},"categories":[3],"tags":[],"class_list":["post-13915","post","type-post","status-publish","format-standard","has-post-thumbnail","hentry","category-seu-bairro"],"_links":{"self":[{"href":"https:\/\/metropoleemfoco.com.br\/index.php?rest_route=\/wp\/v2\/posts\/13915","targetHints":{"allow":["GET"]}}],"collection":[{"href":"https:\/\/metropoleemfoco.com.br\/index.php?rest_route=\/wp\/v2\/posts"}],"about":[{"href":"https:\/\/metropoleemfoco.com.br\/index.php?rest_route=\/wp\/v2\/types\/post"}],"author":[{"embeddable":true,"href":"https:\/\/metropoleemfoco.com.br\/index.php?rest_route=\/wp\/v2\/users\/1"}],"replies":[{"embeddable":true,"href":"https:\/\/metropoleemfoco.com.br\/index.php?rest_route=%2Fwp%2Fv2%2Fcomments&post=13915"}],"version-history":[{"count":1,"href":"https:\/\/metropoleemfoco.com.br\/index.php?rest_route=\/wp\/v2\/posts\/13915\/revisions"}],"predecessor-version":[{"id":13919,"href":"https:\/\/metropoleemfoco.com.br\/index.php?rest_route=\/wp\/v2\/posts\/13915\/revisions\/13919"}],"wp:featuredmedia":[{"embeddable":true,"href":"https:\/\/metropoleemfoco.com.br\/index.php?rest_route=\/wp\/v2\/media\/13918"}],"wp:attachment":[{"href":"https:\/\/metropoleemfoco.com.br\/index.php?rest_route=%2Fwp%2Fv2%2Fmedia&parent=13915"}],"wp:term":[{"taxonomy":"category","embeddable":true,"href":"https:\/\/metropoleemfoco.com.br\/index.php?rest_route=%2Fwp%2Fv2%2Fcategories&post=13915"},{"taxonomy":"post_tag","embeddable":true,"href":"https:\/\/metropoleemfoco.com.br\/index.php?rest_route=%2Fwp%2Fv2%2Ftags&post=13915"}],"curies":[{"name":"wp","href":"https:\/\/api.w.org\/{rel}","templated":true}]}}