{"id":13914,"date":"2026-04-29T06:00:05","date_gmt":"2026-04-29T09:00:05","guid":{"rendered":"http:\/\/metropoleemfoco.com.br\/?p=13914"},"modified":"2026-04-29T00:42:36","modified_gmt":"2026-04-29T03:42:36","slug":"13914","status":"publish","type":"post","link":"https:\/\/metropoleemfoco.com.br\/?p=13914","title":{"rendered":""},"content":{"rendered":"<div class=\"header-noticia full-width\">\n<h1 class=\"titulo-materia\">SP confirma segundo caso importado de sarampo<\/h1>\n<div class=\"linha-fina-noticia\">Homem de 42 anos mora na Guatemala e havia sido vacinado<\/div>\n<\/div>\n<div class=\"subheader\">\n<div class=\"container-autoria\">\n<div class=\"autor-noticia\">Elaine Patr\u00edcia Cruz &#8211; Rep\u00f3rter da Ag\u00eancia Brasil<\/div>\n<div class=\"local\">S\u00e3o Paulo<\/div>\n<\/div>\n<nav class=\"compartilhamento rowflex\"><\/nav>\n<\/div>\n<div class=\"capa-materia rel-position\">\n<figure><img decoding=\"async\" id=\"media-157557\" title=\"Divulga\u00e7\u00e3o\/Josu\u00e9 Damacena (IOC\/Fiocruz)\" src=\"https:\/\/imagens.ebc.com.br\/GAqsTngBlhLLNLtKeK55rsjRaYw=\/1170x700\/smart\/https:\/\/agenciabrasil.ebc.com.br\/sites\/default\/files\/thumbnails\/image\/diagnostico_laboratorial_de_casos_suspeitos_do_novo_coronavirus_2801209411.jpg?itok=C18FK7Le\" alt=\"Diagn\u00f3stico laboratorial de casos suspeitos do novo coronav\u00edrus (2019-nCoV), realizado pelo Laborat\u00f3rio de V\u00edrus Respirat\u00f3rio e do Sarampo do Instituto Oswaldo Cruz (IOC\/Fiocruz), que atua como Centro de Refer\u00eancia Nacional em V\u00edrus\" \/><figcaption class=\"credito-foto abs-position fullwidth\">\u00a9 Divulga\u00e7\u00e3o\/Josu\u00e9 Damacena (IOC\/Fiocruz)<\/figcaption><\/figure>\n<\/div>\n<div id=\"block-tts-block-tts\" class=\"block block-tts\">\n<div class=\"content\">\n<div id=\"tts-container\" class=\"container-audio rel-position\">\n<div class=\"title abs-position\">Vers\u00e3o em \u00e1udio<\/div>\n<\/div>\n<\/div>\n<\/div>\n<div class=\"conteudo-noticia\">\n<p><strong>A Secretaria Estadual da Sa\u00fade de S\u00e3o Paulo confirmou nesta ter\u00e7a-feira\u00a0(28) o segundo caso importado de sarampo no territ\u00f3rio paulista. De acordo com a pasta, o paciente \u00e9 um homem de 42 anos, morador da Guatemala e que tem hist\u00f3rico de vacina\u00e7\u00e3o.<\/strong><img decoding=\"async\" src=\"https:\/\/agenciabrasil.ebc.com.br\/ebc.png?id=1687526&amp;o=node\" \/><img decoding=\"async\" src=\"https:\/\/agenciabrasil.ebc.com.br\/ebc.gif?id=1687526&amp;o=node\" \/><\/p>\n<p>O caso foi identificado no final de mar\u00e7o, na cidade de S\u00e3o Paulo, e depois confirmado por exames laboratoriais. O estado de sa\u00fade do paciente n\u00e3o foi informado.<\/p>\n<p>Este \u00e9 o segundo caso importado de sarampo, ou seja, sem transmiss\u00e3o local do v\u00edrus, identificado no estado de S\u00e3o Paulo em 2026. O\u00a0<a href=\"https:\/\/agenciabrasil.ebc.com.br\/saude\/noticia\/2026-03\/sao-paulo-tem-primeiro-caso-de-sarampo-em-2026\" target=\"_blank\" rel=\"noopener\">primeiro caso<\/a>\u00a0do ano foi o de um beb\u00ea de seis meses que n\u00e3o foi vacinado e\u00a0esteve na Bol\u00edvia em janeiro.\u00a0Em todo o ano passado foram registrados dois casos importados da doen\u00e7a em S\u00e3o Paulo.<\/p>\n<p>Segundo a Organiza\u00e7\u00e3o Pan-Americana da Sa\u00fade (Opas), os pa\u00edses da Am\u00e9rica continuam enfrentando a doen\u00e7a. No ano passado, por exemplo, 14.767 registros de sarampo foram confirmados\u00a0<a href=\"https:\/\/agenciabrasil.ebc.com.br\/saude\/noticia\/2026-04\/opas-ja-eliminamos-o-sarampo-das-americas-e-podemos-fazer-de-novo\" target=\"_blank\" rel=\"noopener\">em 13 pa\u00edses das Am\u00e9ricas<\/a>.\u00a0S\u00f3 neste ano\u00a0foram confirmados 15,3 mil casos, sendo que M\u00e9xico Guatemala, Estados Unidos e Canad\u00e1 respondem pela maioria deles.<\/p>\n<h2>Sarampo<\/h2>\n<p>O sarampo \u00e9 uma doen\u00e7a infecciosa altamente contagiosa e que j\u00e1 foi uma das principais causas de mortalidade infantil no mundo. A transmiss\u00e3o do v\u00edrus ocorre de pessoa a pessoa, por via a\u00e9rea, seja ao tossir, espirrar, falar ou respirar.<\/p>\n<p><strong>O sarampo \u00e9 t\u00e3o contagioso que uma pessoa infectada pode transmitir a doen\u00e7a para 90% das pessoas pr\u00f3ximas e que n\u00e3o estejam imunes.\u00a0<\/strong>Por isso, a vacina\u00e7\u00e3o contra o sarampo \u00e9 extremamente importante. A vacina\u00e7\u00e3o \u00e9 a principal forma de preven\u00e7\u00e3o contra a doen\u00e7a.<\/p>\n<p>Os principais sintomas da doen\u00e7a s\u00e3o manchas vermelhas no corpo e febre alta, acima de 38,5\u00baC, acompanhada de tosse, conjuntivite, nariz escorrendo ou mal-estar intenso. Os casos podem evoluir para complica\u00e7\u00f5es graves podendo causar diarreia intensa, infec\u00e7\u00f5es de ouvido, cegueira, pneumonia e encefalite (inflama\u00e7\u00e3o do c\u00e9rebro). Algumas dessas complica\u00e7\u00f5es podem ser fatais.<\/p>\n<p>A vacina\u00e7\u00e3o contra o sarampo faz parte do Calend\u00e1rio Nacional de Vacina\u00e7\u00e3o. A primeira dose deve ser aplicada aos 12 meses de idade (tr\u00edplice viral \u2013 sarampo, caxumba e rub\u00e9ola) e a segunda aos 15 meses (tetra viral \u2013 sarampo, caxumba, rub\u00e9ola e varicela).<\/p>\n<p>Fonte: Agencia Brasil<\/p>\n<\/div>\n","protected":false},"excerpt":{"rendered":"<p>SP confirma segundo caso importado de sarampo Homem de 42 anos mora na Guatemala e havia sido vacinado Elaine Patr\u00edcia<\/p>\n","protected":false},"author":1,"featured_media":13916,"comment_status":"open","ping_status":"open","sticky":false,"template":"","format":"standard","meta":{"colormag_page_container_layout":"default_layout","colormag_page_sidebar_layout":"default_layout","footnotes":""},"categories":[9],"tags":[],"class_list":["post-13914","post","type-post","status-publish","format-standard","has-post-thumbnail","hentry","category-saude"],"_links":{"self":[{"href":"https:\/\/metropoleemfoco.com.br\/index.php?rest_route=\/wp\/v2\/posts\/13914","targetHints":{"allow":["GET"]}}],"collection":[{"href":"https:\/\/metropoleemfoco.com.br\/index.php?rest_route=\/wp\/v2\/posts"}],"about":[{"href":"https:\/\/metropoleemfoco.com.br\/index.php?rest_route=\/wp\/v2\/types\/post"}],"author":[{"embeddable":true,"href":"https:\/\/metropoleemfoco.com.br\/index.php?rest_route=\/wp\/v2\/users\/1"}],"replies":[{"embeddable":true,"href":"https:\/\/metropoleemfoco.com.br\/index.php?rest_route=%2Fwp%2Fv2%2Fcomments&post=13914"}],"version-history":[{"count":1,"href":"https:\/\/metropoleemfoco.com.br\/index.php?rest_route=\/wp\/v2\/posts\/13914\/revisions"}],"predecessor-version":[{"id":13917,"href":"https:\/\/metropoleemfoco.com.br\/index.php?rest_route=\/wp\/v2\/posts\/13914\/revisions\/13917"}],"wp:featuredmedia":[{"embeddable":true,"href":"https:\/\/metropoleemfoco.com.br\/index.php?rest_route=\/wp\/v2\/media\/13916"}],"wp:attachment":[{"href":"https:\/\/metropoleemfoco.com.br\/index.php?rest_route=%2Fwp%2Fv2%2Fmedia&parent=13914"}],"wp:term":[{"taxonomy":"category","embeddable":true,"href":"https:\/\/metropoleemfoco.com.br\/index.php?rest_route=%2Fwp%2Fv2%2Fcategories&post=13914"},{"taxonomy":"post_tag","embeddable":true,"href":"https:\/\/metropoleemfoco.com.br\/index.php?rest_route=%2Fwp%2Fv2%2Ftags&post=13914"}],"curies":[{"name":"wp","href":"https:\/\/api.w.org\/{rel}","templated":true}]}}