{"id":13902,"date":"2026-04-29T06:00:27","date_gmt":"2026-04-29T09:00:27","guid":{"rendered":"http:\/\/metropoleemfoco.com.br\/?p=13902"},"modified":"2026-04-29T00:33:33","modified_gmt":"2026-04-29T03:33:33","slug":"13902","status":"publish","type":"post","link":"https:\/\/metropoleemfoco.com.br\/?p=13902","title":{"rendered":""},"content":{"rendered":"<div class=\"mc-article-header\">\n<div class=\"row content-head mc-column non-featured \">\n<div class=\"title\" data-block-type=\"title\" data-block-id=\"0\">\n<h1 class=\"content-head__title\">Trump critica Alemanha ap\u00f3s chanceler dizer que EUA est\u00e3o sendo humilhados na guerra: &#8216;Est\u00e3o indo mal&#8217;<\/h1>\n<\/div>\n<div class=\"medium-centered subtitle\">\n<h2 class=\"content-head__subtitle\">Em declara\u00e7\u00e3o, Friedrich Merz citou falta de estrat\u00e9gia dos EUA no conflito. Trump respondeu com ataque e distorceu posi\u00e7\u00e3o do l\u00edder alem\u00e3o sobre programa nuclear iraniano.<\/h2>\n<\/div>\n<\/div>\n<div class=\"content__signa-share mc-column\">\n<div class=\"content__signature\">\n<div class=\"content-publication-data\">\n<div class=\"content-publication-data__text\">\n<p class=\"content-publication-data__from\" title=\"Reda\u00e7\u00e3o g1\">Por\u00a0<a class=\"multi_signatures\" href=\"https:\/\/g1.globo.com\/autores\/redacao-g1\/\">Reda\u00e7\u00e3o g1<\/a><\/p>\n<\/div>\n<\/div>\n<\/div>\n<\/div>\n<div class=\"glb-share-bar content__share-bar\">\n<div class=\"glb-share-bar_icons\">\n<div class=\"glb-share-bar_button-img\"><\/div>\n<div class=\"glb-share-bar_button-img\"><\/div>\n<div class=\"glb-share-bar_button-img\"><\/div>\n<\/div>\n<\/div>\n<div class=\"mc-summary mc-column\" data-block-type=\"summary\" data-block-id=\"1\">\n<details class=\"mc-summary-card bs-block--exclude-chunk-children\">\n<div class=\"mc-summary-card__summary-container\"><\/div>\n<div class=\"mc-summary-card__content\">\n<ul class=\"mc-summary-card__list\">\n<li class=\"mc-summary-card__item\">\n<div id=\"chunk-bn0d1\">\n<div class=\"mc-column content-text active-extra-styles \" data-block-type=\"unstyled\" data-block-weight=\"\">\n<p class=\" content-text__container \" data-track-category=\"Link no Texto\" data-track-links=\"\" data-mrf-recirculation=\"Mat\u00e9ria - Links no Texto\">O presidente dos Estados Unidos, Donald Trump, rebateu declara\u00e7\u00f5es do chanceler da Alemanha, Friedrich Merz, que afirmou que os norte-americanos est\u00e3o sendo humilhados na guerra contra o Ir\u00e3.<\/p>\n<\/div>\n<\/div>\n<\/li>\n<li class=\"mc-summary-card__item\">\n<div id=\"chunk-dna3s\">\n<div class=\"mc-column content-text active-extra-styles \" data-block-type=\"unstyled\" data-block-weight=\"\">\n<p class=\" content-text__container \" data-track-category=\"Link no Texto\" data-track-links=\"\" data-mrf-recirculation=\"Mat\u00e9ria - Links no Texto\">Nesta ter\u00e7a-feira (28), em uma rede social, Trump disse que a Alemanha est\u00e1 \u201cindo mal\u201d em v\u00e1rios aspectos.<\/p>\n<\/div>\n<\/div>\n<\/li>\n<li class=\"mc-summary-card__item\">\n<div id=\"chunk-i8p\">\n<div class=\"mc-column content-text active-extra-styles \" data-block-type=\"unstyled\" data-block-weight=\"\">\n<p class=\" content-text__container \" data-track-category=\"Link no Texto\" data-track-links=\"\" data-mrf-recirculation=\"Mat\u00e9ria - Links no Texto\">Na segunda-feira (27), Merz afirmou durante uma visita a uma escola que os EUA parecem n\u00e3o ter uma estrat\u00e9gia clara para encerrar o conflito.<\/p>\n<\/div>\n<\/div>\n<\/li>\n<li class=\"mc-summary-card__item\">\n<div id=\"chunk-7b0n9\">\n<div class=\"mc-column content-text active-extra-styles \" data-block-type=\"unstyled\" data-block-weight=\"\">\n<p class=\" content-text__container \" data-track-category=\"Link no Texto\" data-track-links=\"\" data-mrf-recirculation=\"Mat\u00e9ria - Links no Texto\">Segundo ele, \u201cos iranianos est\u00e3o claramente mais fortes do que se esperava\u201d.<\/p>\n<\/div>\n<\/div>\n<\/li>\n<\/ul>\n<\/div>\n<\/details>\n<\/div>\n<\/div>\n<div class=\"mc-article-body\">\n<article>\n<div id=\"chunk-33ktl\">\n<div class=\"cxm-block-video content-media mc-column \" data-block-type=\"backstage-video\" data-block-id=\"2\">\n<div class=\"cxm-block-video__container cxm-block-video__container--fallback cxm-block-video__container--vertical\">\n<div class=\"cxm-block-video__player-fixer\">\n<article class=\"cxm-block-video__player-wrapper\">\n<section class=\"cxm-block-video__player\">\n<div class=\"cxm-block-video__placeholder\" data-video-id=\"14562993\"><img decoding=\"async\" class=\"cxm-block-video__thumb\" title=\"Chanceler da Alemanha diz que EUA est\u00e3o sendo humilhados na guerra contra o Ir\u00e3\" src=\"https:\/\/s02.video.glbimg.com\/x240\/14562993.jpg\" alt=\"Chanceler da Alemanha diz que EUA est\u00e3o sendo humilhados na guerra contra o Ir\u00e3\" \/><\/div>\n<\/section>\n<\/article>\n<\/div>\n<div class=\"cxm-block-video__caption-container\">\n<p class=\"codex-caption codex-caption--small\">Chanceler da Alemanha diz que EUA est\u00e3o sendo humilhados na guerra contra o Ir\u00e3<\/p>\n<\/div>\n<\/div>\n<\/div>\n<\/div>\n<div id=\"chunk-2uiuq\">\n<div class=\"mc-column content-text active-extra-styles \" data-block-type=\"unstyled\" data-block-weight=\"46\" data-block-id=\"3\">\n<p class=\" content-text__container \" data-track-category=\"Link no Texto\" data-track-links=\"\" data-mrf-recirculation=\"Mat\u00e9ria - Links no Texto\">O presidente dos\u00a0<a class=\"\" href=\"https:\/\/g1.globo.com\/tudo-sobre\/estados-unidos\/\" data-mrf-link=\"https:\/\/g1.globo.com\/tudo-sobre\/estados-unidos\/\">Estados Unidos<\/a>,\u00a0<a class=\"\" href=\"https:\/\/g1.globo.com\/tudo-sobre\/donald-trump\/\" data-mrf-link=\"https:\/\/g1.globo.com\/tudo-sobre\/donald-trump\/\">Donald Trump<\/a>, rebateu declara\u00e7\u00f5es do chanceler da\u00a0<a class=\"\" href=\"https:\/\/g1.globo.com\/tudo-sobre\/alemanha\/\" data-mrf-link=\"https:\/\/g1.globo.com\/tudo-sobre\/alemanha\/\">Alemanha<\/a>, Friedrich Merz, que afirmou que os norte-americanos est\u00e3o sendo humilhados na guerra contra o Ir\u00e3. Nesta ter\u00e7a-feira (28), em uma rede social, Trump disse que a Alemanha est\u00e1 \u201cindo mal\u201d em v\u00e1rios aspectos.<\/p>\n<\/div>\n<\/div>\n<div class=\"wall protected-content\">\n<div id=\"chunk-a2g36\">\n<div class=\"mc-column content-text active-extra-styles \" data-block-type=\"unstyled\" data-block-weight=\"36\" data-block-id=\"6\">\n<p class=\" content-text__container \" data-track-category=\"Link no Texto\" data-track-links=\"\" data-mrf-recirculation=\"Mat\u00e9ria - Links no Texto\">Na segunda-feira (27), Merz afirmou durante uma visita a uma escola que os\u00a0<a class=\"\" href=\"https:\/\/g1.globo.com\/mundo\/noticia\/2026\/04\/27\/chanceler-da-alemanha-diz-que-os-eua-estao-sendo-humilhados-na-guerra-contra-ira.ghtml\" data-mrf-link=\"https:\/\/g1.globo.com\/mundo\/noticia\/2026\/04\/27\/chanceler-da-alemanha-diz-que-os-eua-estao-sendo-humilhados-na-guerra-contra-ira.ghtml\">EUA parecem n\u00e3o ter uma estrat\u00e9gia clara para encerrar o conflito<\/a>. Segundo ele, \u201cos iranianos est\u00e3o claramente mais fortes do que se esperava\u201d.<\/p>\n<\/div>\n<\/div>\n<div id=\"chunk-1kjp1\">\n<div class=\"mc-column content-text active-extra-styles\" data-block-type=\"raw\" data-block-weight=\"21\" data-block-id=\"7\">\n<blockquote class=\"content-blockquote theme-border-color-primary-before\"><p>\u201cUma na\u00e7\u00e3o inteira est\u00e1 sendo humilhada pela lideran\u00e7a iraniana, em particular pela chamada Guarda Revolucion\u00e1ria\u201d, disse, em refer\u00eancia aos Estados Unidos.<\/p><\/blockquote>\n<\/div>\n<\/div>\n<div id=\"chunk-5r39i\">\n<div class=\"mc-column content-text active-extra-styles \" data-block-type=\"unstyled\" data-block-weight=\"33\" data-block-id=\"9\">\n<p class=\" content-text__container \" data-track-category=\"Link no Texto\" data-track-links=\"\" data-mrf-recirculation=\"Mat\u00e9ria - Links no Texto\">A resposta veio no dia seguinte. Na Truth Social, Trump afirmou que Merz considera aceit\u00e1vel que o Ir\u00e3 tenha uma arma nuclear e disse que o chanceler \u201cn\u00e3o sabe do que est\u00e1 falando\u201d.<\/p>\n<\/div>\n<\/div>\n<div id=\"chunk-d9f0p\">\n<div class=\"mc-column content-text active-extra-styles \" data-block-type=\"unstyled\" data-block-weight=\"32\" data-block-id=\"10\">\n<p class=\" content-text__container \" data-track-category=\"Link no Texto\" data-track-links=\"\" data-mrf-recirculation=\"Mat\u00e9ria - Links no Texto\">\u201cSe o Ir\u00e3 tivesse uma arma nuclear, o mundo inteiro ficaria ref\u00e9m. Estou fazendo algo com o Ir\u00e3, neste momento, que outras na\u00e7\u00f5es ou presidentes deveriam ter feito h\u00e1 muito tempo\u201d, escreveu.<\/p>\n<\/div>\n<\/div>\n<div id=\"chunk-4volr\">\n<div class=\"mc-column content-text active-extra-styles\" data-block-type=\"raw\" data-block-weight=\"17\" data-block-id=\"11\">\n<blockquote class=\"content-blockquote theme-border-color-primary-before\"><p>\u201cN\u00e3o \u00e9 \u00e0 toa que a Alemanha est\u00e1 indo t\u00e3o mal, tanto economicamente quanto em outros aspectos!\u201d<\/p><\/blockquote>\n<\/div>\n<\/div>\n<div id=\"chunk-emf03\">\n<div class=\"mc-column content-text active-extra-styles \" data-block-type=\"unstyled\" data-block-weight=\"35\" data-block-id=\"12\">\n<p class=\" content-text__container \" data-track-category=\"Link no Texto\" data-track-links=\"\" data-mrf-recirculation=\"Mat\u00e9ria - Links no Texto\">Apesar da declara\u00e7\u00e3o de Trump, n\u00e3o h\u00e1 registro de que Merz tenha defendido que o Ir\u00e3 tenha armas nucleares. Em 16 de abril, o chanceler afirmou que o programa nuclear militar iraniano deveria ser encerrado.<\/p>\n<\/div>\n<\/div>\n<div id=\"chunk-15toa\">\n<div class=\"mc-column content-text active-extra-styles \" data-block-type=\"unstyled\" data-block-weight=\"52\" data-block-id=\"13\">\n<p class=\" content-text__container \" data-track-category=\"Link no Texto\" data-track-links=\"\" data-mrf-recirculation=\"Mat\u00e9ria - Links no Texto\">A Alemanha est\u00e1 entre os pa\u00edses da Otan que autorizaram os Estados Unidos a usar bases militares no territ\u00f3rio para ataques contra o Ir\u00e3. A decis\u00e3o, inclusive, foi elogiada por Trump. No in\u00edcio de mar\u00e7o, durante visita de Merz \u00e0 Casa Branca, o presidente afirmou que a Alemanha era uma parceira \u00fatil.<\/p>\n<\/div>\n<\/div>\n<div id=\"chunk-bjjjb\">\n<div class=\"mc-column content-text active-extra-styles \" data-block-type=\"unstyled\" data-block-weight=\"39\" data-block-id=\"14\">\n<p class=\" content-text__container \" data-track-category=\"Link no Texto\" data-track-links=\"\" data-mrf-recirculation=\"Mat\u00e9ria - Links no Texto\">Com o avan\u00e7o do conflito, no entanto, o chanceler passou a fazer cr\u00edticas \u00e0 guerra. Segundo o jornal \u201cThe Wall Street Journal\u201d, as declara\u00e7\u00f5es levaram os EUA a avaliar o\u00a0<a class=\"\" href=\"https:\/\/g1.globo.com\/mundo\/noticia\/2026\/04\/08\/trump-avalia-punir-paises-da-otan-por-falta-de-apoio-no-ira-diz-jornal.ghtml\" data-mrf-link=\"https:\/\/g1.globo.com\/mundo\/noticia\/2026\/04\/08\/trump-avalia-punir-paises-da-otan-por-falta-de-apoio-no-ira-diz-jornal.ghtml\">fechamento de uma base militar americana<\/a> em territ\u00f3rio alem\u00e3o.<\/p>\n<\/div>\n<\/div>\n<div id=\"chunk-8i6e0\">\n<div class=\"row medium-uncollapsed content-media content-photo\" data-block-type=\"backstage-photo\" data-block-id=\"18\">\n<div class=\" mc-column  content-media__container\">\n<div class=\"content-media-container glb-skeleton-box\">\n<figure class=\"content-media-figure\"><img decoding=\"async\" class=\"i-amphtml-fill-content i-amphtml-replaced-content\" src=\"https:\/\/s2-g1.glbimg.com\/CA7YzpyAjkeqLVcK3e_rSHyEosk=\/0x0:3727x2485\/984x0\/smart\/filters:strip_icc()\/i.s3.glbimg.com\/v1\/AUTH_59edd422c0c84a879bd37670ae4f538a\/internal_photos\/bs\/2026\/v\/A\/6qJs1MR3qYr52EI0VAJA\/2026-04-26t123354z-943546949-rc2rwkasvtl5-rtrmadp-3-usa-trump-dinner.jpg\" sizes=\"(max-width: 1600px) 648px, 100vw\" srcset=\"https:\/\/s2-g1.glbimg.com\/qxgXyTdLgBtwYwr6nlcUR11fanE=\/0x0:3727x2485\/1000x0\/smart\/filters:strip_icc()\/i.s3.glbimg.com\/v1\/AUTH_59edd422c0c84a879bd37670ae4f538a\/internal_photos\/bs\/2026\/v\/A\/6qJs1MR3qYr52EI0VAJA\/2026-04-26t123354z-943546949-rc2rwkasvtl5-rtrmadp-3-usa-trump-dinner.jpg 1000w, https:\/\/s2-g1.glbimg.com\/CA7YzpyAjkeqLVcK3e_rSHyEosk=\/0x0:3727x2485\/984x0\/smart\/filters:strip_icc()\/i.s3.glbimg.com\/v1\/AUTH_59edd422c0c84a879bd37670ae4f538a\/internal_photos\/bs\/2026\/v\/A\/6qJs1MR3qYr52EI0VAJA\/2026-04-26t123354z-943546949-rc2rwkasvtl5-rtrmadp-3-usa-trump-dinner.jpg 984w, https:\/\/s2-g1.glbimg.com\/l1UBUMs9TO65-pc6lqkaM6z9vtE=\/0x0:3727x2485\/640x0\/smart\/filters:strip_icc()\/i.s3.glbimg.com\/v1\/AUTH_59edd422c0c84a879bd37670ae4f538a\/internal_photos\/bs\/2026\/v\/A\/6qJs1MR3qYr52EI0VAJA\/2026-04-26t123354z-943546949-rc2rwkasvtl5-rtrmadp-3-usa-trump-dinner.jpg 640w, https:\/\/s2-g1.glbimg.com\/K73xtcR91fMFQ_t4OGz2NvAwGSU=\/0x0:3727x2485\/600x0\/smart\/filters:strip_icc()\/i.s3.glbimg.com\/v1\/AUTH_59edd422c0c84a879bd37670ae4f538a\/internal_photos\/bs\/2026\/v\/A\/6qJs1MR3qYr52EI0VAJA\/2026-04-26t123354z-943546949-rc2rwkasvtl5-rtrmadp-3-usa-trump-dinner.jpg 600w\" alt=\"Presidente Donald Trump fala a jornalistas na Casa Branca ap\u00f3s o tiroteio que interrompeu jantar com correspondentes. \u2014 Foto: Jonathan Ernst\/Reuters\" \/><\/figure>\n<\/div>\n<p class=\"content-media__description  \">Presidente Donald Trump fala a jornalistas na Casa Branca ap\u00f3s o tiroteio que interrompeu jantar com correspondentes. \u2014 Foto: Jonathan Ernst\/Reuters<\/p>\n<p>Fonte: G1<\/p>\n<\/div>\n<\/div>\n<\/div>\n<\/div>\n<\/article>\n<\/div>\n","protected":false},"excerpt":{"rendered":"<p>Trump critica Alemanha ap\u00f3s chanceler dizer que EUA est\u00e3o sendo humilhados na guerra: &#8216;Est\u00e3o indo mal&#8217; Em declara\u00e7\u00e3o, Friedrich Merz<\/p>\n","protected":false},"author":1,"featured_media":13904,"comment_status":"open","ping_status":"open","sticky":false,"template":"","format":"standard","meta":{"colormag_page_container_layout":"default_layout","colormag_page_sidebar_layout":"default_layout","footnotes":""},"categories":[91],"tags":[],"class_list":["post-13902","post","type-post","status-publish","format-standard","has-post-thumbnail","hentry","category-mundo"],"_links":{"self":[{"href":"https:\/\/metropoleemfoco.com.br\/index.php?rest_route=\/wp\/v2\/posts\/13902","targetHints":{"allow":["GET"]}}],"collection":[{"href":"https:\/\/metropoleemfoco.com.br\/index.php?rest_route=\/wp\/v2\/posts"}],"about":[{"href":"https:\/\/metropoleemfoco.com.br\/index.php?rest_route=\/wp\/v2\/types\/post"}],"author":[{"embeddable":true,"href":"https:\/\/metropoleemfoco.com.br\/index.php?rest_route=\/wp\/v2\/users\/1"}],"replies":[{"embeddable":true,"href":"https:\/\/metropoleemfoco.com.br\/index.php?rest_route=%2Fwp%2Fv2%2Fcomments&post=13902"}],"version-history":[{"count":1,"href":"https:\/\/metropoleemfoco.com.br\/index.php?rest_route=\/wp\/v2\/posts\/13902\/revisions"}],"predecessor-version":[{"id":13905,"href":"https:\/\/metropoleemfoco.com.br\/index.php?rest_route=\/wp\/v2\/posts\/13902\/revisions\/13905"}],"wp:featuredmedia":[{"embeddable":true,"href":"https:\/\/metropoleemfoco.com.br\/index.php?rest_route=\/wp\/v2\/media\/13904"}],"wp:attachment":[{"href":"https:\/\/metropoleemfoco.com.br\/index.php?rest_route=%2Fwp%2Fv2%2Fmedia&parent=13902"}],"wp:term":[{"taxonomy":"category","embeddable":true,"href":"https:\/\/metropoleemfoco.com.br\/index.php?rest_route=%2Fwp%2Fv2%2Fcategories&post=13902"},{"taxonomy":"post_tag","embeddable":true,"href":"https:\/\/metropoleemfoco.com.br\/index.php?rest_route=%2Fwp%2Fv2%2Ftags&post=13902"}],"curies":[{"name":"wp","href":"https:\/\/api.w.org\/{rel}","templated":true}]}}