{"id":13862,"date":"2026-04-28T14:43:53","date_gmt":"2026-04-28T17:43:53","guid":{"rendered":"http:\/\/metropoleemfoco.com.br\/?p=13862"},"modified":"2026-04-28T14:43:53","modified_gmt":"2026-04-28T17:43:53","slug":"13862","status":"publish","type":"post","link":"https:\/\/metropoleemfoco.com.br\/?p=13862","title":{"rendered":""},"content":{"rendered":"<div class=\"mc-article-header\">\n<div class=\"row content-head mc-column non-featured \">\n<div class=\"title\" data-block-type=\"title\" data-block-id=\"0\">\n<h1 class=\"content-head__title\">Emirados \u00c1rabes t\u00eam a 5\u00aa maior reserva conhecida de petr\u00f3leo no mundo; veja MAPA<\/h1>\n<\/div>\n<div class=\"medium-centered subtitle\">\n<h2 class=\"content-head__subtitle\">A Venezuela concentra a maior reserva comprovada de petr\u00f3leo do planeta, com cerca de 303 bilh\u00f5es de barris \u2014 o equivalente a 17% do volume conhecido. Ranking mostra os demais pa\u00edses.<\/h2>\n<\/div>\n<\/div>\n<div class=\"content__signa-share mc-column\">\n<div class=\"content__signature\">\n<div class=\"content-publication-data\">\n<div class=\"content-publication-data__text\">\n<p class=\"content-publication-data__from\" title=\"Reda\u00e7\u00e3o g1\">Por\u00a0<a class=\"multi_signatures\" href=\"https:\/\/g1.globo.com\/autores\/redacao-g1\/\">Reda\u00e7\u00e3o g1<\/a>\u00a0\u2014 S\u00e3o Paulo<\/p>\n<\/div>\n<\/div>\n<\/div>\n<\/div>\n<div class=\"glb-share-bar content__share-bar\">\n<div class=\"glb-share-bar_icons\">\n<div class=\"glb-share-bar_button-img\"><\/div>\n<div class=\"glb-share-bar_button-img\"><\/div>\n<div class=\"glb-share-bar_button-img\"><\/div>\n<\/div>\n<\/div>\n<\/div>\n<div class=\"mc-article-body\">\n<article>\n<div id=\"chunk-cth8u\">\n<div class=\"row medium-uncollapsed content-media content-photo\" data-block-type=\"backstage-photo\" data-block-id=\"1\">\n<div class=\" mc-column  content-media__container\">\n<div class=\"content-media-container glb-skeleton-box\">\n<figure class=\"content-media-figure\"><img decoding=\"async\" class=\"i-amphtml-fill-content i-amphtml-replaced-content\" src=\"https:\/\/s2-g1.glbimg.com\/BdTFgasq43SwGzYXKq8dKO6yjkg=\/0x534:5197x3667\/984x0\/smart\/filters:strip_icc()\/i.s3.glbimg.com\/v1\/AUTH_59edd422c0c84a879bd37670ae4f538a\/internal_photos\/bs\/2026\/L\/e\/mtGJgTR5u4e1BQnR5xQw\/2026-04-28t135323z-1-lynxmpem3r155-rtroptp-4-iran-crisis-oman-hormuz.jpg\" sizes=\"(max-width: 1600px) 648px, 100vw\" srcset=\"https:\/\/s2-g1.glbimg.com\/N704zkhNkeqwMuhwgkSKdazyIcE=\/0x534:5197x3667\/1000x0\/smart\/filters:strip_icc()\/i.s3.glbimg.com\/v1\/AUTH_59edd422c0c84a879bd37670ae4f538a\/internal_photos\/bs\/2026\/L\/e\/mtGJgTR5u4e1BQnR5xQw\/2026-04-28t135323z-1-lynxmpem3r155-rtroptp-4-iran-crisis-oman-hormuz.jpg 1000w, https:\/\/s2-g1.glbimg.com\/BdTFgasq43SwGzYXKq8dKO6yjkg=\/0x534:5197x3667\/984x0\/smart\/filters:strip_icc()\/i.s3.glbimg.com\/v1\/AUTH_59edd422c0c84a879bd37670ae4f538a\/internal_photos\/bs\/2026\/L\/e\/mtGJgTR5u4e1BQnR5xQw\/2026-04-28t135323z-1-lynxmpem3r155-rtroptp-4-iran-crisis-oman-hormuz.jpg 984w, https:\/\/s2-g1.glbimg.com\/7PWWOIL9Z2JeHTy_As-ml0G5xkI=\/0x534:5197x3667\/640x0\/smart\/filters:strip_icc()\/i.s3.glbimg.com\/v1\/AUTH_59edd422c0c84a879bd37670ae4f538a\/internal_photos\/bs\/2026\/L\/e\/mtGJgTR5u4e1BQnR5xQw\/2026-04-28t135323z-1-lynxmpem3r155-rtroptp-4-iran-crisis-oman-hormuz.jpg 640w, https:\/\/s2-g1.glbimg.com\/qcQ9YRyJOC9OjQk50B_vrlBtR80=\/0x534:5197x3667\/600x0\/smart\/filters:strip_icc()\/i.s3.glbimg.com\/v1\/AUTH_59edd422c0c84a879bd37670ae4f538a\/internal_photos\/bs\/2026\/L\/e\/mtGJgTR5u4e1BQnR5xQw\/2026-04-28t135323z-1-lynxmpem3r155-rtroptp-4-iran-crisis-oman-hormuz.jpg 600w\" alt=\"Navios e embarca\u00e7\u00f5es no Estreito de Ormuz em 22 de abril de 2026 \u2014 Foto: Reuters\" \/><\/figure>\n<\/div>\n<p class=\"content-media__description  \">Navios e embarca\u00e7\u00f5es no Estreito de Ormuz em 22 de abril de 2026 \u2014 Foto: Reuters<\/p>\n<\/div>\n<\/div>\n<\/div>\n<div id=\"chunk-cuv3v\">\n<div class=\"mc-column content-text active-extra-styles \" data-block-type=\"unstyled\" data-block-weight=\"36\" data-block-id=\"2\">\n<p class=\" content-text__container \" data-track-category=\"Link no Texto\" data-track-links=\"\">Os Emirados \u00c1rabes Unidos anunciaram nesta ter\u00e7a-feira (28)\u00a0<a class=\"\" href=\"https:\/\/g1.globo.com\/economia\/noticia\/2026\/04\/28\/emirados-arabes-anunciam-saida-da-opep-e-opep-em-golpe-para-grupo-de-produtores-de-petroleo.ghtml\">a sa\u00edda da Opep e da Opep+, grupos que re\u00fanem os principais pa\u00edses exportadores de petr\u00f3leo<\/a>.\u00a0<strong>O pa\u00eds tem a 5\u00aa maior reserva conhecida do produto no mundo.<\/strong><\/p>\n<\/div>\n<\/div>\n<div class=\"wall protected-content\">\n<div id=\"chunk-3tg7q\">\n<div class=\"mc-column content-text active-extra-styles \" data-block-type=\"unstyled\" data-block-weight=\"18\" data-block-id=\"4\">\n<p class=\" content-text__container \" data-track-category=\"Link no Texto\" data-track-links=\"\">Segundo boletim de 2025 da\u00a0<a class=\"\" href=\"https:\/\/g1.globo.com\/tudo-sobre\/opep\/\">Opep<\/a>, os Emirados t\u00eam uma reserva estimada em 113 bilh\u00f5es de barris.<\/p>\n<\/div>\n<\/div>\n<div id=\"chunk-8ooda\">\n<div class=\"mc-column content-text active-extra-styles \" data-block-type=\"unstyled\" data-block-weight=\"41\" data-block-id=\"6\">\n<p class=\" content-text__container \" data-track-category=\"Link no Texto\" data-track-links=\"\">A\u00a0<strong>Venezuela\u00a0<\/strong>concentra a maior reserva comprovada de petr\u00f3leo do planeta, com cerca de 303 bilh\u00f5es de barris \u2014 o equivalente a 17% do volume conhecido. Em seguida, aparecem<strong>\u00a0Ar\u00e1bia Saudita<\/strong>\u00a0(267 bilh\u00f5es),\u00a0<strong>Ir\u00e3\u00a0<\/strong>(209 bilh\u00f5es) e\u00a0<strong>Iraque\u00a0<\/strong>(145 bilh\u00f5es).<\/p>\n<\/div>\n<\/div>\n<div id=\"chunk-3pcmh\">\n<div class=\"mc-column content-text active-extra-styles \" data-block-type=\"unstyled\" data-block-weight=\"10\" data-block-id=\"10\">\n<p class=\" content-text__container \" data-track-category=\"Link no Texto\" data-track-links=\"\"><span class=\"highlight highlighted\"><em>\ud83d\udd0e\u00a0<\/em><\/span><a class=\"\" href=\"https:\/\/g1.globo.com\/economia\/noticia\/2026\/04\/28\/saida-emirados-arabes-opep-o-que-sao-e-impacto-precos.ghtml\"><strong><span class=\"highlight highlighted\"><em>O que s\u00e3o a Opep e a Opep+?<\/em><\/span><\/strong><\/a><\/p>\n<\/div>\n<\/div>\n<div id=\"chunk-23f5k\">\n<div class=\"mc-column content-text active-extra-styles\" data-block-type=\"raw\" data-block-weight=\"66\" data-block-id=\"11\">\n<ul class=\"content-unordered-list\">\n<li><em>A Opep foi criada em 1960 para controlar a quantidade de petr\u00f3leo dispon\u00edvel no mundo e influenciar seu pre\u00e7o. Hoje, re\u00fane 12 membros, principalmente do Oriente M\u00e9dio e da \u00c1frica.<\/em><\/li>\n<li><em>J\u00e1 a Opep+ (Organiza\u00e7\u00e3o dos Pa\u00edses Exportadores de Petr\u00f3leo e Aliados), criada em 2016, re\u00fane esse grupo e mais 11 pa\u00edses produtores, que se encontram regularmente para decidir sobre a oferta de petr\u00f3leo no mercado internacional.<\/em><\/li>\n<\/ul>\n<\/div>\n<\/div>\n<div id=\"chunk-6pq7l\">\n<div class=\"show-flourish-embed-block\">\n<div class=\"show-flourish-embed-block__container show-flourish-embed-block__container--visualization\" data-flourish-embed=\"\" data-flourish-content-type=\"visualization\">\n<div class=\"flourish-embed flourish-embed--visualization flourish-background\" data-src=\"visualisation\/26895684\" data-width=\"100%\"><iframe title=\"Interactive or visual content\" src=\"https:\/\/flo.uri.sh\/visualisation\/26895684\/embed?auto=1\" frameborder=\"0\" scrolling=\"no\" sandbox=\"allow-same-origin allow-forms allow-scripts allow-downloads allow-popups allow-popups-to-escape-sandbox allow-top-navigation-by-user-activation\" data-mce-fragment=\"1\"><\/iframe><\/div>\n<\/div>\n<\/div>\n<\/div>\n<div id=\"chunk-43d2s\">\n<div class=\"mc-column content-text active-extra-styles\" data-block-type=\"raw\" data-block-weight=\"2\" data-block-id=\"14\">\n<div class=\"content-intertitle\">\n<h2>Decis\u00e3o inesperada<\/h2>\n<\/div>\n<\/div>\n<\/div>\n<div id=\"chunk-6tuma\">\n<div class=\"mc-column content-text active-extra-styles \" data-block-type=\"unstyled\" data-block-weight=\"35\" data-block-id=\"15\">\n<p class=\" content-text__container \" data-track-category=\"Link no Texto\" data-track-links=\"\">O ministro de Energia dos Emirados \u00c1rabes Unidos, Suhail Mohamed al-Mazrouei, confirmou a sa\u00edda \u00e0 Reuters e afirmou que a decis\u00e3o foi tomada ap\u00f3s uma an\u00e1lise detalhada das estrat\u00e9gias de energia do pa\u00eds na regi\u00e3o.<\/p>\n<\/div>\n<\/div>\n<div id=\"chunk-8ahhm\">\n<div class=\"mc-column content-text active-extra-styles \" data-block-type=\"unstyled\" data-block-weight=\"32\" data-block-id=\"16\">\n<p class=\" content-text__container \" data-track-category=\"Link no Texto\" data-track-links=\"\">A inesperada sa\u00edda de um membro da Opep desde 1967 ocorre em um per\u00edodo em que o conflito com o Ir\u00e3 provocou uma crise energ\u00e9tica sem precedentes e afetou a economia mundial.<\/p>\n<\/div>\n<\/div>\n<div id=\"chunk-4804t\">\n<div class=\"mc-column content-text active-extra-styles \" data-block-type=\"unstyled\" data-block-weight=\"29\" data-block-id=\"17\">\n<p class=\" content-text__container \" data-track-category=\"Link no Texto\" data-track-links=\"\">A decis\u00e3o pode gerar instabilidade e enfraquecer o grupo, que costuma manter uma imagem de uni\u00e3o, apesar de diverg\u00eancias internas sobre temas como pol\u00edtica internacional e limites de produ\u00e7\u00e3o.<\/p>\n<\/div>\n<\/div>\n<div id=\"chunk-2j9qa\">\n<div class=\"mc-column content-text active-extra-styles \" data-block-type=\"unstyled\" data-block-weight=\"30\" data-block-id=\"18\">\n<p class=\" content-text__container \" data-track-category=\"Link no Texto\" data-track-links=\"\">Questionado sobre se os Emirados \u00c1rabes Unidos conversaram com a Ar\u00e1bia Saudita sobre a decis\u00e3o, Suhail Mohamed al-Mazrouei disse que o pa\u00eds n\u00e3o tratou do tema com nenhuma outra na\u00e7\u00e3o.<\/p>\n<\/div>\n<\/div>\n<div id=\"chunk-e4ucc\">\n<div class=\"mc-column content-text active-extra-styles\" data-block-type=\"raw\" data-block-weight=\"26\" data-block-id=\"19\">\n<blockquote class=\"content-blockquote theme-border-color-primary-before\"><p>&#8220;Esta \u00e9 uma decis\u00e3o sobre pol\u00edtica, tomada ap\u00f3s uma an\u00e1lise cuidadosa das pol\u00edticas atuais e futuras relacionadas ao n\u00edvel de produ\u00e7\u00e3o&#8221;, disse o ministro de Energia.<\/p><\/blockquote>\n<\/div>\n<\/div>\n<div id=\"chunk-5825e\">\n<div class=\"mc-column content-text active-extra-styles \" data-block-type=\"unstyled\" data-block-weight=\"26\" data-block-id=\"20\">\n<p class=\" content-text__container \" data-track-category=\"Link no Texto\" data-track-links=\"\">Os pa\u00edses do Golfo que fazem parte da Opep j\u00e1 enfrentavam dificuldades para exportar pelo Estreito de Ormuz, que fica entre o Ir\u00e3 e Om\u00e3.<\/p>\n<\/div>\n<\/div>\n<div id=\"chunk-1rh6l\">\n<div class=\"mc-column content-text active-extra-styles \" data-block-type=\"unstyled\" data-block-weight=\"29\" data-block-id=\"22\">\n<p class=\" content-text__container \" data-track-category=\"Link no Texto\" data-track-links=\"\">Por esse local passa cerca de 20% do petr\u00f3leo e do g\u00e1s natural liquefeito do mundo, mas as exporta\u00e7\u00f5es foram prejudicadas por amea\u00e7as e ataques de iranianos a navios.<\/p>\n<\/div>\n<\/div>\n<div id=\"chunk-9f804\">\n<div class=\"mc-column content-text active-extra-styles \" data-block-type=\"unstyled\" data-block-weight=\"21\" data-block-id=\"23\">\n<p class=\" content-text__container \" data-track-category=\"Link no Texto\" data-track-links=\"\">Mazrouei disse que a sa\u00edda dos Emirados \u00c1rabes Unidos\u00a0<strong>n\u00e3o deve causar grande impacto no mercado<\/strong>, devido \u00e0 situa\u00e7\u00e3o no estreito.<\/p>\n<\/div>\n<\/div>\n<div id=\"chunk-8cuq5\">\n<div class=\"mc-column content-text active-extra-styles\" data-block-type=\"raw\" data-block-weight=\"5\" data-block-id=\"24\">\n<div class=\"content-intertitle\">\n<h2>Pa\u00eds \u00e9 aliado dos EUA<\/h2>\n<\/div>\n<\/div>\n<\/div>\n<div id=\"chunk-6tgtp\">\n<div class=\"mc-column content-text active-extra-styles \" data-block-type=\"unstyled\" data-block-weight=\"39\" data-block-id=\"25\">\n<p class=\" content-text__container \" data-track-category=\"Link no Texto\" data-track-links=\"\">A decis\u00e3o foi tomada ap\u00f3s os Emirados \u00c1rabes Unidos, importante centro de neg\u00f3cios e um dos principais aliados dos Estados Unidos, criticarem outros pa\u00edses \u00e1rabes por n\u00e3o fazerem o suficiente para defend\u00ea-los de ataques do Ir\u00e3 durante o conflito.<\/p>\n<\/div>\n<\/div>\n<div id=\"chunk-b59uv\">\n<div class=\"mc-column content-text active-extra-styles\" data-block-type=\"raw\" data-block-weight=\"33\" data-block-id=\"26\">\n<blockquote class=\"content-blockquote theme-border-color-primary-before\"><p>A sa\u00edda do pa\u00eds da Opep \u00e9 vista como uma vit\u00f3ria para o presidente Donald Trump, que j\u00e1 acusou a organiza\u00e7\u00e3o de \u201croubar o resto do mundo\u201d ao elevar os pre\u00e7os do petr\u00f3leo.<\/p><\/blockquote>\n<\/div>\n<\/div>\n<div id=\"chunk-7hkut\">\n<div class=\"mc-column content-text active-extra-styles \" data-block-type=\"unstyled\" data-block-weight=\"35\" data-block-id=\"27\">\n<p class=\" content-text__container \" data-track-category=\"Link no Texto\" data-track-links=\"\">Trump tamb\u00e9m relacionou o apoio militar dos Estados Unidos \u00e0 regi\u00e3o do Golfo aos pre\u00e7os do petr\u00f3leo, afirmando que, enquanto os americanos protegem os pa\u00edses da Opep, eles \u201cexploram isso impondo pre\u00e7os altos do petr\u00f3leo\u201d.<\/p>\n<\/div>\n<\/div>\n<div id=\"chunk-4iefa\">\n<div class=\"mc-column content-text active-extra-styles \" data-block-type=\"unstyled\" data-block-weight=\"35\" data-block-id=\"28\">\n<p class=\" content-text__container \" data-track-category=\"Link no Texto\" data-track-links=\"\">Anwar Gargash, conselheiro diplom\u00e1tico do presidente dos Emirados \u00c1rabes Unidos, tamb\u00e9m criticou a resposta dos pa\u00edses \u00e1rabes e do Golfo aos ataques do Ir\u00e3 durante uma reuni\u00e3o no F\u00f3rum de Influenciadores do Golfo, na segunda-feira.<\/p>\n<\/div>\n<\/div>\n<div id=\"chunk-9qfdp\">\n<div class=\"mc-column content-text active-extra-styles \" data-block-type=\"unstyled\" data-block-weight=\"27\" data-block-id=\"29\">\n<p class=\" content-text__container \" data-track-category=\"Link no Texto\" data-track-links=\"\">\u201cOs pa\u00edses do Conselho de Coopera\u00e7\u00e3o do Golfo se apoiaram logisticamente, mas pol\u00edtica e militarmente, acho que sua posi\u00e7\u00e3o tem sido historicamente a mais fraca\u201d, disse Gargash.<\/p>\n<\/div>\n<\/div>\n<div id=\"chunk-49nu8\">\n<div class=\"mc-column content-text active-extra-styles\" data-block-type=\"raw\" data-block-weight=\"25\" data-block-id=\"31\">\n<p class=\"content-text__container\">Fonte: G111<\/p>\n<\/div>\n<\/div>\n<\/div>\n<\/article>\n<\/div>\n","protected":false},"excerpt":{"rendered":"<p>Emirados \u00c1rabes t\u00eam a 5\u00aa maior reserva conhecida de petr\u00f3leo no mundo; veja MAPA A Venezuela concentra a maior reserva<\/p>\n","protected":false},"author":1,"featured_media":13864,"comment_status":"open","ping_status":"open","sticky":false,"template":"","format":"standard","meta":{"colormag_page_container_layout":"default_layout","colormag_page_sidebar_layout":"default_layout","footnotes":""},"categories":[91],"tags":[],"class_list":["post-13862","post","type-post","status-publish","format-standard","has-post-thumbnail","hentry","category-mundo"],"_links":{"self":[{"href":"https:\/\/metropoleemfoco.com.br\/index.php?rest_route=\/wp\/v2\/posts\/13862","targetHints":{"allow":["GET"]}}],"collection":[{"href":"https:\/\/metropoleemfoco.com.br\/index.php?rest_route=\/wp\/v2\/posts"}],"about":[{"href":"https:\/\/metropoleemfoco.com.br\/index.php?rest_route=\/wp\/v2\/types\/post"}],"author":[{"embeddable":true,"href":"https:\/\/metropoleemfoco.com.br\/index.php?rest_route=\/wp\/v2\/users\/1"}],"replies":[{"embeddable":true,"href":"https:\/\/metropoleemfoco.com.br\/index.php?rest_route=%2Fwp%2Fv2%2Fcomments&post=13862"}],"version-history":[{"count":1,"href":"https:\/\/metropoleemfoco.com.br\/index.php?rest_route=\/wp\/v2\/posts\/13862\/revisions"}],"predecessor-version":[{"id":13865,"href":"https:\/\/metropoleemfoco.com.br\/index.php?rest_route=\/wp\/v2\/posts\/13862\/revisions\/13865"}],"wp:featuredmedia":[{"embeddable":true,"href":"https:\/\/metropoleemfoco.com.br\/index.php?rest_route=\/wp\/v2\/media\/13864"}],"wp:attachment":[{"href":"https:\/\/metropoleemfoco.com.br\/index.php?rest_route=%2Fwp%2Fv2%2Fmedia&parent=13862"}],"wp:term":[{"taxonomy":"category","embeddable":true,"href":"https:\/\/metropoleemfoco.com.br\/index.php?rest_route=%2Fwp%2Fv2%2Fcategories&post=13862"},{"taxonomy":"post_tag","embeddable":true,"href":"https:\/\/metropoleemfoco.com.br\/index.php?rest_route=%2Fwp%2Fv2%2Ftags&post=13862"}],"curies":[{"name":"wp","href":"https:\/\/api.w.org\/{rel}","templated":true}]}}