{"id":13849,"date":"2026-04-26T13:55:22","date_gmt":"2026-04-26T16:55:22","guid":{"rendered":"http:\/\/metropoleemfoco.com.br\/?p=13849"},"modified":"2026-04-26T13:55:22","modified_gmt":"2026-04-26T16:55:22","slug":"13849","status":"publish","type":"post","link":"https:\/\/metropoleemfoco.com.br\/?p=13849","title":{"rendered":""},"content":{"rendered":"<div class=\"mc-article-header\">\n<div class=\"row content-head mc-column non-featured \">\n<div class=\"title\" data-block-type=\"title\" data-block-id=\"0\">\n<h1 class=\"content-head__title\">Parque Ibirapuera recebe &#8216;aul\u00e3o&#8217; gratuito de defesa pessoal feminina neste domingo<\/h1>\n<\/div>\n<div class=\"medium-centered subtitle\">\n<h2 class=\"content-head__subtitle\">Evento ser\u00e1 comandado pela ativista social Maira Bandeira, que atua no combate \u00e0 viol\u00eancia contra a mulher \u00e0s 13h.<\/h2>\n<\/div>\n<\/div>\n<div class=\"content__signa-share mc-column\">\n<div class=\"content__signature\">\n<div class=\"content-publication-data\">\n<div class=\"content-publication-data__text\">\n<p class=\"content-publication-data__from\" title=\"Reda\u00e7\u00e3o g1 SP\">Por\u00a0<a class=\"multi_signatures\" href=\"https:\/\/g1.globo.com\/autores\/redacao-g1-sp\/\">Reda\u00e7\u00e3o g1 SP<\/a><\/p>\n<\/div>\n<\/div>\n<\/div>\n<\/div>\n<div class=\"glb-share-bar content__share-bar\">\n<div class=\"glb-share-bar_icons\">\n<div class=\"glb-share-bar_button-img\"><\/div>\n<div class=\"glb-share-bar_button-img\"><\/div>\n<div class=\"glb-share-bar_button-img\"><\/div>\n<\/div>\n<\/div>\n<div class=\"mc-summary mc-column\" data-block-type=\"summary\" data-block-id=\"1\">\n<details class=\"mc-summary-card bs-block--exclude-chunk-children\">\n<div class=\"mc-summary-card__summary-container\"><\/div>\n<div class=\"mc-summary-card__content\">\n<ul class=\"mc-summary-card__list\">\n<li class=\"mc-summary-card__item\">\n<div id=\"chunk-5hkiq\">\n<div class=\"mc-column content-text active-extra-styles \" data-block-type=\"unstyled\" data-block-weight=\"\">\n<p class=\" content-text__container \" data-track-category=\"Link no Texto\" data-track-links=\"\" data-mrf-recirculation=\"Mat\u00e9ria - Links no Texto\">Aul\u00e3o de \u201cDefesa Pessoal Feminina\u201d ser\u00e1 realizado \u00e0s 13h deste domingo (26) no Parque Ibirapuera.<\/p>\n<\/div>\n<\/div>\n<\/li>\n<li class=\"mc-summary-card__item\">\n<div id=\"chunk-6nfpq\">\n<div class=\"mc-column content-text active-extra-styles \" data-block-type=\"unstyled\" data-block-weight=\"\">\n<p class=\" content-text__container \" data-track-category=\"Link no Texto\" data-track-links=\"\" data-mrf-recirculation=\"Mat\u00e9ria - Links no Texto\">Ativista social Maira Bandeira, em parceria com o Projeto Fancha, coletivo que promove eventos exclusivamente para mulheres l\u00e9sbicas, bissexuais, trans e pessoas n\u00e3o bin\u00e1rias, comandar\u00e1 o aul\u00e3o.<\/p>\n<\/div>\n<\/div>\n<\/li>\n<li class=\"mc-summary-card__item\">\n<div id=\"chunk-bljdj\">\n<div class=\"mc-column content-text active-extra-styles \" data-block-type=\"unstyled\" data-block-weight=\"\">\n<p class=\" content-text__container \" data-track-category=\"Link no Texto\" data-track-links=\"\" data-mrf-recirculation=\"Mat\u00e9ria - Links no Texto\">Dados rec\u00e9m-divulgados pelo Sinan (Sistema de Informa\u00e7\u00e3o de Agravos de Notifica\u00e7\u00e3o), do Minist\u00e9rio da Sa\u00fade, apontam que as unidades de sa\u00fade em todo o Brasil receberam por dia, em 2025, cerca de 900 meninas ou mulheres que foram v\u00edtimas de viol\u00eancia interpessoal.<\/p>\n<\/div>\n<\/div>\n<\/li>\n<li class=\"mc-summary-card__item\">\n<div id=\"chunk-ftp1u\">\n<div class=\"mc-column content-text active-extra-styles \" data-block-type=\"unstyled\" data-block-weight=\"\">\n<p class=\" content-text__container \" data-track-category=\"Link no Texto\" data-track-links=\"\" data-mrf-recirculation=\"Mat\u00e9ria - Links no Texto\">Ap\u00f3s o aul\u00e3o, haver\u00e1 ainda uma palestra sobre \u201cpreven\u00e7\u00e3o e cura da viol\u00eancia\u201d com a ativista, que h\u00e1 10 anos fundou o Instituto Maira Bandeira, em S\u00e3o Paulo.<\/p>\n<\/div>\n<\/div>\n<\/li>\n<\/ul>\n<\/div>\n<\/details>\n<\/div>\n<\/div>\n<div class=\"mc-article-body\">\n<article>\n<div id=\"chunk-53qfc\">\n<div class=\"row medium-uncollapsed content-media content-photo\" data-block-type=\"backstage-photo\" data-block-id=\"2\">\n<div class=\" mc-column  content-media__container\">\n<div class=\"content-media-container glb-skeleton-box\">\n<figure class=\"content-media-figure\"><img decoding=\"async\" class=\"i-amphtml-fill-content i-amphtml-replaced-content\" src=\"https:\/\/s2-g1.glbimg.com\/ycSMZZjUkT303dOzwTmCjg_Fsj4=\/0x0:750x463\/984x0\/smart\/filters:strip_icc()\/i.s3.glbimg.com\/v1\/AUTH_59edd422c0c84a879bd37670ae4f538a\/internal_photos\/bs\/2023\/r\/6\/n31exTSrWgZaFcJf2oAQ\/whatsapp-image-2023-11-09-at-12.43.12.jpeg\" sizes=\"(max-width: 1600px) 648px, 100vw\" srcset=\"https:\/\/s2-g1.glbimg.com\/JVy7lDddQ9MbIN6NKZ8hRHg5xIc=\/0x0:750x463\/1000x0\/smart\/filters:strip_icc()\/i.s3.glbimg.com\/v1\/AUTH_59edd422c0c84a879bd37670ae4f538a\/internal_photos\/bs\/2023\/r\/6\/n31exTSrWgZaFcJf2oAQ\/whatsapp-image-2023-11-09-at-12.43.12.jpeg 1000w, https:\/\/s2-g1.glbimg.com\/ycSMZZjUkT303dOzwTmCjg_Fsj4=\/0x0:750x463\/984x0\/smart\/filters:strip_icc()\/i.s3.glbimg.com\/v1\/AUTH_59edd422c0c84a879bd37670ae4f538a\/internal_photos\/bs\/2023\/r\/6\/n31exTSrWgZaFcJf2oAQ\/whatsapp-image-2023-11-09-at-12.43.12.jpeg 984w, https:\/\/s2-g1.glbimg.com\/Ty6TyJoGK79wyekxKXi0nq2Otnw=\/0x0:750x463\/640x0\/smart\/filters:strip_icc()\/i.s3.glbimg.com\/v1\/AUTH_59edd422c0c84a879bd37670ae4f538a\/internal_photos\/bs\/2023\/r\/6\/n31exTSrWgZaFcJf2oAQ\/whatsapp-image-2023-11-09-at-12.43.12.jpeg 640w, https:\/\/s2-g1.glbimg.com\/ZBWmNz_5cKajzOixollwY8fV67g=\/0x0:750x463\/600x0\/smart\/filters:strip_icc()\/i.s3.glbimg.com\/v1\/AUTH_59edd422c0c84a879bd37670ae4f538a\/internal_photos\/bs\/2023\/r\/6\/n31exTSrWgZaFcJf2oAQ\/whatsapp-image-2023-11-09-at-12.43.12.jpeg 600w\" alt=\"Parque do Ibirapuera em manh\u00e3 de sol e calor \u2014 Foto: Paola Patriarca\/g1\" \/><\/figure>\n<\/div>\n<p class=\"content-media__description  \">Parque do Ibirapuera em manh\u00e3 de sol e calor \u2014 Foto: Paola Patriarca\/g1<\/p>\n<\/div>\n<\/div>\n<\/div>\n<div id=\"chunk-a80hh\">\n<div class=\"mc-column content-text active-extra-styles \" data-block-type=\"unstyled\" data-block-weight=\"51\" data-block-id=\"3\">\n<p class=\" content-text__container \" data-track-category=\"Link no Texto\" data-track-links=\"\" data-mrf-recirculation=\"Mat\u00e9ria - Links no Texto\">Um aul\u00e3o de \u201cDefesa Pessoal Feminina\u201d ser\u00e1 realizado \u00e0s 13h deste domingo (26) no Parque Ibirapuera (Pra\u00e7a Burle Marx \u2013 Cantinho da Du\u00e1), sob o comando da ativista social Maira Bandeira, em parceria com o Projeto Fancha, coletivo que promove eventos exclusivamente para mulheres l\u00e9sbicas, bissexuais, trans e pessoas n\u00e3o bin\u00e1rias.<\/p>\n<\/div>\n<\/div>\n<div class=\"wall protected-content\">\n<div id=\"chunk-c5blj\">\n<div class=\"mc-column content-text active-extra-styles \" data-block-type=\"unstyled\" data-block-weight=\"55\" data-block-id=\"5\">\n<p class=\" content-text__container \" data-track-category=\"Link no Texto\" data-track-links=\"\" data-mrf-recirculation=\"Mat\u00e9ria - Links no Texto\">&#8220;Lamentavelmente, de uns tempos para c\u00e1, estamos observando uma escalada de viol\u00eancia contra as mulheres, com um aumento estarrecedor nos casos de feminic\u00eddio. Al\u00e9m da necessidade de se fazer justi\u00e7a por cada uma das v\u00edtimas, precisamos buscar meios de reverter essa situa\u00e7\u00e3o, de acabar com esse comportamento e garantir seguran\u00e7a \u00e0s mulheres\u201d, diz Maira Bandeira.<\/p>\n<\/div>\n<\/div>\n<div id=\"chunk-5ck5s\">\n<div class=\"mc-column content-text active-extra-styles \" data-block-type=\"unstyled\" data-block-weight=\"58\" data-block-id=\"7\">\n<p class=\" content-text__container \" data-track-category=\"Link no Texto\" data-track-links=\"\" data-mrf-recirculation=\"Mat\u00e9ria - Links no Texto\">Dados rec\u00e9m-divulgados pelo Sinan (Sistema de Informa\u00e7\u00e3o de Agravos de Notifica\u00e7\u00e3o), do Minist\u00e9rio da Sa\u00fade, apontam que as unidades de sa\u00fade em todo o Brasil receberam por dia, em 2025, cerca de 900 meninas ou mulheres que foram v\u00edtimas de viol\u00eancia interpessoal, ou seja, em situa\u00e7\u00f5es que envolvem o uso intencional de for\u00e7a ou poder em rela\u00e7\u00f5es diretas.<\/p>\n<\/div>\n<\/div>\n<div id=\"chunk-doqco\">\n<div class=\"mc-column content-text active-extra-styles \" data-block-type=\"unstyled\" data-block-weight=\"29\" data-block-id=\"8\">\n<p class=\" content-text__container \" data-track-category=\"Link no Texto\" data-track-links=\"\" data-mrf-recirculation=\"Mat\u00e9ria - Links no Texto\">Ap\u00f3s o aul\u00e3o, haver\u00e1 ainda uma palestra sobre \u201cpreven\u00e7\u00e3o e cura da viol\u00eancia\u201d com a ativista, que h\u00e1 10 anos fundou o Instituto Maira Bandeira, em\u00a0<a class=\"\" href=\"https:\/\/g1.globo.com\/sp\/sao-paulo\/cidade\/sao-paulo\/\" data-mrf-link=\"https:\/\/g1.globo.com\/sp\/sao-paulo\/cidade\/sao-paulo\/\">S\u00e3o Paulo<\/a>.<\/p>\n<\/div>\n<\/div>\n<div id=\"chunk-ev0fl\">\n<div class=\"mc-column content-text active-extra-styles \" data-block-type=\"unstyled\" data-block-weight=\"34\" data-block-id=\"9\">\n<p class=\" content-text__container \" data-track-category=\"Link no Texto\" data-track-links=\"\" data-mrf-recirculation=\"Mat\u00e9ria - Links no Texto\">Com um trabalho baseado na uni\u00e3o de artes marciais com apoio psicol\u00f3gico e jur\u00eddico \u00e0s v\u00edtimas, suas atividades online e presenciais j\u00e1 impactaram mais de 20 mil mulheres e crian\u00e7as por todo o pa\u00eds.<\/p>\n<\/div>\n<\/div>\n<div id=\"chunk-9v2pg\">\n<div class=\"mc-column content-text active-extra-styles \" data-block-type=\"unstyled\" data-block-weight=\"2\" data-block-id=\"10\">\n<p class=\" content-text__container \" data-track-category=\"Link no Texto\" data-track-links=\"\" data-mrf-recirculation=\"Mat\u00e9ria - Links no Texto\"><strong>Programa\u00e7\u00e3o<\/strong><\/p>\n<\/div>\n<\/div>\n<div id=\"chunk-2nbd3\">\n<div class=\"mc-column content-text active-extra-styles\" data-block-type=\"raw\" data-block-weight=\"50\" data-block-id=\"11\">\n<ul class=\"content-unordered-list\" data-mrf-recirculation=\"Mat\u00e9ria - Leia Tamb\u00e9m (Lista)\">\n<li><strong>13h \u00e0s 13h30:<\/strong>\u00a0concentra\u00e7\u00e3o e chegada das alunas com pulseiras para participar da aula.<\/li>\n<li><strong>14h \u00e0s 15h30:<\/strong>\u00a0palestra sobre preven\u00e7\u00e3o e cura da viol\u00eancia + Aul\u00e3o de Defesa Pessoal + Acesso exclusivo a aulas do curso digital (com Maira Bandeira).<\/li>\n<li><strong>15h30 \u00e0s 16h:\u00a0<\/strong>fotos e perguntas r\u00e1pidas com Maira Bandeira.<\/li>\n<\/ul>\n<\/div>\n<\/div>\n<div id=\"chunk-3h8j0\">\n<div class=\"cxm-block-video content-media mc-column \" data-block-type=\"backstage-video\" data-block-id=\"12\">\n<div class=\"cxm-block-video__container cxm-block-video__container--fallback \">\n<div class=\"cxm-block-video__player-fixer\">\n<article class=\"cxm-block-video__player-wrapper\">\n<section class=\"cxm-block-video__player\">\n<div class=\"cxm-block-video__placeholder\" data-video-id=\"10217561\"><img decoding=\"async\" class=\"cxm-block-video__thumb\" title=\"Viol\u00eancia contra mulher: como pedir ajuda\" src=\"https:\/\/s02.video.glbimg.com\/x240\/10217561.jpg\" alt=\"Viol\u00eancia contra mulher: como pedir ajuda\" \/><\/p>\n<div>\n<div id=\"wp3-player-1\" class=\"clappr-player\" tabindex=\"9999\" data-player=\"\">\n<div class=\"dfp-ad-overlay dfp-ad-overlay--poster-mode\">\n<div><\/div>\n<\/div>\n<\/div>\n<\/div>\n<\/div>\n<\/section>\n<\/article>\n<\/div>\n<div class=\"cxm-block-video__caption-container\">\n<p class=\"codex-caption codex-caption--small\">Viol\u00eancia contra mulher: como pedir ajuda<\/p>\n<p>Fonte: G1<\/p>\n<\/div>\n<\/div>\n<\/div>\n<\/div>\n<\/div>\n<\/article>\n<\/div>\n","protected":false},"excerpt":{"rendered":"<p>Parque Ibirapuera recebe &#8216;aul\u00e3o&#8217; gratuito de defesa pessoal feminina neste domingo Evento ser\u00e1 comandado pela ativista social Maira Bandeira, que<\/p>\n","protected":false},"author":1,"featured_media":13855,"comment_status":"open","ping_status":"open","sticky":false,"template":"","format":"standard","meta":{"colormag_page_container_layout":"default_layout","colormag_page_sidebar_layout":"default_layout","footnotes":""},"categories":[99],"tags":[],"class_list":["post-13849","post","type-post","status-publish","format-standard","has-post-thumbnail","hentry","category-sp"],"_links":{"self":[{"href":"https:\/\/metropoleemfoco.com.br\/index.php?rest_route=\/wp\/v2\/posts\/13849","targetHints":{"allow":["GET"]}}],"collection":[{"href":"https:\/\/metropoleemfoco.com.br\/index.php?rest_route=\/wp\/v2\/posts"}],"about":[{"href":"https:\/\/metropoleemfoco.com.br\/index.php?rest_route=\/wp\/v2\/types\/post"}],"author":[{"embeddable":true,"href":"https:\/\/metropoleemfoco.com.br\/index.php?rest_route=\/wp\/v2\/users\/1"}],"replies":[{"embeddable":true,"href":"https:\/\/metropoleemfoco.com.br\/index.php?rest_route=%2Fwp%2Fv2%2Fcomments&post=13849"}],"version-history":[{"count":1,"href":"https:\/\/metropoleemfoco.com.br\/index.php?rest_route=\/wp\/v2\/posts\/13849\/revisions"}],"predecessor-version":[{"id":13856,"href":"https:\/\/metropoleemfoco.com.br\/index.php?rest_route=\/wp\/v2\/posts\/13849\/revisions\/13856"}],"wp:featuredmedia":[{"embeddable":true,"href":"https:\/\/metropoleemfoco.com.br\/index.php?rest_route=\/wp\/v2\/media\/13855"}],"wp:attachment":[{"href":"https:\/\/metropoleemfoco.com.br\/index.php?rest_route=%2Fwp%2Fv2%2Fmedia&parent=13849"}],"wp:term":[{"taxonomy":"category","embeddable":true,"href":"https:\/\/metropoleemfoco.com.br\/index.php?rest_route=%2Fwp%2Fv2%2Fcategories&post=13849"},{"taxonomy":"post_tag","embeddable":true,"href":"https:\/\/metropoleemfoco.com.br\/index.php?rest_route=%2Fwp%2Fv2%2Ftags&post=13849"}],"curies":[{"name":"wp","href":"https:\/\/api.w.org\/{rel}","templated":true}]}}