{"id":13848,"date":"2026-04-26T13:53:05","date_gmt":"2026-04-26T16:53:05","guid":{"rendered":"http:\/\/metropoleemfoco.com.br\/?p=13848"},"modified":"2026-04-26T13:53:05","modified_gmt":"2026-04-26T16:53:05","slug":"13848","status":"publish","type":"post","link":"https:\/\/metropoleemfoco.com.br\/?p=13848","title":{"rendered":""},"content":{"rendered":"<div id=\"noticias-interna\" class=\"elementor-element elementor-element-c4536fa header-noticias-leitura e-flex e-con-boxed e-con e-parent e-lazyloaded\" data-id=\"c4536fa\" data-element_type=\"container\" data-settings=\"{&quot;_ha_eqh_enable&quot;:false}\">\n<div class=\"e-con-inner\">\n<div class=\"elementor-element elementor-element-2028351 elementor-widget__width-initial titulo-conteudo elementor-widget elementor-widget-theme-post-title elementor-page-title elementor-widget-heading\" data-id=\"2028351\" data-element_type=\"widget\" data-widget_type=\"theme-post-title.default\">\n<div class=\"elementor-widget-container\">\n<h1 class=\"elementor-heading-title elementor-size-default\">Jogos Escolares Paral\u00edmpicos do Estado de S\u00e3o Paulo come\u00e7am neste domingo com mais de 300 inscritos<\/h1>\n<\/div>\n<\/div>\n<div class=\"elementor-element elementor-element-4784657 elementor-widget__width-initial elementor-widget elementor-widget-theme-post-excerpt\" data-id=\"4784657\" data-element_type=\"widget\" data-widget_type=\"theme-post-excerpt.default\">\n<div class=\"elementor-widget-container\">Primeira seletiva do Jeesp 2026 acontece entre os dias 26 e 29 de abril no Centro de Treinamento Paral\u00edmpico Brasileiro, com competi\u00e7\u00f5es de atletismo, bocha e futebol para pessoas com paralisia cerebral<\/div>\n<\/div>\n<div class=\"elementor-element elementor-element-2133f16 compartilhe e-con-full e-flex e-con e-child\" data-id=\"2133f16\" data-element_type=\"container\" data-settings=\"{&quot;_ha_eqh_enable&quot;:false}\">\n<div class=\"elementor-element elementor-element-a8be681 e-con-full e-flex e-con e-child\" data-id=\"a8be681\" data-element_type=\"container\" data-settings=\"{&quot;_ha_eqh_enable&quot;:false}\">\n<div class=\"elementor-element elementor-element-888f86d elementor-share-buttons--view-icon elementor-share-buttons--skin-framed elementor-share-buttons--shape-circle elementor-share-buttons--align-left elementor-share-buttons--color-custom elementor-grid-0 elementor-widget elementor-widget-share-buttons\" data-id=\"888f86d\" data-element_type=\"widget\" data-settings=\"{&quot;share_url&quot;:{&quot;url&quot;:&quot;https:\\\/\\\/www.agenciasp.sp.gov.br\\\/jeesp-comecam-neste-domingo-300-inscritos\\\/&quot;,&quot;is_external&quot;:&quot;&quot;,&quot;nofollow&quot;:&quot;&quot;,&quot;custom_attributes&quot;:&quot;&quot;}}\" data-widget_type=\"share-buttons.default\">\n<div class=\"elementor-widget-container\">\n<div class=\"elementor-grid\">\n<div class=\"elementor-grid-item\">\n<div class=\"elementor-share-btn elementor-share-btn_facebook\" tabindex=\"0\" role=\"button\" aria-label=\"Compartilhar no facebook\"><\/div>\n<\/div>\n<div class=\"elementor-grid-item\">\n<div class=\"elementor-share-btn elementor-share-btn_x-twitter\" tabindex=\"0\" role=\"button\" aria-label=\"Compartilhar no x-twitter\"><\/div>\n<\/div>\n<div class=\"elementor-grid-item\">\n<div class=\"elementor-share-btn elementor-share-btn_email\" tabindex=\"0\" role=\"button\" aria-label=\"Compartilhar no email\"><\/div>\n<\/div>\n<\/div>\n<\/div>\n<\/div>\n<\/div>\n<\/div>\n<\/div>\n<\/div>\n<div class=\"elementor-element elementor-element-0e5ecd1 imagem-top-post e-flex e-con-boxed e-con e-parent e-lazyloaded\" data-id=\"0e5ecd1\" data-element_type=\"container\" data-settings=\"{&quot;background_background&quot;:&quot;classic&quot;,&quot;background_motion_fx_motion_fx_scrolling&quot;:&quot;yes&quot;,&quot;background_motion_fx_devices&quot;:[&quot;desktop&quot;,&quot;tablet&quot;,&quot;mobile&quot;],&quot;_ha_eqh_enable&quot;:false}\">\n<div class=\"e-con-inner\">\n<div class=\"elementor-element elementor-element-ced2435 elementor-widget__width-inherit capa-post elementor-widget elementor-widget-theme-post-featured-image elementor-widget-image\" data-id=\"ced2435\" data-element_type=\"widget\" data-widget_type=\"theme-post-featured-image.default\">\n<div class=\"elementor-widget-container\"><img loading=\"lazy\" decoding=\"async\" class=\"attachment-large size-large wp-image-138439\" src=\"https:\/\/www.agenciasp.sp.gov.br\/wp-content\/uploads\/2026\/04\/Sem-titulo-3-1024x682.jpg\" sizes=\"auto, (max-width: 800px) 100vw, 800px\" srcset=\"https:\/\/www.agenciasp.sp.gov.br\/wp-content\/uploads\/2026\/04\/Sem-titulo-3-1024x682.jpg 1024w, https:\/\/www.agenciasp.sp.gov.br\/wp-content\/uploads\/2026\/04\/Sem-titulo-3-300x200.jpg 300w, https:\/\/www.agenciasp.sp.gov.br\/wp-content\/uploads\/2026\/04\/Sem-titulo-3-768x512.jpg 768w, https:\/\/www.agenciasp.sp.gov.br\/wp-content\/uploads\/2026\/04\/Sem-titulo-3-1536x1023.jpg 1536w, https:\/\/www.agenciasp.sp.gov.br\/wp-content\/uploads\/2026\/04\/Sem-titulo-3-150x100.jpg 150w, https:\/\/www.agenciasp.sp.gov.br\/wp-content\/uploads\/2026\/04\/Sem-titulo-3.jpg 1600w\" alt=\"\" width=\"800\" height=\"533\" \/><\/div>\n<\/div>\n<div class=\"elementor-element elementor-element-5c2830d elementor-align-center elementor-absolute tarja-categoria-leitura-materia elementor-widget elementor-widget-post-info\" data-id=\"5c2830d\" data-element_type=\"widget\" data-settings=\"{&quot;_position&quot;:&quot;absolute&quot;}\" data-widget_type=\"post-info.default\">\n<div class=\"elementor-widget-container\">\n<ul class=\"elementor-icon-list-items elementor-post-info\">\n<li class=\"elementor-icon-list-item elementor-repeater-item-78f4fb6\"><span class=\"elementor-icon-list-text elementor-post-info__item elementor-post-info__item--type-terms\"><span class=\"elementor-post-info__terms-list\"><a class=\"elementor-post-info__terms-list-item\" role=\"link\" href=\"https:\/\/www.agenciasp.sp.gov.br\/editoria\/esportes\/\">Esportes<\/a><\/span><\/span><\/li>\n<\/ul>\n<\/div>\n<\/div>\n<\/div>\n<\/div>\n<div class=\"elementor-element elementor-element-5c5279b noticias-content e-flex e-con-boxed e-con e-parent e-lazyloaded\" data-id=\"5c5279b\" data-element_type=\"container\" data-settings=\"{&quot;_ha_eqh_enable&quot;:false}\">\n<div class=\"e-con-inner\">\n<div class=\"elementor-element elementor-element-753696f legenda-fotos elementor-widget elementor-widget-text-editor\" data-id=\"753696f\" data-element_type=\"widget\" data-widget_type=\"text-editor.default\">\n<div class=\"elementor-widget-container\">Os jogos dessa fase inicial acontecem entre os dias 26 e 29 de abril no Centro de Treinamento Paral\u00edmpico Brasileiro<\/div>\n<\/div>\n<div class=\"elementor-element elementor-element-cb76742 elementor-widget elementor-widget-post-info\" data-id=\"cb76742\" data-element_type=\"widget\" data-widget_type=\"post-info.default\">\n<div class=\"elementor-widget-container\">\n<ul class=\"elementor-inline-items elementor-icon-list-items elementor-post-info\">\n<li class=\"elementor-icon-list-item elementor-repeater-item-ca87380 elementor-inline-item\"><span class=\"elementor-icon-list-text elementor-post-info__item elementor-post-info__item--type-custom\">Ag\u00eancia SP<\/span><\/li>\n<\/ul>\n<\/div>\n<\/div>\n<div class=\"elementor-element elementor-element-8cc89f6 e-con-full e-flex e-con e-child\" data-id=\"8cc89f6\" data-element_type=\"container\" data-settings=\"{&quot;_ha_eqh_enable&quot;:false}\">\n<div class=\"elementor-element elementor-element-0b409b9 elementor-align-left data-atualizado elementor-widget elementor-widget-post-info\" data-id=\"0b409b9\" data-element_type=\"widget\" data-widget_type=\"post-info.default\">\n<div class=\"elementor-widget-container\"><\/div>\n<\/div>\n<div class=\"elementor-element elementor-element-d4b75ed data-atualizado elementor-widget elementor-widget-shortcode\" data-id=\"d4b75ed\" data-element_type=\"widget\" data-widget_type=\"shortcode.default\"><\/div>\n<\/div>\n<div class=\"elementor-element elementor-element-5a922b4 conteudo-post elementor-widget elementor-widget-theme-post-content\" data-id=\"5a922b4\" data-element_type=\"widget\" data-widget_type=\"theme-post-content.default\">\n<div class=\"elementor-widget-container\">\n<p>A 1\u00aa seletiva dos Jogos Escolares Paral\u00edmpicos do Estado de S\u00e3o Paulo (JEESP) ser\u00e1 disputada de domingo (26) a quarta-feira (29), com provas de atletismo, jogos de bocha e futebol para pessoas com paralisia cerebral (FUT 7).<\/p>\n<p>Essa edi\u00e7\u00e3o conta com 330 inscritos, entre jovens atletas e integrantes das comiss\u00f5es t\u00e9cnicas. A competi\u00e7\u00e3o \u00e9 idealizada por quatro secretarias estaduais: dos\u00a0<a role=\"link\" href=\"https:\/\/www.pessoacomdeficiencia.sp.gov.br\/sec_deficiencia\" target=\"_blank\" rel=\"noopener\" data-type=\"link\" data-id=\"https:\/\/www.pessoacomdeficiencia.sp.gov.br\/sec_deficiencia\">Direitos da Pessoa com Defici\u00eancia<\/a>, de\u00a0<a role=\"link\" href=\"https:\/\/www.esportes.sp.gov.br\/sec_esportes\" target=\"_blank\" rel=\"noopener\" data-type=\"link\" data-id=\"https:\/\/www.esportes.sp.gov.br\/sec_esportes\">Esportes<\/a>, de\u00a0<a role=\"link\" href=\"https:\/\/www.educacao.sp.gov.br\/educacao\" target=\"_blank\" rel=\"noopener\" data-type=\"link\" data-id=\"https:\/\/www.educacao.sp.gov.br\/educacao\">Educa\u00e7\u00e3o<\/a>\u00a0e de\u00a0<a role=\"link\" href=\"https:\/\/www.inovacao.sp.gov.br\/sec_tecnologia_inovacao\" target=\"_blank\" rel=\"noopener\" data-type=\"link\" data-id=\"https:\/\/www.inovacao.sp.gov.br\/sec_tecnologia_inovacao\">Ci\u00eancias e Tecnologia<\/a>.<\/p>\n<p>Os jogos dessa fase inicial acontecem entre os dias 26 e 29 de abril no Centro de Treinamento Paral\u00edmpico Brasileiro. A programa\u00e7\u00e3o contempla 15 modalidades distribu\u00eddas em quatro seletivas, todas realizadas no mesmo local, entre abril e maio. Essas seletivas antecedem a final estadual, agendada para o m\u00eas de agosto, envolvendo as modalidades de atletismo e nata\u00e7\u00e3o.<\/p>\n<p><strong>LEIA TAMB\u00c9M:<a role=\"link\" href=\"https:\/\/www.agenciasp.sp.gov.br\/time-sao-paulo-paralimpico-abre-temporada-2026-com-foco-em-conquistas-internacionais-veja-lista-de-atletas\/\" data-type=\"link\" data-id=\"https:\/\/www.agenciasp.sp.gov.br\/time-sao-paulo-paralimpico-abre-temporada-2026-com-foco-em-conquistas-internacionais-veja-lista-de-atletas\/\">\u00a0Time S\u00e3o Paulo Paral\u00edmpico abre temporada 2026 com foco em conquistas internacionais; veja lista de atletas<\/a><\/strong><\/p>\n<p>\u201cOs Jogos Escolares Paral\u00edmpicos do Estado de S\u00e3o Paulo nos permitem conhecer as futuras gera\u00e7\u00f5es do paradesporto, que est\u00e3o come\u00e7ando a vivenciar a rotina de treinos, competi\u00e7\u00f5es e sendo cuidadosamente lapidadas para campeonatos ainda maiores. O Time S\u00e3o Paulo, programa de fomento ao esporte paral\u00edmpico nacional idealizado em parceria com o Comit\u00ea Paral\u00edmpico Brasileiro, conta com jovens atletas que vieram dessa promissora gera\u00e7\u00e3o\u201d, analisou Marcos da Costa, Secret\u00e1rio Estadual dos Direitos da Pessoa com Defici\u00eancia.<\/p>\n<h2 class=\"wp-block-heading\">Calend\u00e1rio de competi\u00e7\u00f5es<\/h2>\n<p>1\u00aa Seletiva (26-29\/Abr): Atletismo F\u00edsico\/Visual, Bocha, Futebol PC.<br \/>\n2\u00aa Seletiva (29\/Abr-01\/Mai): Nata\u00e7\u00e3o (F\u00edsica, Visual, Intelectual), Basquete em Cadeira.<br \/>\n3\u00aa Seletiva (\/07-09\/Mai): Badminton, Goalball, Jud\u00f4, T\u00eanis de Mesa, T\u00eanis em Cadeira, V\u00f4lei Sentado.<br \/>\n4\u00aa Seletiva (11-13\/Mai): Atletismo para pessoas com defici\u00eancia intelectual.<br \/>\nFinal Estadual: Agendada para agosto para os melhores \u00edndices de atletismo e nata\u00e7\u00e3o.<\/p>\n<h2 class=\"wp-block-heading\">Sobre o Jeesp Paral\u00edmpico<\/h2>\n<p>Os Jogos Escolares Paral\u00edmpicos do Estado de S\u00e3o Paulo promovem a inclus\u00e3o e o interc\u00e2mbio entre estudantes com defici\u00eancia f\u00edsica, intelectual e visual matriculados em escolas p\u00fablicas, privadas e t\u00e9cnicas do estado.<\/p>\n<p>A competi\u00e7\u00e3o contempla jovens atletas de 11 a 19 anos, dependendo da modalidade, e seleciona os de maior destaque para representar o estado de S\u00e3o Paulo nas Paralimp\u00edadas Escolares, que ser\u00e1 realizada em novembro. Ao todo, s\u00e3o 15 modalidades diferentes: atletismo, badminton, bocha, goalball, jud\u00f4, futebol de cegos, futebol de pessoas com paralisia cerebral, halterofilismo, nata\u00e7\u00e3o, t\u00eanis de mesa, t\u00eanis em cadeira, taekwondo, r\u00fagbi em cadeira de roda, basquete em cadeira e v\u00f4lei sentado.<\/p>\n<p>Fonte: Agencia Sp Gov<\/p>\n<\/div>\n<\/div>\n<\/div>\n<\/div>\n","protected":false},"excerpt":{"rendered":"<p>Jogos Escolares Paral\u00edmpicos do Estado de S\u00e3o Paulo come\u00e7am neste domingo com mais de 300 inscritos Primeira seletiva do Jeesp<\/p>\n","protected":false},"author":1,"featured_media":13853,"comment_status":"open","ping_status":"open","sticky":false,"template":"","format":"standard","meta":{"colormag_page_container_layout":"default_layout","colormag_page_sidebar_layout":"default_layout","footnotes":""},"categories":[95],"tags":[],"class_list":["post-13848","post","type-post","status-publish","format-standard","has-post-thumbnail","hentry","category-paralimpicos"],"_links":{"self":[{"href":"https:\/\/metropoleemfoco.com.br\/index.php?rest_route=\/wp\/v2\/posts\/13848","targetHints":{"allow":["GET"]}}],"collection":[{"href":"https:\/\/metropoleemfoco.com.br\/index.php?rest_route=\/wp\/v2\/posts"}],"about":[{"href":"https:\/\/metropoleemfoco.com.br\/index.php?rest_route=\/wp\/v2\/types\/post"}],"author":[{"embeddable":true,"href":"https:\/\/metropoleemfoco.com.br\/index.php?rest_route=\/wp\/v2\/users\/1"}],"replies":[{"embeddable":true,"href":"https:\/\/metropoleemfoco.com.br\/index.php?rest_route=%2Fwp%2Fv2%2Fcomments&post=13848"}],"version-history":[{"count":1,"href":"https:\/\/metropoleemfoco.com.br\/index.php?rest_route=\/wp\/v2\/posts\/13848\/revisions"}],"predecessor-version":[{"id":13854,"href":"https:\/\/metropoleemfoco.com.br\/index.php?rest_route=\/wp\/v2\/posts\/13848\/revisions\/13854"}],"wp:featuredmedia":[{"embeddable":true,"href":"https:\/\/metropoleemfoco.com.br\/index.php?rest_route=\/wp\/v2\/media\/13853"}],"wp:attachment":[{"href":"https:\/\/metropoleemfoco.com.br\/index.php?rest_route=%2Fwp%2Fv2%2Fmedia&parent=13848"}],"wp:term":[{"taxonomy":"category","embeddable":true,"href":"https:\/\/metropoleemfoco.com.br\/index.php?rest_route=%2Fwp%2Fv2%2Fcategories&post=13848"},{"taxonomy":"post_tag","embeddable":true,"href":"https:\/\/metropoleemfoco.com.br\/index.php?rest_route=%2Fwp%2Fv2%2Ftags&post=13848"}],"curies":[{"name":"wp","href":"https:\/\/api.w.org\/{rel}","templated":true}]}}