{"id":13847,"date":"2026-04-26T13:51:29","date_gmt":"2026-04-26T16:51:29","guid":{"rendered":"http:\/\/metropoleemfoco.com.br\/?p=13847"},"modified":"2026-04-26T13:51:29","modified_gmt":"2026-04-26T16:51:29","slug":"13847","status":"publish","type":"post","link":"https:\/\/metropoleemfoco.com.br\/?p=13847","title":{"rendered":""},"content":{"rendered":"<div class=\"mc-article-header\">\n<div class=\"row content-head mc-column non-featured \">\n<div class=\"title\" data-block-type=\"title\" data-block-id=\"0\">\n<h1 class=\"content-head__title\">Norde V\u00f4lei avalia deixar o Cear\u00e1 ap\u00f3s t\u00edtulo da Superliga B por falta de patrocinador master<\/h1>\n<\/div>\n<div class=\"medium-centered subtitle\">\n<h2 class=\"content-head__subtitle\">Equipe de Marcelo Negr\u00e3o j\u00e1 foi sondada por outras duas cidades<\/h2>\n<\/div>\n<\/div>\n<div class=\"content__signa-share mc-column\">\n<div class=\"content__signature\">\n<div class=\"content-publication-data\">\n<div class=\"content-publication-data__text\">\n<p class=\"content-publication-data__from\" title=\"Crisneive Silveira e Giovanna Borges\">Por Crisneive Silveira e Giovanna Borges\u00a0\u2014 Fortaleza, CE<\/p>\n<\/div>\n<\/div>\n<\/div>\n<\/div>\n<div class=\"glb-share-bar content__share-bar\">\n<div class=\"glb-share-bar_icons\">\n<div class=\"glb-share-bar_button-img\"><\/div>\n<div class=\"glb-share-bar_button-img\"><\/div>\n<div class=\"glb-share-bar_button-img\"><\/div>\n<\/div>\n<\/div>\n<hr class=\"content__divider \" \/>\n<\/div>\n<div class=\"mc-article-body\">\n<article>\n<div id=\"chunk-e7c6u\">\n<div class=\"cxm-block-video content-media mc-column \" data-block-type=\"backstage-video\" data-block-id=\"1\">\n<div class=\"cxm-block-video__container \">\n<div class=\"cxm-block-video__player-fixer\">\n<article class=\"cxm-block-video__player-wrapper\">\n<section class=\"cxm-block-video__player\">\n<div class=\"cxm-block-video__placeholder\" data-video-id=\"14548571\"><img decoding=\"async\" class=\"cxm-block-video__thumb\" title=\"Hist\u00f3rico! Norde vence Montes Claros e \u00e9 campe\u00e3o da Superliga B\" src=\"https:\/\/s04.video.glbimg.com\/x240\/14548571.jpg\" alt=\"Hist\u00f3rico! Norde vence Montes Claros e \u00e9 campe\u00e3o da Superliga B\" \/><\/div>\n<\/section>\n<\/article>\n<\/div>\n<div class=\"cxm-block-video__caption-container\">\n<p class=\"codex-caption codex-caption--small\">Hist\u00f3rico! Norde vence Montes Claros e \u00e9 campe\u00e3o da Superliga B<\/p>\n<\/div>\n<\/div>\n<\/div>\n<\/div>\n<div id=\"chunk-arlnf\">\n<div class=\"mc-column content-text active-extra-styles \" data-block-type=\"unstyled\" data-block-weight=\"47\" data-block-id=\"2\">\n<p class=\" content-text__container \" data-track-category=\"Link no Texto\" data-track-links=\"\">Campe\u00e3 da Superliga B e com vaga garantida na elite do v\u00f4lei brasileiro, a equipe do t\u00e9cnico e campe\u00e3o ol\u00edmpico Marcelo Negr\u00e3o pode n\u00e3o seguir no Cear\u00e1 na pr\u00f3xima temporada. O Norde V\u00f4lei estuda a possibilidade de mudan\u00e7a de sede diante da aus\u00eancia de um patrocinador master.<\/p>\n<\/div>\n<\/div>\n<div class=\"wall protected-content\">\n<div id=\"chunk-eiml3\">\n<div class=\"mc-column content-text active-extra-styles \" data-block-type=\"unstyled\" data-block-weight=\"39\" data-block-id=\"5\">\n<p class=\" content-text__container \" data-track-category=\"Link no Texto\" data-track-links=\"\">Fundado em 2024, o clube conquistou o acesso saindo da Superliga C e, em seguida, levantou o t\u00edtulo da Superliga B, somando dois t\u00edtulos nacionais em apenas dois anos de exist\u00eancia, al\u00e9m de j\u00e1 contar com uma torcida expressiva.<\/p>\n<\/div>\n<\/div>\n<div id=\"chunk-6p04u\">\n<div class=\"mc-column content-text active-extra-styles \" data-block-type=\"unstyled\" data-block-weight=\"49\" data-block-id=\"6\">\n<p class=\" content-text__container \" data-track-category=\"Link no Texto\" data-track-links=\"\">Com o futuro em aberto, o Norde j\u00e1 recebeu sondagens de outras cidades. Jo\u00e3o Pessoa (PB) e Caxias do Sul (RS) demonstraram interesse em assumir os custos da equipe, cen\u00e1rio que est\u00e1 sendo analisado pela diretoria. A informa\u00e7\u00e3o foi inicialmente divulgada pelo Di\u00e1rio do Nordeste e confirmada pelo ge<\/p>\n<\/div>\n<\/div>\n<div id=\"chunk-fjtov\">\n<div class=\"mc-column content-text active-extra-styles \" data-block-type=\"unstyled\" data-block-weight=\"47\" data-block-id=\"9\">\n<p class=\" content-text__container \" data-track-category=\"Link no Texto\" data-track-links=\"\">O t\u00edtulo da Superliga B foi conquistado na \u00faltima ter\u00e7a-feira (21), com vit\u00f3ria por 3 sets a 2 sobre o Montes Claros. Antes mesmo da final, o Norde j\u00e1 tinha garantido vaga na pr\u00f3xima edi\u00e7\u00e3o da Superliga, a principal competi\u00e7\u00e3o do v\u00f4lei nacional ao vencer o Araguari.<\/p>\n<\/div>\n<\/div>\n<div id=\"chunk-1k34h\">\n<div class=\"mc-column content-text active-extra-styles \" data-block-type=\"unstyled\" data-block-weight=\"13\" data-block-id=\"10\">\n<p class=\" content-text__container \" data-track-category=\"Link no Texto\" data-track-links=\"\">Confira nota oficial do Norde V\u00f4lei sobre o futuro do projeto no Cear\u00e1:<\/p>\n<\/div>\n<\/div>\n<div id=\"chunk-e96l9\">\n<div class=\"mc-column content-text active-extra-styles \" data-block-type=\"unstyled\" data-block-weight=\"56\" data-block-id=\"11\">\n<p class=\" content-text__container \" data-track-category=\"Link no Texto\" data-track-links=\"\"><em>O Norde V\u00f4lei escolheu, desde o primeiro dia, o Cear\u00e1 como estado para representar no cen\u00e1rio do v\u00f4lei nacional. Apesar de contatos e sondagens de outras cidades interessadas em sediar o projeto, refor\u00e7amos que o nosso principal objetivo \u00e9 a perman\u00eancia em Fortaleza, ao lado da nossa torcida, que sempre foi parte fundamental em nossa caminhada.<\/em><\/p>\n<\/div>\n<\/div>\n<div id=\"chunk-93cub\">\n<div class=\"mc-column content-text active-extra-styles \" data-block-type=\"unstyled\" data-block-weight=\"58\" data-block-id=\"12\">\n<p class=\" content-text__container \" data-track-category=\"Link no Texto\" data-track-links=\"\"><em>A evolu\u00e7\u00e3o esportiva alcan\u00e7ada at\u00e9 aqui eleva tamb\u00e9m o n\u00edvel de responsabilidade e investimento necess\u00e1rio para a continuidade do projeto. Atualmente, o clube n\u00e3o conta com apoio de esferas estaduais e municipais, o que torna essencial a busca por parcerias e patrocinadores que viabilizem a manuten\u00e7\u00e3o e o fortalecimento da equipe no mais alto n\u00edvel do voleibol brasileiro.<\/em><\/p>\n<\/div>\n<\/div>\n<div id=\"chunk-96rka\">\n<div class=\"mc-column content-text active-extra-styles \" data-block-type=\"unstyled\" data-block-weight=\"39\" data-block-id=\"14\">\n<p class=\" content-text__container \" data-track-category=\"Link no Texto\" data-track-links=\"\"><em>Seguimos em di\u00e1logo com empres\u00e1rios e institui\u00e7\u00f5es, trabalhando de forma s\u00e9ria e comprometida para garantir a sustentabilidade do projeto. O Norde V\u00f4lei permanece empenhado em seguir representando, com orgulho, a nossa cidade, o nosso estado e todo o Nordeste.<\/em><\/p>\n<\/div>\n<\/div>\n<div data-track-category=\"multicontent\" data-track-action=\"multicontent\" data-track-noninteraction=\"false\" data-track-scroll=\"ultimo chunk conteudo\" data-track-value=\"view\">\n<div id=\"chunk-8jur4\">\n<div class=\"row medium-uncollapsed content-media content-photo\" data-block-type=\"backstage-photo\" data-block-id=\"15\">\n<div class=\" mc-column  content-media__container\">\n<div class=\"content-media-container glb-skeleton-box\">\n<figure class=\"content-media-figure\"><img decoding=\"async\" class=\"i-amphtml-fill-content i-amphtml-replaced-content\" src=\"https:\/\/s2-ge.glbimg.com\/cLAavFcRMcVK-KsyhlulW6q3aGs=\/0x0:1280x853\/984x0\/smart\/filters:strip_icc()\/i.s3.glbimg.com\/v1\/AUTH_bc8228b6673f488aa253bbcb03c80ec5\/internal_photos\/bs\/2026\/c\/2\/422KBhSwyOxsBES9qTZQ\/whatsapp-image-2026-04-21-at-20.59.42.jpeg\" sizes=\"(max-width: 1600px) 648px, 100vw\" srcset=\"https:\/\/s2-ge.glbimg.com\/mSzxaAa55G1x_AHqfrs86-YwdLY=\/0x0:1280x853\/1000x0\/smart\/filters:strip_icc()\/i.s3.glbimg.com\/v1\/AUTH_bc8228b6673f488aa253bbcb03c80ec5\/internal_photos\/bs\/2026\/c\/2\/422KBhSwyOxsBES9qTZQ\/whatsapp-image-2026-04-21-at-20.59.42.jpeg 1000w, https:\/\/s2-ge.glbimg.com\/cLAavFcRMcVK-KsyhlulW6q3aGs=\/0x0:1280x853\/984x0\/smart\/filters:strip_icc()\/i.s3.glbimg.com\/v1\/AUTH_bc8228b6673f488aa253bbcb03c80ec5\/internal_photos\/bs\/2026\/c\/2\/422KBhSwyOxsBES9qTZQ\/whatsapp-image-2026-04-21-at-20.59.42.jpeg 984w, https:\/\/s2-ge.glbimg.com\/fOsbfQ5oOpBx46H71y5Lq85kmXg=\/0x0:1280x853\/640x0\/smart\/filters:strip_icc()\/i.s3.glbimg.com\/v1\/AUTH_bc8228b6673f488aa253bbcb03c80ec5\/internal_photos\/bs\/2026\/c\/2\/422KBhSwyOxsBES9qTZQ\/whatsapp-image-2026-04-21-at-20.59.42.jpeg 640w, https:\/\/s2-ge.glbimg.com\/IwjfBpMt0tHP5nagVAAv9uLJzjA=\/0x0:1280x853\/600x0\/smart\/filters:strip_icc()\/i.s3.glbimg.com\/v1\/AUTH_bc8228b6673f488aa253bbcb03c80ec5\/internal_photos\/bs\/2026\/c\/2\/422KBhSwyOxsBES9qTZQ\/whatsapp-image-2026-04-21-at-20.59.42.jpeg 600w\" alt=\"Norde V\u00f4lei campe\u00e3o Superliga B \u2014 Foto: Thiago Gadelha\/SVM\" \/><\/figure>\n<\/div>\n<p class=\"content-media__description  \">Norde V\u00f4lei campe\u00e3o Superliga B \u2014 Foto: Thiago Gadelha\/SVM<\/p>\n<\/div>\n<\/div>\n<\/div>\n<\/div>\n<\/div>\n<\/article>\n<div class=\"mc-column entities\">Fonte: G1<\/div>\n<\/div>\n","protected":false},"excerpt":{"rendered":"<p>Norde V\u00f4lei avalia deixar o Cear\u00e1 ap\u00f3s t\u00edtulo da Superliga B por falta de patrocinador master Equipe de Marcelo Negr\u00e3o<\/p>\n","protected":false},"author":1,"featured_media":13851,"comment_status":"open","ping_status":"open","sticky":false,"template":"","format":"standard","meta":{"colormag_page_container_layout":"default_layout","colormag_page_sidebar_layout":"default_layout","footnotes":""},"categories":[102],"tags":[],"class_list":["post-13847","post","type-post","status-publish","format-standard","has-post-thumbnail","hentry","category-esportes"],"_links":{"self":[{"href":"https:\/\/metropoleemfoco.com.br\/index.php?rest_route=\/wp\/v2\/posts\/13847","targetHints":{"allow":["GET"]}}],"collection":[{"href":"https:\/\/metropoleemfoco.com.br\/index.php?rest_route=\/wp\/v2\/posts"}],"about":[{"href":"https:\/\/metropoleemfoco.com.br\/index.php?rest_route=\/wp\/v2\/types\/post"}],"author":[{"embeddable":true,"href":"https:\/\/metropoleemfoco.com.br\/index.php?rest_route=\/wp\/v2\/users\/1"}],"replies":[{"embeddable":true,"href":"https:\/\/metropoleemfoco.com.br\/index.php?rest_route=%2Fwp%2Fv2%2Fcomments&post=13847"}],"version-history":[{"count":1,"href":"https:\/\/metropoleemfoco.com.br\/index.php?rest_route=\/wp\/v2\/posts\/13847\/revisions"}],"predecessor-version":[{"id":13852,"href":"https:\/\/metropoleemfoco.com.br\/index.php?rest_route=\/wp\/v2\/posts\/13847\/revisions\/13852"}],"wp:featuredmedia":[{"embeddable":true,"href":"https:\/\/metropoleemfoco.com.br\/index.php?rest_route=\/wp\/v2\/media\/13851"}],"wp:attachment":[{"href":"https:\/\/metropoleemfoco.com.br\/index.php?rest_route=%2Fwp%2Fv2%2Fmedia&parent=13847"}],"wp:term":[{"taxonomy":"category","embeddable":true,"href":"https:\/\/metropoleemfoco.com.br\/index.php?rest_route=%2Fwp%2Fv2%2Fcategories&post=13847"},{"taxonomy":"post_tag","embeddable":true,"href":"https:\/\/metropoleemfoco.com.br\/index.php?rest_route=%2Fwp%2Fv2%2Ftags&post=13847"}],"curies":[{"name":"wp","href":"https:\/\/api.w.org\/{rel}","templated":true}]}}