{"id":13842,"date":"2026-04-26T13:49:32","date_gmt":"2026-04-26T16:49:32","guid":{"rendered":"http:\/\/metropoleemfoco.com.br\/?p=13842"},"modified":"2026-04-26T13:49:32","modified_gmt":"2026-04-26T16:49:32","slug":"13842","status":"publish","type":"post","link":"https:\/\/metropoleemfoco.com.br\/?p=13842","title":{"rendered":""},"content":{"rendered":"<div class=\"mc-article-header\">\n<div class=\"row content-head mc-column non-featured \">\n<div class=\"title\" data-block-type=\"title\" data-block-id=\"0\">\n<h1 class=\"content-head__title\">Como suas roupas velhas podem ir parar neste deserto no Chile<\/h1>\n<\/div>\n<div class=\"medium-centered subtitle\">\n<h2 class=\"content-head__subtitle\">Roupas velhas de todo o mundo s\u00e3o descartadas no deserto h\u00e1 d\u00e9cadas. Agora, uma mudan\u00e7a na legisla\u00e7\u00e3o chilena pode transformar este grave problema ambiental em uma oportunidade de neg\u00f3cio.<\/h2>\n<\/div>\n<\/div>\n<div class=\"content__signa-share mc-column\">\n<div class=\"content__signature\">\n<div class=\"content-publication-data\">\n<div class=\"content-publication-data__logo\"><a href=\"http:\/\/www.bbc.com\/portuguese\" target=\"_blank\" rel=\"noopener\"><img decoding=\"async\" class=\"i-amphtml-fill-content i-amphtml-replaced-content\" src=\"https:\/\/s2-g1.glbimg.com\/46ymDWUZFt2i-AfZe9ZZDx8RV58=\/48x48\/smart\/filters:strip_icc()\/s2-g1.glbimg.com\/Eq2Q0pn8d2Lb6hon-EKCrvXRdDU%3D\/600x0\/filters%3Aquality%2850%29\/https%3A\/\/i.s3.glbimg.com\/v1\/AUTH_59edd422c0c84a879bd37670ae4f538a\/internal_photos\/bs\/2025\/g\/i\/AztVSYRiSVsudGiiYxuw\/bbc-news-stacked-black-core-colour-rgb-hr.png\" alt=\"TOPO\" \/><\/a><\/div>\n<div class=\"content-publication-data__text\">\n<p class=\"content-publication-data__from\" title=\"BBC\">Por BBC<\/p>\n<\/div>\n<\/div>\n<\/div>\n<\/div>\n<div class=\"glb-share-bar content__share-bar\">\n<div class=\"glb-share-bar_icons\">\n<div class=\"glb-share-bar_button-img\"><\/div>\n<div class=\"glb-share-bar_button-img\"><\/div>\n<div class=\"glb-share-bar_button-img\"><\/div>\n<\/div>\n<\/div>\n<\/div>\n<div class=\"mc-article-body\">\n<article>\n<div id=\"chunk-2tibq\">\n<div class=\"row medium-uncollapsed content-media content-photo\" data-block-type=\"backstage-photo\" data-block-id=\"1\">\n<div class=\" mc-column  content-media__container\">\n<div class=\"content-media-container glb-skeleton-box\">\n<figure class=\"content-media-figure\"><img decoding=\"async\" class=\"i-amphtml-fill-content i-amphtml-replaced-content\" src=\"https:\/\/s2-g1.glbimg.com\/zfrcc5NA3j18961Wc8VTUfywmH0=\/0x0:640x359\/984x0\/smart\/filters:strip_icc()\/i.s3.glbimg.com\/v1\/AUTH_59edd422c0c84a879bd37670ae4f538a\/internal_photos\/bs\/2026\/5\/U\/ghh13kTOOIiyrCBAAAEg\/13933aa9-4678-4220-a33c-926a6d0a2340.png\" sizes=\"(max-width: 1600px) 648px, 100vw\" srcset=\"https:\/\/s2-g1.glbimg.com\/_znwSC6BsS5m7hI-2o1UbP8jdYY=\/0x0:640x359\/1000x0\/smart\/filters:strip_icc()\/i.s3.glbimg.com\/v1\/AUTH_59edd422c0c84a879bd37670ae4f538a\/internal_photos\/bs\/2026\/5\/U\/ghh13kTOOIiyrCBAAAEg\/13933aa9-4678-4220-a33c-926a6d0a2340.png 1000w, https:\/\/s2-g1.glbimg.com\/zfrcc5NA3j18961Wc8VTUfywmH0=\/0x0:640x359\/984x0\/smart\/filters:strip_icc()\/i.s3.glbimg.com\/v1\/AUTH_59edd422c0c84a879bd37670ae4f538a\/internal_photos\/bs\/2026\/5\/U\/ghh13kTOOIiyrCBAAAEg\/13933aa9-4678-4220-a33c-926a6d0a2340.png 984w, https:\/\/s2-g1.glbimg.com\/ZbvsAkgDjPMDPFRB2COcwjckHW8=\/0x0:640x359\/640x0\/smart\/filters:strip_icc()\/i.s3.glbimg.com\/v1\/AUTH_59edd422c0c84a879bd37670ae4f538a\/internal_photos\/bs\/2026\/5\/U\/ghh13kTOOIiyrCBAAAEg\/13933aa9-4678-4220-a33c-926a6d0a2340.png 640w, https:\/\/s2-g1.glbimg.com\/V6FXrAeToe0vH_yAkP1oG6AcTVY=\/0x0:640x359\/600x0\/smart\/filters:strip_icc()\/i.s3.glbimg.com\/v1\/AUTH_59edd422c0c84a879bd37670ae4f538a\/internal_photos\/bs\/2026\/5\/U\/ghh13kTOOIiyrCBAAAEg\/13933aa9-4678-4220-a33c-926a6d0a2340.png 600w\" alt=\"Calcula-se que cerca de 39 mil toneladas de roupas velhas sejam descartadas no deserto do Atacama, no Chile, todos os anos \u2014 Foto: AFP via Getty Images\" \/><\/figure>\n<\/div>\n<p class=\"content-media__description  \">Calcula-se que cerca de 39 mil toneladas de roupas velhas sejam descartadas no deserto do Atacama, no Chile, todos os anos \u2014 Foto: AFP via Getty Images<\/p>\n<\/div>\n<\/div>\n<\/div>\n<div id=\"chunk-7hg11\">\n<div class=\"mc-column content-text active-extra-styles \" data-block-type=\"unstyled\" data-block-weight=\"34\" data-block-id=\"2\">\n<p class=\" content-text__container \" data-track-category=\"Link no Texto\" data-track-links=\"\" data-mrf-recirculation=\"Mat\u00e9ria - Links no Texto\">As roupas velhas encaminhadas para reciclagem, seja no Reino Unido, na Am\u00e9rica do Norte ou em outras partes do mundo, t\u00eam grande chance de acabarem sendo descartadas ilegalmente no deserto do Atacama, no Chile.<\/p>\n<\/div>\n<\/div>\n<div class=\"wall protected-content\">\n<div id=\"chunk-cumcj\">\n<div class=\"mc-column content-text active-extra-styles \" data-block-type=\"unstyled\" data-block-weight=\"36\" data-block-id=\"4\">\n<p class=\" content-text__container \" data-track-category=\"Link no Texto\" data-track-links=\"\" data-mrf-recirculation=\"Mat\u00e9ria - Links no Texto\">O pa\u00eds sul-americano \u00e9 um dos maiores importadores de roupas usadas do mundo. Mas as pe\u00e7as que n\u00e3o s\u00e3o revendidas v\u00eam sendo descartadas h\u00e1 anos em grandes pilhas, no deserto seco e est\u00e9ril do norte chileno.<\/p>\n<\/div>\n<\/div>\n<div id=\"chunk-9e24r\">\n<div class=\"mc-column content-text active-extra-styles \" data-block-type=\"unstyled\" data-block-weight=\"16\" data-block-id=\"5\">\n<p class=\" content-text__container \" data-track-category=\"Link no Texto\" data-track-links=\"\" data-mrf-recirculation=\"Mat\u00e9ria - Links no Texto\">Agora, ap\u00f3s uma mudan\u00e7a da legisla\u00e7\u00e3o, uma empresa local est\u00e1 tomando a\u00e7\u00f5es para enfrentar o problema.<\/p>\n<\/div>\n<\/div>\n<div id=\"chunk-8phd4\">\n<div class=\"mc-column content-text active-extra-styles \" data-block-type=\"unstyled\" data-block-weight=\"37\" data-block-id=\"6\">\n<p class=\" content-text__container \" data-track-category=\"Link no Texto\" data-track-links=\"\" data-mrf-recirculation=\"Mat\u00e9ria - Links no Texto\">O Chile importa 123 mil toneladas de roupas usadas todos os anos, segundo estimativas do governo. A zona franca do porto de Iquique, no norte do pa\u00eds, \u00e9 a principal porta de entrada deste tipo de produto.<\/p>\n<\/div>\n<\/div>\n<div id=\"chunk-fissd\">\n<div class=\"mc-column content-text active-extra-styles \" data-block-type=\"unstyled\" data-block-weight=\"24\" data-block-id=\"9\">\n<p class=\" content-text__container \" data-track-category=\"Link no Texto\" data-track-links=\"\" data-mrf-recirculation=\"Mat\u00e9ria - Links no Texto\">Empresas locais e das cidades vizinhas podem importar, armazenar e vender mercadorias, com isen\u00e7\u00e3o das taxas alfandeg\u00e1rias e do Imposto sobre Valor Agregado (IVA).<\/p>\n<\/div>\n<\/div>\n<div id=\"chunk-1llmf\">\n<div class=\"mc-column content-text active-extra-styles \" data-block-type=\"unstyled\" data-block-weight=\"32\" data-block-id=\"10\">\n<p class=\" content-text__container \" data-track-category=\"Link no Texto\" data-track-links=\"\" data-mrf-recirculation=\"Mat\u00e9ria - Links no Texto\">Conhecida pela sigla Zofri, a zona franca foi criada em 1975, para promover o desenvolvimento s\u00f3cio-econ\u00f4mico do norte chileno. E as roupas usadas passaram a ser um dos maiores produtos de importa\u00e7\u00e3o.<\/p>\n<\/div>\n<\/div>\n<div id=\"chunk-cqqqu\">\n<div class=\"mc-column content-text active-extra-styles \" data-block-type=\"unstyled\" data-block-weight=\"25\" data-block-id=\"11\">\n<p class=\" content-text__container \" data-track-category=\"Link no Texto\" data-track-links=\"\" data-mrf-recirculation=\"Mat\u00e9ria - Links no Texto\">Cont\u00eaineres repletos de roupas continuam chegando a Iquique dos Estados Unidos, Canad\u00e1, Europa e \u00c1sia. Elas s\u00e3o vendidas localmente ou exportadas para outros pa\u00edses latino-americanos.<\/p>\n<\/div>\n<\/div>\n<div id=\"chunk-cu5dq\">\n<div class=\"mc-column content-text active-extra-styles \" data-block-type=\"unstyled\" data-block-weight=\"26\" data-block-id=\"12\">\n<p class=\" content-text__container \" data-track-category=\"Link no Texto\" data-track-links=\"\" data-mrf-recirculation=\"Mat\u00e9ria - Links no Texto\">O gerente-geral da Zofri, Felipe Gonz\u00e1lez, conta que existem cerca de 50 empresas de importa\u00e7\u00e3o de roupas na regi\u00e3o, que ajudam a impulsionar a economia local.<\/p>\n<\/div>\n<\/div>\n<div id=\"chunk-7mt51\">\n<div class=\"mc-column content-text active-extra-styles \" data-block-type=\"unstyled\" data-block-weight=\"23\" data-block-id=\"14\">\n<p class=\" content-text__container \" data-track-category=\"Link no Texto\" data-track-links=\"\" data-mrf-recirculation=\"Mat\u00e9ria - Links no Texto\">&#8220;\u00c9 um setor que oferece a maior parte do trabalho \u00e0s mulheres da regi\u00e3o&#8221;, explica ele. &#8220;Cerca de 10% delas trabalham com tecidos.&#8221;<\/p>\n<\/div>\n<\/div>\n<div id=\"chunk-fp82h\">\n<div class=\"mc-column content-text active-extra-styles \" data-block-type=\"unstyled\" data-block-weight=\"29\" data-block-id=\"15\">\n<p class=\" content-text__container \" data-track-category=\"Link no Texto\" data-track-links=\"\" data-mrf-recirculation=\"Mat\u00e9ria - Links no Texto\">&#8220;As mulheres ajudam a classificar as roupas em diferentes categorias, segundo sua qualidade. N\u00e3o \u00e9 um trabalho altamente especializado, de forma que \u00e9 acess\u00edvel a pessoas sem muitas qualifica\u00e7\u00f5es.&#8221;<\/p>\n<\/div>\n<\/div>\n<div id=\"chunk-1v1bo\">\n<div class=\"mc-column content-text active-extra-styles \" data-block-type=\"unstyled\" data-block-weight=\"40\" data-block-id=\"16\">\n<p class=\" content-text__container \" data-track-category=\"Link no Texto\" data-track-links=\"\" data-mrf-recirculation=\"Mat\u00e9ria - Links no Texto\">As roupas de pior qualidade acabam em La Quebradilla, um enorme mercado a c\u00e9u aberto, perto da cidade de Alto Hospicio. Ela fica a cerca de meia hora de dist\u00e2ncia de Iquique, subindo a montanha, ainda dentro da zona franca.<\/p>\n<\/div>\n<\/div>\n<div id=\"chunk-6saio\">\n<div class=\"mc-column content-text active-extra-styles \" data-block-type=\"unstyled\" data-block-weight=\"20\" data-block-id=\"17\">\n<p class=\" content-text__container \" data-track-category=\"Link no Texto\" data-track-links=\"\" data-mrf-recirculation=\"Mat\u00e9ria - Links no Texto\">Ali, \u00e9 poss\u00edvel encontrar filas e mais filas de barracas, com pilhas de roupas em exibi\u00e7\u00e3o sobre folhas de pl\u00e1stico.<\/p>\n<\/div>\n<\/div>\n<div id=\"chunk-c4rm5\">\n<div class=\"mc-column content-text active-extra-styles \" data-block-type=\"unstyled\" data-block-weight=\"44\" data-block-id=\"18\">\n<p class=\" content-text__container \" data-track-category=\"Link no Texto\" data-track-links=\"\" data-mrf-recirculation=\"Mat\u00e9ria - Links no Texto\">As barracas vendem de tudo, desde camisetas at\u00e9 cal\u00e7as jeans e vestidos. Os pre\u00e7os s\u00e3o baixos, a partir de 500 pesos chilenos (US$ 0,54, cerca de R$ 2,70). Turistas e moradores locais invadem o local, especialmente no fim de semana, em busca de pechinchas.<\/p>\n<\/div>\n<\/div>\n<div id=\"chunk-67sss\">\n<div class=\"row medium-uncollapsed content-media content-photo\" data-block-type=\"backstage-photo\" data-block-id=\"19\">\n<div class=\" mc-column  content-media__container\">\n<div class=\"content-media-container glb-skeleton-box\">\n<figure class=\"content-media-figure\"><img decoding=\"async\" class=\"i-amphtml-fill-content i-amphtml-replaced-content\" src=\"https:\/\/s2-g1.glbimg.com\/Xi0aqEacgbJuS-8PCofD5P3gNNg=\/0x0:640x360\/984x0\/smart\/filters:strip_icc()\/i.s3.glbimg.com\/v1\/AUTH_59edd422c0c84a879bd37670ae4f538a\/internal_photos\/bs\/2026\/j\/B\/mG9XAYStSLOb1ndI5Okw\/95e1e3f1-966d-4fe5-bba7-870dd1eda792.png\" sizes=\"(max-width: 1600px) 648px, 100vw\" srcset=\"https:\/\/s2-g1.glbimg.com\/40hVIAmVBu1xRrhHzsa5_5UrfNU=\/0x0:640x360\/1000x0\/smart\/filters:strip_icc()\/i.s3.glbimg.com\/v1\/AUTH_59edd422c0c84a879bd37670ae4f538a\/internal_photos\/bs\/2026\/j\/B\/mG9XAYStSLOb1ndI5Okw\/95e1e3f1-966d-4fe5-bba7-870dd1eda792.png 1000w, https:\/\/s2-g1.glbimg.com\/Xi0aqEacgbJuS-8PCofD5P3gNNg=\/0x0:640x360\/984x0\/smart\/filters:strip_icc()\/i.s3.glbimg.com\/v1\/AUTH_59edd422c0c84a879bd37670ae4f538a\/internal_photos\/bs\/2026\/j\/B\/mG9XAYStSLOb1ndI5Okw\/95e1e3f1-966d-4fe5-bba7-870dd1eda792.png 984w, https:\/\/s2-g1.glbimg.com\/wr0WY1XrleRx7oH2RuhREBZkgXE=\/0x0:640x360\/640x0\/smart\/filters:strip_icc()\/i.s3.glbimg.com\/v1\/AUTH_59edd422c0c84a879bd37670ae4f538a\/internal_photos\/bs\/2026\/j\/B\/mG9XAYStSLOb1ndI5Okw\/95e1e3f1-966d-4fe5-bba7-870dd1eda792.png 640w, https:\/\/s2-g1.glbimg.com\/2kIFps_FCpCuio4HeQC5AfkAT-U=\/0x0:640x360\/600x0\/smart\/filters:strip_icc()\/i.s3.glbimg.com\/v1\/AUTH_59edd422c0c84a879bd37670ae4f538a\/internal_photos\/bs\/2026\/j\/B\/mG9XAYStSLOb1ndI5Okw\/95e1e3f1-966d-4fe5-bba7-870dd1eda792.png 600w\" alt=\"Grande parte das roupas de segunda m\u00e3o s\u00e3o vendidas em um mercado a c\u00e9u aberto no norte do Chile \u2014 Foto: BBC\" \/><\/figure>\n<\/div>\n<p class=\"content-media__description  \">Grande parte das roupas de segunda m\u00e3o s\u00e3o vendidas em um mercado a c\u00e9u aberto no norte do Chile \u2014 Foto: BBC<\/p>\n<\/div>\n<\/div>\n<\/div>\n<div id=\"chunk-712bi\">\n<div class=\"mc-column content-text active-extra-styles \" data-block-type=\"unstyled\" data-block-weight=\"24\" data-block-id=\"21\">\n<p class=\" content-text__container \" data-track-category=\"Link no Texto\" data-track-links=\"\" data-mrf-recirculation=\"Mat\u00e9ria - Links no Texto\">As roupas criam empregos para a economia da regi\u00e3o, mas a grande quest\u00e3o \u00e9 o que acontece com as pe\u00e7as que n\u00e3o s\u00e3o vendidas.<\/p>\n<\/div>\n<\/div>\n<div id=\"chunk-26l6e\">\n<div class=\"mc-column content-text active-extra-styles \" data-block-type=\"unstyled\" data-block-weight=\"21\" data-block-id=\"22\">\n<p class=\" content-text__container \" data-track-category=\"Link no Texto\" data-track-links=\"\" data-mrf-recirculation=\"Mat\u00e9ria - Links no Texto\">Elas n\u00e3o podem ser lan\u00e7adas no aterro sanit\u00e1rio local, que s\u00f3 pode ser usado para res\u00edduos dom\u00e9sticos, n\u00e3o para importa\u00e7\u00f5es comerciais.<\/p>\n<\/div>\n<\/div>\n<div id=\"chunk-553g5\">\n<div class=\"mc-column content-text active-extra-styles \" data-block-type=\"unstyled\" data-block-weight=\"33\" data-block-id=\"23\">\n<p class=\" content-text__container \" data-track-category=\"Link no Texto\" data-track-links=\"\" data-mrf-recirculation=\"Mat\u00e9ria - Links no Texto\">Os comerciantes deveriam optar por uma dentre tr\u00eas alternativas: exportar as roupas, pagar os impostos para vend\u00ea-las no Chile, fora da zona franca, ou envi\u00e1-las para uma empresa autorizada de tratamento de res\u00edduos.<\/p>\n<\/div>\n<\/div>\n<div id=\"chunk-5vlpt\">\n<div class=\"mc-column content-text active-extra-styles \" data-block-type=\"unstyled\" data-block-weight=\"22\" data-block-id=\"24\">\n<p class=\" content-text__container \" data-track-category=\"Link no Texto\" data-track-links=\"\" data-mrf-recirculation=\"Mat\u00e9ria - Links no Texto\">Como todas estas op\u00e7\u00f5es custam dinheiro, comerciantes inescrupulosos, na verdade, queimam as roupas ou as descartam no deserto do Atacama, pr\u00f3ximo dali.<\/p>\n<\/div>\n<\/div>\n<div id=\"chunk-3s91n\">\n<div class=\"mc-column content-text active-extra-styles \" data-block-type=\"unstyled\" data-block-weight=\"25\" data-block-id=\"25\">\n<p class=\" content-text__container \" data-track-category=\"Link no Texto\" data-track-links=\"\" data-mrf-recirculation=\"Mat\u00e9ria - Links no Texto\">As duas medidas s\u00e3o ilegais e as maiores estimativas indicam que cerca de 39 mil toneladas de roupas s\u00e3o descartadas desta maneira todos os anos.<\/p>\n<\/div>\n<\/div>\n<div id=\"chunk-92gnv\">\n<div class=\"mc-column content-text active-extra-styles \" data-block-type=\"unstyled\" data-block-weight=\"15\" data-block-id=\"26\">\n<p class=\" content-text__container \" data-track-category=\"Link no Texto\" data-track-links=\"\" data-mrf-recirculation=\"Mat\u00e9ria - Links no Texto\">O descarte das roupas \u00e9 uma dor de cabe\u00e7a para a prefeitura de Alto Hospicio.<\/p>\n<\/div>\n<\/div>\n<div id=\"chunk-2f9ap\">\n<div class=\"mc-column content-text active-extra-styles \" data-block-type=\"unstyled\" data-block-weight=\"19\" data-block-id=\"27\">\n<p class=\" content-text__container \" data-track-category=\"Link no Texto\" data-track-links=\"\" data-mrf-recirculation=\"Mat\u00e9ria - Links no Texto\">Miguel Painenahuel trabalha no setor de planejamento da cidade. Ele afirma que \u00e9 dif\u00edcil monitorar e impedir o descarte.<\/p>\n<\/div>\n<\/div>\n<div id=\"chunk-fslfu\">\n<div class=\"mc-column content-text active-extra-styles \" data-block-type=\"unstyled\" data-block-weight=\"23\" data-block-id=\"28\">\n<p class=\" content-text__container \" data-track-category=\"Link no Texto\" data-track-links=\"\" data-mrf-recirculation=\"Mat\u00e9ria - Links no Texto\">&#8220;Alto Hospicio \u00e9 rodeada pelo deserto e pelos morros, que s\u00e3o de f\u00e1cil acesso para os caminh\u00f5es poderem descartar as roupas&#8221;, explica ele.<\/p>\n<\/div>\n<\/div>\n<div id=\"chunk-2q9kh\">\n<div class=\"mc-column content-text active-extra-styles \" data-block-type=\"unstyled\" data-block-weight=\"36\" data-block-id=\"29\">\n<p class=\" content-text__container \" data-track-category=\"Link no Texto\" data-track-links=\"\" data-mrf-recirculation=\"Mat\u00e9ria - Links no Texto\">&#8220;A prefeitura tem patrulhas com carros e c\u00e2meras, para acompanhar o que acontece e multar os culpados.&#8221; Mas ele reconhece que &#8220;existem tantos caminh\u00f5es descartando roupas que \u00e9 muito dif\u00edcil acompanhar tudo! N\u00e3o temos recursos suficientes.&#8221;<\/p>\n<\/div>\n<\/div>\n<div id=\"chunk-50ocl\">\n<div class=\"mc-column content-text active-extra-styles\" data-block-type=\"raw\" data-block-weight=\"3\" data-block-id=\"31\">\n<div class=\"content-intertitle\">\n<h2>Oportunidade de neg\u00f3cio<\/h2>\n<\/div>\n<\/div>\n<\/div>\n<div id=\"chunk-11afp\">\n<div class=\"mc-column content-text active-extra-styles \" data-block-type=\"unstyled\" data-block-weight=\"16\" data-block-id=\"32\">\n<p class=\" content-text__container \" data-track-category=\"Link no Texto\" data-track-links=\"\" data-mrf-recirculation=\"Mat\u00e9ria - Links no Texto\">Em outros lugares, surgiu uma solu\u00e7\u00e3o para transformar o descarte de roupas em uma oportunidade comercial.<\/p>\n<\/div>\n<\/div>\n<div id=\"chunk-79mgo\">\n<div class=\"mc-column content-text active-extra-styles \" data-block-type=\"unstyled\" data-block-weight=\"31\" data-block-id=\"33\">\n<p class=\" content-text__container \" data-track-category=\"Link no Texto\" data-track-links=\"\" data-mrf-recirculation=\"Mat\u00e9ria - Links no Texto\">Luis Mart\u00ednez \u00e9 o diretor-executivo do Centro Tecnol\u00f3gico de Economia Circular (CircularTec), em Iquique. Trata-se de uma organiza\u00e7\u00e3o particular chilena, destinada a promover o reuso de recursos, em vez de descart\u00e1-los.<\/p>\n<\/div>\n<\/div>\n<div id=\"chunk-dgqv9\">\n<div class=\"mc-column content-text active-extra-styles \" data-block-type=\"unstyled\" data-block-weight=\"21\" data-block-id=\"34\">\n<p class=\" content-text__container \" data-track-category=\"Link no Texto\" data-track-links=\"\" data-mrf-recirculation=\"Mat\u00e9ria - Links no Texto\">Recentemente, Mart\u00ednez liderou um projeto para examinar qual a melhor forma de remodelar e reutilizar roupas velhas que n\u00e3o foram vendidas.<\/p>\n<\/div>\n<\/div>\n<div id=\"chunk-82cvn\">\n<div class=\"mc-column content-text active-extra-styles \" data-block-type=\"unstyled\" data-block-weight=\"23\" data-block-id=\"35\">\n<p class=\" content-text__container \" data-track-category=\"Link no Texto\" data-track-links=\"\" data-mrf-recirculation=\"Mat\u00e9ria - Links no Texto\">&#8220;N\u00e3o queremos que o deserto do Atacama fique famoso como uma atra\u00e7\u00e3o tur\u00edstica onde os visitantes podem observar montanhas de roupas&#8221;, explica ele.<\/p>\n<\/div>\n<\/div>\n<div id=\"chunk-4jd60\">\n<div class=\"mc-column content-text active-extra-styles \" data-block-type=\"unstyled\" data-block-weight=\"16\" data-block-id=\"36\">\n<p class=\" content-text__container \" data-track-category=\"Link no Texto\" data-track-links=\"\" data-mrf-recirculation=\"Mat\u00e9ria - Links no Texto\">Mart\u00ednez apresenta uma f\u00e1brica que est\u00e1 sendo constru\u00edda para encontrar novos usos para as roupas descartadas.<\/p>\n<\/div>\n<\/div>\n<div id=\"chunk-4c3oe\">\n<div class=\"mc-column content-text active-extra-styles \" data-block-type=\"unstyled\" data-block-weight=\"22\" data-block-id=\"37\">\n<p class=\" content-text__container \" data-track-category=\"Link no Texto\" data-track-links=\"\" data-mrf-recirculation=\"Mat\u00e9ria - Links no Texto\">&#8220;Ela \u00e9 administrada por uma empresa privada e, segundo nossas proje\u00e7\u00f5es, poder\u00e1 lidar com uma grande parte do estoque indesejado&#8221;, ele conta.<\/p>\n<\/div>\n<\/div>\n<div id=\"chunk-4d8s2\">\n<div class=\"mc-column content-text active-extra-styles \" data-block-type=\"unstyled\" data-block-weight=\"27\" data-block-id=\"38\">\n<p class=\" content-text__container \" data-track-category=\"Link no Texto\" data-track-links=\"\" data-mrf-recirculation=\"Mat\u00e9ria - Links no Texto\">O empres\u00e1rio Bekir Conkur est\u00e1 construindo a f\u00e1brica em quest\u00e3o no deserto quente e varrido pelo vento, a cerca de 20 minutos de carro de Alto Hospicio.<\/p>\n<\/div>\n<\/div>\n<div id=\"chunk-c6n23\">\n<div class=\"mc-column content-text active-extra-styles \" data-block-type=\"unstyled\" data-block-weight=\"36\" data-block-id=\"39\">\n<p class=\" content-text__container \" data-track-category=\"Link no Texto\" data-track-links=\"\" data-mrf-recirculation=\"Mat\u00e9ria - Links no Texto\">Originariamente da Turquia, Conkur trabalha no Chile h\u00e1 mais de 15 anos. Ele \u00e9 um dos maiores importadores de produtos t\u00eaxteis da regi\u00e3o e sua empresa traz cerca de 50 cont\u00eaineres de roupas todos os meses.<\/p>\n<\/div>\n<\/div>\n<div id=\"chunk-720ip\">\n<div class=\"mc-column content-text active-extra-styles \" data-block-type=\"unstyled\" data-block-weight=\"20\" data-block-id=\"40\">\n<p class=\" content-text__container \" data-track-category=\"Link no Texto\" data-track-links=\"\" data-mrf-recirculation=\"Mat\u00e9ria - Links no Texto\">Ele afirma que deseja encontrar uma solu\u00e7\u00e3o para o problema de descarte das roupas: &#8220;Acho que esta f\u00e1brica ir\u00e1 ajudar.&#8221;<\/p>\n<\/div>\n<\/div>\n<div id=\"chunk-4hojr\">\n<div class=\"mc-column content-text active-extra-styles \" data-block-type=\"unstyled\" data-block-weight=\"16\" data-block-id=\"42\">\n<p class=\" content-text__container \" data-track-category=\"Link no Texto\" data-track-links=\"\" data-mrf-recirculation=\"Mat\u00e9ria - Links no Texto\">Conkur detalha o que a f\u00e1brica poder\u00e1 fazer quando entrar em opera\u00e7\u00e3o, daqui a alguns meses.<\/p>\n<\/div>\n<\/div>\n<div id=\"chunk-3adgu\">\n<div class=\"mc-column content-text active-extra-styles \" data-block-type=\"unstyled\" data-block-weight=\"16\" data-block-id=\"43\">\n<p class=\" content-text__container \" data-track-category=\"Link no Texto\" data-track-links=\"\" data-mrf-recirculation=\"Mat\u00e9ria - Links no Texto\">&#8220;A f\u00e1brica que estamos construindo n\u00e3o precisar\u00e1 de \u00e1gua, nem de subst\u00e2ncias qu\u00edmicas&#8221;, explica ele.<\/p>\n<\/div>\n<\/div>\n<div id=\"chunk-28lrd\">\n<div class=\"mc-column content-text active-extra-styles \" data-block-type=\"unstyled\" data-block-weight=\"34\" data-block-id=\"44\">\n<p class=\" content-text__container \" data-track-category=\"Link no Texto\" data-track-links=\"\" data-mrf-recirculation=\"Mat\u00e9ria - Links no Texto\">&#8220;Usaremos m\u00e1quinas que transformar\u00e3o as roupas em fibras, depois em feltro, que ser\u00e1 usado em objetos como colch\u00f5es, mob\u00edlia, interior de autom\u00f3veis e isolamento. Acho que teremos capacidade de processar 20 toneladas por dia.&#8221;<\/p>\n<\/div>\n<\/div>\n<div id=\"chunk-11od3\">\n<div class=\"row medium-uncollapsed content-media content-photo\" data-block-type=\"backstage-photo\" data-block-id=\"45\">\n<div class=\" mc-column  content-media__container\">\n<div class=\"content-media-container glb-skeleton-box\">\n<figure class=\"content-media-figure\"><img decoding=\"async\" class=\"i-amphtml-fill-content i-amphtml-replaced-content\" src=\"https:\/\/s2-g1.glbimg.com\/0jLzvErp3KDa-G50Uv3llTRZ4lg=\/0x0:640x360\/984x0\/smart\/filters:strip_icc()\/i.s3.glbimg.com\/v1\/AUTH_59edd422c0c84a879bd37670ae4f538a\/internal_photos\/bs\/2026\/A\/G\/5V79b6QT23vqfnTDz4Lw\/d9c7e22c-5707-4f08-ac71-a706dd023d3d.png\" sizes=\"(max-width: 1600px) 648px, 100vw\" srcset=\"https:\/\/s2-g1.glbimg.com\/YixmKySh2MHDwevUFe-nfFjGJy4=\/0x0:640x360\/1000x0\/smart\/filters:strip_icc()\/i.s3.glbimg.com\/v1\/AUTH_59edd422c0c84a879bd37670ae4f538a\/internal_photos\/bs\/2026\/A\/G\/5V79b6QT23vqfnTDz4Lw\/d9c7e22c-5707-4f08-ac71-a706dd023d3d.png 1000w, https:\/\/s2-g1.glbimg.com\/0jLzvErp3KDa-G50Uv3llTRZ4lg=\/0x0:640x360\/984x0\/smart\/filters:strip_icc()\/i.s3.glbimg.com\/v1\/AUTH_59edd422c0c84a879bd37670ae4f538a\/internal_photos\/bs\/2026\/A\/G\/5V79b6QT23vqfnTDz4Lw\/d9c7e22c-5707-4f08-ac71-a706dd023d3d.png 984w, https:\/\/s2-g1.glbimg.com\/nmLlPyemh6BrNn2YJEyL8ejKILE=\/0x0:640x360\/640x0\/smart\/filters:strip_icc()\/i.s3.glbimg.com\/v1\/AUTH_59edd422c0c84a879bd37670ae4f538a\/internal_photos\/bs\/2026\/A\/G\/5V79b6QT23vqfnTDz4Lw\/d9c7e22c-5707-4f08-ac71-a706dd023d3d.png 640w, https:\/\/s2-g1.glbimg.com\/mcLF2plOSw3Xo1YEXoNi-VBqXts=\/0x0:640x360\/600x0\/smart\/filters:strip_icc()\/i.s3.glbimg.com\/v1\/AUTH_59edd422c0c84a879bd37670ae4f538a\/internal_photos\/bs\/2026\/A\/G\/5V79b6QT23vqfnTDz4Lw\/d9c7e22c-5707-4f08-ac71-a706dd023d3d.png 600w\" alt=\"Bekir Conkur est\u00e1 construindo uma f\u00e1brica para reciclar as roupas indesejadas \u2014 Foto: BBC\" \/><\/figure>\n<\/div>\n<p class=\"content-media__description  \">Bekir Conkur est\u00e1 construindo uma f\u00e1brica para reciclar as roupas indesejadas \u2014 Foto: BBC<\/p>\n<\/div>\n<\/div>\n<\/div>\n<div id=\"chunk-4eelu\">\n<div class=\"mc-column content-text active-extra-styles \" data-block-type=\"unstyled\" data-block-weight=\"25\" data-block-id=\"46\">\n<p class=\" content-text__container \" data-track-category=\"Link no Texto\" data-track-links=\"\" data-mrf-recirculation=\"Mat\u00e9ria - Links no Texto\">Conkur reconhece que um dos motivos que o levou a este investimento foi atender a uma mudan\u00e7a de legisla\u00e7\u00e3o que est\u00e1 em andamento no Chile.<\/p>\n<\/div>\n<\/div>\n<div id=\"chunk-8i9ia\">\n<div class=\"mc-column content-text active-extra-styles \" data-block-type=\"unstyled\" data-block-weight=\"40\" data-block-id=\"47\">\n<p class=\" content-text__container \" data-track-category=\"Link no Texto\" data-track-links=\"\" data-mrf-recirculation=\"Mat\u00e9ria - Links no Texto\">Em julho do ano passado, os tecidos foram acrescentados \u00e0 Lei de Responsabilidade Estendida do Produtor j\u00e1 vigente no pa\u00eds. A legisla\u00e7\u00e3o responsabiliza as empresas que vendem produtos f\u00edsicos pelo que acontece com eles no final da sua vida \u00fatil.<\/p>\n<\/div>\n<\/div>\n<div id=\"chunk-b2imd\">\n<div class=\"mc-column content-text active-extra-styles \" data-block-type=\"unstyled\" data-block-weight=\"47\" data-block-id=\"49\">\n<p class=\" content-text__container \" data-track-category=\"Link no Texto\" data-track-links=\"\" data-mrf-recirculation=\"Mat\u00e9ria - Links no Texto\">Para as empresas que vendem roupas, isso significa que as marcas da moda, varejistas e importadores precisar\u00e3o financiar e organizar a coleta, reuso, reciclagem ou descarte adequado dos produtos t\u00eaxteis, sem que este custo recaia sobre os governos locais ou o Minist\u00e9rio do Meio Ambiente do Chile.<\/p>\n<\/div>\n<\/div>\n<div id=\"chunk-dfc5\">\n<div class=\"mc-column content-text active-extra-styles \" data-block-type=\"unstyled\" data-block-weight=\"25\" data-block-id=\"50\">\n<p class=\" content-text__container \" data-track-category=\"Link no Texto\" data-track-links=\"\" data-mrf-recirculation=\"Mat\u00e9ria - Links no Texto\">No momento, o governo est\u00e1 trabalhando para definir os detalhes espec\u00edficos do setor de vestu\u00e1rio. Mas, para Conkur, esta \u00e9 uma grande oportunidade de neg\u00f3cio.<\/p>\n<\/div>\n<\/div>\n<div id=\"chunk-5o8tg\">\n<div class=\"mc-column content-text active-extra-styles \" data-block-type=\"unstyled\" data-block-weight=\"35\" data-block-id=\"51\">\n<p class=\" content-text__container \" data-track-category=\"Link no Texto\" data-track-links=\"\" data-mrf-recirculation=\"Mat\u00e9ria - Links no Texto\">Ele investiu na nova f\u00e1brica US$ 7 milh\u00f5es (cerca de R$ 35 milh\u00f5es) e espera recuperar este valor absorvendo o estoque de roupas indesejado do Chile e, no futuro, de outros pa\u00edses espalhados pelo mundo.<\/p>\n<\/div>\n<\/div>\n<div id=\"chunk-ff7hc\">\n<div class=\"block-podcast\">\nFonte: G1<\/div>\n<\/div>\n<\/div>\n<\/article>\n<\/div>\n","protected":false},"excerpt":{"rendered":"<p>Como suas roupas velhas podem ir parar neste deserto no Chile Roupas velhas de todo o mundo s\u00e3o descartadas no<\/p>\n","protected":false},"author":1,"featured_media":13845,"comment_status":"open","ping_status":"open","sticky":false,"template":"","format":"standard","meta":{"colormag_page_container_layout":"default_layout","colormag_page_sidebar_layout":"default_layout","footnotes":""},"categories":[98],"tags":[],"class_list":["post-13842","post","type-post","status-publish","format-standard","has-post-thumbnail","hentry","category-meio-ambiente"],"_links":{"self":[{"href":"https:\/\/metropoleemfoco.com.br\/index.php?rest_route=\/wp\/v2\/posts\/13842","targetHints":{"allow":["GET"]}}],"collection":[{"href":"https:\/\/metropoleemfoco.com.br\/index.php?rest_route=\/wp\/v2\/posts"}],"about":[{"href":"https:\/\/metropoleemfoco.com.br\/index.php?rest_route=\/wp\/v2\/types\/post"}],"author":[{"embeddable":true,"href":"https:\/\/metropoleemfoco.com.br\/index.php?rest_route=\/wp\/v2\/users\/1"}],"replies":[{"embeddable":true,"href":"https:\/\/metropoleemfoco.com.br\/index.php?rest_route=%2Fwp%2Fv2%2Fcomments&post=13842"}],"version-history":[{"count":1,"href":"https:\/\/metropoleemfoco.com.br\/index.php?rest_route=\/wp\/v2\/posts\/13842\/revisions"}],"predecessor-version":[{"id":13846,"href":"https:\/\/metropoleemfoco.com.br\/index.php?rest_route=\/wp\/v2\/posts\/13842\/revisions\/13846"}],"wp:featuredmedia":[{"embeddable":true,"href":"https:\/\/metropoleemfoco.com.br\/index.php?rest_route=\/wp\/v2\/media\/13845"}],"wp:attachment":[{"href":"https:\/\/metropoleemfoco.com.br\/index.php?rest_route=%2Fwp%2Fv2%2Fmedia&parent=13842"}],"wp:term":[{"taxonomy":"category","embeddable":true,"href":"https:\/\/metropoleemfoco.com.br\/index.php?rest_route=%2Fwp%2Fv2%2Fcategories&post=13842"},{"taxonomy":"post_tag","embeddable":true,"href":"https:\/\/metropoleemfoco.com.br\/index.php?rest_route=%2Fwp%2Fv2%2Ftags&post=13842"}],"curies":[{"name":"wp","href":"https:\/\/api.w.org\/{rel}","templated":true}]}}