{"id":13835,"date":"2026-04-26T13:43:44","date_gmt":"2026-04-26T16:43:44","guid":{"rendered":"http:\/\/metropoleemfoco.com.br\/?p=13835"},"modified":"2026-04-26T13:43:44","modified_gmt":"2026-04-26T16:43:44","slug":"13835","status":"publish","type":"post","link":"https:\/\/metropoleemfoco.com.br\/?p=13835","title":{"rendered":""},"content":{"rendered":"<div id=\"noticias-interna\" class=\"elementor-element elementor-element-c4536fa header-noticias-leitura e-flex e-con-boxed e-con e-parent e-lazyloaded\" data-id=\"c4536fa\" data-element_type=\"container\" data-settings=\"{&quot;_ha_eqh_enable&quot;:false}\">\n<div class=\"e-con-inner\">\n<div class=\"elementor-element elementor-element-2028351 elementor-widget__width-initial titulo-conteudo elementor-widget elementor-widget-theme-post-title elementor-page-title elementor-widget-heading\" data-id=\"2028351\" data-element_type=\"widget\" data-widget_type=\"theme-post-title.default\">\n<div class=\"elementor-widget-container\">\n<h1 class=\"elementor-heading-title elementor-size-default\">Sa\u00fade SP promove treinamento sobre febre amarela e orienta profissionais a diferenciar casos de dengue<\/h1>\n<\/div>\n<\/div>\n<div class=\"elementor-element elementor-element-4784657 elementor-widget__width-initial elementor-widget elementor-widget-theme-post-excerpt\" data-id=\"4784657\" data-element_type=\"widget\" data-widget_type=\"theme-post-excerpt.default\">\n<div class=\"elementor-widget-container\">Webinar online e ao vivo acontece em per\u00edodo de maior circula\u00e7\u00e3o do v\u00edrus<\/div>\n<\/div>\n<div class=\"elementor-element elementor-element-2133f16 compartilhe e-con-full e-flex e-con e-child\" data-id=\"2133f16\" data-element_type=\"container\" data-settings=\"{&quot;_ha_eqh_enable&quot;:false}\">\n<div class=\"elementor-element elementor-element-a8be681 e-con-full e-flex e-con e-child\" data-id=\"a8be681\" data-element_type=\"container\" data-settings=\"{&quot;_ha_eqh_enable&quot;:false}\">\n<div class=\"elementor-element elementor-element-888f86d elementor-share-buttons--view-icon elementor-share-buttons--skin-framed elementor-share-buttons--shape-circle elementor-share-buttons--align-left elementor-share-buttons--color-custom elementor-grid-0 elementor-widget elementor-widget-share-buttons\" data-id=\"888f86d\" data-element_type=\"widget\" data-settings=\"{&quot;share_url&quot;:{&quot;url&quot;:&quot;https:\\\/\\\/www.agenciasp.sp.gov.br\\\/saude-sp-promove-treinamento-sobre-febre-amarela-e-orienta-profissionais-a-diferenciar-casos-de-dengue\\\/&quot;,&quot;is_external&quot;:&quot;&quot;,&quot;nofollow&quot;:&quot;&quot;,&quot;custom_attributes&quot;:&quot;&quot;}}\" data-widget_type=\"share-buttons.default\">\n<div class=\"elementor-widget-container\">\n<div class=\"elementor-grid\">\n<div class=\"elementor-grid-item\">\n<div class=\"elementor-share-btn elementor-share-btn_facebook\" tabindex=\"0\" role=\"button\" aria-label=\"Compartilhar no facebook\"><\/div>\n<\/div>\n<div class=\"elementor-grid-item\">\n<div class=\"elementor-share-btn elementor-share-btn_x-twitter\" tabindex=\"0\" role=\"button\" aria-label=\"Compartilhar no x-twitter\"><\/div>\n<\/div>\n<div class=\"elementor-grid-item\">\n<div class=\"elementor-share-btn elementor-share-btn_email\" tabindex=\"0\" role=\"button\" aria-label=\"Compartilhar no email\"><\/div>\n<\/div>\n<\/div>\n<\/div>\n<\/div>\n<\/div>\n<\/div>\n<\/div>\n<\/div>\n<div class=\"elementor-element elementor-element-0e5ecd1 imagem-top-post e-flex e-con-boxed e-con e-parent e-lazyloaded\" data-id=\"0e5ecd1\" data-element_type=\"container\" data-settings=\"{&quot;background_background&quot;:&quot;classic&quot;,&quot;background_motion_fx_motion_fx_scrolling&quot;:&quot;yes&quot;,&quot;background_motion_fx_devices&quot;:[&quot;desktop&quot;,&quot;tablet&quot;,&quot;mobile&quot;],&quot;_ha_eqh_enable&quot;:false}\">\n<div class=\"e-con-inner\">\n<div class=\"elementor-element elementor-element-ced2435 elementor-widget__width-inherit capa-post elementor-widget elementor-widget-theme-post-featured-image elementor-widget-image\" data-id=\"ced2435\" data-element_type=\"widget\" data-widget_type=\"theme-post-featured-image.default\">\n<div class=\"elementor-widget-container\"><img loading=\"lazy\" decoding=\"async\" class=\"attachment-large size-large wp-image-138206\" src=\"https:\/\/www.agenciasp.sp.gov.br\/wp-content\/uploads\/2026\/04\/50256237292_4e3567a951_k-1024x698-1.jpg\" sizes=\"auto, (max-width: 800px) 100vw, 800px\" srcset=\"https:\/\/www.agenciasp.sp.gov.br\/wp-content\/uploads\/2026\/04\/50256237292_4e3567a951_k-1024x698-1.jpg 1024w, https:\/\/www.agenciasp.sp.gov.br\/wp-content\/uploads\/2026\/04\/50256237292_4e3567a951_k-1024x698-1-300x204.jpg 300w, https:\/\/www.agenciasp.sp.gov.br\/wp-content\/uploads\/2026\/04\/50256237292_4e3567a951_k-1024x698-1-768x524.jpg 768w, https:\/\/www.agenciasp.sp.gov.br\/wp-content\/uploads\/2026\/04\/50256237292_4e3567a951_k-1024x698-1-150x102.jpg 150w\" alt=\"\" width=\"800\" height=\"545\" \/><\/div>\n<\/div>\n<div class=\"elementor-element elementor-element-5c2830d elementor-align-center elementor-absolute tarja-categoria-leitura-materia elementor-widget elementor-widget-post-info\" data-id=\"5c2830d\" data-element_type=\"widget\" data-settings=\"{&quot;_position&quot;:&quot;absolute&quot;}\" data-widget_type=\"post-info.default\">\n<div class=\"elementor-widget-container\">\n<ul class=\"elementor-icon-list-items elementor-post-info\">\n<li class=\"elementor-icon-list-item elementor-repeater-item-78f4fb6\"><span class=\"elementor-icon-list-text elementor-post-info__item elementor-post-info__item--type-terms\"><span class=\"elementor-post-info__terms-list\"><a class=\"elementor-post-info__terms-list-item\" role=\"link\" href=\"https:\/\/www.agenciasp.sp.gov.br\/editoria\/saude\/\">Sa\u00fade<\/a><\/span><\/span><\/li>\n<\/ul>\n<\/div>\n<\/div>\n<\/div>\n<\/div>\n<div class=\"elementor-element elementor-element-5c5279b noticias-content e-flex e-con-boxed e-con e-parent e-lazyloaded\" data-id=\"5c5279b\" data-element_type=\"container\" data-settings=\"{&quot;_ha_eqh_enable&quot;:false}\">\n<div class=\"e-con-inner\">\n<div class=\"elementor-element elementor-element-753696f legenda-fotos elementor-widget elementor-widget-text-editor\" data-id=\"753696f\" data-element_type=\"widget\" data-widget_type=\"text-editor.default\">\n<div class=\"elementor-widget-container\">Com novos casos surgindo na \u00faltima semana, o Estado come\u00e7a a se preparar para atender a popula\u00e7\u00e3o. Foto: Governo SP\/Divulga\u00e7\u00e3o<\/div>\n<\/div>\n<div class=\"elementor-element elementor-element-cb76742 elementor-widget elementor-widget-post-info\" data-id=\"cb76742\" data-element_type=\"widget\" data-widget_type=\"post-info.default\">\n<div class=\"elementor-widget-container\">\n<ul class=\"elementor-inline-items elementor-icon-list-items elementor-post-info\">\n<li class=\"elementor-icon-list-item elementor-repeater-item-ca87380 elementor-inline-item\"><span class=\"elementor-icon-list-text elementor-post-info__item elementor-post-info__item--type-custom\">Ag\u00eancia SP<\/span><\/li>\n<\/ul>\n<\/div>\n<\/div>\n<div class=\"elementor-element elementor-element-8cc89f6 e-con-full e-flex e-con e-child\" data-id=\"8cc89f6\" data-element_type=\"container\" data-settings=\"{&quot;_ha_eqh_enable&quot;:false}\">\n<div class=\"elementor-element elementor-element-0b409b9 elementor-align-left data-atualizado elementor-widget elementor-widget-post-info\" data-id=\"0b409b9\" data-element_type=\"widget\" data-widget_type=\"post-info.default\">\n<div class=\"elementor-widget-container\"><\/div>\n<\/div>\n<div class=\"elementor-element elementor-element-d4b75ed data-atualizado elementor-widget elementor-widget-shortcode\" data-id=\"d4b75ed\" data-element_type=\"widget\" data-widget_type=\"shortcode.default\">\n<div class=\"elementor-widget-container\">\n<div class=\"elementor-shortcode\"><\/div>\n<\/div>\n<\/div>\n<\/div>\n<div class=\"elementor-element elementor-element-5a922b4 conteudo-post elementor-widget elementor-widget-theme-post-content\" data-id=\"5a922b4\" data-element_type=\"widget\" data-widget_type=\"theme-post-content.default\">\n<div class=\"elementor-widget-container\">\n<p>A Secretaria de Estado da Sa\u00fade de S\u00e3o Paulo (SES-SP) promove nesta sexta-feira (24), das 9h \u00e0s 12h, o semin\u00e1rio online \u201cFebre Amarela e o Desafio do Diagn\u00f3stico Diferencial com Dengue\u201d, desenvolvido pelo Centro de Vigil\u00e2ncia Epidemiol\u00f3gica (CVE-SP) para profissionais da sa\u00fade de todo o Estado.<\/p>\n<p>A iniciativa integra as a\u00e7\u00f5es de vigil\u00e2ncia e capacita\u00e7\u00e3o cont\u00ednua desenvolvidas pela Pasta, com o objetivo de fortalecer a resposta da rede de sa\u00fade diante de doen\u00e7as com sintomas semelhantes, como\u00a0<a role=\"link\" href=\"https:\/\/www.agenciasp.sp.gov.br\/febre-amarela-duvidas-sobre-a-doenca\/\">febre amarela<\/a>\u00a0e dengue, especialmente em per\u00edodos de maior circula\u00e7\u00e3o de v\u00edrus.<\/p>\n<p><strong>SAIBA MAIS:\u00a0<\/strong><a role=\"link\" href=\"https:\/\/www.agenciasp.sp.gov.br\/vacinacao-chikungunya-acao-em-bady-bassitt\/\">Governo de SP amplia estrat\u00e9gia de vacina\u00e7\u00e3o contra chikungunya e inicia a\u00e7\u00e3o em Bady Bassitt<\/a><\/p>\n<p>\u201cEstamos refor\u00e7ando a orienta\u00e7\u00e3o aos profissionais de sa\u00fade para ampliar as a\u00e7\u00f5es de preven\u00e7\u00e3o e informa\u00e7\u00e3o sobre a febre amarela em todo o estado. Al\u00e9m da identifica\u00e7\u00e3o r\u00e1pida de casos suspeitos, \u00e9 essencial que a popula\u00e7\u00e3o seja alertada sobre a import\u00e2ncia da vacina\u00e7\u00e3o, que deve ser feita com pelo menos 10 dias de anteced\u00eancia para quem frequenta \u00e1reas de mata, e da busca imediata por atendimento diante de sintomas compat\u00edveis com a doen\u00e7a\u201d, afirma Tatiana Lang, diretora do Centro de Vigil\u00e2ncia Epidemiol\u00f3gica da SES-SP.<\/p>\n<p>A Secretaria segue monitorando continuamente o cen\u00e1rio epidemiol\u00f3gico e mant\u00e9m ativas as a\u00e7\u00f5es de vigil\u00e2ncia e preven\u00e7\u00e3o. Os dados atualizados sobre casos e \u00f3bitos est\u00e3o dispon\u00edveis no painel oficial do N\u00facleo de Informa\u00e7\u00f5es Estrat\u00e9gicas em Sa\u00fade (NIES):\u00a0<a role=\"link\" href=\"https:\/\/nies.saude.sp.gov.br\/ses\/publico\/febre-amarela\" target=\"_blank\" rel=\"noopener\">https:\/\/nies.saude.sp.gov.br\/ses\/publico\/febre-amarela<\/a>.<\/p>\n<h2 class=\"wp-block-heading\">Quem deve se vacinar contra febre amarela<\/h2>\n<p>A vacina contra a febre amarela \u00e9 gratuita e segue recomendada na rotina para crian\u00e7as aos 9 meses, com segunda dose aos 4 anos, e em dose \u00fanica para pessoas a partir de 5 anos n\u00e3o vacinadas ou sem comprovante de vacina\u00e7\u00e3o. Confira o esquema vacinal completo:<\/p>\n<ul class=\"wp-block-list\">\n<li>Crian\u00e7as: uma dose aos 9 meses de idade e um refor\u00e7o aos 4 anos;<\/li>\n<li>Pessoas que receberam apenas uma dose antes dos 5 anos: devem tomar uma dose de refor\u00e7o;<\/li>\n<li>Pessoas de 5 a 59 anos que ainda n\u00e3o foram vacinadas devem receber uma dose \u00fanica;<\/li>\n<li>Pessoas vacinadas com dose fracionada em 2018, durante campanhas emergenciais, devem verificar a necessidade de atualiza\u00e7\u00e3o da caderneta.<\/li>\n<\/ul>\n<h2 class=\"wp-block-heading\">D\u00favidas sobre vacina\u00e7\u00e3o?<\/h2>\n<p>O Governo de SP, por meio da Secretaria de Estado da Sa\u00fade, criou o portal \u201cVacina 100 D\u00favidas\u201d com as 100 perguntas mais frequentes sobre vacina\u00e7\u00e3o nos buscadores da internet. A ferramenta esclarece quest\u00f5es como efeitos colaterais, efic\u00e1cia das vacinas, doen\u00e7as imunopreven\u00edveis e quais os perigos ao n\u00e3o se imunizar. O acesso est\u00e1 dispon\u00edvel no link:\u00a0<a role=\"link\" href=\"http:\/\/www.vacina100duvidas.sp.gov.br\/\" target=\"_blank\" rel=\"noopener\" data-type=\"link\" data-id=\"www.vacina100duvidas.sp.gov.br\">www.vacina100duvidas.sp.gov.br<\/a>.<br \/>\nFonter: Agencia Sp Gov<\/p>\n<\/div>\n<\/div>\n<\/div>\n<\/div>\n","protected":false},"excerpt":{"rendered":"<p>Sa\u00fade SP promove treinamento sobre febre amarela e orienta profissionais a diferenciar casos de dengue Webinar online e ao vivo<\/p>\n","protected":false},"author":1,"featured_media":13837,"comment_status":"open","ping_status":"open","sticky":false,"template":"","format":"standard","meta":{"colormag_page_container_layout":"default_layout","colormag_page_sidebar_layout":"default_layout","footnotes":""},"categories":[9],"tags":[],"class_list":["post-13835","post","type-post","status-publish","format-standard","has-post-thumbnail","hentry","category-saude"],"_links":{"self":[{"href":"https:\/\/metropoleemfoco.com.br\/index.php?rest_route=\/wp\/v2\/posts\/13835","targetHints":{"allow":["GET"]}}],"collection":[{"href":"https:\/\/metropoleemfoco.com.br\/index.php?rest_route=\/wp\/v2\/posts"}],"about":[{"href":"https:\/\/metropoleemfoco.com.br\/index.php?rest_route=\/wp\/v2\/types\/post"}],"author":[{"embeddable":true,"href":"https:\/\/metropoleemfoco.com.br\/index.php?rest_route=\/wp\/v2\/users\/1"}],"replies":[{"embeddable":true,"href":"https:\/\/metropoleemfoco.com.br\/index.php?rest_route=%2Fwp%2Fv2%2Fcomments&post=13835"}],"version-history":[{"count":1,"href":"https:\/\/metropoleemfoco.com.br\/index.php?rest_route=\/wp\/v2\/posts\/13835\/revisions"}],"predecessor-version":[{"id":13838,"href":"https:\/\/metropoleemfoco.com.br\/index.php?rest_route=\/wp\/v2\/posts\/13835\/revisions\/13838"}],"wp:featuredmedia":[{"embeddable":true,"href":"https:\/\/metropoleemfoco.com.br\/index.php?rest_route=\/wp\/v2\/media\/13837"}],"wp:attachment":[{"href":"https:\/\/metropoleemfoco.com.br\/index.php?rest_route=%2Fwp%2Fv2%2Fmedia&parent=13835"}],"wp:term":[{"taxonomy":"category","embeddable":true,"href":"https:\/\/metropoleemfoco.com.br\/index.php?rest_route=%2Fwp%2Fv2%2Fcategories&post=13835"},{"taxonomy":"post_tag","embeddable":true,"href":"https:\/\/metropoleemfoco.com.br\/index.php?rest_route=%2Fwp%2Fv2%2Ftags&post=13835"}],"curies":[{"name":"wp","href":"https:\/\/api.w.org\/{rel}","templated":true}]}}