{"id":13829,"date":"2026-04-26T13:38:34","date_gmt":"2026-04-26T16:38:34","guid":{"rendered":"http:\/\/metropoleemfoco.com.br\/?p=13829"},"modified":"2026-04-26T13:38:34","modified_gmt":"2026-04-26T16:38:34","slug":"13829","status":"publish","type":"post","link":"https:\/\/metropoleemfoco.com.br\/?p=13829","title":{"rendered":""},"content":{"rendered":"<div class=\"mc-article-header\">\n<div class=\"row content-head mc-column non-featured \">\n<div class=\"title\" data-block-type=\"title\" data-block-id=\"0\">\n<h1 class=\"content-head__title\">Ir\u00e3 retoma agenda diplom\u00e1tica no Paquist\u00e3o enquanto negocia\u00e7\u00f5es com os EUA travam e cessar-fogo segue indefinido<\/h1>\n<\/div>\n<div class=\"medium-centered subtitle\">\n<h2 class=\"content-head__subtitle\">Teer\u00e3 pressiona por fim de bloqueio e discute controle do Estreito de Ormuz; guerra j\u00e1 deixou milhares de mortos e mant\u00e9m impacto sobre energia global.<\/h2>\n<\/div>\n<\/div>\n<div class=\"content__signa-share mc-column\">\n<div class=\"content__signature\">\n<div class=\"content-publication-data\">\n<div class=\"content-publication-data__logo\"><a href=\"http:\/\/www.ap.org\/\" target=\"_blank\" rel=\"noopener\"><img decoding=\"async\" class=\"i-amphtml-fill-content i-amphtml-replaced-content\" src=\"https:\/\/s2-g1.glbimg.com\/bQmX8O7G6a4cXNgmRahPW6vwyyM=\/48x48\/smart\/filters:strip_icc()\/s2.glbimg.com\/iD-P4bIbqMsUg0OLbHDrlTeHmi8%3D\/200x0\/filters%3Aquality%2870%29\/i.s3.glbimg.com\/v1\/AUTH_59edd422c0c84a879bd37670ae4f538a\/internal_photos\/bs\/2016\/o\/l\/biIJynSuWsi0yPysOB9A\/2016-11-08.jpg\" alt=\"TOPO\" \/><\/a><\/div>\n<div class=\"content-publication-data__text\">\n<p class=\"content-publication-data__from\" title=\"Associated Press\">Por Associated Press<\/p>\n<\/div>\n<\/div>\n<\/div>\n<\/div>\n<div class=\"glb-share-bar content__share-bar\">\n<div class=\"glb-share-bar_icons\">\n<div class=\"glb-share-bar_button-img\"><\/div>\n<div class=\"glb-share-bar_button-img\"><\/div>\n<div class=\"glb-share-bar_button-img\"><\/div>\n<\/div>\n<\/div>\n<\/div>\n<div class=\"mc-article-body\">\n<article>\n<div id=\"chunk-ce2ub\">\n<div class=\"cxm-block-video content-media mc-column \" data-block-type=\"backstage-video\" data-block-id=\"1\">\n<div class=\"cxm-block-video__container cxm-block-video__container--fallback \">\n<div class=\"cxm-block-video__player-fixer\">\n<article class=\"cxm-block-video__player-wrapper\">\n<section class=\"cxm-block-video__player\">\n<div class=\"cxm-block-video__placeholder\" data-video-id=\"14557285\"><img decoding=\"async\" class=\"cxm-block-video__thumb\" title=\"Delega\u00e7\u00f5es dos EUA e Ir\u00e3 estar\u00e3o no Paquist\u00e3o neste fim de semana para a segunda rodada de negocia\u00e7\u00f5es da guerra do Ir\u00e3\" src=\"https:\/\/s02.video.glbimg.com\/x240\/14557285.jpg\" alt=\"Delega\u00e7\u00f5es dos EUA e Ir\u00e3 estar\u00e3o no Paquist\u00e3o neste fim de semana para a segunda rodada de negocia\u00e7\u00f5es da guerra do Ir\u00e3\" \/><\/div>\n<\/section>\n<\/article>\n<\/div>\n<div class=\"cxm-block-video__caption-container\">\n<p class=\"codex-caption codex-caption--small\">Delega\u00e7\u00f5es dos EUA e Ir\u00e3 estar\u00e3o no Paquist\u00e3o neste fim de semana para a segunda rodada de negocia\u00e7\u00f5es da guerra do Ir\u00e3<\/p>\n<\/div>\n<\/div>\n<\/div>\n<\/div>\n<div id=\"chunk-f63tt\">\n<div class=\"mc-column content-text active-extra-styles \" data-block-type=\"unstyled\" data-block-weight=\"46\" data-block-id=\"2\">\n<p class=\" content-text__container \" data-track-category=\"Link no Texto\" data-track-links=\"\" data-mrf-recirculation=\"Mat\u00e9ria - Links no Texto\">O ministro das Rela\u00e7\u00f5es Exteriores do Ir\u00e3 voltou a Islamabad neste domingo (26), em<strong>\u00a0mais um movimento para destravar as negocia\u00e7\u00f5es indiretas com os Estados Unidos<\/strong>, enquanto o cessar-fogo entre os dois pa\u00edses permanece sem prazo definido e a guerra continua a pressionar a economia global.<\/p>\n<\/div>\n<\/div>\n<div class=\"wall protected-content\">\n<div id=\"chunk-finfb\">\n<div class=\"mc-column content-text active-extra-styles \" data-block-type=\"unstyled\" data-block-weight=\"41\" data-block-id=\"4\">\n<p class=\" content-text__container \" data-track-category=\"Link no Texto\" data-track-links=\"\" data-mrf-recirculation=\"Mat\u00e9ria - Links no Texto\">A retomada da agenda diplom\u00e1tica ocorre em meio a sinais contradit\u00f3rios. O chanceler iraniano, Abbas Araghchi, havia deixado a capital paquistanesa na noite anterior, gerando d\u00favidas sobre a continuidade das conversas, mas retornou horas depois antes de seguir viagem para Moscou.<\/p>\n<\/div>\n<\/div>\n<div id=\"chunk-14tba\">\n<div class=\"mc-column content-text active-extra-styles \" data-block-type=\"unstyled\" data-block-weight=\"37\" data-block-id=\"5\">\n<p class=\" content-text__container \" data-track-category=\"Link no Texto\" data-track-links=\"\" data-mrf-recirculation=\"Mat\u00e9ria - Links no Texto\">Ao mesmo tempo,\u00a0<a class=\"\" href=\"https:\/\/g1.globo.com\/mundo\/noticia\/2026\/04\/25\/trump-cancelou-viagem-de-negociadores-dos-eua-ao-paquistao.ghtml\" data-mrf-link=\"https:\/\/g1.globo.com\/mundo\/noticia\/2026\/04\/25\/trump-cancelou-viagem-de-negociadores-dos-eua-ao-paquistao.ghtml\">o presidente Donald Trump anunciou o cancelamento<\/a> do envio de representantes americanos ao Paquist\u00e3o por falta de avan\u00e7os. Pouco depois, disse ter recebido de Teer\u00e3 uma proposta considerada \u201cmuito melhor\u201d, sem detalhar o conte\u00fado.<\/p>\n<\/div>\n<\/div>\n<div id=\"chunk-7tfap\">\n<div class=\"mc-column content-text active-extra-styles\" data-block-type=\"raw\" data-block-weight=\"8\" data-block-id=\"8\">\n<div class=\"content-intertitle\">\n<h2>Impasse gira em torno do Estreito de Ormuz<\/h2>\n<\/div>\n<\/div>\n<\/div>\n<div id=\"chunk-3eecu\">\n<div class=\"mc-column content-text active-extra-styles \" data-block-type=\"unstyled\" data-block-weight=\"29\" data-block-id=\"9\">\n<p class=\" content-text__container \" data-track-category=\"Link no Texto\" data-track-links=\"\" data-mrf-recirculation=\"Mat\u00e9ria - Links no Texto\">O principal ponto de tens\u00e3o nas negocia\u00e7\u00f5es \u00e9 o Estreito de Ormuz, corredor mar\u00edtimo estrat\u00e9gico por onde passa cerca de um quinto do petr\u00f3leo mundial em tempos de normalidade.<\/p>\n<\/div>\n<\/div>\n<div id=\"chunk-3u4ju\">\n<div class=\"mc-column content-text active-extra-styles \" data-block-type=\"unstyled\" data-block-weight=\"49\" data-block-id=\"10\">\n<p class=\" content-text__container \" data-track-category=\"Link no Texto\" data-track-links=\"\" data-mrf-recirculation=\"Mat\u00e9ria - Links no Texto\">O Ir\u00e3 tem restringido a circula\u00e7\u00e3o na regi\u00e3o, enquanto os Estados Unidos mant\u00eam um bloqueio aos portos iranianos. Como resposta, Teer\u00e3 tenta viabilizar um mecanismo de cobran\u00e7a de ped\u00e1gios para embarca\u00e7\u00f5es que cruzam o estreito \u2014 uma medida que, se implementada, teria impacto direto no com\u00e9rcio internacional de energia.<\/p>\n<\/div>\n<\/div>\n<div id=\"chunk-ak6bp\">\n<div class=\"mc-column content-text active-extra-styles \" data-block-type=\"unstyled\" data-block-weight=\"20\" data-block-id=\"11\">\n<p class=\" content-text__container \" data-track-category=\"Link no Texto\" data-track-links=\"\" data-mrf-recirculation=\"Mat\u00e9ria - Links no Texto\">Segundo autoridades envolvidas nas negocia\u00e7\u00f5es, o governo iraniano condiciona o avan\u00e7o das conversas ao fim das restri\u00e7\u00f5es impostas por Washington.<\/p>\n<\/div>\n<\/div>\n<div id=\"chunk-f889j\">\n<div class=\"row medium-uncollapsed content-media content-photo\" data-block-type=\"backstage-photo\" data-block-id=\"12\">\n<div class=\" mc-column  content-media__container\">\n<div class=\"content-media-container glb-skeleton-box\">\n<figure class=\"content-media-figure\"><img decoding=\"async\" class=\"i-amphtml-fill-content i-amphtml-replaced-content\" src=\"https:\/\/s2-g1.glbimg.com\/70irxaLrx-GDE-ICqrp8i59Q0ro=\/0x0:5280x2970\/984x0\/smart\/filters:strip_icc()\/i.s3.glbimg.com\/v1\/AUTH_59edd422c0c84a879bd37670ae4f538a\/internal_photos\/bs\/2026\/A\/8\/STPnsYTyCmHd4c3GOOvA\/2026-04-24t214142z-1786840552-rc2ttkapwfg4-rtrmadp-3-iran-crisis-irgc-seizure.jpg\" sizes=\"(max-width: 1600px) 648px, 100vw\" srcset=\"https:\/\/s2-g1.glbimg.com\/XVh_H1aZDlVOy9JPM3TtHSFKwxc=\/0x0:5280x2970\/1000x0\/smart\/filters:strip_icc()\/i.s3.glbimg.com\/v1\/AUTH_59edd422c0c84a879bd37670ae4f538a\/internal_photos\/bs\/2026\/A\/8\/STPnsYTyCmHd4c3GOOvA\/2026-04-24t214142z-1786840552-rc2ttkapwfg4-rtrmadp-3-iran-crisis-irgc-seizure.jpg 1000w, https:\/\/s2-g1.glbimg.com\/70irxaLrx-GDE-ICqrp8i59Q0ro=\/0x0:5280x2970\/984x0\/smart\/filters:strip_icc()\/i.s3.glbimg.com\/v1\/AUTH_59edd422c0c84a879bd37670ae4f538a\/internal_photos\/bs\/2026\/A\/8\/STPnsYTyCmHd4c3GOOvA\/2026-04-24t214142z-1786840552-rc2ttkapwfg4-rtrmadp-3-iran-crisis-irgc-seizure.jpg 984w, https:\/\/s2-g1.glbimg.com\/4XJRNKWPaRx26xUiciesXrIfRVM=\/0x0:5280x2970\/640x0\/smart\/filters:strip_icc()\/i.s3.glbimg.com\/v1\/AUTH_59edd422c0c84a879bd37670ae4f538a\/internal_photos\/bs\/2026\/A\/8\/STPnsYTyCmHd4c3GOOvA\/2026-04-24t214142z-1786840552-rc2ttkapwfg4-rtrmadp-3-iran-crisis-irgc-seizure.jpg 640w, https:\/\/s2-g1.glbimg.com\/FwsT2x-KCslfUJ0iYB_hq0COrDo=\/0x0:5280x2970\/600x0\/smart\/filters:strip_icc()\/i.s3.glbimg.com\/v1\/AUTH_59edd422c0c84a879bd37670ae4f538a\/internal_photos\/bs\/2026\/A\/8\/STPnsYTyCmHd4c3GOOvA\/2026-04-24t214142z-1786840552-rc2ttkapwfg4-rtrmadp-3-iran-crisis-irgc-seizure.jpg 600w\" alt=\"O navio Epaminondas \u00e9 visto durante a apreens\u00e3o pelo Corpo da Guarda Revolucion\u00e1ria Isl\u00e2mica (IRGC) no Estreito de Ormuz, Ir\u00e3 , nesta imagem obtida pela Reuters em 24 de abril de 2026. \u2014 Foto: Meysam Mirzadeh\/Tasnim\/WANA (Ag\u00eancia de Not\u00edcias da \u00c1sia Ocidental) via REUTERS\" \/><\/figure>\n<\/div>\n<p class=\"content-media__description  \">O navio Epaminondas \u00e9 visto durante a apreens\u00e3o pelo Corpo da Guarda Revolucion\u00e1ria Isl\u00e2mica (IRGC) no Estreito de Ormuz, Ir\u00e3 , nesta imagem obtida pela Reuters em 24 de abril de 2026. \u2014 Foto: Meysam Mirzadeh\/Tasnim\/WANA (Ag\u00eancia de Not\u00edcias da \u00c1sia Ocidental) via REUTERS<\/p>\n<\/div>\n<\/div>\n<\/div>\n<div id=\"chunk-3k4n8\">\n<div class=\"mc-column content-text active-extra-styles\" data-block-type=\"raw\" data-block-weight=\"7\" data-block-id=\"14\">\n<div class=\"content-intertitle\">\n<h2>Media\u00e7\u00e3o indireta reflete desconfian\u00e7a entre os pa\u00edses<\/h2>\n<\/div>\n<\/div>\n<\/div>\n<div id=\"chunk-10ijs\">\n<div class=\"mc-column content-text active-extra-styles \" data-block-type=\"unstyled\" data-block-weight=\"26\" data-block-id=\"15\">\n<p class=\" content-text__container \" data-track-category=\"Link no Texto\" data-track-links=\"\" data-mrf-recirculation=\"Mat\u00e9ria - Links no Texto\">As negocia\u00e7\u00f5es t\u00eam sido conduzidas de forma indireta, com o Paquist\u00e3o atuando como intermedi\u00e1rio \u2014 um formato que reflete o n\u00edvel de desconfian\u00e7a entre as partes.<\/p>\n<\/div>\n<\/div>\n<div id=\"chunk-bkqgq\">\n<div class=\"mc-column content-text active-extra-styles \" data-block-type=\"unstyled\" data-block-weight=\"27\" data-block-id=\"16\">\n<p class=\" content-text__container \" data-track-category=\"Link no Texto\" data-track-links=\"\" data-mrf-recirculation=\"Mat\u00e9ria - Links no Texto\">A escolha por canais indiretos n\u00e3o \u00e9 nova. Rodadas anteriores, realizadas no \u00faltimo ano, tamb\u00e9m seguiram esse modelo e terminaram sem acordo, com escalada militar na sequ\u00eancia.<\/p>\n<\/div>\n<\/div>\n<div id=\"chunk-1966k\">\n<div class=\"mc-column content-text active-extra-styles \" data-block-type=\"unstyled\" data-block-weight=\"19\" data-block-id=\"17\">\n<p class=\" content-text__container \" data-track-category=\"Link no Texto\" data-track-links=\"\" data-mrf-recirculation=\"Mat\u00e9ria - Links no Texto\">Neste momento, n\u00e3o h\u00e1 confirma\u00e7\u00e3o de quando representantes dos Estados Unidos voltar\u00e3o \u00e0 regi\u00e3o para retomar o di\u00e1logo presencial.<\/p>\n<\/div>\n<\/div>\n<div id=\"chunk-2k189\">\n<div class=\"row medium-uncollapsed content-media content-photo\" data-block-type=\"backstage-photo\" data-block-id=\"18\">\n<div class=\" mc-column  content-media__container\">\n<div class=\"content-media-container glb-skeleton-box\">\n<figure class=\"content-media-figure\"><img decoding=\"async\" class=\"i-amphtml-fill-content i-amphtml-replaced-content\" src=\"https:\/\/s2-g1.glbimg.com\/il7B7N8xSLuvYEVzHXdvXlhWi5w=\/0x0:1200x2274\/984x0\/smart\/filters:strip_icc()\/i.s3.glbimg.com\/v1\/AUTH_59edd422c0c84a879bd37670ae4f538a\/internal_photos\/bs\/2026\/Y\/n\/GkNFSVRM2VGnyAdcsYsA\/260413-innfo-mapa-golfo-oma-estreito-ormuz.jpg\" sizes=\"(max-width: 1600px) 648px, 100vw\" srcset=\"https:\/\/s2-g1.glbimg.com\/ULWhuD0wOKLVp8fMzP6UgNoY0Nw=\/0x0:1200x2274\/1000x0\/smart\/filters:strip_icc()\/i.s3.glbimg.com\/v1\/AUTH_59edd422c0c84a879bd37670ae4f538a\/internal_photos\/bs\/2026\/Y\/n\/GkNFSVRM2VGnyAdcsYsA\/260413-innfo-mapa-golfo-oma-estreito-ormuz.jpg 1000w, https:\/\/s2-g1.glbimg.com\/il7B7N8xSLuvYEVzHXdvXlhWi5w=\/0x0:1200x2274\/984x0\/smart\/filters:strip_icc()\/i.s3.glbimg.com\/v1\/AUTH_59edd422c0c84a879bd37670ae4f538a\/internal_photos\/bs\/2026\/Y\/n\/GkNFSVRM2VGnyAdcsYsA\/260413-innfo-mapa-golfo-oma-estreito-ormuz.jpg 984w, https:\/\/s2-g1.glbimg.com\/AHd0mOZdWWzD5izAqmUXlTGkeTI=\/0x0:1200x2274\/640x0\/smart\/filters:strip_icc()\/i.s3.glbimg.com\/v1\/AUTH_59edd422c0c84a879bd37670ae4f538a\/internal_photos\/bs\/2026\/Y\/n\/GkNFSVRM2VGnyAdcsYsA\/260413-innfo-mapa-golfo-oma-estreito-ormuz.jpg 640w, https:\/\/s2-g1.glbimg.com\/-WSaYIUSX9eWNATAVHYCdk5cPQQ=\/0x0:1200x2274\/600x0\/smart\/filters:strip_icc()\/i.s3.glbimg.com\/v1\/AUTH_59edd422c0c84a879bd37670ae4f538a\/internal_photos\/bs\/2026\/Y\/n\/GkNFSVRM2VGnyAdcsYsA\/260413-innfo-mapa-golfo-oma-estreito-ormuz.jpg 600w\" alt=\"Bloqueio ao Estreito de Ormuz \u2014 Foto: Editoria de Arte\/g1\" \/><\/figure>\n<\/div>\n<p class=\"content-media__description  \">Bloqueio ao Estreito de Ormuz \u2014 Foto: Editoria de Arte\/g1<\/p>\n<\/div>\n<\/div>\n<\/div>\n<div id=\"chunk-5bb64\">\n<div class=\"mc-column content-text active-extra-styles\" data-block-type=\"raw\" data-block-weight=\"7\" data-block-id=\"19\">\n<div class=\"content-intertitle\">\n<h2>Cessar-fogo resiste, mas acordo permanente segue distante<\/h2>\n<\/div>\n<\/div>\n<\/div>\n<div id=\"chunk-acvh2\">\n<div class=\"mc-column content-text active-extra-styles \" data-block-type=\"unstyled\" data-block-weight=\"37\" data-block-id=\"20\">\n<p class=\" content-text__container \" data-track-category=\"Link no Texto\" data-track-links=\"\" data-mrf-recirculation=\"Mat\u00e9ria - Links no Texto\">Apesar do impasse, o cessar-fogo firmado em 7 de abril continua em vigor. O acordo interrompeu a maior parte dos combates iniciados no fim de fevereiro, ap\u00f3s ataques coordenados de for\u00e7as americanas e israelenses contra o Ir\u00e3.<\/p>\n<\/div>\n<\/div>\n<div id=\"chunk-5cgar\">\n<div class=\"mc-column content-text active-extra-styles \" data-block-type=\"unstyled\" data-block-weight=\"26\" data-block-id=\"22\">\n<p class=\" content-text__container \" data-track-category=\"Link no Texto\" data-track-links=\"\" data-mrf-recirculation=\"Mat\u00e9ria - Links no Texto\">A tr\u00e9gua, no entanto, foi prorrogada sem prazo definido, o que mant\u00e9m o cen\u00e1rio de incerteza. Um acordo permanente ainda depende de avan\u00e7os nas negocia\u00e7\u00f5es diplom\u00e1ticas.<\/p>\n<\/div>\n<\/div>\n<div id=\"chunk-756s\">\n<div class=\"mc-column content-text active-extra-styles \" data-block-type=\"unstyled\" data-block-weight=\"22\" data-block-id=\"23\">\n<p class=\" content-text__container \" data-track-category=\"Link no Texto\" data-track-links=\"\" data-mrf-recirculation=\"Mat\u00e9ria - Links no Texto\">Para analistas, o ritmo lento n\u00e3o indica necessariamente retrocesso. A complexidade do conflito e os interesses envolvidos tornam improv\u00e1vel uma solu\u00e7\u00e3o r\u00e1pida.<\/p>\n<\/div>\n<\/div>\n<div id=\"chunk-d3ist\">\n<div class=\"mc-column content-text active-extra-styles\" data-block-type=\"raw\" data-block-weight=\"9\" data-block-id=\"24\">\n<div class=\"content-intertitle\">\n<h2>Guerra acumula milhares de mortos e pressiona economia global<\/h2>\n<\/div>\n<\/div>\n<\/div>\n<div id=\"chunk-4i4f4\">\n<div class=\"mc-column content-text active-extra-styles \" data-block-type=\"unstyled\" data-block-weight=\"15\" data-block-id=\"25\">\n<p class=\" content-text__container \" data-track-category=\"Link no Texto\" data-track-links=\"\" data-mrf-recirculation=\"Mat\u00e9ria - Links no Texto\">Dois meses ap\u00f3s o in\u00edcio do conflito, o impacto humano e econ\u00f4mico segue em expans\u00e3o.<\/p>\n<\/div>\n<\/div>\n<div id=\"chunk-a3l5c\">\n<div class=\"mc-column content-text active-extra-styles \" data-block-type=\"unstyled\" data-block-weight=\"44\" data-block-id=\"26\">\n<p class=\" content-text__container \" data-track-category=\"Link no Texto\" data-track-links=\"\" data-mrf-recirculation=\"Mat\u00e9ria - Links no Texto\">Mais de 3.300 pessoas morreram no Ir\u00e3 desde o in\u00edcio da guerra, al\u00e9m de quase 2.500 no L\u00edbano, onde os combates se intensificaram dias depois. H\u00e1 ainda registros de mortes em Israel, em pa\u00edses do Golfo e entre militares americanos e for\u00e7as de paz.<\/p>\n<\/div>\n<\/div>\n<div id=\"chunk-56cq3\">\n<div class=\"mc-column content-text active-extra-styles \" data-block-type=\"unstyled\" data-block-weight=\"31\" data-block-id=\"27\">\n<p class=\" content-text__container \" data-track-category=\"Link no Texto\" data-track-links=\"\" data-mrf-recirculation=\"Mat\u00e9ria - Links no Texto\">No campo econ\u00f4mico, a instabilidade no Estreito de Ormuz tem afetado o fluxo global de petr\u00f3leo, g\u00e1s natural liquefeito e fertilizantes, com reflexos nos pre\u00e7os internacionais e nas cadeias de abastecimento.<\/p>\n<p>Fonte: G1<\/p>\n<\/div>\n<\/div>\n<\/div>\n<\/article>\n<\/div>\n","protected":false},"excerpt":{"rendered":"<p>Ir\u00e3 retoma agenda diplom\u00e1tica no Paquist\u00e3o enquanto negocia\u00e7\u00f5es com os EUA travam e cessar-fogo segue indefinido Teer\u00e3 pressiona por fim<\/p>\n","protected":false},"author":1,"featured_media":13831,"comment_status":"open","ping_status":"open","sticky":false,"template":"","format":"standard","meta":{"colormag_page_container_layout":"default_layout","colormag_page_sidebar_layout":"default_layout","footnotes":""},"categories":[91],"tags":[],"class_list":["post-13829","post","type-post","status-publish","format-standard","has-post-thumbnail","hentry","category-mundo"],"_links":{"self":[{"href":"https:\/\/metropoleemfoco.com.br\/index.php?rest_route=\/wp\/v2\/posts\/13829","targetHints":{"allow":["GET"]}}],"collection":[{"href":"https:\/\/metropoleemfoco.com.br\/index.php?rest_route=\/wp\/v2\/posts"}],"about":[{"href":"https:\/\/metropoleemfoco.com.br\/index.php?rest_route=\/wp\/v2\/types\/post"}],"author":[{"embeddable":true,"href":"https:\/\/metropoleemfoco.com.br\/index.php?rest_route=\/wp\/v2\/users\/1"}],"replies":[{"embeddable":true,"href":"https:\/\/metropoleemfoco.com.br\/index.php?rest_route=%2Fwp%2Fv2%2Fcomments&post=13829"}],"version-history":[{"count":1,"href":"https:\/\/metropoleemfoco.com.br\/index.php?rest_route=\/wp\/v2\/posts\/13829\/revisions"}],"predecessor-version":[{"id":13832,"href":"https:\/\/metropoleemfoco.com.br\/index.php?rest_route=\/wp\/v2\/posts\/13829\/revisions\/13832"}],"wp:featuredmedia":[{"embeddable":true,"href":"https:\/\/metropoleemfoco.com.br\/index.php?rest_route=\/wp\/v2\/media\/13831"}],"wp:attachment":[{"href":"https:\/\/metropoleemfoco.com.br\/index.php?rest_route=%2Fwp%2Fv2%2Fmedia&parent=13829"}],"wp:term":[{"taxonomy":"category","embeddable":true,"href":"https:\/\/metropoleemfoco.com.br\/index.php?rest_route=%2Fwp%2Fv2%2Fcategories&post=13829"},{"taxonomy":"post_tag","embeddable":true,"href":"https:\/\/metropoleemfoco.com.br\/index.php?rest_route=%2Fwp%2Fv2%2Ftags&post=13829"}],"curies":[{"name":"wp","href":"https:\/\/api.w.org\/{rel}","templated":true}]}}