{"id":9983,"date":"2025-08-25T09:58:30","date_gmt":"2025-08-25T12:58:30","guid":{"rendered":"https:\/\/metropoleemfoco.com.br\/?p=9983"},"modified":"2025-08-25T09:58:30","modified_gmt":"2025-08-25T12:58:30","slug":"vivi-para-contar-vi-que-era-possivel-e-fui-atras-diz-jovem-que-ganhou-bolsa-de-r-22-milhoes-para-estudar-fora","status":"publish","type":"post","link":"http:\/\/metropoleemfoco.com.br\/?p=9983","title":{"rendered":"Vivi para contar: &#8216;Vi que era poss\u00edvel e fui atr\u00e1s&#8217;, diz jovem que ganhou bolsa de R$ 2,2 milh\u00f5es para estudar fora"},"content":{"rendered":"<section class=\"content--header\">\n<div class=\"row content-head featured \">\n<div class=\"title\">\n<h1 class=\"content-head__title\">Vivi para contar: &#8216;Vi que era poss\u00edvel e fui atr\u00e1s&#8217;, diz jovem que ganhou bolsa de R$ 2,2 milh\u00f5es para estudar fora<\/h1>\n<\/div>\n<div class=\"medium-centered subtitle\">\n<h2 class=\"content-head__subtitle\">Advinda de escola p\u00fablica em Campos, Rio, ela estudar\u00e1 Economia nos EUA; seu interesse \u00e9 pelo empreendedorismo como forma de empoderamento para meninas em posi\u00e7\u00f5es socioeconomicamente vulner\u00e1veis<\/h2>\n<\/div>\n<\/div>\n<div class=\"content__signa-share\">\n<div class=\"content__signature\">\n<div class=\"content-publication-data\" data-mrf-recirculation=\"Autor da mat\u00e9ria\">\n<div class=\"content-publication-data__text\">\n<div class=\"content-publication-data__from\">Por\u00a0<\/p>\n<address>Ana Carolina Rangel*<\/address>\n<\/div>\n<\/div>\n<\/div>\n<\/div>\n<\/div>\n<div class=\"row medium-uncollapsed content-top-image\" data-block-type=\"featured-image\" data-block-id=\"0\">\n<div class=\"column medium-centered medium-22 large-20 desktop \">\n<figure class=\"content-featured-figure\"><img loading=\"lazy\" decoding=\"async\" class=\"content-featured-image\" src=\"https:\/\/s2-oglobo.glbimg.com\/emTATTDiojYxHSddRABEXT_4hOw=\/0x0:818x635\/888x0\/smart\/filters:strip_icc()\/i.s3.glbimg.com\/v1\/AUTH_da025474c0c44edd99332dddb09cabe8\/internal_photos\/bs\/2025\/6\/o\/Wh95njQBKRfvFWcjR2mQ\/ana-carolina-rangel-.jpg\" alt=\"Ana Carolina Rangel, de 18 anos, vai estudar Economia nos EUA ap\u00f3s se destacar em educa\u00e7\u00e3o financeira e empreendedorismo social\" width=\"818\" height=\"635\" \/><figcaption class=\"content-featured-caption\">Ana Carolina Rangel, de 18 anos, vai estudar Economia nos EUA ap\u00f3s se destacar em educa\u00e7\u00e3o financeira e empreendedorismo social \u2014 Foto: Divulga\u00e7\u00e3o<\/figcaption><\/figure>\n<\/div>\n<\/div>\n<section class=\"resumo-irineu\" data-gtm-vis-recent-on-screen920778_921=\"3034\" data-gtm-vis-first-on-screen920778_921=\"3034\" data-gtm-vis-total-visible-time920778_921=\"100\" data-gtm-vis-has-fired920778_921=\"1\">\n<div class=\"resumo-irineu__head\">\n<div>\n<h4>RESUMO<\/h4>\n<p>Sem tempo? Ferramenta de IA resume para voc\u00ea<\/p>\n<\/div>\n<\/div>\n<\/section>\n<\/section>\n<div id=\"mc-article-body\" class=\"mc-article-body \">\n<article>\n<div class=\"no-paywall\">\n<div class=\"mc-column content-text active-extra-styles active-capital-letter\" data-block-type=\"unstyled\" data-block-weight=\"90\" data-block-id=\"2\">\n<p class=\" content-text__container theme-color-primary-first-letter\" data-track-category=\"Link no Texto\" data-track-links=\"\" data-mrf-recirculation=\"Article links\">Eu estava em Aparecida (SP) quando a not\u00edcia chegou. Sabia que era a semana em que a resposta viria, e botei nas m\u00e3os de Deus. Assim que eu cheguei l\u00e1, o resultado saiu e liguei para casa. Meu pai chorou um pouquinho. Minha m\u00e3e ficou em choque e depois disse que sabia que eu ia conseguir. Depois de me formar numa escola p\u00fablica de Campos (RJ), estou indo este m\u00eas para Northampton (EUA) estudar Economia com concentra\u00e7\u00e3o em finan\u00e7as internacionais na Smith College com uma bolsa de R$ 2,2 milh\u00f5es.<\/p>\n<\/div>\n<div class=\"wall protected-content\">\n<div class=\"mc-column content-text active-extra-styles \" data-block-type=\"unstyled\" data-block-weight=\"75\" data-block-id=\"4\">\n<p class=\" content-text__container \" data-track-category=\"Link no Texto\" data-track-links=\"\" data-mrf-recirculation=\"Article links\">Ao longo da pandemia, me interessei em empreendedorismo social, especificamente em espalhar educa\u00e7\u00e3o financeira. Passei a enxergar isso como uma forma de levar empoderamento para meninas em posi\u00e7\u00f5es socioeconomicamente vulner\u00e1veis. H\u00e1 um tabu em cima disso. Acabam n\u00e3o aprendendo porque acham que n\u00e3o \u00e9 para elas e que n\u00e3o podem sonhar com oportunidades diferentes. Trabalhar pela democratiza\u00e7\u00e3o desse tema \u00e9 uma forma de ajudar minhas amigas e outras pessoas com realidade parecida com a minha.<\/p>\n<\/div>\n<div class=\"mc-column content-text active-extra-styles \" data-block-type=\"unstyled\" data-block-weight=\"84\" data-block-id=\"5\">\n<p class=\" content-text__container \" data-track-category=\"Link no Texto\" data-track-links=\"\" data-mrf-recirculation=\"Article links\">Por causa disso, comecei a fazer o curso t\u00e9cnico em Administra\u00e7\u00e3o na Funda\u00e7\u00e3o de Apoio \u00e0 Escola T\u00e9cnica (Faetec) na minha cidade. Tamb\u00e9m me envolvi e cheguei a assumir a diretoria regional da ONG Tocando em Frente, que faz um trabalho no pa\u00eds inteiro em escolas p\u00fablicas com crian\u00e7as e adolescentes com esse tema. Al\u00e9m disso, conheci a Bia Santos, a CEO de uma startup que dissemina educa\u00e7\u00e3o financeira. Ela me apresentou ao programa Jovens Embaixadores, uma iniciativa do Departamento de Estado dos EUA.<\/p>\n<\/div>\n<div class=\"mc-column content-text active-extra-styles \" data-block-type=\"unstyled\" data-block-weight=\"47\" data-block-id=\"6\">\n<p class=\" content-text__container \" data-track-category=\"Link no Texto\" data-track-links=\"\" data-mrf-recirculation=\"Article links\">Na \u00e9poca meu ingl\u00eas nem era t\u00e3o bom, mas enxerguei como algo para criar novas conex\u00f5es. Me inscrevi e passei. Essa foi a primeira vez que sa\u00ed do Brasil. Fui para Washington e Tulsa, Oklahoma. Nesse interc\u00e2mbio consegui expandir meus horizontes e vi novas possibilidades para mim.<\/p>\n<\/div>\n<div class=\"mc-column content-text active-extra-styles \" data-block-type=\"unstyled\" data-block-weight=\"71\" data-block-id=\"7\">\n<p class=\" content-text__container \" data-track-category=\"Link no Texto\" data-track-links=\"\" data-mrf-recirculation=\"Article links\">Visitei uma universidade e percebi que poderia testar mais coisas fazendo uma gradua\u00e7\u00e3o nos EUA do que no Brasil. L\u00e1 tamb\u00e9m conheci o EducationUSA, uma iniciativa do Departamento de Estado norte-americano para orienta\u00e7\u00e3o acad\u00eamica, que me deu apoio t\u00e9cnico e financeiro para conseguir a bolsa. Eles pagaram a prova de profici\u00eancia para mim, alguns documentos que precisam, mas o mais importante mesmo foi o suporte de pessoas que conheciam o processo.<\/p>\n<\/div>\n<div class=\"mc-column content-text active-extra-styles \" data-block-type=\"unstyled\" data-block-weight=\"103\" data-block-id=\"8\">\n<p class=\" content-text__container \" data-track-category=\"Link no Texto\" data-track-links=\"\" data-mrf-recirculation=\"Article links\">Toda a sele\u00e7\u00e3o para conseguir a bolsa levou um ano. Nesse tempo, meus pais passaram por uma montanha-russa. No come\u00e7o, eles ficaram um pouco receosos e perguntavam: \u201cTem certeza que quer estudar t\u00e3o longe? Tem universidade aqui tamb\u00e9m\u201d. Mas depois que eu enviei a aplica\u00e7\u00e3o e eles viram que eu me dediquei muito, que era importante para mim, eles compraram a briga. Teve um momento que eu achei que n\u00e3o conseguiria passar, fiquei meio para baixo, e eles me incentivaram. Quando a not\u00edcia saiu, j\u00e1 tinham aceitado completamente. Na minha \u00faltima semana no Brasil, vez ou outra rolou uma emo\u00e7\u00e3o l\u00e1 em casa.<\/p>\n<\/div>\n<div class=\"mc-column content-text active-extra-styles \" data-block-type=\"unstyled\" data-block-weight=\"65\" data-block-id=\"10\">\n<p class=\" content-text__container \" data-track-category=\"Link no Texto\" data-track-links=\"\" data-mrf-recirculation=\"Article links\">A bolsa que eu ganhei vai cobrir todos os meus gastos. Isso inclui o valor da mensalidade (que l\u00e1 se paga por semestre), a moradia, a alimenta\u00e7\u00e3o, o transporte, tudo. O dinheiro nem vai para mim. N\u00e3o vou precisar de nada l\u00e1 e se eu quiser vou poder trabalhar em algum escrit\u00f3rio de l\u00e1 para ter essa experi\u00eancia ou buscar um est\u00e1gio fora da universidade.<\/p>\n<\/div>\n<div class=\"mc-column content-text active-extra-styles\" data-block-type=\"raw\" data-block-weight=\"3\" data-block-id=\"11\">\n<div class=\"content-intertitle\">\n<h2>Turma de mulheres<\/h2>\n<\/div>\n<\/div>\n<div class=\"mc-column content-text active-extra-styles \" data-block-type=\"unstyled\" data-block-weight=\"73\" data-block-id=\"12\">\n<p class=\" content-text__container \" data-track-category=\"Link no Texto\" data-track-links=\"\" data-mrf-recirculation=\"Article links\">Mas o que eu quero l\u00e1 \u00e9 explorar as disciplinas que vou ter acesso. A Smith College concentra muitas coisas que s\u00e3o importantes para mim. Queria estar pr\u00f3xima de uma cidade grande, mas n\u00e3o queria morar em uma. E o campus l\u00e1 \u00e9 perto de Boston. Al\u00e9m disso, ela faz parte de um cons\u00f3rcio com outras universidades em cidades pr\u00f3ximas. Isso me d\u00e1 possibilidade de fazer networking, conhecer mais gente, estudar temas diferentes.<\/p>\n<\/div>\n<div class=\"mc-column content-text active-extra-styles \" data-block-type=\"unstyled\" data-block-weight=\"59\" data-block-id=\"13\">\n<p class=\" content-text__container \" data-track-category=\"Link no Texto\" data-track-links=\"\" data-mrf-recirculation=\"Article links\">E a Smith College \u00e9 uma universidade s\u00f3 para mulheres. A \u00e1rea de Economia acaba sendo muito dominada por um p\u00fablico mais masculino. Quando a mulher entra numa sala de tomada de decis\u00e3o, antes de ter que provar a ideia dela, precisa provar por que ela pode estar ali. Numa sala de aula de alguns cursos tamb\u00e9m \u00e9 assim.<\/p>\n<\/div>\n<div class=\"mc-column content-text active-extra-styles \" data-block-type=\"unstyled\" data-block-weight=\"78\" data-block-id=\"14\">\n<p class=\" content-text__container \" data-track-category=\"Link no Texto\" data-track-links=\"\" data-mrf-recirculation=\"Article links\">Em turmas que s\u00e3o dominantemente masculinas, em \u00e1reas como Economia, at\u00e9 a vis\u00e3o do professor \u00e9 a de que a menina precisa de um empurr\u00e3ozinho. A ideia de estar numa sala de aula em que essa n\u00e3o fosse uma preocupa\u00e7\u00e3o me animou bastante para ir para l\u00e1. E eu posso ter a experi\u00eancia de uma turma maior nas outras universidades do cons\u00f3rcio. Elas s\u00e3o no mesmo estado, em cidades pr\u00f3ximas, e a universidade faz o transporte dos alunos.<\/p>\n<\/div>\n<div class=\"mc-column content-text active-extra-styles \" data-block-type=\"unstyled\" data-block-weight=\"36\" data-block-id=\"15\">\n<p class=\" content-text__container \" data-track-category=\"Link no Texto\" data-track-links=\"\" data-mrf-recirculation=\"Article links\">Nesse tempo que estiver l\u00e1, quero testar muita coisa. Me chama muita aten\u00e7\u00e3o a \u00e1rea de consultoria estrat\u00e9gica, trabalhar com outras empresas entendendo os problemas delas e pensar novas abordagens. Estou com a mente bem aberta.<\/p>\n<\/div>\n<div class=\"mc-column content-text active-extra-styles \" data-block-type=\"unstyled\" data-block-weight=\"66\" data-block-id=\"17\">\n<p class=\" content-text__container \" data-track-category=\"Link no Texto\" data-track-links=\"\" data-mrf-recirculation=\"Article links\">E tamb\u00e9m estou muito animada para me conectar com os outros alunos internacionais. Em Campos, n\u00e3o tenho contato com pessoas de fora e quero muito entrar em contato com novas culturas, novas vis\u00f5es de mundo, novas formas de resolver problemas. Entender como as pessoas percebem a situa\u00e7\u00e3o me deixa muito animada, participar dos clubes da universidade e viver o Halloween nos EUA (risos). Estou muito ansiosa.<\/p>\n<\/div>\n<div class=\"mc-column content-text active-extra-styles \" data-block-type=\"unstyled\" data-block-weight=\"51\" data-block-id=\"18\">\n<p class=\" content-text__container \" data-track-category=\"Link no Texto\" data-track-links=\"\" data-mrf-recirculation=\"Article links\">Depois de me formar, quero entender as possibilidades que vou ter aqui at\u00e9 de continuar estudando. Mas penso em um dia voltar ao Brasil para devolver tudo que estou vivendo. O empreendedorismo social me move bastante. Me vejo voltando, trabalhando em causas parecidas com as que me fizeram chegar aqui hoje.<\/p>\n<\/div>\n<div data-track-category=\"multicontent\" data-track-action=\"ultimo chunk conteudo\" data-track-noninteraction=\"false\" data-track-scroll=\"view\">\n<div class=\"mc-column content-text active-extra-styles \" data-block-type=\"unstyled\" data-block-weight=\"6\" data-block-id=\"19\">\n<p class=\" content-text__container \" data-track-category=\"Link no Texto\" data-track-links=\"\" data-mrf-recirculation=\"Article links\"><em>*em depoimento ao rep\u00f3rter Bruno Alfano.<\/p>\n<p><\/em>Fonte: OGlobo<\/p>\n<\/div>\n<\/div>\n<\/div>\n<\/div>\n<\/article>\n<\/div>\n","protected":false},"excerpt":{"rendered":"<p>Vivi para contar: &#8216;Vi que era poss\u00edvel e fui atr\u00e1s&#8217;, diz jovem que ganhou bolsa de R$ 2,2 milh\u00f5es para<\/p>\n","protected":false},"author":1,"featured_media":9997,"comment_status":"open","ping_status":"open","sticky":false,"template":"","format":"standard","meta":{"colormag_page_container_layout":"default_layout","colormag_page_sidebar_layout":"default_layout","footnotes":""},"categories":[1],"tags":[],"class_list":["post-9983","post","type-post","status-publish","format-standard","has-post-thumbnail","hentry","category-geral"],"_links":{"self":[{"href":"http:\/\/metropoleemfoco.com.br\/index.php?rest_route=\/wp\/v2\/posts\/9983","targetHints":{"allow":["GET"]}}],"collection":[{"href":"http:\/\/metropoleemfoco.com.br\/index.php?rest_route=\/wp\/v2\/posts"}],"about":[{"href":"http:\/\/metropoleemfoco.com.br\/index.php?rest_route=\/wp\/v2\/types\/post"}],"author":[{"embeddable":true,"href":"http:\/\/metropoleemfoco.com.br\/index.php?rest_route=\/wp\/v2\/users\/1"}],"replies":[{"embeddable":true,"href":"http:\/\/metropoleemfoco.com.br\/index.php?rest_route=%2Fwp%2Fv2%2Fcomments&post=9983"}],"version-history":[{"count":1,"href":"http:\/\/metropoleemfoco.com.br\/index.php?rest_route=\/wp\/v2\/posts\/9983\/revisions"}],"predecessor-version":[{"id":9998,"href":"http:\/\/metropoleemfoco.com.br\/index.php?rest_route=\/wp\/v2\/posts\/9983\/revisions\/9998"}],"wp:featuredmedia":[{"embeddable":true,"href":"http:\/\/metropoleemfoco.com.br\/index.php?rest_route=\/wp\/v2\/media\/9997"}],"wp:attachment":[{"href":"http:\/\/metropoleemfoco.com.br\/index.php?rest_route=%2Fwp%2Fv2%2Fmedia&parent=9983"}],"wp:term":[{"taxonomy":"category","embeddable":true,"href":"http:\/\/metropoleemfoco.com.br\/index.php?rest_route=%2Fwp%2Fv2%2Fcategories&post=9983"},{"taxonomy":"post_tag","embeddable":true,"href":"http:\/\/metropoleemfoco.com.br\/index.php?rest_route=%2Fwp%2Fv2%2Ftags&post=9983"}],"curies":[{"name":"wp","href":"https:\/\/api.w.org\/{rel}","templated":true}]}}