{"id":9981,"date":"2025-08-25T09:55:17","date_gmt":"2025-08-25T12:55:17","guid":{"rendered":"https:\/\/metropoleemfoco.com.br\/?p=9981"},"modified":"2025-08-25T09:55:17","modified_gmt":"2025-08-25T12:55:17","slug":"cidade-de-sp-registra-tarde-mais-quente-desde-o-verao-com-327c","status":"publish","type":"post","link":"http:\/\/metropoleemfoco.com.br\/?p=9981","title":{"rendered":"Cidade de SP registra tarde mais quente desde o ver\u00e3o, com 32,7\u00b0C"},"content":{"rendered":"<div class=\"mc-article-header\">\n<div class=\"row content-head mc-column non-featured \">\n<div class=\"title\" data-block-type=\"title\" data-block-id=\"0\">\n<h1 class=\"content-head__title\">Cidade de SP registra tarde mais quente desde o ver\u00e3o, com 32,7\u00b0C; domingo ter\u00e1 queda brusca<\/h1>\n<\/div>\n<div class=\"medium-centered subtitle\">\n<h2 class=\"content-head__subtitle\">O s\u00e1bado (23) continuar\u00e1 com calor intenso e tempo aberto em boa parte da cidade. No domingo (24), por\u00e9m, uma nova massa de ar frio deve derrubar as temperaturas.<\/h2>\n<\/div>\n<\/div>\n<div><\/div>\n<div class=\"content__signa-share mc-column\">\n<div class=\"content__signature\">\n<div class=\"content-publication-data\">\n<div class=\"content-publication-data__text\">\n<p class=\"content-publication-data__from\" title=\"Reda\u00e7\u00e3o g1 SP\">Por\u00a0<a class=\"multi_signatures\" href=\"https:\/\/g1.globo.com\/autores\/redacao-g1-sp\/\">Reda\u00e7\u00e3o g1 SP<\/a><\/p>\n<\/div>\n<\/div>\n<\/div>\n<\/div>\n<\/div>\n<div class=\"mc-article-body\">\n<article>\n<div id=\"chunk-aaskq\">\n<div class=\"cxm-video-block mc-column  content-media content-video\" data-block-type=\"backstage-video\" data-block-id=\"2\">\n<div class=\"content-media__container content-media__container--codex-fallback\">\n<div class=\"content-video__bigger-player-description-fixer\">\n<article class=\"content-video\">\n<section class=\"content-video__video-container\">\n<div class=\"content-video__video\">\n<div class=\"content-video__placeholder\" data-video-id=\"13865983\"><img decoding=\"async\" class=\"content-video__placeholder__thumb\" title=\"Capital registra tarde mais quente desde o ver\u00e3o, com 32,7\u00b0C; domingo ter\u00e1 queda brusca\" src=\"https:\/\/s04.video.glbimg.com\/x240\/13865983.jpg\" alt=\"Capital registra tarde mais quente desde o ver\u00e3o, com 32,7\u00b0C; domingo ter\u00e1 queda brusca\" \/><\/div>\n<\/div>\n<\/section>\n<\/article>\n<\/div>\n<div class=\"bs-block-video__container\">\n<p class=\"codex-caption codex-caption--small\">Capital registra tarde mais quente desde o ver\u00e3o, com 32,7\u00b0C; domingo ter\u00e1 queda brusca<\/p>\n<\/div>\n<\/div>\n<\/div>\n<\/div>\n<div id=\"chunk-875qp\">\n<div class=\"mc-column content-text active-extra-styles \" data-block-type=\"unstyled\" data-block-weight=\"45\" data-block-id=\"3\">\n<p class=\" content-text__container \" data-track-category=\"Link no Texto\" data-track-links=\"\" data-mrf-recirculation=\"Mat\u00e9ria - Links no Texto\">A cidade de\u00a0<a class=\"\" href=\"https:\/\/g1.globo.com\/sp\/sao-paulo\/cidade\/sao-paulo\/\" data-mrf-link=\"https:\/\/g1.globo.com\/sp\/sao-paulo\/cidade\/sao-paulo\/\">S\u00e3o Paulo<\/a>\u00a0registrou nesta sexta-feira (22) a tarde mais quente desde o ver\u00e3o, com m\u00e1xima de 32,7\u00baC, segundo dados do Instituto Nacional de Meteorologia (<a class=\"\" href=\"https:\/\/g1.globo.com\/tudo-sobre\/inmet\/\" data-mrf-link=\"https:\/\/g1.globo.com\/tudo-sobre\/inmet\/\">Inmet<\/a>).\u00a0<span class=\"highlight highlighted\">A temperatura ficou cerca de oito graus acima da m\u00e9dia hist\u00f3rica do m\u00eas, que \u00e9 de 24,5\u00baC.<\/span><\/p>\n<\/div>\n<\/div>\n<div class=\"wall protected-content\">\n<div id=\"chunk-8vfs2\">\n<div class=\"mc-column content-text active-extra-styles\" data-block-type=\"raw\" data-block-weight=\"45\" data-block-id=\"5\">\n<blockquote class=\"content-blockquote theme-border-color-primary-before\"><p>Para este s\u00e1bado (23), a previs\u00e3o indica que a capital deve alcan\u00e7ar 32\u00baC, mantendo o calor acima do normal para agosto. Mas, no domingo, uma nova massa de ar frio deve avan\u00e7ar pelo Sul e chegar ao Sudeste, derrubando as temperaturas (confira a previs\u00e3o abaixo).<\/p><\/blockquote>\n<\/div>\n<\/div>\n<div id=\"chunk-kokt\">\n<div class=\"mc-column content-text active-extra-styles \" data-block-type=\"unstyled\" data-block-weight=\"16\" data-block-id=\"8\">\n<p class=\" content-text__container \" data-track-category=\"Link no Texto\" data-track-links=\"\" data-mrf-recirculation=\"Mat\u00e9ria - Links no Texto\">O Inmet aponta varia\u00e7\u00f5es significativas de temperatura na cidade no in\u00edcio da noite desta sexta.<\/p>\n<\/div>\n<\/div>\n<div id=\"chunk-ba8p5\">\n<div class=\"mc-column content-text active-extra-styles \" data-block-type=\"unstyled\" data-block-weight=\"39\" data-block-id=\"9\">\n<p class=\" content-text__container \" data-track-category=\"Link no Texto\" data-track-links=\"\" data-mrf-recirculation=\"Mat\u00e9ria - Links no Texto\">Por volta das 19h, na Zona Norte, em Santana, os term\u00f4metros ainda registram 29\u00baC, enquanto no extremo Sul, em Engenheiro Marsilac, a temperatura caiu para 19\u00baC. At\u00e9 o fim da noite, a regi\u00e3o Sul pode registrar m\u00ednimas de 14\u00baC.<\/p>\n<\/div>\n<\/div>\n<div id=\"chunk-3ff12\">\n<div class=\"mc-column content-text active-extra-styles \" data-block-type=\"unstyled\" data-block-weight=\"14\" data-block-id=\"10\">\n<p class=\" content-text__container \" data-track-category=\"Link no Texto\" data-track-links=\"\" data-mrf-recirculation=\"Mat\u00e9ria - Links no Texto\">O s\u00e1bado continuar\u00e1 com calor intenso e tempo aberto em boa parte da cidade.<\/p>\n<\/div>\n<\/div>\n<div id=\"chunk-6hvbl\">\n<div class=\"row medium-uncollapsed content-media content-photo\" data-block-type=\"backstage-photo\" data-block-id=\"11\">\n<div class=\" mc-column  content-media__container\">\n<div class=\"content-media-container glb-skeleton-box\">\n<figure class=\"content-media-figure\"><img decoding=\"async\" class=\"i-amphtml-fill-content i-amphtml-replaced-content\" src=\"https:\/\/s2-g1.glbimg.com\/p-QzRpoPu0wSO3yS9xkatFm6f7U=\/0x0:3000x2000\/984x0\/smart\/filters:strip_icc()\/i.s3.glbimg.com\/v1\/AUTH_59edd422c0c84a879bd37670ae4f538a\/internal_photos\/bs\/2025\/q\/D\/2LxF5FSguzq2cCOKiPNg\/ato20250822089.jpg\" sizes=\"(max-width: 1600px) 648px, 100vw\" srcset=\"https:\/\/s2-g1.glbimg.com\/DS98NjSJF4Egcm8oHU6svrO5uNU=\/0x0:3000x2000\/1000x0\/smart\/filters:strip_icc()\/i.s3.glbimg.com\/v1\/AUTH_59edd422c0c84a879bd37670ae4f538a\/internal_photos\/bs\/2025\/q\/D\/2LxF5FSguzq2cCOKiPNg\/ato20250822089.jpg 1000w, https:\/\/s2-g1.glbimg.com\/p-QzRpoPu0wSO3yS9xkatFm6f7U=\/0x0:3000x2000\/984x0\/smart\/filters:strip_icc()\/i.s3.glbimg.com\/v1\/AUTH_59edd422c0c84a879bd37670ae4f538a\/internal_photos\/bs\/2025\/q\/D\/2LxF5FSguzq2cCOKiPNg\/ato20250822089.jpg 984w, https:\/\/s2-g1.glbimg.com\/1RMa_LmJhuN-GuxLMcY5Kk2TsSI=\/0x0:3000x2000\/640x0\/smart\/filters:strip_icc()\/i.s3.glbimg.com\/v1\/AUTH_59edd422c0c84a879bd37670ae4f538a\/internal_photos\/bs\/2025\/q\/D\/2LxF5FSguzq2cCOKiPNg\/ato20250822089.jpg 640w, https:\/\/s2-g1.glbimg.com\/a00gLmBk83jeAWQrMbSVfyw9oTM=\/0x0:3000x2000\/600x0\/smart\/filters:strip_icc()\/i.s3.glbimg.com\/v1\/AUTH_59edd422c0c84a879bd37670ae4f538a\/internal_photos\/bs\/2025\/q\/D\/2LxF5FSguzq2cCOKiPNg\/ato20250822089.jpg 600w\" alt=\"Pedestres circulam pela Avenida Paulista, regi\u00e3o Centro de SP \u2014 Foto: Jonathan Carias\/Ato Press\/Estad\u00e3o Conte\u00fado\" \/><\/figure>\n<\/div>\n<p class=\"content-media__description  \">Pedestres circulam pela Avenida Paulista, regi\u00e3o Centro de SP \u2014 Foto: Jonathan Carias\/Ato Press\/Estad\u00e3o Conte\u00fado<\/p>\n<\/div>\n<\/div>\n<\/div>\n<div id=\"chunk-551c6\">\n<div class=\"mc-column content-text active-extra-styles\" data-block-type=\"raw\" data-block-weight=\"2\" data-block-id=\"12\">\n<div class=\"content-intertitle\">\n<h2>S\u00e1bado (23)<\/h2>\n<\/div>\n<\/div>\n<\/div>\n<div id=\"chunk-3fa9g\">\n<div class=\"mc-column content-text active-extra-styles\" data-block-type=\"raw\" data-block-weight=\"4\" data-block-id=\"13\">\n<ul class=\"content-unordered-list\">\n<li><strong>M\u00e1xima:<\/strong>\u00a032\u00baC<\/li>\n<li><strong>M\u00ednima:<\/strong>\u00a018\u00baC<\/li>\n<\/ul>\n<\/div>\n<\/div>\n<div id=\"chunk-dafgl\">\n<div class=\"mc-column content-text active-extra-styles\" data-block-type=\"raw\" data-block-weight=\"2\" data-block-id=\"14\">\n<div class=\"content-intertitle\">\n<h2>Domingo (24)<\/h2>\n<\/div>\n<\/div>\n<\/div>\n<div id=\"chunk-7335f\">\n<div class=\"mc-column content-text active-extra-styles\" data-block-type=\"raw\" data-block-weight=\"4\" data-block-id=\"15\">\n<ul class=\"content-unordered-list\">\n<li><strong>M\u00e1xima:\u00a0<\/strong>21\u00baC<\/li>\n<li><strong>M\u00ednima:\u00a0<\/strong>15\u00baC<\/li>\n<\/ul>\n<\/div>\n<\/div>\n<div id=\"chunk-bjfeq\">\n<div class=\"mc-column content-text active-extra-styles\" data-block-type=\"raw\" data-block-weight=\"1\" data-block-id=\"16\">\n<div class=\"content-intertitle\">\n<h2>&#8220;Veranico&#8221;<\/h2>\n<\/div>\n<\/div>\n<\/div>\n<div id=\"chunk-e9r9c\">\n<div class=\"mc-column content-text active-extra-styles \" data-block-type=\"unstyled\" data-block-weight=\"33\" data-block-id=\"17\">\n<p class=\" content-text__container \" data-track-category=\"Link no Texto\" data-track-links=\"\" data-mrf-recirculation=\"Mat\u00e9ria - Links no Texto\">A atua\u00e7\u00e3o de uma\u00a0<strong>massa de ar seco<\/strong> sobre grande parte do Brasil deu in\u00edcio a um per\u00edodo de &#8220;veranico&#8221; que deve se estender por v\u00e1rios estados e elevar as temperaturas no pa\u00eds.<\/p>\n<\/div>\n<\/div>\n<div id=\"chunk-bc9te\">\n<div class=\"mc-column content-text active-extra-styles \" data-block-type=\"unstyled\" data-block-weight=\"36\" data-block-id=\"19\">\n<p class=\" content-text__container \" data-track-category=\"Link no Texto\" data-track-links=\"\" data-mrf-recirculation=\"Mat\u00e9ria - Links no Texto\">\u2600\ufe0f<strong>ENTENDA:\u00a0<\/strong>Veranicos s\u00e3o per\u00edodos de\u00a0<strong>mais de quatro dias quentes durante o inverno ou o outono<\/strong>. S\u00e3o dias de temperatura acima de m\u00e9dia,\u00a0<strong>tempo seco<\/strong>\u00a0e\u00a0<strong>pouca chuva<\/strong>. Esses eventos n\u00e3o necessariamente configuram ondas de calor.<\/p>\n<\/div>\n<\/div>\n<div id=\"chunk-4gpus\">\n<div class=\"mc-column content-text active-extra-styles \" data-block-type=\"unstyled\" data-block-weight=\"17\" data-block-id=\"20\">\n<p class=\" content-text__container \" data-track-category=\"Link no Texto\" data-track-links=\"\" data-mrf-recirculation=\"Mat\u00e9ria - Links no Texto\">C\u00e9sar Soares, meteorologista da Climatempo, explica que essa condi\u00e7\u00e3o \u00e9 relativamente comum em alguns per\u00edodos do inverno.<\/p>\n<\/div>\n<\/div>\n<div id=\"chunk-af11t\">\n<div class=\"mc-column content-text active-extra-styles\" data-block-type=\"raw\" data-block-weight=\"48\" data-block-id=\"21\">\n<blockquote class=\"content-blockquote theme-border-color-primary-before\"><p>&#8220;A presen\u00e7a dessa grande massa de ar seco nas \u00e1reas centrais do Brasil \u00e9 uma situa\u00e7\u00e3o relativamente comum em alguns per\u00edodos do inverno. E na condi\u00e7\u00e3o atual que n\u00f3s temos, essa massa de ar seco tamb\u00e9m faz com que a gente tenha temperaturas mais altas, bastante calor&#8221;, destaca.<\/p><\/blockquote>\n<\/div>\n<\/div>\n<div id=\"chunk-bt3k0\">\n<div class=\"row medium-uncollapsed content-media content-photo\" data-block-type=\"backstage-photo\" data-block-id=\"22\">\n<div class=\" mc-column  content-media__container\">\n<div class=\"content-media-container glb-skeleton-box\">\n<figure class=\"content-media-figure\"><img decoding=\"async\" class=\"i-amphtml-fill-content i-amphtml-replaced-content\" src=\"https:\/\/s2-g1.glbimg.com\/HtiV3fPI2YGLLtb9sYOcwJnn4FU=\/0x0:1200x1715\/984x0\/smart\/filters:strip_icc()\/i.s3.glbimg.com\/v1\/AUTH_59edd422c0c84a879bd37670ae4f538a\/internal_photos\/bs\/2025\/N\/1\/sglU9ASiav5gEIKbBhNA\/veranico-novo.png\" sizes=\"(max-width: 1600px) 648px, 100vw\" srcset=\"https:\/\/s2-g1.glbimg.com\/lkrlAavH-4YeVTnbwWF1dhlUkRQ=\/0x0:1200x1715\/1000x0\/smart\/filters:strip_icc()\/i.s3.glbimg.com\/v1\/AUTH_59edd422c0c84a879bd37670ae4f538a\/internal_photos\/bs\/2025\/N\/1\/sglU9ASiav5gEIKbBhNA\/veranico-novo.png 1000w, https:\/\/s2-g1.glbimg.com\/HtiV3fPI2YGLLtb9sYOcwJnn4FU=\/0x0:1200x1715\/984x0\/smart\/filters:strip_icc()\/i.s3.glbimg.com\/v1\/AUTH_59edd422c0c84a879bd37670ae4f538a\/internal_photos\/bs\/2025\/N\/1\/sglU9ASiav5gEIKbBhNA\/veranico-novo.png 984w, https:\/\/s2-g1.glbimg.com\/jLqF23pNLVwq3_L2HguUa3Rfjf0=\/0x0:1200x1715\/640x0\/smart\/filters:strip_icc()\/i.s3.glbimg.com\/v1\/AUTH_59edd422c0c84a879bd37670ae4f538a\/internal_photos\/bs\/2025\/N\/1\/sglU9ASiav5gEIKbBhNA\/veranico-novo.png 640w, https:\/\/s2-g1.glbimg.com\/0HXuFDlYycBzQTVBGRRQrebPXYw=\/0x0:1200x1715\/600x0\/smart\/filters:strip_icc()\/i.s3.glbimg.com\/v1\/AUTH_59edd422c0c84a879bd37670ae4f538a\/internal_photos\/bs\/2025\/N\/1\/sglU9ASiav5gEIKbBhNA\/veranico-novo.png 600w\" alt=\"Terceiro veranico do ano. \u2014 Foto: Gui Sousa\/Arte g1\" \/><\/figure>\n<\/div>\n<p class=\"content-media__description  \">Terceiro veranico do ano. \u2014 Foto: Gui Sousa\/Arte g1<\/p>\n<\/div>\n<\/div>\n<\/div>\n<div id=\"chunk-63g5a\">\n<div class=\"row medium-uncollapsed content-media content-photo\" data-block-type=\"backstage-photo\" data-block-id=\"25\">\n<div class=\" mc-column  content-media__container\">\n<div class=\"content-media-container glb-skeleton-box\">\n<figure class=\"content-media-figure\"><img decoding=\"async\" class=\"i-amphtml-fill-content i-amphtml-replaced-content\" src=\"https:\/\/s2-g1.glbimg.com\/co1IBK2DRtRd5cKlROZotgBj3OY=\/0x0:551x659\/984x0\/smart\/filters:strip_icc()\/i.s3.glbimg.com\/v1\/AUTH_59edd422c0c84a879bd37670ae4f538a\/internal_photos\/bs\/2025\/O\/W\/XRJU6iTl6lAxn6EDAgfg\/captura-de-tela-2025-08-19-091731.png\" sizes=\"(max-width: 1600px) 648px, 100vw\" srcset=\"https:\/\/s2-g1.glbimg.com\/Js_I-FCnKq1mFvwmMEkQXCPPdKU=\/0x0:551x659\/1000x0\/smart\/filters:strip_icc()\/i.s3.glbimg.com\/v1\/AUTH_59edd422c0c84a879bd37670ae4f538a\/internal_photos\/bs\/2025\/O\/W\/XRJU6iTl6lAxn6EDAgfg\/captura-de-tela-2025-08-19-091731.png 1000w, https:\/\/s2-g1.glbimg.com\/co1IBK2DRtRd5cKlROZotgBj3OY=\/0x0:551x659\/984x0\/smart\/filters:strip_icc()\/i.s3.glbimg.com\/v1\/AUTH_59edd422c0c84a879bd37670ae4f538a\/internal_photos\/bs\/2025\/O\/W\/XRJU6iTl6lAxn6EDAgfg\/captura-de-tela-2025-08-19-091731.png 984w, https:\/\/s2-g1.glbimg.com\/9odvQ0Wgr46ti0Cwuht7AQY3g-k=\/0x0:551x659\/640x0\/smart\/filters:strip_icc()\/i.s3.glbimg.com\/v1\/AUTH_59edd422c0c84a879bd37670ae4f538a\/internal_photos\/bs\/2025\/O\/W\/XRJU6iTl6lAxn6EDAgfg\/captura-de-tela-2025-08-19-091731.png 640w, https:\/\/s2-g1.glbimg.com\/pmRON4mf50RSwfVIwsEhj8wjPqg=\/0x0:551x659\/600x0\/smart\/filters:strip_icc()\/i.s3.glbimg.com\/v1\/AUTH_59edd422c0c84a879bd37670ae4f538a\/internal_photos\/bs\/2025\/O\/W\/XRJU6iTl6lAxn6EDAgfg\/captura-de-tela-2025-08-19-091731.png 600w\" alt=\"Previs\u00e3o de chuva acumulada (18 de agosto a 25 de agosto de 2025). \u2014 Foto: Inmet\/Reprodu\u00e7\u00e3o\" \/><\/figure>\n<\/div>\n<p class=\"content-media__description  \">Previs\u00e3o de chuva acumulada (18 de agosto a 25 de agosto de 2025). \u2014 Foto: Inmet\/Reprodu\u00e7\u00e3o<\/p>\n<\/div>\n<\/div>\n<\/div>\n<div id=\"chunk-ft87f\">\n<div class=\"row medium-uncollapsed content-media content-photo\" data-block-type=\"backstage-photo\" data-block-id=\"26\">\n<div class=\" mc-column  content-media__container\">\n<div class=\"content-media-container glb-skeleton-box\">\n<figure class=\"content-media-figure\"><img decoding=\"async\" class=\"i-amphtml-fill-content i-amphtml-replaced-content\" src=\"https:\/\/s2-g1.glbimg.com\/CIbppLUM8SnMVKPnHnE34ZuM3e8=\/0x0:6000x4000\/984x0\/smart\/filters:strip_icc()\/i.s3.glbimg.com\/v1\/AUTH_59edd422c0c84a879bd37670ae4f538a\/internal_photos\/bs\/2025\/Z\/A\/rcVCZtQ1aL6ZernyiV7A\/calorff-3.jpg\" sizes=\"(max-width: 1600px) 648px, 100vw\" srcset=\"https:\/\/s2-g1.glbimg.com\/i98NlB-aJoyXl56f4F4WSOkNN38=\/0x0:6000x4000\/1000x0\/smart\/filters:strip_icc()\/i.s3.glbimg.com\/v1\/AUTH_59edd422c0c84a879bd37670ae4f538a\/internal_photos\/bs\/2025\/Z\/A\/rcVCZtQ1aL6ZernyiV7A\/calorff-3.jpg 1000w, https:\/\/s2-g1.glbimg.com\/CIbppLUM8SnMVKPnHnE34ZuM3e8=\/0x0:6000x4000\/984x0\/smart\/filters:strip_icc()\/i.s3.glbimg.com\/v1\/AUTH_59edd422c0c84a879bd37670ae4f538a\/internal_photos\/bs\/2025\/Z\/A\/rcVCZtQ1aL6ZernyiV7A\/calorff-3.jpg 984w, https:\/\/s2-g1.glbimg.com\/mzLIbcNbaQFnw1jMdAGEfwnOWMA=\/0x0:6000x4000\/640x0\/smart\/filters:strip_icc()\/i.s3.glbimg.com\/v1\/AUTH_59edd422c0c84a879bd37670ae4f538a\/internal_photos\/bs\/2025\/Z\/A\/rcVCZtQ1aL6ZernyiV7A\/calorff-3.jpg 640w, https:\/\/s2-g1.glbimg.com\/2eF-De6L_x-3xnAcoRG-sasXD_Y=\/0x0:6000x4000\/600x0\/smart\/filters:strip_icc()\/i.s3.glbimg.com\/v1\/AUTH_59edd422c0c84a879bd37670ae4f538a\/internal_photos\/bs\/2025\/Z\/A\/rcVCZtQ1aL6ZernyiV7A\/calorff-3.jpg 600w\" alt=\"20\/02\/2025 \u2013 Pessoas se protegem do sol na regi\u00e3o central da cidade do Rio de Janeiro. \u2014 Foto: Fernando Fraz\u00e3o\/Ag\u00eancia Brasil\" \/><\/figure>\n<\/div>\n<p class=\"content-media__description  \">20\/02\/2025 \u2013 Pessoas se protegem do sol na regi\u00e3o central da cidade do Rio de Janeiro. \u2014 Foto: Fernando Fraz\u00e3o\/Ag\u00eancia Brasil<\/p>\n<\/div>\n<\/div>\n<\/div>\n<div id=\"chunk-egdjp\">\n<div class=\"content-ads content-ads--reveal\" data-block-type=\"ads\" data-block-id=\"27\">\n<div id=\"banner_materia__c5966285-5034-4168-86b8-a89368b09e37\" class=\"tag-manager-publicidade-container tag-manager-publicidade-banner_materia__c5966285-5034-4168-86b8-a89368b09e37 tag-manager-publicidade-container--carregado tag-manager-publicidade-container--visivel\" data-google-query-id=\"CMq42-iApo8DFaRg3QIdXnwJzw\">Fonte: G1<\/div>\n<\/div>\n<\/div>\n<\/div>\n<\/article>\n<\/div>\n","protected":false},"excerpt":{"rendered":"<p>Cidade de SP registra tarde mais quente desde o ver\u00e3o, com 32,7\u00b0C; domingo ter\u00e1 queda brusca O s\u00e1bado (23) continuar\u00e1<\/p>\n","protected":false},"author":1,"featured_media":9993,"comment_status":"open","ping_status":"open","sticky":false,"template":"","format":"standard","meta":{"colormag_page_container_layout":"default_layout","colormag_page_sidebar_layout":"default_layout","footnotes":""},"categories":[1],"tags":[],"class_list":["post-9981","post","type-post","status-publish","format-standard","has-post-thumbnail","hentry","category-geral"],"_links":{"self":[{"href":"http:\/\/metropoleemfoco.com.br\/index.php?rest_route=\/wp\/v2\/posts\/9981","targetHints":{"allow":["GET"]}}],"collection":[{"href":"http:\/\/metropoleemfoco.com.br\/index.php?rest_route=\/wp\/v2\/posts"}],"about":[{"href":"http:\/\/metropoleemfoco.com.br\/index.php?rest_route=\/wp\/v2\/types\/post"}],"author":[{"embeddable":true,"href":"http:\/\/metropoleemfoco.com.br\/index.php?rest_route=\/wp\/v2\/users\/1"}],"replies":[{"embeddable":true,"href":"http:\/\/metropoleemfoco.com.br\/index.php?rest_route=%2Fwp%2Fv2%2Fcomments&post=9981"}],"version-history":[{"count":1,"href":"http:\/\/metropoleemfoco.com.br\/index.php?rest_route=\/wp\/v2\/posts\/9981\/revisions"}],"predecessor-version":[{"id":9994,"href":"http:\/\/metropoleemfoco.com.br\/index.php?rest_route=\/wp\/v2\/posts\/9981\/revisions\/9994"}],"wp:featuredmedia":[{"embeddable":true,"href":"http:\/\/metropoleemfoco.com.br\/index.php?rest_route=\/wp\/v2\/media\/9993"}],"wp:attachment":[{"href":"http:\/\/metropoleemfoco.com.br\/index.php?rest_route=%2Fwp%2Fv2%2Fmedia&parent=9981"}],"wp:term":[{"taxonomy":"category","embeddable":true,"href":"http:\/\/metropoleemfoco.com.br\/index.php?rest_route=%2Fwp%2Fv2%2Fcategories&post=9981"},{"taxonomy":"post_tag","embeddable":true,"href":"http:\/\/metropoleemfoco.com.br\/index.php?rest_route=%2Fwp%2Fv2%2Ftags&post=9981"}],"curies":[{"name":"wp","href":"https:\/\/api.w.org\/{rel}","templated":true}]}}