{"id":9860,"date":"2025-08-07T06:56:38","date_gmt":"2025-08-07T09:56:38","guid":{"rendered":"https:\/\/metropoleemfoco.com.br\/?p=9860"},"modified":"2025-08-07T06:56:38","modified_gmt":"2025-08-07T09:56:38","slug":"palmeiras-x-corinthians-como-o-futebol-uniu-os-irmaos-mauricio-e-yuri-alberto-rivais-no-derbi","status":"publish","type":"post","link":"http:\/\/metropoleemfoco.com.br\/?p=9860","title":{"rendered":"Palmeiras x Corinthians: como o futebol uniu os &#8220;irm\u00e3os&#8221; Maur\u00edcio e Yuri Alberto, rivais no D\u00e9rbi"},"content":{"rendered":"<div class=\"row content-head non-featured \">\n<div class=\"title\" data-block-type=\"title\" data-block-id=\"0\">\n<h1 class=\"content-head__title\">Palmeiras x Corinthians: como o futebol uniu os &#8220;irm\u00e3os&#8221; Maur\u00edcio e Yuri Alberto, rivais no D\u00e9rbi<\/h1>\n<\/div>\n<div class=\"medium-centered subtitle\">\n<h2 class=\"content-head__subtitle\">Amigos, atacantes rivais s\u00e3o candidatos a protagonistas no cl\u00e1ssico desta noite, \u00e0s 21h30 (de Bras\u00edlia), que decide vaga nas quartas de final da Copa do Brasil<\/h2>\n<\/div>\n<\/div>\n<div><\/div>\n<div class=\"content__signa-share\">\n<div class=\"content__signature\">\n<div class=\"content-publication-data\">\n<div class=\"content-publication-data__text\">\n<p class=\"content-publication-data__from\" title=\"Laura Fonseca e Yago Rud\u00e1\">Por Laura Fonseca e Yago Rud\u00e1\u00a0\u2014 S\u00e3o Paulo<\/p>\n<\/div>\n<\/div>\n<\/div>\n<div class=\"content__share-bar content__share-bar--cloned\" data-position=\"upper\"><\/div>\n<\/div>\n<hr class=\"content__divider \" \/>\n<div class=\"summary-section\"><\/div>\n<div class=\"mc-article-body\">\n<article>\n<div id=\"chunk-av1q5\">\n<div class=\"cxm-video-block mc-column  content-media content-video\" data-block-type=\"backstage-video\" data-block-id=\"1\">\n<div class=\"content-media__container\">\n<div class=\"content-video__bigger-player-description-fixer\">\n<article class=\"content-video\">\n<section class=\"content-video__video-container\">\n<div class=\"content-video__video\">\n<div class=\"content-video__placeholder\" data-video-id=\"13817852\"><img decoding=\"async\" class=\"content-video__placeholder__thumb\" title=\"Confrontos da Copa do Brasil v\u00e3o levar a campo hist\u00f3rias de rivalidade e amizade\" src=\"https:\/\/s01.video.glbimg.com\/x240\/13817852.jpg\" alt=\"Confrontos da Copa do Brasil v\u00e3o levar a campo hist\u00f3rias de rivalidade e amizade\" \/><\/div>\n<\/div>\n<\/section>\n<\/article>\n<\/div>\n<div class=\"bs-block-video__container\">\n<p class=\"codex-caption codex-caption--small\">Confrontos da Copa do Brasil v\u00e3o levar a campo hist\u00f3rias de rivalidade e amizade<\/p>\n<\/div>\n<\/div>\n<\/div>\n<\/div>\n<div id=\"chunk-5v37a\">\n<div class=\"mc-column content-text active-extra-styles \" data-block-type=\"unstyled\" data-block-weight=\"55\" data-block-id=\"3\">\n<p class=\" content-text__container \" data-track-category=\"Link no Texto\" data-track-links=\"\" data-mrf-recirculation=\"Artigo - Link no Texto\">Nesta quarta-feira, a partir das 21h30 (hor\u00e1rio de Bras\u00edlia), Palmeiras e\u00a0<a class=\"\" href=\"https:\/\/globoesporte.globo.com\/futebol\/times\/corinthians\/\" data-mrf-link=\"https:\/\/globoesporte.globo.com\/futebol\/times\/corinthians\/\">Corinthians<\/a> decidem no Allianz Parque uma vaga nas quartas de final da Copa do Brasil. O confronto coloca frente a frente dois dos maiores rivais do futebol brasileiro e tamb\u00e9m marcar\u00e1 o embate de grandes amigos fora das quatro linhas: Yuri Alberto e Maur\u00edcio.<\/p>\n<\/div>\n<\/div>\n<div class=\"wall protected-content\">\n<div id=\"chunk-9q29c\">\n<div class=\"cxm-video-block mc-column  content-media content-video\" data-block-type=\"backstage-video\" data-block-id=\"5\">\n<div class=\"content-media__container\">\n<div class=\"content-video__bigger-player-description-fixer\">\n<article class=\"content-video\">\n<section class=\"content-video__video-container\">\n<div class=\"content-video__video\">\n<div class=\"content-video__placeholder\" data-video-id=\"13817889\"><img decoding=\"async\" class=\"content-video__placeholder__thumb\" title=\"Yuri Alberto, do Corinthians, fala sobre amizade com Maur\u00edcio, do Palmeiras\" src=\"https:\/\/s02.video.glbimg.com\/x240\/13817889.jpg\" alt=\"Yuri Alberto, do Corinthians, fala sobre amizade com Maur\u00edcio, do Palmeiras\" \/><\/div>\n<\/div>\n<\/section>\n<\/article>\n<\/div>\n<div class=\"bs-block-video__container\">\n<p class=\"codex-caption codex-caption--small\">Yuri Alberto, do Corinthians, fala sobre amizade com Maur\u00edcio, do Palmeiras<\/p>\n<\/div>\n<\/div>\n<\/div>\n<\/div>\n<div id=\"chunk-1a470\">\n<div class=\"mc-column content-text active-extra-styles \" data-block-type=\"unstyled\" data-block-weight=\"38\" data-block-id=\"7\">\n<p class=\" content-text__container \" data-track-category=\"Link no Texto\" data-track-links=\"\" data-mrf-recirculation=\"Artigo - Link no Texto\">Embora sejam de cidades diferentes e tenham tido forma\u00e7\u00f5es distintas nas categorias de base, os atacantes de\u00a0<a class=\"\" href=\"https:\/\/globoesporte.globo.com\/futebol\/times\/corinthians\/\" data-mrf-link=\"https:\/\/globoesporte.globo.com\/futebol\/times\/corinthians\/\">Corinthians<\/a> e Palmeiras s\u00e3o amigos desde o in\u00edcio da adolesc\u00eancia, quando defenderam juntos as cores da sele\u00e7\u00e3o brasileira das divis\u00f5es menores.<\/p>\n<\/div>\n<\/div>\n<div id=\"chunk-fkh8d\">\n<div class=\"row medium-uncollapsed content-media content-photo\" data-block-type=\"backstage-photo\" data-block-id=\"9\">\n<div class=\"mc-column content-media__container\">\n<div class=\"content-media-container glb-skeleton-box\">\n<figure class=\"content-media-figure\"><img decoding=\"async\" class=\"i-amphtml-fill-content i-amphtml-replaced-content\" src=\"https:\/\/s2-ge.glbimg.com\/sWkRqsu6u2rkGfQlqLxBeXzCh54=\/0x0:607x338\/984x0\/smart\/filters:strip_icc()\/i.s3.glbimg.com\/v1\/AUTH_bc8228b6673f488aa253bbcb03c80ec5\/internal_photos\/bs\/2025\/f\/c\/aasFCFThStEqMB1k9Lyw\/mauricio-yuri.jpg\" sizes=\"(max-width: 1440px) 648px, 100vw\" srcset=\"https:\/\/s2-ge.glbimg.com\/h-dhn0E_cN_v6dUMZv6Ev62M2DY=\/0x0:607x338\/1000x0\/smart\/filters:strip_icc()\/i.s3.glbimg.com\/v1\/AUTH_bc8228b6673f488aa253bbcb03c80ec5\/internal_photos\/bs\/2025\/f\/c\/aasFCFThStEqMB1k9Lyw\/mauricio-yuri.jpg 1000w, https:\/\/s2-ge.glbimg.com\/sWkRqsu6u2rkGfQlqLxBeXzCh54=\/0x0:607x338\/984x0\/smart\/filters:strip_icc()\/i.s3.glbimg.com\/v1\/AUTH_bc8228b6673f488aa253bbcb03c80ec5\/internal_photos\/bs\/2025\/f\/c\/aasFCFThStEqMB1k9Lyw\/mauricio-yuri.jpg 984w, https:\/\/s2-ge.glbimg.com\/GzJL0bEPh0lGQbNM8MaeWJkEPRs=\/0x0:607x338\/640x0\/smart\/filters:strip_icc()\/i.s3.glbimg.com\/v1\/AUTH_bc8228b6673f488aa253bbcb03c80ec5\/internal_photos\/bs\/2025\/f\/c\/aasFCFThStEqMB1k9Lyw\/mauricio-yuri.jpg 640w, https:\/\/s2-ge.glbimg.com\/i0Fho7zu8ifIXFOrmGWnXpRpleQ=\/0x0:607x338\/600x0\/smart\/filters:strip_icc()\/i.s3.glbimg.com\/v1\/AUTH_bc8228b6673f488aa253bbcb03c80ec5\/internal_photos\/bs\/2025\/f\/c\/aasFCFThStEqMB1k9Lyw\/mauricio-yuri.jpg 600w\" alt=\"Maur\u00edcio e Yuri Alberto se abra\u00e7am antes de a bola rolar para Corinthians e Palmeiras na Neo Qu\u00edmica Arena \u2014 Foto: Reprodu\u00e7\u00e3o\/ TV Globo\" \/><\/figure>\n<\/div>\n<p class=\"codex-caption \">Maur\u00edcio e Yuri Alberto se abra\u00e7am antes de a bola rolar para Corinthians e Palmeiras na Neo Qu\u00edmica Arena \u2014 Foto: Reprodu\u00e7\u00e3o\/ TV Globo<\/p>\n<\/div>\n<\/div>\n<\/div>\n<div id=\"chunk-9ce3d\">\n<div class=\"mc-column content-text active-extra-styles \" data-block-type=\"unstyled\" data-block-weight=\"28\" data-block-id=\"10\">\n<p class=\" content-text__container \" data-track-category=\"Link no Texto\" data-track-links=\"\" data-mrf-recirculation=\"Artigo - Link no Texto\">Hoje, apesar do fato de serem rivais no embate da Copa do Brasil, Yuri e Maur\u00edcio s\u00e3o praticamente insepar\u00e1veis quando est\u00e3o longe dos centros de treinamento e est\u00e1dios.<\/p>\n<\/div>\n<\/div>\n<div id=\"chunk-4db8v\">\n<div class=\"mc-column content-text active-extra-styles \" data-block-type=\"unstyled\" data-block-weight=\"39\" data-block-id=\"11\">\n<p class=\" content-text__container \" data-track-category=\"Link no Texto\" data-track-links=\"\" data-mrf-recirculation=\"Artigo - Link no Texto\">\u2013 Meu irm\u00e3oz\u00e3o, gente boa pra caramba! Pegamos\u00a0Sele\u00e7\u00e3o juntos no sub-15, sub-17, sub-20 e depois jogamos juntos no Inter \u2013 afirmou o camisa 9 do\u00a0<a class=\"\" href=\"https:\/\/globoesporte.globo.com\/futebol\/times\/corinthians\/\" data-mrf-link=\"https:\/\/globoesporte.globo.com\/futebol\/times\/corinthians\/\">Corinthians<\/a>\u00a0ao ser questionado pelo<strong>\u00a0ge<\/strong> se tinha alguma amizade s\u00f3lida constru\u00edda no futebol.<\/p>\n<\/div>\n<\/div>\n<div id=\"chunk-93pdb\">\n<div class=\"mc-column content-text active-extra-styles \" data-block-type=\"unstyled\" data-block-weight=\"48\" data-block-id=\"13\">\n<p class=\" content-text__container \" data-track-category=\"Link no Texto\" data-track-links=\"\" data-mrf-recirculation=\"Artigo - Link no Texto\">A rela\u00e7\u00e3o que come\u00e7ou a ser constru\u00edda nos gramados da Granja Comary, quando ambos defenderam a Amarelinha na base, se fortaleceu em Porto Alegre nas temporadas de 2020 e 2021. Na primeira delas, o Colorado bateu na trave e perdeu o t\u00edtulo do Brasileir\u00e3o por apenas um gol.<\/p>\n<\/div>\n<\/div>\n<div id=\"chunk-7jo7m\">\n<div class=\"row medium-uncollapsed content-media content-photo\" data-block-type=\"backstage-photo\" data-block-id=\"14\">\n<div class=\"mc-column content-media__container\">\n<div class=\"content-media-container glb-skeleton-box\">\n<figure class=\"content-media-figure\"><img decoding=\"async\" class=\"i-amphtml-fill-content i-amphtml-replaced-content\" src=\"https:\/\/s2-ge.glbimg.com\/yBVAfOohqvOQ49KoX-oklxMiPww=\/0x0:750x445\/984x0\/smart\/filters:strip_icc()\/i.s3.glbimg.com\/v1\/AUTH_bc8228b6673f488aa253bbcb03c80ec5\/internal_photos\/bs\/2025\/H\/H\/DzH7a6RLmS2opMLx3xOQ\/yuri-e-mau-1-.webp\" sizes=\"(max-width: 1440px) 648px, 100vw\" srcset=\"https:\/\/s2-ge.glbimg.com\/i-vki98dSz51SXoKCIAzfCN2f4E=\/0x0:750x445\/1000x0\/smart\/filters:strip_icc()\/i.s3.glbimg.com\/v1\/AUTH_bc8228b6673f488aa253bbcb03c80ec5\/internal_photos\/bs\/2025\/H\/H\/DzH7a6RLmS2opMLx3xOQ\/yuri-e-mau-1-.webp 1000w, https:\/\/s2-ge.glbimg.com\/yBVAfOohqvOQ49KoX-oklxMiPww=\/0x0:750x445\/984x0\/smart\/filters:strip_icc()\/i.s3.glbimg.com\/v1\/AUTH_bc8228b6673f488aa253bbcb03c80ec5\/internal_photos\/bs\/2025\/H\/H\/DzH7a6RLmS2opMLx3xOQ\/yuri-e-mau-1-.webp 984w, https:\/\/s2-ge.glbimg.com\/emjeuBPDlMRPS_437hzZ7N13qHQ=\/0x0:750x445\/640x0\/smart\/filters:strip_icc()\/i.s3.glbimg.com\/v1\/AUTH_bc8228b6673f488aa253bbcb03c80ec5\/internal_photos\/bs\/2025\/H\/H\/DzH7a6RLmS2opMLx3xOQ\/yuri-e-mau-1-.webp 640w, https:\/\/s2-ge.glbimg.com\/XtY_cHzn1WiK63huBEBfJ3qzYtw=\/0x0:750x445\/600x0\/smart\/filters:strip_icc()\/i.s3.glbimg.com\/v1\/AUTH_bc8228b6673f488aa253bbcb03c80ec5\/internal_photos\/bs\/2025\/H\/H\/DzH7a6RLmS2opMLx3xOQ\/yuri-e-mau-1-.webp 600w\" alt=\"Maur\u00edcio e Yuri Alberto jogaram juntos por diversas categorias de base da Sele\u00e7\u00e3o \u2014 Foto: Reprodu\u00e7\u00e3o\/ Instagram\" \/><\/figure>\n<\/div>\n<p class=\"codex-caption \">Maur\u00edcio e Yuri Alberto jogaram juntos por diversas categorias de base da Sele\u00e7\u00e3o \u2014 Foto: Reprodu\u00e7\u00e3o\/ Instagram<\/p>\n<\/div>\n<\/div>\n<\/div>\n<div id=\"chunk-c3gc8\">\n<div class=\"mc-column content-text active-extra-styles \" data-block-type=\"unstyled\" data-block-weight=\"47\" data-block-id=\"15\">\n<p class=\" content-text__container \" data-track-category=\"Link no Texto\" data-track-links=\"\" data-mrf-recirculation=\"Artigo - Link no Texto\">Em junho de 2024, quando Yuri Alberto j\u00e1 tinha passado pelo futebol da R\u00fassia, voltado ao Brasil e estava consolidado no\u00a0<a class=\"\" href=\"https:\/\/globoesporte.globo.com\/futebol\/times\/corinthians\/\" data-mrf-link=\"https:\/\/globoesporte.globo.com\/futebol\/times\/corinthians\/\">Corinthians<\/a>, Maur\u00edcio deixou o Inter para assinar com o Palmeiras. Da\u00ed em diante, com os dois trabalhando em S\u00e3o Paulo, os amigos voltaram a se aproximar.<\/p>\n<\/div>\n<\/div>\n<div id=\"chunk-478a9\">\n<div class=\"mc-column content-text active-extra-styles \" data-block-type=\"unstyled\" data-block-weight=\"49\" data-block-id=\"16\">\n<p class=\" content-text__container \" data-track-category=\"Link no Texto\" data-track-links=\"\" data-mrf-recirculation=\"Artigo - Link no Texto\">\u2013 Estamos mais pr\u00f3ximos, nos vimos uma vez, ele foi l\u00e1 em casa e eu fiz um almo\u00e7o. Ali do lado de S\u00e3o Jos\u00e9 dos Campos (cidade onde reside Yuri Alberto) tem uma f\u00e1brica de chocolate. Fomos juntos conhecer, foi super bacana, legal \u2013 revelou o atacante do Tim\u00e3o.<\/p>\n<\/div>\n<\/div>\n<div id=\"chunk-5qk5k\">\n<div class=\"mc-column content-text active-extra-styles \" data-block-type=\"unstyled\" data-block-weight=\"61\" data-block-id=\"18\">\n<p class=\" content-text__container \" data-track-category=\"Link no Texto\" data-track-links=\"\" data-mrf-recirculation=\"Artigo - Link no Texto\">\u2013 \u00c9 uma rela\u00e7\u00e3o muito boa que tenho com ele, temos essa amizade desde a \u00e9poca da sele\u00e7\u00e3o de base. Depois, no Internacional, tamb\u00e9m. \u00c9 claro que pela rivalidade que tem \u00e9 um pouco complicado. Sempre fomos muito amigos, continuaremos sendo, mas \u00e9 um D\u00e9rbi que vem pela frente e espero que a gente saia classificado \u2013 explicou Maur\u00edcio \u00e0 reportagem.<\/p>\n<\/div>\n<\/div>\n<div id=\"chunk-d20g1\">\n<div class=\"row medium-uncollapsed content-media content-photo\" data-block-type=\"backstage-photo\" data-block-id=\"19\">\n<div class=\"mc-column content-media__container\">\n<div class=\"content-media-container glb-skeleton-box\">\n<figure class=\"content-media-figure\"><img decoding=\"async\" class=\"i-amphtml-fill-content i-amphtml-replaced-content\" src=\"https:\/\/s2-ge.glbimg.com\/wSMfLTX7O7mqviEQcYkI012lOtM=\/0x0:750x1003\/984x0\/smart\/filters:strip_icc()\/i.s3.glbimg.com\/v1\/AUTH_bc8228b6673f488aa253bbcb03c80ec5\/internal_photos\/bs\/2025\/G\/e\/Kv8yiIQg60NBtVdN24Zg\/yuri-e-mau-3-1-.jpg\" sizes=\"(max-width: 1440px) 648px, 100vw\" srcset=\"https:\/\/s2-ge.glbimg.com\/QMMGiI8uiNCv67TpLCLMpXSMaqg=\/0x0:750x1003\/1000x0\/smart\/filters:strip_icc()\/i.s3.glbimg.com\/v1\/AUTH_bc8228b6673f488aa253bbcb03c80ec5\/internal_photos\/bs\/2025\/G\/e\/Kv8yiIQg60NBtVdN24Zg\/yuri-e-mau-3-1-.jpg 1000w, https:\/\/s2-ge.glbimg.com\/wSMfLTX7O7mqviEQcYkI012lOtM=\/0x0:750x1003\/984x0\/smart\/filters:strip_icc()\/i.s3.glbimg.com\/v1\/AUTH_bc8228b6673f488aa253bbcb03c80ec5\/internal_photos\/bs\/2025\/G\/e\/Kv8yiIQg60NBtVdN24Zg\/yuri-e-mau-3-1-.jpg 984w, https:\/\/s2-ge.glbimg.com\/oSzP4oy_0jeHsN0WMXqIrMPkX78=\/0x0:750x1003\/640x0\/smart\/filters:strip_icc()\/i.s3.glbimg.com\/v1\/AUTH_bc8228b6673f488aa253bbcb03c80ec5\/internal_photos\/bs\/2025\/G\/e\/Kv8yiIQg60NBtVdN24Zg\/yuri-e-mau-3-1-.jpg 640w, https:\/\/s2-ge.glbimg.com\/hU9Qz-Urh9jB24ULOIoH5Qnt_fs=\/0x0:750x1003\/600x0\/smart\/filters:strip_icc()\/i.s3.glbimg.com\/v1\/AUTH_bc8228b6673f488aa253bbcb03c80ec5\/internal_photos\/bs\/2025\/G\/e\/Kv8yiIQg60NBtVdN24Zg\/yuri-e-mau-3-1-.jpg 600w\" alt=\"Yuri Alberto e Maur\u00edcio no vesti\u00e1rio do Inter \u2014 Foto: Reprodu\u00e7\u00e3o\/ Instagram\" \/><\/figure>\n<\/div>\n<p class=\"codex-caption \">Yuri Alberto e Maur\u00edcio no vesti\u00e1rio do Inter \u2014 Foto: Reprodu\u00e7\u00e3o\/ Instagram<\/p>\n<\/div>\n<\/div>\n<\/div>\n<div id=\"chunk-5ipm8\">\n<div class=\"mc-column content-text active-extra-styles \" data-block-type=\"unstyled\" data-block-weight=\"17\" data-block-id=\"20\">\n<p class=\" content-text__container \" data-track-category=\"Link no Texto\" data-track-links=\"\" data-mrf-recirculation=\"Artigo - Link no Texto\">Nesta noite, a amizade ficar\u00e1 de lado. Isto porque o duelo vale muito para alviverdes e alvinegros.<\/p>\n<\/div>\n<\/div>\n<div id=\"chunk-9eo73\">\n<div class=\"mc-column content-text active-extra-styles \" data-block-type=\"unstyled\" data-block-weight=\"41\" data-block-id=\"21\">\n<p class=\" content-text__container \" data-track-category=\"Link no Texto\" data-track-links=\"\" data-mrf-recirculation=\"Artigo - Link no Texto\">Do lado oeste da cidade, o Palmeiras de Maur\u00edcio tenta se reafirmar na temporada e despachar o rival da Copa do Brasil para apagar a m\u00e1 impress\u00e3o deixada em mar\u00e7o, quando ficou com o vice-campeonato do Paulist\u00e3o na Neo Qu\u00edmica Arena.<\/p>\n<\/div>\n<\/div>\n<div id=\"chunk-d7rjs\">\n<div class=\"mc-column content-text active-extra-styles \" data-block-type=\"unstyled\" data-block-weight=\"53\" data-block-id=\"23\">\n<p class=\" content-text__container \" data-track-category=\"Link no Texto\" data-track-links=\"\" data-mrf-recirculation=\"Artigo - Link no Texto\">Do lado leste da capital paulista, o\u00a0<a class=\"\" href=\"https:\/\/globoesporte.globo.com\/futebol\/times\/corinthians\/\" data-mrf-link=\"https:\/\/globoesporte.globo.com\/futebol\/times\/corinthians\/\">Corinthians<\/a>\u00a0de Yuri Alberto coloca todas suas cartas na mesa para manter vivo o sonho de conseguir mais um t\u00edtulo neste ano. Uma elimina\u00e7\u00e3o no Allianz Parque certamente implantaria uma crise no Parque S\u00e3o Jorge \u00e0s v\u00e9speras da vota\u00e7\u00e3o do impeachment do presidente afastado Augusto Melo.<\/p>\n<\/div>\n<\/div>\n<div id=\"chunk-51h1u\">\n<div class=\"mc-column content-text active-extra-styles \" data-block-type=\"unstyled\" data-block-weight=\"46\" data-block-id=\"24\">\n<p class=\" content-text__container \" data-track-category=\"Link no Texto\" data-track-links=\"\" data-mrf-recirculation=\"Artigo - Link no Texto\">Por ter vencido o jogo de ida, por 1 a 0, o Tim\u00e3o joga por qualquer empate para avan\u00e7ar de fase, enquanto o Palmeiras precisa vencer por dois gols de diferen\u00e7a para se classificar. Uma vit\u00f3ria do Alviverde por um gol resultar\u00e1 em penalidades no D\u00e9rbi.<\/p>\n<p>Fonte: Ge<\/p>\n<\/div>\n<\/div>\n<\/div>\n<\/article>\n<\/div>\n","protected":false},"excerpt":{"rendered":"<p>Palmeiras x Corinthians: como o futebol uniu os &#8220;irm\u00e3os&#8221; Maur\u00edcio e Yuri Alberto, rivais no D\u00e9rbi Amigos, atacantes rivais s\u00e3o<\/p>\n","protected":false},"author":1,"featured_media":9876,"comment_status":"open","ping_status":"open","sticky":false,"template":"","format":"standard","meta":{"colormag_page_container_layout":"default_layout","colormag_page_sidebar_layout":"default_layout","footnotes":""},"categories":[1],"tags":[],"class_list":["post-9860","post","type-post","status-publish","format-standard","has-post-thumbnail","hentry","category-geral"],"_links":{"self":[{"href":"http:\/\/metropoleemfoco.com.br\/index.php?rest_route=\/wp\/v2\/posts\/9860","targetHints":{"allow":["GET"]}}],"collection":[{"href":"http:\/\/metropoleemfoco.com.br\/index.php?rest_route=\/wp\/v2\/posts"}],"about":[{"href":"http:\/\/metropoleemfoco.com.br\/index.php?rest_route=\/wp\/v2\/types\/post"}],"author":[{"embeddable":true,"href":"http:\/\/metropoleemfoco.com.br\/index.php?rest_route=\/wp\/v2\/users\/1"}],"replies":[{"embeddable":true,"href":"http:\/\/metropoleemfoco.com.br\/index.php?rest_route=%2Fwp%2Fv2%2Fcomments&post=9860"}],"version-history":[{"count":1,"href":"http:\/\/metropoleemfoco.com.br\/index.php?rest_route=\/wp\/v2\/posts\/9860\/revisions"}],"predecessor-version":[{"id":9877,"href":"http:\/\/metropoleemfoco.com.br\/index.php?rest_route=\/wp\/v2\/posts\/9860\/revisions\/9877"}],"wp:featuredmedia":[{"embeddable":true,"href":"http:\/\/metropoleemfoco.com.br\/index.php?rest_route=\/wp\/v2\/media\/9876"}],"wp:attachment":[{"href":"http:\/\/metropoleemfoco.com.br\/index.php?rest_route=%2Fwp%2Fv2%2Fmedia&parent=9860"}],"wp:term":[{"taxonomy":"category","embeddable":true,"href":"http:\/\/metropoleemfoco.com.br\/index.php?rest_route=%2Fwp%2Fv2%2Fcategories&post=9860"},{"taxonomy":"post_tag","embeddable":true,"href":"http:\/\/metropoleemfoco.com.br\/index.php?rest_route=%2Fwp%2Fv2%2Ftags&post=9860"}],"curies":[{"name":"wp","href":"https:\/\/api.w.org\/{rel}","templated":true}]}}