{"id":9683,"date":"2025-07-17T08:31:26","date_gmt":"2025-07-17T11:31:26","guid":{"rendered":"https:\/\/metropoleemfoco.com.br\/?p=9683"},"modified":"2025-07-17T11:54:29","modified_gmt":"2025-07-17T14:54:29","slug":"incendio-causa-destruicao-e-morte-em-comunidade-da-zona-norte-de-sp","status":"publish","type":"post","link":"http:\/\/metropoleemfoco.com.br\/?p=9683","title":{"rendered":"Inc\u00eandio causa destrui\u00e7\u00e3o e morte em comunidade da zona norte de SP"},"content":{"rendered":"<div class=\"mc-article-header\">\n<div class=\"row content-head mc-column non-featured \">\n<div class=\"title\" data-block-type=\"title\" data-block-id=\"0\">\n<header class=\"Grid__Col-sc-owmjhw-2 ivaiSK\">\n<div class=\"HeaderNoticiaWrapper-sc-4exe2y-0 bZTBph  colunas-wrapper\">\n<h1 class=\"Text__TextBase-sc-1d75gww-0 TcJvw\">Inc\u00eandio causa destrui\u00e7\u00e3o e morte em comunidade da zona norte de SP<\/h1>\n<h2 class=\"Text__TextBase-sc-1d75gww-0 jhEviD noticiaCabecalho__subtitulo\">Chamas consumiram moradias em comunidade no Parque Novo Mundo, zona norte de SP, mobilizando Corpo de Bombeiros. Uma pessoa morreu<\/h2>\n<div class=\"logo-div-container\">\n<div>\n<div class=\"HeaderNoticiaWrapper__Autor-sc-4exe2y-2 ghxIAK\"><a href=\"https:\/\/www.metropoles.com\/author\/cesar-sacheto\" target=\"_top\" rel=\"author\">Cesar Sacheto<\/a><\/div>\n<\/div>\n<\/div>\n<\/div>\n<\/header>\n<div class=\"Grid__Col-sc-owmjhw-2 cgtvGh\">\n<div class=\"NoticiaInternaWrapper__ImagemDestaque-sc-481g5p-5 bBlNwq\">\n<div class=\"NoticiaInternaWrapper__WrapperShare-sc-481g5p-8 chexJn\">\n<div class=\"NoticiaInternaWrapper__SocialMedias-sc-481g5p-9 cdSKxH\"><a class=\"btn-googleNews\" title=\"Google News - Metr\u00f3poles\" href=\"https:\/\/news.google.com\/publications\/CAAqBwgKMPfq-gowsr7yAg?hl=pt-BR&amp;gl=BR&amp;ceid=BR%3Apt-419\" target=\"_blank\" rel=\"noreferrer noopener\">Google News &#8211; Metr\u00f3poles<\/a><\/div>\n<\/div>\n<div class=\"ImgDestaqueNoticiaWrapper-sc-1frrxvx-0 btGEwY\">\n<div class=\"ImgDestaqueNoticiaWrapper__CreditoImagem-sc-1frrxvx-1 EObEe\"><span class=\"Text__TextBase-sc-1d75gww-0 gWMhxK noticia__imagemDestaque--credito\">Reprodu\u00e7\u00e3o\/Redes Sociais<\/span><\/div>\n<figure class=\"ImgDestaqueNoticiaWrapper__Imagem-sc-1frrxvx-2 ebzoXV\"><img loading=\"lazy\" decoding=\"async\" class=\"imagem__placeholder\" src=\"https:\/\/fly.metroimg.com\/upload\/q_85,w_700\/https:\/\/uploads.metroimg.com\/wp-content\/uploads\/2025\/07\/06142816\/Incendio-destroi-parte-de-comunidade-e-provoca-morte-na-zona-norte-de-Sao-Paulo.jpg\" alt=\"Imagens coloridas mostram chamas altas atr\u00e1s de palmeiras e comunidade sendo destru\u00edda\" width=\"1200\" height=\"801\" data-nimg=\"1\" data-yield-master-placement-inserted=\"\" \/><\/figure>\n<\/div>\n<\/div>\n<div class=\"ConteudoNoticiaWrapper-sc-19fsm27-0 hIDPRr m-content\">\n<div class=\"ConteudoNoticiaWrapper__Artigo-sc-19fsm27-1 RBvex\">\n<p>Um\u00a0<a href=\"https:\/\/www.metropoles.com\/tag\/incendio\" target=\"_blank\" rel=\"noopener\">inc\u00eandio<\/a>\u00a0provocou destrui\u00e7\u00e3o de moradias e uma morte em\u00a0<a href=\"https:\/\/www.metropoles.com\/tag\/comunidade\" target=\"_blank\" rel=\"noopener\">comunidade<\/a>\u00a0localizada na Rua Giuseppe Marino, 75, no Parque Novo Mundo, zona norte de\u00a0<a href=\"https:\/\/www.metropoles.com\/sao-paulo\" target=\"_blank\" rel=\"noopener\">S\u00e3o Paulo<\/a>.<\/p>\n<p data-gtm-vis-recent-on-screen104869357_94=\"3014\" data-gtm-vis-first-on-screen104869357_94=\"3014\" data-gtm-vis-total-visible-time104869357_94=\"100\" data-gtm-vis-has-fired104869357_94=\"1\">A ocorr\u00eancia teve in\u00edcio por volta das 19h30 desse s\u00e1bado (5\/7), quando o\u00a0<a href=\"https:\/\/www.corpodebombeiros.sp.gov.br\/#\/\" target=\"_blank\" rel=\"noopener\">Corpo de Bombeiros<\/a>. Oito viaturas foram mobilizadas para combater fogo mas uma pessoa foi encontrada morta. A v\u00edtima estava carbonizada.<\/p>\n<div class=\"splide-container\">\n<div class=\"pre-slider\">\n<div class=\"splide__arrows\"><\/div>\n<div class=\"splide__first\">\n<div class=\"splide__slide\"><img decoding=\"async\" src=\"https:\/\/i.metroimg.com\/norgmcNDBATHWt6ioH-xGoHIYQAHqW8N7fpX5hsBIi4\/w:600\/q:85\/f:avif\/plain\/2025\/07\/06142816\/Incendio-destroi-parte-de-comunidade-e-provoca-morte-na-zona-norte-de-Sao-Paulo.jpg\" \/><\/div>\n<\/div>\n<div class=\"splide__thumb-list\">\n<div class=\"splide__slide\">\n<div class=\"splide__total-images\">2 imagens<\/div>\n<p><img decoding=\"async\" title=\"Inc\u00eandio destr\u00f3i parte de comunidade e provoca morte na zona norte de S\u00e3o Paulo. Pol\u00edcia foi acionada\" src=\"https:\/\/i.metroimg.com\/5hAGd3Jbu3aYU1cLVf5EFhIgw3QBQv2bTiRddDnvTf8\/w:180\/q:85\/f:avif\/plain\/2025\/07\/06143752\/Incendio-destroi-parte-de-comunidade-e-provoca-morte-na-zona-norte-de-Sao-Paulo.-Policia-foi-acionada.jpg\" alt=\"Inc\u00eandio destr\u00f3i parte de comunidade e provoca morte na zona norte de S\u00e3o Paulo. Pol\u00edcia foi acionada\" \/><\/div>\n<\/div>\n<\/div>\n<\/div>\n<div id=\"m-newsletter\">\n<div class=\"NewsletterFormularioWrapper-sc-1niyai9-0 howlR secondary-theme\">\n<div class=\"NewsletterFormularioWrapper__Label-sc-1niyai9-2 cISnwB\">\n<div class=\"NewsletterFormularioWrapper__LabelContent-sc-1niyai9-4 eidOV newsletter__label-content\">\n<h2 class=\"Text__TextBase-sc-1d75gww-0 dBhKRd\">Receba no seu email as not\u00edcias da editoria Metr\u00f3poles SP<\/h2>\n<p><span class=\"Text__TextBase-sc-1d75gww-0 fxLTUP\">Frequ\u00eancia de envio: Di\u00e1rio<\/span><\/div>\n<\/div>\n<\/div>\n<\/div>\n<hr \/>\n<h3>Inc\u00eandio controlado<\/h3>\n<ul>\n<li>De acordo com a corpora\u00e7\u00e3o, as chamas consumiram 70 metros quadrados de \u00e1rea.<\/li>\n<li>O policiamento da \u00e1rea e a Pol\u00edcia Cient\u00edfica foram acionados, ap\u00f3s a finaliza\u00e7\u00e3o do trabalho dos bombeiros.<\/li>\n<li>A identidade da v\u00edtima n\u00e3o havia sido divulgada at\u00e9 a publica\u00e7\u00e3o desta reportagem.<\/li>\n<\/ul>\n<hr \/>\n<h3>O que diz a Prefeitura de SP<\/h3>\n<p>Em nota enviada ao\u00a0<strong>Metr\u00f3poles<\/strong>, na tarde deste domingo (6\/7), a Secretaria Municipal de Assist\u00eancia e Desenvolvimento Social (<a href=\"https:\/\/prefeitura.sp.gov.br\/web\/assistencia_social\" target=\"_blank\" rel=\"noopener\">SMADS<\/a>) informou que a equipe da Coordena\u00e7\u00e3o de Pronto Atendimento Social (CPAS) atendeu moradores em situa\u00e7\u00e3o de risco ap\u00f3s o inc\u00eandio.<\/p>\n<p>Segundo a pasta, apenas uma moradora aceitou o aux\u00edlio emergencial, recebendo itens como: colch\u00e3o, cobertor, cesta b\u00e1sica e kit de limpeza. \u201cN\u00e3o houve aceite de acolhimento institucional.<\/p>\n<p>Ainda conforme o texto, a Defesa Civil aguarda libera\u00e7\u00e3o da Pol\u00edcia Militar (<a href=\"https:\/\/www.policiamilitar.sp.gov.br\/\" target=\"_blank\" rel=\"noopener\">PM<\/a>) para realizar vistoria t\u00e9cnica. O Centro de Refer\u00eancia de Assist\u00eancia Social (<a href=\"https:\/\/prefeitura.sp.gov.br\/web\/assistencia_social\/w\/protecao_social_basica\/1906\" target=\"_blank\" rel=\"noopener\">CRAS<\/a>) Vila Maria segue dispon\u00edvel para prestar apoio \u00e0s fam\u00edlias atingidas.<\/p>\n<div class=\"m-social-coluna\">\n<p class=\"m-bold\">Receba not\u00edcias de S\u00e3o Paulo no seu WhatsApp e fique por dentro de tudo! Basta acessar o\u00a0<a href=\"https:\/\/whatsapp.com\/channel\/0029VbAXu4EGJP8NCAFUqU1U\" target=\"_blank\" rel=\"noopener\">canal de not\u00edcias do Metr\u00f3poles no WhatsApp<\/a>.<\/p>\n<p class=\"m-bold\">Fique por dentro do que acontece em S\u00e3o Paulo. Siga o\u00a0<a href=\"https:\/\/www.instagram.com\/metropoles.sp\/\" target=\"_blank\" rel=\"noopener\">perfil do Metr\u00f3poles SP no Instagram<\/a>.<\/p>\n<p class=\"m-bold\">Fa\u00e7a uma den\u00fancia ou sugira uma reportagem sobre S\u00e3o Paulo por meio do\u00a0<a title=\"WhatsApp do Metr\u00f3poles SP\" href=\"https:\/\/api.whatsapp.com\/send?phone=5511994677776\" target=\"_blank\" rel=\"noopener\">WhatsApp do Metr\u00f3poles SP: (11) 99467-7776<\/a>.<\/p>\n<p>Fonte: G1<\/p>\n<\/div>\n<\/div>\n<\/div>\n<\/div>\n<\/div>\n<\/div>\n<\/div>\n","protected":false},"excerpt":{"rendered":"<p>Inc\u00eandio causa destrui\u00e7\u00e3o e morte em comunidade da zona norte de SP Chamas consumiram moradias em comunidade no Parque Novo<\/p>\n","protected":false},"author":1,"featured_media":9698,"comment_status":"open","ping_status":"open","sticky":false,"template":"","format":"standard","meta":{"colormag_page_container_layout":"default_layout","colormag_page_sidebar_layout":"default_layout","footnotes":""},"categories":[3,18],"tags":[],"class_list":["post-9683","post","type-post","status-publish","format-standard","has-post-thumbnail","hentry","category-seu-bairro","category-zona-norte"],"_links":{"self":[{"href":"http:\/\/metropoleemfoco.com.br\/index.php?rest_route=\/wp\/v2\/posts\/9683","targetHints":{"allow":["GET"]}}],"collection":[{"href":"http:\/\/metropoleemfoco.com.br\/index.php?rest_route=\/wp\/v2\/posts"}],"about":[{"href":"http:\/\/metropoleemfoco.com.br\/index.php?rest_route=\/wp\/v2\/types\/post"}],"author":[{"embeddable":true,"href":"http:\/\/metropoleemfoco.com.br\/index.php?rest_route=\/wp\/v2\/users\/1"}],"replies":[{"embeddable":true,"href":"http:\/\/metropoleemfoco.com.br\/index.php?rest_route=%2Fwp%2Fv2%2Fcomments&post=9683"}],"version-history":[{"count":1,"href":"http:\/\/metropoleemfoco.com.br\/index.php?rest_route=\/wp\/v2\/posts\/9683\/revisions"}],"predecessor-version":[{"id":9699,"href":"http:\/\/metropoleemfoco.com.br\/index.php?rest_route=\/wp\/v2\/posts\/9683\/revisions\/9699"}],"wp:featuredmedia":[{"embeddable":true,"href":"http:\/\/metropoleemfoco.com.br\/index.php?rest_route=\/wp\/v2\/media\/9698"}],"wp:attachment":[{"href":"http:\/\/metropoleemfoco.com.br\/index.php?rest_route=%2Fwp%2Fv2%2Fmedia&parent=9683"}],"wp:term":[{"taxonomy":"category","embeddable":true,"href":"http:\/\/metropoleemfoco.com.br\/index.php?rest_route=%2Fwp%2Fv2%2Fcategories&post=9683"},{"taxonomy":"post_tag","embeddable":true,"href":"http:\/\/metropoleemfoco.com.br\/index.php?rest_route=%2Fwp%2Fv2%2Ftags&post=9683"}],"curies":[{"name":"wp","href":"https:\/\/api.w.org\/{rel}","templated":true}]}}