{"id":9682,"date":"2025-07-11T12:28:02","date_gmt":"2025-07-11T15:28:02","guid":{"rendered":"https:\/\/metropoleemfoco.com.br\/?p=9682"},"modified":"2025-07-11T12:28:02","modified_gmt":"2025-07-11T15:28:02","slug":"estado-de-sp-registra-aumento-de-90-em-casos-de-hepatite-a-no-1-semestre-veja-como-se-prevenir","status":"publish","type":"post","link":"http:\/\/metropoleemfoco.com.br\/?p=9682","title":{"rendered":"Estado de SP registra aumento de 90% em casos de hepatite A no 1\u00b0 semestre; veja como se prevenir"},"content":{"rendered":"<div class=\"mc-article-header\">\n<div class=\"row content-head mc-column non-featured \">\n<div class=\"title\" data-block-type=\"title\" data-block-id=\"0\">\n<h1 class=\"content-head__title\">Estado de SP registra aumento de 90% em casos de hepatite A no 1\u00b0 semestre; veja como se prevenir<\/h1>\n<\/div>\n<div class=\"medium-centered subtitle\">\n<h2 class=\"content-head__subtitle\">A vacina\u00e7\u00e3o \u00e9 a principal forma de preven\u00e7\u00e3o contra a doen\u00e7a. A imuniza\u00e7\u00e3o no p\u00fablico infantil sofreu uma queda de 9,7% na cidade de S\u00e3o Paulo.<\/h2>\n<\/div>\n<\/div>\n<div><\/div>\n<div class=\"content__signa-share mc-column\">\n<div class=\"content__signature\">\n<div class=\"content-publication-data\">\n<div class=\"content-publication-data__text\">\n<p class=\"content-publication-data__from\" title=\"Felipe Cruz\">Por\u00a0<a class=\"multi_signatures\" href=\"https:\/\/g1.globo.com\/autores\/felipe-cruz\/\">Felipe Cruz<\/a>, TV Globo<\/p>\n<\/div>\n<\/div>\n<\/div>\n<\/div>\n<div class=\"glb-share-bar content__share-bar\">\n<div class=\"glb-share-bar_icons\">\n<div class=\"glb-share-bar_button-img\"><\/div>\n<\/div>\n<\/div>\n<\/div>\n<div class=\"mc-article-body\">\n<article>\n<div id=\"chunk-6feej\">\n<div class=\"cxm-video-block mc-column  content-media content-video\" data-block-type=\"backstage-video\" data-block-id=\"1\">\n<div class=\"content-media__container content-media__container--codex-fallback\">\n<div class=\"content-video__bigger-player-description-fixer\">\n<article class=\"content-video\">\n<section class=\"content-video__video-container\">\n<div class=\"content-video__video\">\n<div class=\"content-video__placeholder\" data-video-id=\"13743066\"><img decoding=\"async\" class=\"content-video__placeholder__thumb\" title=\"Aumento de casos de hepatite A em SP\" src=\"https:\/\/s03.video.glbimg.com\/x240\/13743066.jpg\" alt=\"Aumento de casos de hepatite A em SP\" \/><\/div>\n<\/div>\n<\/section>\n<\/article>\n<\/div>\n<div class=\"bs-block-video__container\">\n<p class=\"codex-caption codex-caption--small\">Aumento de casos de hepatite A em SP<\/p>\n<\/div>\n<\/div>\n<\/div>\n<\/div>\n<div id=\"chunk-7bsmf\">\n<div class=\"mc-column content-text active-extra-styles \" data-block-type=\"unstyled\" data-block-weight=\"37\" data-block-id=\"2\">\n<p class=\" content-text__container \" data-track-category=\"Link no Texto\" data-track-links=\"\" data-mrf-recirculation=\"Mat\u00e9ria - Links no Texto\">O Estado de\u00a0<a class=\"\" href=\"https:\/\/g1.globo.com\/sp\/sao-paulo\/cidade\/sao-paulo\/\" data-mrf-link=\"https:\/\/g1.globo.com\/sp\/sao-paulo\/cidade\/sao-paulo\/\">S\u00e3o Paulo<\/a>\u00a0registrou 949 casos de hepatite A no 1\u00b0 semestre deste ano, contra 498 no mesmo per\u00edodo de 2024. Os dados da Secretaria Estadual da Sa\u00fade (SES) revelam um\u00a0<strong>aumento de 90,5%<\/strong>.<\/p>\n<\/div>\n<\/div>\n<div class=\"wall protected-content\">\n<div id=\"chunk-c9ucd\">\n<div class=\"mc-column content-text active-extra-styles \" data-block-type=\"unstyled\" data-block-weight=\"23\" data-block-id=\"4\">\n<p class=\" content-text__container \" data-track-category=\"Link no Texto\" data-track-links=\"\" data-mrf-recirculation=\"Mat\u00e9ria - Links no Texto\">Somente a capital paulista concentrou 476 casos da doen\u00e7a entre janeiro e 2 de julho, segundo a Secretaria Municipal de Sa\u00fade.<\/p>\n<\/div>\n<\/div>\n<div id=\"chunk-afuhh\">\n<div class=\"mc-column content-text active-extra-styles \" data-block-type=\"unstyled\" data-block-weight=\"28\" data-block-id=\"6\">\n<p class=\" content-text__container \" data-track-category=\"Link no Texto\" data-track-links=\"\" data-mrf-recirculation=\"Mat\u00e9ria - Links no Texto\">\ud83d\udd0e\u00a0<em>A hepatite A \u00e9 uma infec\u00e7\u00e3o causada por v\u00edrus e transmitida principalmente por via fecal-oral, associada a m\u00e1s condi\u00e7\u00f5es de higiene e saneamento ou de forma sexual.<\/em><\/p>\n<\/div>\n<\/div>\n<div id=\"chunk-1bohm\">\n<div class=\"mc-column content-text active-extra-styles \" data-block-type=\"unstyled\" data-block-weight=\"39\" data-block-id=\"8\">\n<p class=\" content-text__container \" data-track-category=\"Link no Texto\" data-track-links=\"\" data-mrf-recirculation=\"Mat\u00e9ria - Links no Texto\"><strong>A vacina\u00e7\u00e3o \u00e9 a principal forma de preven\u00e7\u00e3o contra a doen\u00e7a.<\/strong> Dispon\u00edvel de gra\u00e7a pelo Sistema \u00danico de Sa\u00fade, a imuniza\u00e7\u00e3o com uma dose \u00e9 recomendada para crian\u00e7as aos 15 meses, mas pode ser aplicada at\u00e9 5 anos incompletos.<\/p>\n<\/div>\n<\/div>\n<div id=\"chunk-3lmsv\">\n<div class=\"row medium-uncollapsed content-media content-photo\" data-block-type=\"backstage-photo\" data-block-id=\"10\">\n<div class=\" mc-column  content-media__container\">\n<div class=\"content-media-container glb-skeleton-box\">\n<figure class=\"content-media-figure\"><img decoding=\"async\" class=\"i-amphtml-fill-content i-amphtml-replaced-content\" src=\"https:\/\/s2-g1.glbimg.com\/KVNzmnGJ0xUnf2xQSyp5S6Y9iQ0=\/0x0:917x718\/984x0\/smart\/filters:strip_icc()\/i.s3.glbimg.com\/v1\/AUTH_59edd422c0c84a879bd37670ae4f538a\/internal_photos\/bs\/2024\/P\/z\/OH5adSRaSo5Wwacx9iMw\/vacina.jpg\" sizes=\"(max-width: 1600px) 648px, 100vw\" srcset=\"https:\/\/s2-g1.glbimg.com\/NOL6dNwnlKNR0upuVK52UjasUXo=\/0x0:917x718\/1000x0\/smart\/filters:strip_icc()\/i.s3.glbimg.com\/v1\/AUTH_59edd422c0c84a879bd37670ae4f538a\/internal_photos\/bs\/2024\/P\/z\/OH5adSRaSo5Wwacx9iMw\/vacina.jpg 1000w, https:\/\/s2-g1.glbimg.com\/KVNzmnGJ0xUnf2xQSyp5S6Y9iQ0=\/0x0:917x718\/984x0\/smart\/filters:strip_icc()\/i.s3.glbimg.com\/v1\/AUTH_59edd422c0c84a879bd37670ae4f538a\/internal_photos\/bs\/2024\/P\/z\/OH5adSRaSo5Wwacx9iMw\/vacina.jpg 984w, https:\/\/s2-g1.glbimg.com\/6HQOMJy5_gAVuG62tLTFVSv54fM=\/0x0:917x718\/640x0\/smart\/filters:strip_icc()\/i.s3.glbimg.com\/v1\/AUTH_59edd422c0c84a879bd37670ae4f538a\/internal_photos\/bs\/2024\/P\/z\/OH5adSRaSo5Wwacx9iMw\/vacina.jpg 640w, https:\/\/s2-g1.glbimg.com\/FLgtb0AWnfwv0T-56-iDoxenT1o=\/0x0:917x718\/600x0\/smart\/filters:strip_icc()\/i.s3.glbimg.com\/v1\/AUTH_59edd422c0c84a879bd37670ae4f538a\/internal_photos\/bs\/2024\/P\/z\/OH5adSRaSo5Wwacx9iMw\/vacina.jpg 600w\" alt=\"Vacina\u00e7\u00e3o contra hepatite A. \u2014 Foto: Reprodu\u00e7\u00e3o\" \/><\/figure>\n<\/div>\n<p class=\"content-media__description  \">Vacina\u00e7\u00e3o contra hepatite A. \u2014 Foto: Reprodu\u00e7\u00e3o<\/p>\n<\/div>\n<\/div>\n<\/div>\n<div id=\"chunk-3o5cs\">\n<div class=\"mc-column content-text active-extra-styles \" data-block-type=\"unstyled\" data-block-weight=\"36\" data-block-id=\"11\">\n<p class=\" content-text__container \" data-track-category=\"Link no Texto\" data-track-links=\"\" data-mrf-recirculation=\"Mat\u00e9ria - Links no Texto\">O esquema de duas doses \u00e9 recomendado para pessoas com doen\u00e7as no f\u00edgado, portadores cr\u00f4nicos de hepatite B; pessoas com HIV ou em uso da Profilaxia Pr\u00e9-Exposi\u00e7\u00e3o ao HIV (PrEP); doen\u00e7as imunodepressoras; al\u00e9m de pacientes transplantados.<\/p>\n<\/div>\n<\/div>\n<div id=\"chunk-4u2cf\">\n<div class=\"mc-column content-text active-extra-styles \" data-block-type=\"unstyled\" data-block-weight=\"34\" data-block-id=\"12\">\n<p class=\" content-text__container \" data-track-category=\"Link no Texto\" data-track-links=\"\" data-mrf-recirculation=\"Mat\u00e9ria - Links no Texto\">Na capital, 4.543 doses da vacina em adultos foram aplicadas de janeiro a junho do ano passado. O n\u00famero aumentou para 9.487 no mesmo per\u00edodo neste ano \u2014 alta de 108,8%.<\/p>\n<\/div>\n<\/div>\n<div id=\"chunk-3kato\">\n<div class=\"mc-column content-text active-extra-styles \" data-block-type=\"unstyled\" data-block-weight=\"31\" data-block-id=\"14\">\n<p class=\" content-text__container \" data-track-category=\"Link no Texto\" data-track-links=\"\" data-mrf-recirculation=\"Mat\u00e9ria - Links no Texto\">Contudo, a vacina\u00e7\u00e3o no p\u00fablico infantil sofreu uma queda de 9,7% na cidade de S\u00e3o Paulo. No primeiro semestre de 2025, foram aplicadas 55.160 doses, contra 61.085 no ano passado.<\/p>\n<\/div>\n<\/div>\n<div id=\"chunk-dg14u\">\n<div class=\"mc-column content-text active-extra-styles \" data-block-type=\"unstyled\" data-block-weight=\"48\" data-block-id=\"15\">\n<p class=\" content-text__container \" data-track-category=\"Link no Texto\" data-track-links=\"\" data-mrf-recirculation=\"Mat\u00e9ria - Links no Texto\">Em nota, a SES informou que &#8220;acompanha e monitora de forma cont\u00ednua os casos de hepatite A registrados no estado. A Pasta, em parceria com os 645 munic\u00edpios paulistas, vem realizando a\u00e7\u00f5es de capacita\u00e7\u00e3o para os profissionais de sa\u00fade e testagem para popula\u00e7\u00e3o para a detec\u00e7\u00e3o da doen\u00e7a&#8221;.<\/p>\n<\/div>\n<\/div>\n<div id=\"chunk-fodm7\">\n<div class=\"mc-column content-text active-extra-styles \" data-block-type=\"unstyled\" data-block-weight=\"12\" data-block-id=\"16\">\n<p class=\" content-text__container \" data-track-category=\"Link no Texto\" data-track-links=\"\" data-mrf-recirculation=\"Mat\u00e9ria - Links no Texto\"><strong>Segundo a prefeitura, as principais medidas de preven\u00e7\u00e3o da hepatite A s\u00e3o:<\/strong><\/p>\n<\/div>\n<\/div>\n<div id=\"chunk-7v1d5\">\n<div class=\"mc-column content-text active-extra-styles\" data-block-type=\"raw\" data-block-weight=\"128\" data-block-id=\"17\">\n<ul class=\"content-unordered-list\">\n<li>Lavar as m\u00e3os (ap\u00f3s o uso do sanit\u00e1rio, troca de fraldas e antes do preparo de alimentos);<\/li>\n<li>Lavar com \u00e1gua tratada, clorada ou fervida os alimentos consumidos crus, deixando-os de molho por 30 minutos;<\/li>\n<li>Cozinhar bem os alimentos antes do consumo, especialmente mariscos, frutos-do-mar e peixes;<\/li>\n<li>Higienizar adequadamente pratos, copos, talheres e mamadeiras;<\/li>\n<li>Utilizar instala\u00e7\u00f5es sanit\u00e1rias adequadas;<\/li>\n<li>Em locais como creches, escolas, lanchonetes, restaurantes e institui\u00e7\u00f5es fechadas, adotar medidas rigorosas de higiene, como a desinfec\u00e7\u00e3o de superf\u00edcies com hipoclorito de s\u00f3dio a 2,5% ou \u00e1gua sanit\u00e1ria;<\/li>\n<li>Evitar banhos e brincadeiras em val\u00f5es, riachos, chafarizes, \u00e1reas de enchente ou pr\u00f3ximas a esgoto;<\/li>\n<li>Evitar a constru\u00e7\u00e3o de fossas pr\u00f3ximas a po\u00e7os e nascentes;<\/li>\n<li>Usar preservativos e realizar higiene das regi\u00f5es genitais, per\u00edneo e anal antes e ap\u00f3s as rela\u00e7\u00f5es sexuais.<\/li>\n<\/ul>\n<p>Fonte: G1<\/p>\n<\/div>\n<\/div>\n<\/div>\n<\/article>\n<\/div>\n","protected":false},"excerpt":{"rendered":"<p>Estado de SP registra aumento de 90% em casos de hepatite A no 1\u00b0 semestre; veja como se prevenir A<\/p>\n","protected":false},"author":1,"featured_media":9694,"comment_status":"open","ping_status":"open","sticky":false,"template":"","format":"standard","meta":{"colormag_page_container_layout":"default_layout","colormag_page_sidebar_layout":"default_layout","footnotes":""},"categories":[1],"tags":[],"class_list":["post-9682","post","type-post","status-publish","format-standard","has-post-thumbnail","hentry","category-geral"],"_links":{"self":[{"href":"http:\/\/metropoleemfoco.com.br\/index.php?rest_route=\/wp\/v2\/posts\/9682","targetHints":{"allow":["GET"]}}],"collection":[{"href":"http:\/\/metropoleemfoco.com.br\/index.php?rest_route=\/wp\/v2\/posts"}],"about":[{"href":"http:\/\/metropoleemfoco.com.br\/index.php?rest_route=\/wp\/v2\/types\/post"}],"author":[{"embeddable":true,"href":"http:\/\/metropoleemfoco.com.br\/index.php?rest_route=\/wp\/v2\/users\/1"}],"replies":[{"embeddable":true,"href":"http:\/\/metropoleemfoco.com.br\/index.php?rest_route=%2Fwp%2Fv2%2Fcomments&post=9682"}],"version-history":[{"count":1,"href":"http:\/\/metropoleemfoco.com.br\/index.php?rest_route=\/wp\/v2\/posts\/9682\/revisions"}],"predecessor-version":[{"id":9695,"href":"http:\/\/metropoleemfoco.com.br\/index.php?rest_route=\/wp\/v2\/posts\/9682\/revisions\/9695"}],"wp:featuredmedia":[{"embeddable":true,"href":"http:\/\/metropoleemfoco.com.br\/index.php?rest_route=\/wp\/v2\/media\/9694"}],"wp:attachment":[{"href":"http:\/\/metropoleemfoco.com.br\/index.php?rest_route=%2Fwp%2Fv2%2Fmedia&parent=9682"}],"wp:term":[{"taxonomy":"category","embeddable":true,"href":"http:\/\/metropoleemfoco.com.br\/index.php?rest_route=%2Fwp%2Fv2%2Fcategories&post=9682"},{"taxonomy":"post_tag","embeddable":true,"href":"http:\/\/metropoleemfoco.com.br\/index.php?rest_route=%2Fwp%2Fv2%2Ftags&post=9682"}],"curies":[{"name":"wp","href":"https:\/\/api.w.org\/{rel}","templated":true}]}}