{"id":9681,"date":"2025-07-11T12:26:30","date_gmt":"2025-07-11T15:26:30","guid":{"rendered":"https:\/\/metropoleemfoco.com.br\/?p=9681"},"modified":"2025-07-11T12:26:30","modified_gmt":"2025-07-11T15:26:30","slug":"manifestantes-ocupam-av-paulista-em-protesto","status":"publish","type":"post","link":"http:\/\/metropoleemfoco.com.br\/?p=9681","title":{"rendered":"Manifestantes ocupam Av. Paulista em protesto"},"content":{"rendered":"<div class=\"mc-article-header\">\n<div class=\"row content-head mc-column non-featured \">\n<div class=\"title\" data-block-type=\"title\" data-block-id=\"0\">\n<h1 class=\"content-head__title\">Manifestantes ocupam Av. Paulista em protesto contra tarifa\u00e7o imposto por Trump ao Brasil e pela taxa\u00e7\u00e3o dos super-ricos<\/h1>\n<\/div>\n<div class=\"medium-centered subtitle\">\n<h2 class=\"content-head__subtitle\">Participantes se concentraram em frente ao Masp desde as 18h desta quinta-feira (10). Muitos usavam verde e amarelo e a camisa da Sele\u00e7\u00e3o de futebol. \u00c0s 19h30, o momento de maior concentra\u00e7\u00e3o de p\u00fablico, havia cerca de 15,1 mil pessoas, segundo dados do Monitor do Debate Pol\u00edtico do Cebrap.<\/h2>\n<\/div>\n<\/div>\n<div><\/div>\n<div class=\"content__signa-share mc-column\">\n<div class=\"content__signature\">\n<div class=\"content-publication-data\">\n<div class=\"content-publication-data__text\">\n<p class=\"content-publication-data__from\" title=\"Gustavo Hon\u00f3rio, Deslange Paiva\">Por\u00a0<a class=\"multi_signatures\" href=\"https:\/\/g1.globo.com\/autores\/gustavo-honorio\/\">Gustavo Hon\u00f3rio<\/a>,\u00a0<a class=\"multi_signatures\" href=\"https:\/\/g1.globo.com\/autores\/deslange-paiva\/\">Deslange Paiva<\/a>, g1 SP\u00a0\u2014 S\u00e3o Paulo<\/p>\n<\/div>\n<\/div>\n<\/div>\n<\/div>\n<div class=\"glb-share-bar content__share-bar\">\n<div class=\"glb-share-bar_icons\">\n<div class=\"glb-share-bar_button-img\"><\/div>\n<\/div>\n<\/div>\n<\/div>\n<div class=\"mc-article-body\">\n<article>\n<div id=\"chunk-3ek53\">\n<div class=\"cxm-video-block mc-column  content-media content-video\" data-block-type=\"backstage-video\" data-block-id=\"2\">\n<div class=\"content-media__container content-media__container--codex-fallback\">\n<div class=\"content-video__bigger-player-description-fixer\">\n<article class=\"content-video\">\n<section class=\"content-video__video-container\">\n<div class=\"content-video__video\">\n<div class=\"content-video__placeholder\" data-video-id=\"13748179\"><img decoding=\"async\" class=\"content-video__placeholder__thumb\" title=\"Grupo faz ato contra super-ricos em SP\" src=\"https:\/\/s04.video.glbimg.com\/x240\/13748179.jpg\" alt=\"Grupo faz ato contra super-ricos em SP\" \/><\/div>\n<\/div>\n<\/section>\n<\/article>\n<\/div>\n<div class=\"bs-block-video__container\">\n<p class=\"codex-caption codex-caption--small\">Grupo faz ato contra super-ricos em SP<\/p>\n<\/div>\n<\/div>\n<\/div>\n<\/div>\n<div id=\"chunk-277jk\">\n<div class=\"mc-column content-text active-extra-styles \" data-block-type=\"unstyled\" data-block-weight=\"49\" data-block-id=\"3\">\n<p class=\" content-text__container \" data-track-category=\"Link no Texto\" data-track-links=\"\" data-mrf-recirculation=\"Mat\u00e9ria - Links no Texto\">Manifestantes ocuparam os dois sentidos da Avenida Paulista em frente ao Masp na noite desta quinta-feira (10). Eles protestaram contra o\u00a0<a class=\"\" href=\"https:\/\/g1.globo.com\/economia\/noticia\/2025\/07\/09\/trump-manda-carta-a-lula-e-anuncia-tarifa-de-50percent-sobre-produtos-brasileiros.ghtml\" data-mrf-link=\"https:\/\/g1.globo.com\/economia\/noticia\/2025\/07\/09\/trump-manda-carta-a-lula-e-anuncia-tarifa-de-50percent-sobre-produtos-brasileiros.ghtml\">aumento das tarifas de importa\u00e7\u00e3o determinado pelo presidente dos Estados Unidos<\/a>, Donald Trump, a favor da taxa\u00e7\u00e3o, pelo Congresso Nacional, dos super-ricos e pelo fim da escala 6&#215;1.<\/p>\n<\/div>\n<\/div>\n<div class=\"wall protected-content\">\n<div id=\"chunk-m6ih\">\n<div class=\"mc-column content-text active-extra-styles \" data-block-type=\"unstyled\" data-block-weight=\"50\" data-block-id=\"5\">\n<p class=\" content-text__container \" data-track-category=\"Link no Texto\" data-track-links=\"\" data-mrf-recirculation=\"Mat\u00e9ria - Links no Texto\">O ato foi organizado pelas frentes Brasil Popular e Povo sem Medo, al\u00e9m de partidos de esquerda. A concentra\u00e7\u00e3o come\u00e7ou por volta das 17h, e \u00e0s 21h o protesto j\u00e1 havia encerrado. Por volta das 18h20, os dois sentidos da Avenida Paulista, em frente ao Masp, estavam tomados de manifestantes.<\/p>\n<\/div>\n<\/div>\n<div id=\"chunk-3tbk3\">\n<div class=\"mc-column content-text active-extra-styles \" data-block-type=\"unstyled\" data-block-weight=\"43\" data-block-id=\"6\">\n<p class=\" content-text__container \" data-track-category=\"Link no Texto\" data-track-links=\"\" data-mrf-recirculation=\"Mat\u00e9ria - Links no Texto\">\u00c0s 19h30, o momento de maior concentra\u00e7\u00e3o de p\u00fablico, havia cerca de 15,1 mil pessoas, segundo dados do Monitor do Debate Pol\u00edtico do Cebrap em parceria com a ONG More in Common, que consiste em usar imagens da multid\u00e3o, capturadas por drones.<\/p>\n<\/div>\n<\/div>\n<div id=\"chunk-8k2jt\">\n<div class=\"mc-column content-text active-extra-styles \" data-block-type=\"unstyled\" data-block-weight=\"21\" data-block-id=\"8\">\n<p class=\" content-text__container \" data-track-category=\"Link no Texto\" data-track-links=\"\" data-mrf-recirculation=\"Mat\u00e9ria - Links no Texto\">Em 29 de junho,\u00a0<a class=\"\" href=\"https:\/\/g1.globo.com\/sp\/sao-paulo\/noticia\/2025\/06\/29\/no-apice-ato-com-bolsonaro-na-av-paulista-reuniu-mais-de-12-mil-pessoas-segundo-metodologia-da-usp.ghtml\" data-mrf-link=\"https:\/\/g1.globo.com\/sp\/sao-paulo\/noticia\/2025\/06\/29\/no-apice-ato-com-bolsonaro-na-av-paulista-reuniu-mais-de-12-mil-pessoas-segundo-metodologia-da-usp.ghtml\">uma manifesta\u00e7\u00e3o pr\u00f3-Bolsonaro no mesmo local reuniu 12,4 mil pessoas, tamb\u00e9m de acordo com o Monitor<\/a>.<\/p>\n<\/div>\n<\/div>\n<div id=\"chunk-a3dk3\">\n<div class=\"mc-column content-text active-extra-styles \" data-block-type=\"unstyled\" data-block-weight=\"41\" data-block-id=\"9\">\n<p class=\" content-text__container \" data-track-category=\"Link no Texto\" data-track-links=\"\" data-mrf-recirculation=\"Mat\u00e9ria - Links no Texto\">Os participantes, muitos usando verde e amarelo e a camisa da Sele\u00e7\u00e3o de futebol, gritavam &#8220;soberania brasileira&#8221; e &#8220;sem anistia&#8221;, quando citam o ex-presidente Jair Bolsonaro (PL), e criticavam tamb\u00e9m o governador de S\u00e3o Paulo, Tarc\u00edsio de Freitas (Republicanos) e Trump.<\/p>\n<\/div>\n<\/div>\n<div id=\"chunk-f1tl6\">\n<div class=\"mc-column content-text active-extra-styles \" data-block-type=\"unstyled\" data-block-weight=\"20\" data-block-id=\"10\">\n<p class=\" content-text__container \" data-track-category=\"Link no Texto\" data-track-links=\"\" data-mrf-recirculation=\"Mat\u00e9ria - Links no Texto\">Os cartazes tinham mensagens como &#8220;Congresso inimigo do povo&#8221;, &#8220;Brasil com &#8216;s&#8217; de soberano&#8221; e pelo fim da escala 6&#215;1.<\/p>\n<\/div>\n<\/div>\n<div id=\"chunk-2cr4h\">\n<div class=\"mc-column content-text active-extra-styles \" data-block-type=\"unstyled\" data-block-weight=\"25\" data-block-id=\"11\">\n<p class=\" content-text__container \" data-track-category=\"Link no Texto\" data-track-links=\"\" data-mrf-recirculation=\"Mat\u00e9ria - Links no Texto\">Os deputados federais Guilherme Boulos (PSOL), Erika Hilton (PSOL) e Luciene Cavalcante (PSOL) e o deputado estadual Eduardo Suplicy (PT) estavam no ato e discursaram.<\/p>\n<\/div>\n<\/div>\n<div id=\"chunk-6hp29\">\n<div class=\"row medium-uncollapsed content-media content-photo\" data-block-type=\"backstage-photo\" data-block-id=\"12\">\n<div class=\" mc-column  content-media__container\">\n<div class=\"content-media-container glb-skeleton-box\">\n<figure class=\"content-media-figure\"><img decoding=\"async\" class=\"i-amphtml-fill-content i-amphtml-replaced-content\" src=\"https:\/\/s2-g1.glbimg.com\/escj0jQyP3QHehGuaEamniXxlU4=\/0x0:1920x1080\/984x0\/smart\/filters:strip_icc()\/i.s3.glbimg.com\/v1\/AUTH_59edd422c0c84a879bd37670ae4f538a\/internal_photos\/bs\/2025\/h\/j\/IuHu3QRkue4osuS5pGSQ\/jn-ato-paulista-20250710-1732-frame-312719.jpeg\" sizes=\"(max-width: 1600px) 648px, 100vw\" srcset=\"https:\/\/s2-g1.glbimg.com\/2Af8y-jremwZMrRGkHfWkHbxy7E=\/0x0:1920x1080\/1000x0\/smart\/filters:strip_icc()\/i.s3.glbimg.com\/v1\/AUTH_59edd422c0c84a879bd37670ae4f538a\/internal_photos\/bs\/2025\/h\/j\/IuHu3QRkue4osuS5pGSQ\/jn-ato-paulista-20250710-1732-frame-312719.jpeg 1000w, https:\/\/s2-g1.glbimg.com\/escj0jQyP3QHehGuaEamniXxlU4=\/0x0:1920x1080\/984x0\/smart\/filters:strip_icc()\/i.s3.glbimg.com\/v1\/AUTH_59edd422c0c84a879bd37670ae4f538a\/internal_photos\/bs\/2025\/h\/j\/IuHu3QRkue4osuS5pGSQ\/jn-ato-paulista-20250710-1732-frame-312719.jpeg 984w, https:\/\/s2-g1.glbimg.com\/PNNG73_IFLdXpWY7eLXdE7dEFcU=\/0x0:1920x1080\/640x0\/smart\/filters:strip_icc()\/i.s3.glbimg.com\/v1\/AUTH_59edd422c0c84a879bd37670ae4f538a\/internal_photos\/bs\/2025\/h\/j\/IuHu3QRkue4osuS5pGSQ\/jn-ato-paulista-20250710-1732-frame-312719.jpeg 640w, https:\/\/s2-g1.glbimg.com\/pFqSLyv_v8InSakY6vjbcp2qJRk=\/0x0:1920x1080\/600x0\/smart\/filters:strip_icc()\/i.s3.glbimg.com\/v1\/AUTH_59edd422c0c84a879bd37670ae4f538a\/internal_photos\/bs\/2025\/h\/j\/IuHu3QRkue4osuS5pGSQ\/jn-ato-paulista-20250710-1732-frame-312719.jpeg 600w\" alt=\"Ato contra super-ricos na avenida Paulista nesta quinta-feira (10) \u2014 Foto: Reprodu\u00e7\u00e3o\/TV Globo\" \/><\/figure>\n<\/div>\n<p class=\"content-media__description  \">Ato contra super-ricos na avenida Paulista nesta quinta-feira (10) \u2014 Foto: Reprodu\u00e7\u00e3o\/TV Globo<\/p>\n<\/div>\n<\/div>\n<\/div>\n<div id=\"chunk-csbji\">\n<div class=\"row medium-uncollapsed content-media content-photo\" data-block-type=\"backstage-photo\" data-block-id=\"14\">\n<div class=\" mc-column  content-media__container\">\n<div class=\"content-media-container glb-skeleton-box\">\n<figure class=\"content-media-figure\"><img decoding=\"async\" class=\"i-amphtml-fill-content i-amphtml-replaced-content\" src=\"https:\/\/s2-g1.glbimg.com\/KB0dwIme_zLgS3kkDpkUKaXEiWM=\/0x0:4032x3024\/984x0\/smart\/filters:strip_icc()\/i.s3.glbimg.com\/v1\/AUTH_59edd422c0c84a879bd37670ae4f538a\/internal_photos\/bs\/2025\/Y\/Q\/x2xuYCQX2c8WCIW0bJVQ\/whatsapp-image-2025-07-10-at-18.32.59.jpeg\" sizes=\"(max-width: 1600px) 648px, 100vw\" srcset=\"https:\/\/s2-g1.glbimg.com\/RrY3srnxAkNbVLMjV4h2rKwcgXg=\/0x0:4032x3024\/1000x0\/smart\/filters:strip_icc()\/i.s3.glbimg.com\/v1\/AUTH_59edd422c0c84a879bd37670ae4f538a\/internal_photos\/bs\/2025\/Y\/Q\/x2xuYCQX2c8WCIW0bJVQ\/whatsapp-image-2025-07-10-at-18.32.59.jpeg 1000w, https:\/\/s2-g1.glbimg.com\/KB0dwIme_zLgS3kkDpkUKaXEiWM=\/0x0:4032x3024\/984x0\/smart\/filters:strip_icc()\/i.s3.glbimg.com\/v1\/AUTH_59edd422c0c84a879bd37670ae4f538a\/internal_photos\/bs\/2025\/Y\/Q\/x2xuYCQX2c8WCIW0bJVQ\/whatsapp-image-2025-07-10-at-18.32.59.jpeg 984w, https:\/\/s2-g1.glbimg.com\/Esn2y3WObWvfxg9S9xaCp8h7jzA=\/0x0:4032x3024\/640x0\/smart\/filters:strip_icc()\/i.s3.glbimg.com\/v1\/AUTH_59edd422c0c84a879bd37670ae4f538a\/internal_photos\/bs\/2025\/Y\/Q\/x2xuYCQX2c8WCIW0bJVQ\/whatsapp-image-2025-07-10-at-18.32.59.jpeg 640w, https:\/\/s2-g1.glbimg.com\/xr-TJO05VqdOj0Z9C7sm4zntQV8=\/0x0:4032x3024\/600x0\/smart\/filters:strip_icc()\/i.s3.glbimg.com\/v1\/AUTH_59edd422c0c84a879bd37670ae4f538a\/internal_photos\/bs\/2025\/Y\/Q\/x2xuYCQX2c8WCIW0bJVQ\/whatsapp-image-2025-07-10-at-18.32.59.jpeg 600w\" alt=\"Ato contra super-ricos na avenida Paulista nesta quinta-feira (10) \u2014 Foto: Deslange Paiva\/g1\" \/><\/figure>\n<\/div>\n<p class=\"content-media__description  \">Ato contra super-ricos na avenida Paulista nesta quinta-feira (10) \u2014 Foto: Deslange Paiva\/g1<\/p>\n<\/div>\n<\/div>\n<\/div>\n<div id=\"chunk-em134\">\n<div class=\"row medium-uncollapsed content-media content-photo\" data-block-type=\"backstage-photo\" data-block-id=\"15\">\n<div class=\" mc-column  content-media__container\">\n<div class=\"content-media-container glb-skeleton-box\">\n<figure class=\"content-media-figure\"><img decoding=\"async\" class=\"i-amphtml-fill-content i-amphtml-replaced-content\" src=\"https:\/\/s2-g1.glbimg.com\/b9iE3NgzNfER3TK6Yp9VDlC38vo=\/0x0:3000x1996\/984x0\/smart\/filters:strip_icc()\/i.s3.glbimg.com\/v1\/AUTH_59edd422c0c84a879bd37670ae4f538a\/internal_photos\/bs\/2025\/0\/n\/dFme2jSBaJBYEUmb5B2Q\/ato20250710080.jpg\" sizes=\"(max-width: 1600px) 648px, 100vw\" srcset=\"https:\/\/s2-g1.glbimg.com\/T_8VhLqKv4Q-4D70BHjDwhD07Hs=\/0x0:3000x1996\/1000x0\/smart\/filters:strip_icc()\/i.s3.glbimg.com\/v1\/AUTH_59edd422c0c84a879bd37670ae4f538a\/internal_photos\/bs\/2025\/0\/n\/dFme2jSBaJBYEUmb5B2Q\/ato20250710080.jpg 1000w, https:\/\/s2-g1.glbimg.com\/b9iE3NgzNfER3TK6Yp9VDlC38vo=\/0x0:3000x1996\/984x0\/smart\/filters:strip_icc()\/i.s3.glbimg.com\/v1\/AUTH_59edd422c0c84a879bd37670ae4f538a\/internal_photos\/bs\/2025\/0\/n\/dFme2jSBaJBYEUmb5B2Q\/ato20250710080.jpg 984w, https:\/\/s2-g1.glbimg.com\/cxAhz3t1-Q6scYCUqRzKQ84sofE=\/0x0:3000x1996\/640x0\/smart\/filters:strip_icc()\/i.s3.glbimg.com\/v1\/AUTH_59edd422c0c84a879bd37670ae4f538a\/internal_photos\/bs\/2025\/0\/n\/dFme2jSBaJBYEUmb5B2Q\/ato20250710080.jpg 640w, https:\/\/s2-g1.glbimg.com\/eX6ce4yHRVt3z5lKSll7v3aG4fQ=\/0x0:3000x1996\/600x0\/smart\/filters:strip_icc()\/i.s3.glbimg.com\/v1\/AUTH_59edd422c0c84a879bd37670ae4f538a\/internal_photos\/bs\/2025\/0\/n\/dFme2jSBaJBYEUmb5B2Q\/ato20250710080.jpg 600w\" alt=\"Manifestantes se re\u00fanem no v\u00e3o livre do Museu de Arte de S\u00e3o Paulo (MASP), na Avenida Paulista, regi\u00e3o central da capital \u2014 Foto: ROBERTO SUNGI\/ATO PRESS\/ESTAD\u00c3O CONTE\u00daDO\" \/><\/figure>\n<\/div>\n<p class=\"content-media__description  \">Manifestantes se re\u00fanem no v\u00e3o livre do Museu de Arte de S\u00e3o Paulo (MASP), na Avenida Paulista, regi\u00e3o central da capital \u2014 Foto: ROBERTO SUNGI\/ATO PRESS\/ESTAD\u00c3O CONTE\u00daDO<\/p>\n<\/div>\n<\/div>\n<\/div>\n<div id=\"chunk-1e4sa\">\n<div class=\"row medium-uncollapsed content-media content-photo\" data-block-type=\"backstage-photo\" data-block-id=\"17\">\n<div class=\" mc-column  content-media__container\">\n<div class=\"content-media-container glb-skeleton-box\">\n<figure class=\"content-media-figure\"><img decoding=\"async\" class=\"i-amphtml-fill-content i-amphtml-replaced-content\" src=\"https:\/\/s2-g1.glbimg.com\/Dn6cZFkLOJMYVVQl5gVPOWnguGw=\/0x0:1600x900\/984x0\/smart\/filters:strip_icc()\/i.s3.glbimg.com\/v1\/AUTH_59edd422c0c84a879bd37670ae4f538a\/internal_photos\/bs\/2025\/H\/1\/R2QdemSYWKnNwMPqZiEQ\/whatsapp-image-2025-07-10-at-19.26.11.jpeg\" sizes=\"(max-width: 1600px) 648px, 100vw\" srcset=\"https:\/\/s2-g1.glbimg.com\/p6BTVNuZLKj6oFOSroBh7yBxb2o=\/0x0:1600x900\/1000x0\/smart\/filters:strip_icc()\/i.s3.glbimg.com\/v1\/AUTH_59edd422c0c84a879bd37670ae4f538a\/internal_photos\/bs\/2025\/H\/1\/R2QdemSYWKnNwMPqZiEQ\/whatsapp-image-2025-07-10-at-19.26.11.jpeg 1000w, https:\/\/s2-g1.glbimg.com\/Dn6cZFkLOJMYVVQl5gVPOWnguGw=\/0x0:1600x900\/984x0\/smart\/filters:strip_icc()\/i.s3.glbimg.com\/v1\/AUTH_59edd422c0c84a879bd37670ae4f538a\/internal_photos\/bs\/2025\/H\/1\/R2QdemSYWKnNwMPqZiEQ\/whatsapp-image-2025-07-10-at-19.26.11.jpeg 984w, https:\/\/s2-g1.glbimg.com\/M5-yj0XjDcRDkp1umdTFoS2h0d4=\/0x0:1600x900\/640x0\/smart\/filters:strip_icc()\/i.s3.glbimg.com\/v1\/AUTH_59edd422c0c84a879bd37670ae4f538a\/internal_photos\/bs\/2025\/H\/1\/R2QdemSYWKnNwMPqZiEQ\/whatsapp-image-2025-07-10-at-19.26.11.jpeg 640w, https:\/\/s2-g1.glbimg.com\/2UgP8zTyKu7h5qGa_e-OpWvVE6c=\/0x0:1600x900\/600x0\/smart\/filters:strip_icc()\/i.s3.glbimg.com\/v1\/AUTH_59edd422c0c84a879bd37670ae4f538a\/internal_photos\/bs\/2025\/H\/1\/R2QdemSYWKnNwMPqZiEQ\/whatsapp-image-2025-07-10-at-19.26.11.jpeg 600w\" alt=\"Ato contra super-ricos na avenida Paulista nesta quinta-feira (10) \u2014 Foto: Deslange Paiva\/g1\" \/><\/figure>\n<\/div>\n<p class=\"content-media__description  \">Ato contra super-ricos na avenida Paulista nesta quinta-feira (10) \u2014 Foto: Deslange Paiva\/g1<\/p>\n<\/div>\n<\/div>\n<\/div>\n<div id=\"chunk-17sb0\">\n<div class=\"row medium-uncollapsed content-media content-photo\" data-block-type=\"backstage-photo\" data-block-id=\"18\">\n<div class=\" mc-column  content-media__container\">\n<div class=\"content-media-container glb-skeleton-box\">\n<figure class=\"content-media-figure\"><img decoding=\"async\" class=\"i-amphtml-fill-content i-amphtml-replaced-content\" src=\"https:\/\/s2-g1.glbimg.com\/J9dDP1RJBRsOq2e4r2KlX80Mktw=\/0x0:4032x3024\/984x0\/smart\/filters:strip_icc()\/i.s3.glbimg.com\/v1\/AUTH_59edd422c0c84a879bd37670ae4f538a\/internal_photos\/bs\/2025\/R\/T\/LcU4xxStC334LAl4uz1A\/whatsapp-image-2025-07-10-at-19.50.19.jpeg\" sizes=\"(max-width: 1600px) 648px, 100vw\" srcset=\"https:\/\/s2-g1.glbimg.com\/WL2aJ6-kekT5tMDXGlDMGZS6FxQ=\/0x0:4032x3024\/1000x0\/smart\/filters:strip_icc()\/i.s3.glbimg.com\/v1\/AUTH_59edd422c0c84a879bd37670ae4f538a\/internal_photos\/bs\/2025\/R\/T\/LcU4xxStC334LAl4uz1A\/whatsapp-image-2025-07-10-at-19.50.19.jpeg 1000w, https:\/\/s2-g1.glbimg.com\/J9dDP1RJBRsOq2e4r2KlX80Mktw=\/0x0:4032x3024\/984x0\/smart\/filters:strip_icc()\/i.s3.glbimg.com\/v1\/AUTH_59edd422c0c84a879bd37670ae4f538a\/internal_photos\/bs\/2025\/R\/T\/LcU4xxStC334LAl4uz1A\/whatsapp-image-2025-07-10-at-19.50.19.jpeg 984w, https:\/\/s2-g1.glbimg.com\/z2iNv1IYDjbbklfXsy5lEkPajbQ=\/0x0:4032x3024\/640x0\/smart\/filters:strip_icc()\/i.s3.glbimg.com\/v1\/AUTH_59edd422c0c84a879bd37670ae4f538a\/internal_photos\/bs\/2025\/R\/T\/LcU4xxStC334LAl4uz1A\/whatsapp-image-2025-07-10-at-19.50.19.jpeg 640w, https:\/\/s2-g1.glbimg.com\/L3nPDNL4XQ5v560MPsXv1iSwtiU=\/0x0:4032x3024\/600x0\/smart\/filters:strip_icc()\/i.s3.glbimg.com\/v1\/AUTH_59edd422c0c84a879bd37670ae4f538a\/internal_photos\/bs\/2025\/R\/T\/LcU4xxStC334LAl4uz1A\/whatsapp-image-2025-07-10-at-19.50.19.jpeg 600w\" alt=\"Ato contra super-ricos na avenida Paulista nesta quinta-feira (10) \u2014 Foto: Reprodu\u00e7\u00e3o\/TV Globo\" \/><\/figure>\n<\/div>\n<p class=\"content-media__description  \">Ato contra super-ricos na avenida Paulista nesta quinta-feira (10) \u2014 Foto: Reprodu\u00e7\u00e3o\/TV Globo<\/p>\n<\/div>\n<\/div>\n<\/div>\n<div id=\"chunk-81bq9\">\n<div class=\"row medium-uncollapsed content-media content-photo\" data-block-type=\"backstage-photo\" data-block-id=\"20\">\n<div class=\" mc-column  content-media__container\">\n<div class=\"content-media-container glb-skeleton-box\">\n<figure class=\"content-media-figure\"><img decoding=\"async\" class=\"i-amphtml-fill-content i-amphtml-replaced-content\" src=\"https:\/\/s2-g1.glbimg.com\/cWC1qiNBIufPtj5OwxpReCcTrOQ=\/0x0:4032x3024\/984x0\/smart\/filters:strip_icc()\/i.s3.glbimg.com\/v1\/AUTH_59edd422c0c84a879bd37670ae4f538a\/internal_photos\/bs\/2025\/d\/A\/h1bRgnTAAFL1HV1EDubg\/whatsapp-image-2025-07-10-at-20.03.38.jpeg\" sizes=\"(max-width: 1600px) 648px, 100vw\" srcset=\"https:\/\/s2-g1.glbimg.com\/pqiwgwlsoMwlQiSZZN8KL8AgV-I=\/0x0:4032x3024\/1000x0\/smart\/filters:strip_icc()\/i.s3.glbimg.com\/v1\/AUTH_59edd422c0c84a879bd37670ae4f538a\/internal_photos\/bs\/2025\/d\/A\/h1bRgnTAAFL1HV1EDubg\/whatsapp-image-2025-07-10-at-20.03.38.jpeg 1000w, https:\/\/s2-g1.glbimg.com\/cWC1qiNBIufPtj5OwxpReCcTrOQ=\/0x0:4032x3024\/984x0\/smart\/filters:strip_icc()\/i.s3.glbimg.com\/v1\/AUTH_59edd422c0c84a879bd37670ae4f538a\/internal_photos\/bs\/2025\/d\/A\/h1bRgnTAAFL1HV1EDubg\/whatsapp-image-2025-07-10-at-20.03.38.jpeg 984w, https:\/\/s2-g1.glbimg.com\/Rm4qY4OEHA9PcxB9jFrH_yKkJZU=\/0x0:4032x3024\/640x0\/smart\/filters:strip_icc()\/i.s3.glbimg.com\/v1\/AUTH_59edd422c0c84a879bd37670ae4f538a\/internal_photos\/bs\/2025\/d\/A\/h1bRgnTAAFL1HV1EDubg\/whatsapp-image-2025-07-10-at-20.03.38.jpeg 640w, https:\/\/s2-g1.glbimg.com\/O5jOGy5z3akZHFMrETP4To7Vurs=\/0x0:4032x3024\/600x0\/smart\/filters:strip_icc()\/i.s3.glbimg.com\/v1\/AUTH_59edd422c0c84a879bd37670ae4f538a\/internal_photos\/bs\/2025\/d\/A\/h1bRgnTAAFL1HV1EDubg\/whatsapp-image-2025-07-10-at-20.03.38.jpeg 600w\" alt=\"Ato contra super-ricos na avenida Paulista nesta quinta-feira (10) \u2014 Foto: Reprodu\u00e7\u00e3o\/TV Globo\" \/><\/figure>\n<\/div>\n<p class=\"content-media__description  \">Ato contra super-ricos na avenida Paulista nesta quinta-feira (10) \u2014 Foto: Reprodu\u00e7\u00e3o\/TV Globo<\/p>\n<\/div>\n<\/div>\n<\/div>\n<div id=\"chunk-4v8sk\">\n<div class=\"row medium-uncollapsed content-media content-photo\" data-block-type=\"backstage-photo\" data-block-id=\"21\">\n<div class=\" mc-column  content-media__container\">\n<div class=\"content-media-container glb-skeleton-box\">\n<figure class=\"content-media-figure\"><img decoding=\"async\" class=\"i-amphtml-fill-content i-amphtml-replaced-content\" src=\"https:\/\/s2-g1.glbimg.com\/9NblmQLIhdypz5dQBMMQ-ZYwq7g=\/0x0:3024x4032\/984x0\/smart\/filters:strip_icc()\/i.s3.glbimg.com\/v1\/AUTH_59edd422c0c84a879bd37670ae4f538a\/internal_photos\/bs\/2025\/A\/d\/9MwTzyReSfrZmOPcHMNw\/c8899d5c-414c-4ebd-b668-b7bf5b9c8889.jpg\" sizes=\"(max-width: 1600px) 648px, 100vw\" srcset=\"https:\/\/s2-g1.glbimg.com\/989Fzdy0NFKhVm8ihBUfUsC1mag=\/0x0:3024x4032\/1000x0\/smart\/filters:strip_icc()\/i.s3.glbimg.com\/v1\/AUTH_59edd422c0c84a879bd37670ae4f538a\/internal_photos\/bs\/2025\/A\/d\/9MwTzyReSfrZmOPcHMNw\/c8899d5c-414c-4ebd-b668-b7bf5b9c8889.jpg 1000w, https:\/\/s2-g1.glbimg.com\/9NblmQLIhdypz5dQBMMQ-ZYwq7g=\/0x0:3024x4032\/984x0\/smart\/filters:strip_icc()\/i.s3.glbimg.com\/v1\/AUTH_59edd422c0c84a879bd37670ae4f538a\/internal_photos\/bs\/2025\/A\/d\/9MwTzyReSfrZmOPcHMNw\/c8899d5c-414c-4ebd-b668-b7bf5b9c8889.jpg 984w, https:\/\/s2-g1.glbimg.com\/absSkDMSLzYUf3P7kaHVCWd4Yog=\/0x0:3024x4032\/640x0\/smart\/filters:strip_icc()\/i.s3.glbimg.com\/v1\/AUTH_59edd422c0c84a879bd37670ae4f538a\/internal_photos\/bs\/2025\/A\/d\/9MwTzyReSfrZmOPcHMNw\/c8899d5c-414c-4ebd-b668-b7bf5b9c8889.jpg 640w, https:\/\/s2-g1.glbimg.com\/PG-uQZngLPA7zoKwwUZSBngY7TU=\/0x0:3024x4032\/600x0\/smart\/filters:strip_icc()\/i.s3.glbimg.com\/v1\/AUTH_59edd422c0c84a879bd37670ae4f538a\/internal_photos\/bs\/2025\/A\/d\/9MwTzyReSfrZmOPcHMNw\/c8899d5c-414c-4ebd-b668-b7bf5b9c8889.jpg 600w\" alt=\"Ato contra super-ricos na avenida Paulista nesta quinta-feira (10) \u2014 Foto: Reprodu\u00e7\u00e3o\/TV Globo\" \/><\/figure>\n<\/div>\n<p class=\"content-media__description  \">Ato contra super-ricos na avenida Paulista nesta quinta-feira (10) \u2014 Foto: Reprodu\u00e7\u00e3o\/TV Globo<\/p>\n<\/div>\n<\/div>\n<\/div>\n<div id=\"chunk-9668q\">\n<div class=\"content-ads content-ads--reveal\" data-block-type=\"ads\" data-block-id=\"22\"><\/div>\n<\/div>\n<div id=\"chunk-e2o61\">\n<div class=\"row medium-uncollapsed content-media content-photo\" data-block-type=\"backstage-photo\" data-block-id=\"23\">\n<div class=\" mc-column  content-media__container\">\n<div class=\"content-media-container glb-skeleton-box\">\n<figure class=\"content-media-figure\"><img decoding=\"async\" class=\"i-amphtml-fill-content i-amphtml-replaced-content\" src=\"https:\/\/s2-g1.glbimg.com\/rnXRQgR9b9dnVUIbbVRcsXWR4Js=\/0x0:1600x900\/984x0\/smart\/filters:strip_icc()\/i.s3.glbimg.com\/v1\/AUTH_59edd422c0c84a879bd37670ae4f538a\/internal_photos\/bs\/2025\/i\/l\/cK0y6CSFmlET33H4JDIg\/whatsapp-image-2025-07-10-at-19.54.19.jpeg\" sizes=\"(max-width: 1600px) 648px, 100vw\" srcset=\"https:\/\/s2-g1.glbimg.com\/KMNFt1rYpVlO4mEdSqJxDS3WPI8=\/0x0:1600x900\/1000x0\/smart\/filters:strip_icc()\/i.s3.glbimg.com\/v1\/AUTH_59edd422c0c84a879bd37670ae4f538a\/internal_photos\/bs\/2025\/i\/l\/cK0y6CSFmlET33H4JDIg\/whatsapp-image-2025-07-10-at-19.54.19.jpeg 1000w, https:\/\/s2-g1.glbimg.com\/rnXRQgR9b9dnVUIbbVRcsXWR4Js=\/0x0:1600x900\/984x0\/smart\/filters:strip_icc()\/i.s3.glbimg.com\/v1\/AUTH_59edd422c0c84a879bd37670ae4f538a\/internal_photos\/bs\/2025\/i\/l\/cK0y6CSFmlET33H4JDIg\/whatsapp-image-2025-07-10-at-19.54.19.jpeg 984w, https:\/\/s2-g1.glbimg.com\/6xtcFjj1fYu6tpMLNlmq0H50Mss=\/0x0:1600x900\/640x0\/smart\/filters:strip_icc()\/i.s3.glbimg.com\/v1\/AUTH_59edd422c0c84a879bd37670ae4f538a\/internal_photos\/bs\/2025\/i\/l\/cK0y6CSFmlET33H4JDIg\/whatsapp-image-2025-07-10-at-19.54.19.jpeg 640w, https:\/\/s2-g1.glbimg.com\/5h2nJG7LqvT9UpucERCxDlDccHk=\/0x0:1600x900\/600x0\/smart\/filters:strip_icc()\/i.s3.glbimg.com\/v1\/AUTH_59edd422c0c84a879bd37670ae4f538a\/internal_photos\/bs\/2025\/i\/l\/cK0y6CSFmlET33H4JDIg\/whatsapp-image-2025-07-10-at-19.54.19.jpeg 600w\" alt=\"Ato contra super-ricos na avenida Paulista nesta quinta-feira (10) \u2014 Foto: Reprodu\u00e7\u00e3o\/TV Globo\" \/><\/figure>\n<\/div>\n<p class=\"content-media__description  \">Ato contra super-ricos na avenida Paulista nesta quinta-feira (10) \u2014 Foto: Reprodu\u00e7\u00e3o\/TV Globo<\/p>\n<\/div>\n<\/div>\n<\/div>\n<div id=\"chunk-b7r0g\">\n<div class=\"row medium-uncollapsed content-media content-photo\" data-block-type=\"backstage-photo\" data-block-id=\"24\">\n<div class=\" mc-column  content-media__container\">\n<div class=\"content-media-container glb-skeleton-box\">\n<figure class=\"content-media-figure\"><img decoding=\"async\" class=\"i-amphtml-fill-content i-amphtml-replaced-content\" src=\"https:\/\/s2-g1.glbimg.com\/dkLYagFNj6ZXmoSfieJTwmJGmgA=\/0x0:4032x3024\/984x0\/smart\/filters:strip_icc()\/i.s3.glbimg.com\/v1\/AUTH_59edd422c0c84a879bd37670ae4f538a\/internal_photos\/bs\/2025\/m\/p\/PyEbxnRKihJGE1DAAH9g\/whatsapp-image-2025-07-10-at-18.35.28.jpeg\" sizes=\"(max-width: 1600px) 648px, 100vw\" srcset=\"https:\/\/s2-g1.glbimg.com\/MANGSzQKZ5l5vyT0Qj43z75mRm8=\/0x0:4032x3024\/1000x0\/smart\/filters:strip_icc()\/i.s3.glbimg.com\/v1\/AUTH_59edd422c0c84a879bd37670ae4f538a\/internal_photos\/bs\/2025\/m\/p\/PyEbxnRKihJGE1DAAH9g\/whatsapp-image-2025-07-10-at-18.35.28.jpeg 1000w, https:\/\/s2-g1.glbimg.com\/dkLYagFNj6ZXmoSfieJTwmJGmgA=\/0x0:4032x3024\/984x0\/smart\/filters:strip_icc()\/i.s3.glbimg.com\/v1\/AUTH_59edd422c0c84a879bd37670ae4f538a\/internal_photos\/bs\/2025\/m\/p\/PyEbxnRKihJGE1DAAH9g\/whatsapp-image-2025-07-10-at-18.35.28.jpeg 984w, https:\/\/s2-g1.glbimg.com\/_qU_ldu5WMwZA99Ze51JM9gVpbc=\/0x0:4032x3024\/640x0\/smart\/filters:strip_icc()\/i.s3.glbimg.com\/v1\/AUTH_59edd422c0c84a879bd37670ae4f538a\/internal_photos\/bs\/2025\/m\/p\/PyEbxnRKihJGE1DAAH9g\/whatsapp-image-2025-07-10-at-18.35.28.jpeg 640w, https:\/\/s2-g1.glbimg.com\/Z1xY3aC6BWaV5HLpztPWP6WHXEs=\/0x0:4032x3024\/600x0\/smart\/filters:strip_icc()\/i.s3.glbimg.com\/v1\/AUTH_59edd422c0c84a879bd37670ae4f538a\/internal_photos\/bs\/2025\/m\/p\/PyEbxnRKihJGE1DAAH9g\/whatsapp-image-2025-07-10-at-18.35.28.jpeg 600w\" alt=\"Ato contra super-ricos na avenida Paulista nesta quinta-feira (10) \u2014 Foto: Deslange Paiva\/g1\" \/><\/figure>\n<\/div>\n<p class=\"content-media__description  \">Ato contra super-ricos na avenida Paulista nesta quinta-feira (10) \u2014 Foto: Deslange Paiva\/g1<\/p>\n<\/div>\n<\/div>\n<\/div>\n<div id=\"chunk-f5d9h\">\n<div class=\"row medium-uncollapsed content-media content-photo\" data-block-type=\"backstage-photo\" data-block-id=\"26\">\n<div class=\" mc-column  content-media__container\">\n<div class=\"content-media-container glb-skeleton-box\">\n<figure class=\"content-media-figure\"><img decoding=\"async\" class=\"i-amphtml-fill-content i-amphtml-replaced-content\" src=\"https:\/\/s2-g1.glbimg.com\/2SZw4hWrzP87TmesI5DITUvL7Pc=\/0x0:4032x3024\/984x0\/smart\/filters:strip_icc()\/i.s3.glbimg.com\/v1\/AUTH_59edd422c0c84a879bd37670ae4f538a\/internal_photos\/bs\/2025\/7\/A\/WRjexBTquk8dsLdw239g\/whatsapp-image-2025-07-10-at-18.35.27.jpeg\" sizes=\"(max-width: 1600px) 648px, 100vw\" srcset=\"https:\/\/s2-g1.glbimg.com\/kMtYXHma6GUTHksWYS139TmcENc=\/0x0:4032x3024\/1000x0\/smart\/filters:strip_icc()\/i.s3.glbimg.com\/v1\/AUTH_59edd422c0c84a879bd37670ae4f538a\/internal_photos\/bs\/2025\/7\/A\/WRjexBTquk8dsLdw239g\/whatsapp-image-2025-07-10-at-18.35.27.jpeg 1000w, https:\/\/s2-g1.glbimg.com\/2SZw4hWrzP87TmesI5DITUvL7Pc=\/0x0:4032x3024\/984x0\/smart\/filters:strip_icc()\/i.s3.glbimg.com\/v1\/AUTH_59edd422c0c84a879bd37670ae4f538a\/internal_photos\/bs\/2025\/7\/A\/WRjexBTquk8dsLdw239g\/whatsapp-image-2025-07-10-at-18.35.27.jpeg 984w, https:\/\/s2-g1.glbimg.com\/dClOZzv3uDmxquqe--67hd7qZUs=\/0x0:4032x3024\/640x0\/smart\/filters:strip_icc()\/i.s3.glbimg.com\/v1\/AUTH_59edd422c0c84a879bd37670ae4f538a\/internal_photos\/bs\/2025\/7\/A\/WRjexBTquk8dsLdw239g\/whatsapp-image-2025-07-10-at-18.35.27.jpeg 640w, https:\/\/s2-g1.glbimg.com\/MpjeqSShpVY04pwRmXPjlJt3MMM=\/0x0:4032x3024\/600x0\/smart\/filters:strip_icc()\/i.s3.glbimg.com\/v1\/AUTH_59edd422c0c84a879bd37670ae4f538a\/internal_photos\/bs\/2025\/7\/A\/WRjexBTquk8dsLdw239g\/whatsapp-image-2025-07-10-at-18.35.27.jpeg 600w\" alt=\"Ato contra super-ricos na avenida Paulista nesta quinta-feira (10) \u2014 Foto: Deslange Paiva\/g1\" \/><\/figure>\n<\/div>\n<p class=\"content-media__description  \">Ato contra super-ricos na avenida Paulista nesta quinta-feira (10) \u2014 Foto: Deslange Paiva\/g1<\/p>\n<\/div>\n<\/div>\n<\/div>\n<div id=\"chunk-7tmq0\">\n<div class=\"row medium-uncollapsed content-media content-photo\" data-block-type=\"backstage-photo\" data-block-id=\"27\">\n<div class=\" mc-column  content-media__container\">\n<div class=\"content-media-container glb-skeleton-box\">\n<figure class=\"content-media-figure\"><img decoding=\"async\" class=\"i-amphtml-fill-content i-amphtml-replaced-content\" src=\"https:\/\/s2-g1.glbimg.com\/EaCaE32knI7ku66qAS4iLEWJ2JU=\/0x0:4032x3024\/984x0\/smart\/filters:strip_icc()\/i.s3.glbimg.com\/v1\/AUTH_59edd422c0c84a879bd37670ae4f538a\/internal_photos\/bs\/2025\/u\/2\/9iWxVLQ7aBkhNQXFEeEQ\/whatsapp-image-2025-07-10-at-18.32.59-1-.jpeg\" sizes=\"(max-width: 1600px) 648px, 100vw\" srcset=\"https:\/\/s2-g1.glbimg.com\/tJaG3bEiSW_wFB1yMBJupwlHNV4=\/0x0:4032x3024\/1000x0\/smart\/filters:strip_icc()\/i.s3.glbimg.com\/v1\/AUTH_59edd422c0c84a879bd37670ae4f538a\/internal_photos\/bs\/2025\/u\/2\/9iWxVLQ7aBkhNQXFEeEQ\/whatsapp-image-2025-07-10-at-18.32.59-1-.jpeg 1000w, https:\/\/s2-g1.glbimg.com\/EaCaE32knI7ku66qAS4iLEWJ2JU=\/0x0:4032x3024\/984x0\/smart\/filters:strip_icc()\/i.s3.glbimg.com\/v1\/AUTH_59edd422c0c84a879bd37670ae4f538a\/internal_photos\/bs\/2025\/u\/2\/9iWxVLQ7aBkhNQXFEeEQ\/whatsapp-image-2025-07-10-at-18.32.59-1-.jpeg 984w, https:\/\/s2-g1.glbimg.com\/aOgtTN7GpwKQYzRPhQuWP2_Gssg=\/0x0:4032x3024\/640x0\/smart\/filters:strip_icc()\/i.s3.glbimg.com\/v1\/AUTH_59edd422c0c84a879bd37670ae4f538a\/internal_photos\/bs\/2025\/u\/2\/9iWxVLQ7aBkhNQXFEeEQ\/whatsapp-image-2025-07-10-at-18.32.59-1-.jpeg 640w, https:\/\/s2-g1.glbimg.com\/IIsCEdw7j70qp1-_R5gIi1vKZ6E=\/0x0:4032x3024\/600x0\/smart\/filters:strip_icc()\/i.s3.glbimg.com\/v1\/AUTH_59edd422c0c84a879bd37670ae4f538a\/internal_photos\/bs\/2025\/u\/2\/9iWxVLQ7aBkhNQXFEeEQ\/whatsapp-image-2025-07-10-at-18.32.59-1-.jpeg 600w\" alt=\"Ato contra super-ricos na avenida Paulista nesta quinta-feira (10) \u2014 Foto: Deslange Paiva\/g1\" \/><\/figure>\n<\/div>\n<p class=\"content-media__description  \">Ato contra super-ricos na avenida Paulista nesta quinta-feira (10) \u2014 Foto: Deslange Paiva\/g1<\/p>\n<\/div>\n<\/div>\n<\/div>\n<div id=\"chunk-8gtn6\">\n<div class=\"row medium-uncollapsed content-media content-photo\" data-block-type=\"backstage-photo\" data-block-id=\"29\">\n<div class=\" mc-column  content-media__container\">\n<div class=\"content-media-container glb-skeleton-box\">\n<figure class=\"content-media-figure\"><img decoding=\"async\" class=\"i-amphtml-fill-content i-amphtml-replaced-content\" src=\"https:\/\/s2-g1.glbimg.com\/mZLh-a-j5YXVZj9B2HD3nf4X-5A=\/0x0:4032x3024\/984x0\/smart\/filters:strip_icc()\/i.s3.glbimg.com\/v1\/AUTH_59edd422c0c84a879bd37670ae4f538a\/internal_photos\/bs\/2025\/P\/5\/rsmQB1RxqMULo7LVquhA\/whatsapp-image-2025-07-10-at-18.28.13.jpeg\" sizes=\"(max-width: 1600px) 648px, 100vw\" srcset=\"https:\/\/s2-g1.glbimg.com\/d2DpaCPrIg6Mb6L_1vI5VneV6Cs=\/0x0:4032x3024\/1000x0\/smart\/filters:strip_icc()\/i.s3.glbimg.com\/v1\/AUTH_59edd422c0c84a879bd37670ae4f538a\/internal_photos\/bs\/2025\/P\/5\/rsmQB1RxqMULo7LVquhA\/whatsapp-image-2025-07-10-at-18.28.13.jpeg 1000w, https:\/\/s2-g1.glbimg.com\/mZLh-a-j5YXVZj9B2HD3nf4X-5A=\/0x0:4032x3024\/984x0\/smart\/filters:strip_icc()\/i.s3.glbimg.com\/v1\/AUTH_59edd422c0c84a879bd37670ae4f538a\/internal_photos\/bs\/2025\/P\/5\/rsmQB1RxqMULo7LVquhA\/whatsapp-image-2025-07-10-at-18.28.13.jpeg 984w, https:\/\/s2-g1.glbimg.com\/j675N1Yz5TKyNkB8eCPafLJvcUU=\/0x0:4032x3024\/640x0\/smart\/filters:strip_icc()\/i.s3.glbimg.com\/v1\/AUTH_59edd422c0c84a879bd37670ae4f538a\/internal_photos\/bs\/2025\/P\/5\/rsmQB1RxqMULo7LVquhA\/whatsapp-image-2025-07-10-at-18.28.13.jpeg 640w, https:\/\/s2-g1.glbimg.com\/9QtaLPFrY8RWy3slzFyJnCy8f2k=\/0x0:4032x3024\/600x0\/smart\/filters:strip_icc()\/i.s3.glbimg.com\/v1\/AUTH_59edd422c0c84a879bd37670ae4f538a\/internal_photos\/bs\/2025\/P\/5\/rsmQB1RxqMULo7LVquhA\/whatsapp-image-2025-07-10-at-18.28.13.jpeg 600w\" alt=\"Ato contra super-ricos na avenida Paulista nesta quinta-feira (10) \u2014 Foto: Deslange Paiva\/g1\" \/><\/figure>\n<\/div>\n<p class=\"content-media__description  \">Ato contra super-ricos na avenida Paulista nesta quinta-feira (10) \u2014 Foto: Deslange Paiva\/g<\/p>\n<\/div>\n<\/div>\n<\/div>\n<div id=\"chunk-df6gr\">\n<div class=\"mc-column content-text active-extra-styles\" data-block-type=\"raw\" data-block-weight=\"3\" data-block-id=\"30\">\n<div class=\"content-intertitle\">\n<h2>Taxa\u00e7\u00e3o dos super-ricos<\/h2>\n<\/div>\n<\/div>\n<\/div>\n<div id=\"chunk-8jcts\">\n<div class=\"mc-column content-text active-extra-styles \" data-block-type=\"unstyled\" data-block-weight=\"52\" data-block-id=\"31\">\n<p class=\" content-text__container \" data-track-category=\"Link no Texto\" data-track-links=\"\" data-mrf-recirculation=\"Mat\u00e9ria - Links no Texto\">Para compensar a perda de arrecada\u00e7\u00e3o com a<a class=\"\" href=\"https:\/\/g1.globo.com\/economia\/noticia\/2025\/03\/18\/governo-anuncia-ampliacao-da-faixa-de-isencao-do-ir-para-r-5-mil-nesta-terca-entenda.ghtml\" data-mrf-link=\"https:\/\/g1.globo.com\/economia\/noticia\/2025\/03\/18\/governo-anuncia-ampliacao-da-faixa-de-isencao-do-ir-para-r-5-mil-nesta-terca-entenda.ghtml\">\u00a0amplia\u00e7\u00e3o da faixa de isen\u00e7\u00e3o do Imposto de Renda para rendimentos at\u00e9 R$ 5 mil mensais,<\/a>\u00a0o\u00a0<strong><span class=\"highlight highlighted\">governo pretende taxar os super ricos<\/span><\/strong>, ou seja, aqueles com renda mensal superior a R$ 50 mil \u2014 o equivalente a R$ 600 mil por ano.<\/p>\n<\/div>\n<\/div>\n<div id=\"chunk-84qvh\">\n<div class=\"mc-column content-text active-extra-styles \" data-block-type=\"unstyled\" data-block-weight=\"36\" data-block-id=\"32\">\n<p class=\" content-text__container \" data-track-category=\"Link no Texto\" data-track-links=\"\" data-mrf-recirculation=\"Mat\u00e9ria - Links no Texto\">A proje\u00e7\u00e3o do governo \u00e9 de arrecadar R$ 25,22 bilh\u00f5es em 2026 com essa mudan\u00e7a \u2013 valor pr\u00f3ximo aos cerca de R$ 26 bilh\u00f5es que ser\u00e3o perdidos, na arrecada\u00e7\u00e3o, com a isen\u00e7\u00e3o at\u00e9 R$ 5 mil.<\/p>\n<\/div>\n<\/div>\n<div id=\"chunk-17eja\">\n<div class=\"mc-column content-text active-extra-styles \" data-block-type=\"unstyled\" data-block-weight=\"43\" data-block-id=\"33\">\n<p class=\" content-text__container \" data-track-category=\"Link no Texto\" data-track-links=\"\" data-mrf-recirculation=\"Mat\u00e9ria - Links no Texto\">Ambas as medidas, se aprovadas, t\u00eam validade a partir de 2026. De acordo com interlocutores da \u00e1rea econ\u00f4mica, no\u00a0<strong>c\u00e1lculo do imposto adicional a ser cobrado dos super ricos, soma-se toda a renda recebida no ano, incluindo sal\u00e1rio, alugu\u00e9is, dividendos e outros rendimentos.<\/strong><\/p>\n<\/div>\n<\/div>\n<div id=\"chunk-5fdo1\">\n<div class=\"content-ads content-ads--reveal\" data-block-type=\"ads\" data-block-id=\"34\">\n<div id=\"banner_materia__bacd9798-e15f-412e-83f0-fec7adb06cea\">\n<div id=\"google_ads_iframe_\/95377733\/tvg_G1\/Sua_Regiao&gt;Sudeste&gt;Sao_Paulo_10__container__\"><\/div>\n<\/div>\n<\/div>\n<\/div>\n<div id=\"chunk-ffsq\">\n<div class=\"cxm-video-block mc-column  content-media content-video\" data-block-type=\"backstage-video\" data-block-id=\"35\">\n<div class=\"content-media__container content-media__container--codex-fallback\">\n<div class=\"content-video__bigger-player-description-fixer\">\n<article class=\"content-video\">\n<section class=\"content-video__video-container\">\n<div class=\"content-video__video\">\n<div class=\"content-video__placeholder\" data-video-id=\"13435106\"><img decoding=\"async\" class=\"content-video__placeholder__thumb\" title=\"Governo anuncia aumento da faixa de isen\u00e7\u00e3o do Imposto de Renda\" src=\"https:\/\/s03.video.glbimg.com\/x240\/13435106.jpg\" alt=\"Governo anuncia aumento da faixa de isen\u00e7\u00e3o do Imposto de Renda\" \/><\/div>\n<\/div>\n<\/section>\n<\/article>\n<\/div>\n<div class=\"bs-block-video__container\">\n<p class=\"codex-caption codex-caption--small\">Governo anuncia aumento da faixa de isen\u00e7\u00e3o do Imposto de Renda<\/p>\n<\/div>\n<\/div>\n<\/div>\n<\/div>\n<div id=\"chunk-1vmt8\">\n<div class=\"mc-column content-text active-extra-styles \" data-block-type=\"unstyled\" data-block-weight=\"14\" data-block-id=\"36\">\n<p class=\" content-text__container \" data-track-category=\"Link no Texto\" data-track-links=\"\" data-mrf-recirculation=\"Mat\u00e9ria - Links no Texto\">Entretanto,\u00a0<strong>alguns rendimentos s\u00e3o exclu\u00eddos na hora de calcular o imposto devido, como:<\/strong><\/p>\n<\/div>\n<\/div>\n<div id=\"chunk-8bl2g\">\n<div class=\"mc-column content-text active-extra-styles\" data-block-type=\"raw\" data-block-weight=\"19\" data-block-id=\"37\">\n<ul class=\"content-unordered-list\">\n<li>ganhos com poupan\u00e7a,<\/li>\n<li>t\u00edtulos isentos,<\/li>\n<li>heran\u00e7a,<\/li>\n<li>aposentadoria<\/li>\n<li>pens\u00e3o de mol\u00e9stia grave, venda de bens,<\/li>\n<li>outros rendimentos mobili\u00e1rios isentos<\/li>\n<li>indeniza\u00e7\u00f5es.<\/li>\n<\/ul>\n<\/div>\n<\/div>\n<div id=\"chunk-95dkf\">\n<div class=\"mc-column content-text active-extra-styles \" data-block-type=\"unstyled\" data-block-weight=\"6\" data-block-id=\"38\">\n<p class=\" content-text__container \" data-track-category=\"Link no Texto\" data-track-links=\"\" data-mrf-recirculation=\"Mat\u00e9ria - Links no Texto\">Veja as al\u00edquotas a serem cobradas:<\/p>\n<\/div>\n<\/div>\n<div id=\"chunk-2jsvj\">\n<div class=\"mc-column content-text active-extra-styles\" data-block-type=\"raw\" data-block-weight=\"83\" data-block-id=\"39\">\n<ul class=\"content-unordered-list\">\n<li><strong>Renda anual entre R$ 600 mil e R$ 750 mil<\/strong>: al\u00edquota de 2,5%; imposto m\u00ednimo a pagar de R$ 18.750<\/li>\n<li><strong>Renda anual entre R$ 750 mil e R$ 900 mil<\/strong>: al\u00edquota de 5%; imposto m\u00ednimo a pagar de R$ 45 mil<\/li>\n<li><strong>Renda anual entre R$ 900 mil e R$ 1,05 milh\u00e3o<\/strong>: al\u00edquota de 7,5%; imposto m\u00ednimo a pagar de R$ 78,75 mil<\/li>\n<li><strong>Renda anual entre R$ 1,05 milh\u00e3o e R$ 1,2 milh\u00e3o<\/strong>: al\u00edquota de 10%; imposto m\u00ednimo a pagar de R$ 120 mil<\/li>\n<\/ul>\n<\/div>\n<\/div>\n<div id=\"chunk-3odol\">\n<div class=\"mc-column content-text active-extra-styles\" data-block-type=\"raw\" data-block-weight=\"58\" data-block-id=\"41\">\n<blockquote class=\"content-blockquote theme-border-color-primary-before\"><p>A cobran\u00e7a ser\u00e1 feita apenas pela diferen\u00e7a entre o que j\u00e1 foi pago e o valor devido, respeitando as al\u00edquotas novas. Por exemplo, se um contribuinte com R$ 1,2 milh\u00e3o anuais pagou 8% de IR, ter\u00e1 que pagar apenas mais 2% para atingir os 10%. Se j\u00e1 pagou acima de 10%, n\u00e3o tem de pagar nada a mais.<\/p><\/blockquote>\n<\/div>\n<\/div>\n<p>Fonte: G1<\/p><\/div>\n<\/article>\n<\/div>\n","protected":false},"excerpt":{"rendered":"<p>Manifestantes ocupam Av. Paulista em protesto contra tarifa\u00e7o imposto por Trump ao Brasil e pela taxa\u00e7\u00e3o dos super-ricos Participantes se<\/p>\n","protected":false},"author":1,"featured_media":9692,"comment_status":"open","ping_status":"open","sticky":false,"template":"","format":"standard","meta":{"colormag_page_container_layout":"default_layout","colormag_page_sidebar_layout":"default_layout","footnotes":""},"categories":[1],"tags":[],"class_list":["post-9681","post","type-post","status-publish","format-standard","has-post-thumbnail","hentry","category-geral"],"_links":{"self":[{"href":"http:\/\/metropoleemfoco.com.br\/index.php?rest_route=\/wp\/v2\/posts\/9681","targetHints":{"allow":["GET"]}}],"collection":[{"href":"http:\/\/metropoleemfoco.com.br\/index.php?rest_route=\/wp\/v2\/posts"}],"about":[{"href":"http:\/\/metropoleemfoco.com.br\/index.php?rest_route=\/wp\/v2\/types\/post"}],"author":[{"embeddable":true,"href":"http:\/\/metropoleemfoco.com.br\/index.php?rest_route=\/wp\/v2\/users\/1"}],"replies":[{"embeddable":true,"href":"http:\/\/metropoleemfoco.com.br\/index.php?rest_route=%2Fwp%2Fv2%2Fcomments&post=9681"}],"version-history":[{"count":1,"href":"http:\/\/metropoleemfoco.com.br\/index.php?rest_route=\/wp\/v2\/posts\/9681\/revisions"}],"predecessor-version":[{"id":9693,"href":"http:\/\/metropoleemfoco.com.br\/index.php?rest_route=\/wp\/v2\/posts\/9681\/revisions\/9693"}],"wp:featuredmedia":[{"embeddable":true,"href":"http:\/\/metropoleemfoco.com.br\/index.php?rest_route=\/wp\/v2\/media\/9692"}],"wp:attachment":[{"href":"http:\/\/metropoleemfoco.com.br\/index.php?rest_route=%2Fwp%2Fv2%2Fmedia&parent=9681"}],"wp:term":[{"taxonomy":"category","embeddable":true,"href":"http:\/\/metropoleemfoco.com.br\/index.php?rest_route=%2Fwp%2Fv2%2Fcategories&post=9681"},{"taxonomy":"post_tag","embeddable":true,"href":"http:\/\/metropoleemfoco.com.br\/index.php?rest_route=%2Fwp%2Fv2%2Ftags&post=9681"}],"curies":[{"name":"wp","href":"https:\/\/api.w.org\/{rel}","templated":true}]}}