{"id":9680,"date":"2025-07-11T12:23:27","date_gmt":"2025-07-11T15:23:27","guid":{"rendered":"https:\/\/metropoleemfoco.com.br\/?p=9680"},"modified":"2025-07-11T12:23:27","modified_gmt":"2025-07-11T15:23:27","slug":"segunda-semana-do-bdsp-modo-ferias-explora-parques-museus-e-atividades-gratuitas-em-sao-paulo","status":"publish","type":"post","link":"http:\/\/metropoleemfoco.com.br\/?p=9680","title":{"rendered":"Segunda semana do &#8216;BDSP Modo F\u00e9rias&#8217; explora parques, museus e atividades gratuitas em S\u00e3o Paulo"},"content":{"rendered":"<div class=\"mc-article-header\">\n<div class=\"row content-head mc-column non-featured \">\n<div class=\"title\" data-block-type=\"title\" data-block-id=\"0\">\n<h1 class=\"content-head__title\">Segunda semana do &#8216;BDSP Modo F\u00e9rias&#8217; explora parques, museus e atividades gratuitas em S\u00e3o Paulo<\/h1>\n<\/div>\n<div class=\"medium-centered subtitle\">\n<h2 class=\"content-head__subtitle\">Projeto do Bom Dia SP segue com dicas de passeios divertidos para as f\u00e9rias escolares na Grande S\u00e3o Paulo.<\/h2>\n<\/div>\n<\/div>\n<div><\/div>\n<div class=\"content__signa-share mc-column\">\n<div class=\"content__signature\">\n<div class=\"content-publication-data\">\n<div class=\"content-publication-data__text\">\n<p class=\"content-publication-data__from\" title=\"Fabio Figueira\">Por Fabio Figueira, TV Globo<\/p>\n<\/div>\n<\/div>\n<\/div>\n<\/div>\n<\/div>\n<div class=\"mc-article-body\">\n<article>\n<div id=\"chunk-8odru\">\n<div class=\"row medium-uncollapsed content-media content-photo\" data-block-type=\"backstage-photo\" data-block-id=\"2\">\n<div class=\" mc-column  content-media__container\">\n<div class=\"content-media-container glb-skeleton-box\">\n<figure class=\"content-media-figure\"><img decoding=\"async\" class=\"i-amphtml-fill-content i-amphtml-replaced-content\" src=\"https:\/\/s2-g1.glbimg.com\/0P4uYuKLJ3WozHYqlfTqD890jeA=\/0x0:1394x725\/984x0\/smart\/filters:strip_icc()\/i.s3.glbimg.com\/v1\/AUTH_59edd422c0c84a879bd37670ae4f538a\/internal_photos\/bs\/2025\/U\/P\/mlaukiTyapCzsYShzpyA\/bdsp-modo-ferias.jpg\" sizes=\"(max-width: 1600px) 648px, 100vw\" srcset=\"https:\/\/s2-g1.glbimg.com\/lSOa4gMWY435vNYux91I4ahZ560=\/0x0:1394x725\/1000x0\/smart\/filters:strip_icc()\/i.s3.glbimg.com\/v1\/AUTH_59edd422c0c84a879bd37670ae4f538a\/internal_photos\/bs\/2025\/U\/P\/mlaukiTyapCzsYShzpyA\/bdsp-modo-ferias.jpg 1000w, https:\/\/s2-g1.glbimg.com\/0P4uYuKLJ3WozHYqlfTqD890jeA=\/0x0:1394x725\/984x0\/smart\/filters:strip_icc()\/i.s3.glbimg.com\/v1\/AUTH_59edd422c0c84a879bd37670ae4f538a\/internal_photos\/bs\/2025\/U\/P\/mlaukiTyapCzsYShzpyA\/bdsp-modo-ferias.jpg 984w, https:\/\/s2-g1.glbimg.com\/nrJJUvnrjzuGhWkvdOyhubyrO-o=\/0x0:1394x725\/640x0\/smart\/filters:strip_icc()\/i.s3.glbimg.com\/v1\/AUTH_59edd422c0c84a879bd37670ae4f538a\/internal_photos\/bs\/2025\/U\/P\/mlaukiTyapCzsYShzpyA\/bdsp-modo-ferias.jpg 640w, https:\/\/s2-g1.glbimg.com\/erpXU6BeC6z_UrrhPeJi2Hx7z3Q=\/0x0:1394x725\/600x0\/smart\/filters:strip_icc()\/i.s3.glbimg.com\/v1\/AUTH_59edd422c0c84a879bd37670ae4f538a\/internal_photos\/bs\/2025\/U\/P\/mlaukiTyapCzsYShzpyA\/bdsp-modo-ferias.jpg 600w\" alt=\"Segunda semana do 'BDSP Modo F\u00e9rias' explora parques, museus e atividades gratuitas em S\u00e3o Paulo \u2014 Foto: Reprodu\u00e7\u00e3o\/TV Globo\" \/><\/figure>\n<\/div>\n<p class=\"content-media__description  \">Segunda semana do &#8216;BDSP Modo F\u00e9rias&#8217; explora parques, museus e atividades gratuitas em S\u00e3o Paulo \u2014 Foto: Reprodu\u00e7\u00e3o\/TV Globo<\/p>\n<\/div>\n<\/div>\n<\/div>\n<div id=\"chunk-3nc7h\">\n<div class=\"mc-column content-text active-extra-styles \" data-block-type=\"unstyled\" data-block-weight=\"52\" data-block-id=\"3\">\n<p class=\" content-text__container \" data-track-category=\"Link no Texto\" data-track-links=\"\" data-mrf-recirculation=\"Mat\u00e9ria - Links no Texto\">A segunda semana do\u00a0<strong>&#8220;BDSP Modo F\u00e9rias&#8221; come\u00e7ou com tudo na capital paulista<\/strong>, com o rep\u00f3rter R\u00f4mulo D&#8217;Avila rodando a cidade atr\u00e1s dos melhores rol\u00eas para crian\u00e7as e fam\u00edlias durante o recesso escolar, levando ao p\u00fablico boas op\u00e7\u00f5es de lazer \u2014 e muitas vezes gratuitas.\u00a0<strong>Confira o que rolou nesta segunda semana:<\/strong><\/p>\n<\/div>\n<\/div>\n<div class=\"wall protected-content\">\n<div id=\"chunk-fvau6\">\n<div class=\"mc-column content-text active-extra-styles\" data-block-type=\"raw\" data-block-weight=\"8\" data-block-id=\"5\">\n<div class=\"content-intertitle\">\n<h2>Recreio nas F\u00e9rias no CEU Caminho do Mar<\/h2>\n<\/div>\n<\/div>\n<\/div>\n<div id=\"chunk-apld7\">\n<div class=\"mc-column content-text active-extra-styles \" data-block-type=\"unstyled\" data-block-weight=\"55\" data-block-id=\"6\">\n<p class=\" content-text__container \" data-track-category=\"Link no Texto\" data-track-links=\"\" data-mrf-recirculation=\"Mat\u00e9ria - Links no Texto\">Para abrir a semana, o rep\u00f3rter R\u00f4mulo D&#8217;Avila foi at\u00e9 o CEU Caminho do Mar, na Zona Sul de\u00a0<a class=\"\" href=\"https:\/\/g1.globo.com\/sp\/sao-paulo\/cidade\/sao-paulo\/\" data-mrf-link=\"https:\/\/g1.globo.com\/sp\/sao-paulo\/cidade\/sao-paulo\/\">S\u00e3o Paulo<\/a>, mostrar o in\u00edcio do projeto Recreio nas F\u00e9rias, da Prefeitura de S\u00e3o Paulo. O programa, que ocorre durante os recessos escolares, oferece atividades recreativas, esportivas e culturais para crian\u00e7as e adolescentes da rede municipal.<\/p>\n<\/div>\n<\/div>\n<div id=\"chunk-3khcl\">\n<div class=\"mc-column content-text active-extra-styles \" data-block-type=\"unstyled\" data-block-weight=\"25\" data-block-id=\"8\">\n<p class=\" content-text__container \" data-track-category=\"Link no Texto\" data-track-links=\"\" data-mrf-recirculation=\"Mat\u00e9ria - Links no Texto\">A edi\u00e7\u00e3o de julho conta com mais de\u00a0<strong>130 polos ativos, incluindo CEUs e outros equipamentos p\u00fablicos, com oficinas, jogos, brincadeiras e at\u00e9 passeios externos<\/strong>.<\/p>\n<\/div>\n<\/div>\n<div id=\"chunk-89q5u\">\n<div class=\"mc-column content-text active-extra-styles\" data-block-type=\"raw\" data-block-weight=\"10\" data-block-id=\"9\">\n<blockquote class=\"content-blockquote theme-border-color-primary-before\"><p>Tudo de forma gratuita, com alimenta\u00e7\u00e3o garantida para os participantes.<\/p><\/blockquote>\n<\/div>\n<\/div>\n<div id=\"chunk-4rp0b\">\n<div class=\"cxm-video-block mc-column  content-media content-video\" data-block-type=\"backstage-video\" data-block-id=\"10\">\n<div class=\"content-media__container content-media__container--codex-fallback\">\n<div class=\"content-video__bigger-player-description-fixer\">\n<article class=\"content-video\">\n<section class=\"content-video__video-container\">\n<div class=\"content-video__video\">\n<div class=\"content-video__placeholder\" data-video-id=\"13748915\"><img decoding=\"async\" class=\"content-video__placeholder__thumb\" title=\"BDSP Modo F\u00e9rias traz atividades na capital\" src=\"https:\/\/s04.video.glbimg.com\/x240\/13748915.jpg\" alt=\"BDSP Modo F\u00e9rias traz atividades na capital\" \/><\/div>\n<\/div>\n<\/section>\n<\/article>\n<\/div>\n<div class=\"bs-block-video__container\">\n<p class=\"codex-caption codex-caption--small\">BDSP Modo F\u00e9rias traz atividades na capital<\/p>\n<\/div>\n<\/div>\n<\/div>\n<\/div>\n<div id=\"chunk-47rtv\">\n<div class=\"mc-column content-text active-extra-styles\" data-block-type=\"raw\" data-block-weight=\"10\" data-block-id=\"11\">\n<div class=\"content-intertitle\">\n<h2>Mundo dos Insetos e Gincanas no Parque Estadual do Bel\u00e9m<\/h2>\n<\/div>\n<\/div>\n<\/div>\n<div id=\"chunk-56pjr\">\n<div class=\"mc-column content-text active-extra-styles \" data-block-type=\"unstyled\" data-block-weight=\"46\" data-block-id=\"12\">\n<p class=\" content-text__container \" data-track-category=\"Link no Texto\" data-track-links=\"\" data-mrf-recirculation=\"Mat\u00e9ria - Links no Texto\">Na ter\u00e7a (8), o destino foi o Parque Estadual do Bel\u00e9m, na zona leste. Por l\u00e1,\u00a0<strong>a crian\u00e7ada pode mergulhar em um universo l\u00fadico e educativo<\/strong>. Destaque para o \u201cMundo dos Insetos\u201d, onde os pequenos aprendem sobre a import\u00e2ncia dos insetos no ecossistema com atividades interativas.<\/p>\n<\/div>\n<\/div>\n<div id=\"chunk-980sk\">\n<div class=\"mc-column content-text active-extra-styles \" data-block-type=\"unstyled\" data-block-weight=\"39\" data-block-id=\"13\">\n<p class=\" content-text__container \" data-track-category=\"Link no Texto\" data-track-links=\"\" data-mrf-recirculation=\"Mat\u00e9ria - Links no Texto\">No \u201cMundo do Bicho-Pau\u201d, \u00e9 poss\u00edvel observar de perto\u00a0<strong>esse curioso inseto camuflado<\/strong>. E pra gastar energia, tem a Gincana no Parque, com jogos ao ar livre, corridas e brincadeiras de equipe \u2014 tudo com acompanhamento de monitores ambientais.<\/p>\n<\/div>\n<\/div>\n<div id=\"chunk-7pe5k\">\n<div class=\"mc-column content-text active-extra-styles\" data-block-type=\"raw\" data-block-weight=\"15\" data-block-id=\"15\">\n<blockquote class=\"content-blockquote theme-border-color-primary-before\"><p>A programa\u00e7\u00e3o \u00e9 gratuita e faz parte da agenda da Secretaria Estadual do Meio Ambiente.<\/p><\/blockquote>\n<\/div>\n<\/div>\n<div id=\"chunk-pt9i\">\n<div class=\"cxm-video-block mc-column  content-media content-video\" data-block-type=\"backstage-video\" data-block-id=\"17\">\n<div class=\"content-media__container content-media__container--codex-fallback\">\n<div class=\"content-video__bigger-player-description-fixer\">\n<article class=\"content-video\">\n<section class=\"content-video__video-container\">\n<div class=\"content-video__video\">\n<div class=\"content-video__placeholder\" data-video-id=\"13739932\"><img decoding=\"async\" class=\"content-video__placeholder__thumb\" title=\"BDSP Modo F\u00e9rias traz um mundo de insetos\" src=\"https:\/\/s01.video.glbimg.com\/x240\/13739932.jpg\" alt=\"BDSP Modo F\u00e9rias traz um mundo de insetos\" \/><\/div>\n<\/div>\n<\/section>\n<\/article>\n<\/div>\n<div class=\"bs-block-video__container\">\n<p class=\"codex-caption codex-caption--small\">BDSP Modo F\u00e9rias traz um mundo de insetos<\/p>\n<\/div>\n<\/div>\n<\/div>\n<\/div>\n<div id=\"chunk-dbjsd\">\n<div class=\"mc-column content-text active-extra-styles\" data-block-type=\"raw\" data-block-weight=\"11\" data-block-id=\"18\">\n<div class=\"content-intertitle\">\n<h2>Esta\u00e7\u00e3o F\u00e9rias no Museu da L\u00edngua Portuguesa e exposi\u00e7\u00f5es no Masp<\/h2>\n<\/div>\n<\/div>\n<\/div>\n<div id=\"chunk-7p7r4\">\n<div class=\"mc-column content-text active-extra-styles \" data-block-type=\"unstyled\" data-block-weight=\"56\" data-block-id=\"19\">\n<p class=\" content-text__container \" data-track-category=\"Link no Texto\" data-track-links=\"\" data-mrf-recirculation=\"Mat\u00e9ria - Links no Texto\">Quarta-feira (9) foi dia de programa\u00e7\u00e3o dupla. Primeiro, R\u00f4mulo D&#8217;Avila visitou o\u00a0<strong>Museu da L\u00edngua Portuguesa<\/strong>, na regi\u00e3o central da capital, para acompanhar o projeto Esta\u00e7\u00e3o F\u00e9rias. Durante todo o m\u00eas de julho, o museu promove uma\u00a0<strong>s\u00e9rie de oficinas criativas, conta\u00e7\u00f5es de hist\u00f3rias e atividades voltadas ao universo da linguagem<\/strong>\u00a0e da cultura popular brasileira.<\/p>\n<\/div>\n<\/div>\n<div id=\"chunk-eim88\">\n<div class=\"mc-column content-text active-extra-styles \" data-block-type=\"unstyled\" data-block-weight=\"21\" data-block-id=\"20\">\n<p class=\" content-text__container \" data-track-category=\"Link no Texto\" data-track-links=\"\" data-mrf-recirculation=\"Mat\u00e9ria - Links no Texto\">A proposta \u00e9 unir brincadeira e aprendizado, aproximando o p\u00fablico infantil do universo da l\u00edngua portuguesa de maneira leve e interativa.<\/p>\n<\/div>\n<\/div>\n<div id=\"chunk-4uprr\">\n<div class=\"mc-column content-text active-extra-styles \" data-block-type=\"unstyled\" data-block-weight=\"25\" data-block-id=\"22\">\n<p class=\" content-text__container \" data-track-category=\"Link no Texto\" data-track-links=\"\" data-mrf-recirculation=\"Mat\u00e9ria - Links no Texto\">No mesmo dia, o rep\u00f3rter Herm\u00ednio Bernardo esteve no Masp, na Avenida Paulista, que ofereceu entrada gratuita durante o feriado prolongado de 9 de Julho.<\/p>\n<\/div>\n<\/div>\n<div id=\"chunk-6guk7\">\n<div class=\"mc-column content-text active-extra-styles\" data-block-type=\"raw\" data-block-weight=\"22\" data-block-id=\"23\">\n<blockquote class=\"content-blockquote theme-border-color-primary-before\"><p>O Masp tamb\u00e9m tem uma programa\u00e7\u00e3o infantil especial nas f\u00e9rias, com oficinas de arte e visitas mediadas voltadas para o p\u00fablico jovem.<\/p><\/blockquote>\n<\/div>\n<\/div>\n<div id=\"chunk-1fcf3\">\n<div class=\"cxm-video-block mc-column  content-media content-video\" data-block-type=\"backstage-video\" data-block-id=\"24\">\n<div class=\"content-media__container content-media__container--codex-fallback\">\n<div class=\"content-video__bigger-player-description-fixer\">\n<article class=\"content-video\">\n<section class=\"content-video__video-container\">\n<div class=\"content-video__video\">\n<div class=\"content-video__placeholder\" data-video-id=\"13748914\"><img decoding=\"async\" class=\"content-video__placeholder__thumb\" title=\"BDSP Modo F\u00e9rias visita museus da capital\" src=\"https:\/\/s03.video.glbimg.com\/x240\/13748914.jpg\" alt=\"BDSP Modo F\u00e9rias visita museus da capital\" \/><\/div>\n<\/div>\n<\/section>\n<\/article>\n<\/div>\n<div class=\"bs-block-video__container\">\n<p class=\"codex-caption codex-caption--small\">BDSP Modo F\u00e9rias visita museus da capital<\/p>\n<\/div>\n<\/div>\n<\/div>\n<\/div>\n<div id=\"chunk-cd4t9\">\n<div class=\"mc-column content-text active-extra-styles\" data-block-type=\"raw\" data-block-weight=\"5\" data-block-id=\"25\">\n<div class=\"content-intertitle\">\n<h2><strong>E vem mais por a\u00ed&#8230;<\/strong><\/h2>\n<\/div>\n<\/div>\n<\/div>\n<div id=\"chunk-8bip3\">\n<div class=\"mc-column content-text active-extra-styles \" data-block-type=\"unstyled\" data-block-weight=\"54\" data-block-id=\"26\">\n<p class=\" content-text__container \" data-track-category=\"Link no Texto\" data-track-links=\"\" data-mrf-recirculation=\"Mat\u00e9ria - Links no Texto\">Com op\u00e7\u00f5es que v\u00e3o de brincadeiras em parques a imers\u00f5es culturais em museus, o BDSP Modo F\u00e9rias segue firme no objetivo de mostrar que S\u00e3o Paulo tem, sim, muita divers\u00e3o gratuita e de qualidade para o m\u00eas de julho. O \u201cBDSP Modo F\u00e9rias\u201d vai ao ar ao longo da programa\u00e7\u00e3o do Bom Dia SP.<\/p>\n<p>Fonte: G1<\/p>\n<\/div>\n<\/div>\n<\/div>\n<\/article>\n<\/div>\n","protected":false},"excerpt":{"rendered":"<p>Segunda semana do &#8216;BDSP Modo F\u00e9rias&#8217; explora parques, museus e atividades gratuitas em S\u00e3o Paulo Projeto do Bom Dia SP<\/p>\n","protected":false},"author":1,"featured_media":9689,"comment_status":"open","ping_status":"open","sticky":false,"template":"","format":"standard","meta":{"colormag_page_container_layout":"default_layout","colormag_page_sidebar_layout":"default_layout","footnotes":""},"categories":[1],"tags":[],"class_list":["post-9680","post","type-post","status-publish","format-standard","has-post-thumbnail","hentry","category-geral"],"_links":{"self":[{"href":"http:\/\/metropoleemfoco.com.br\/index.php?rest_route=\/wp\/v2\/posts\/9680","targetHints":{"allow":["GET"]}}],"collection":[{"href":"http:\/\/metropoleemfoco.com.br\/index.php?rest_route=\/wp\/v2\/posts"}],"about":[{"href":"http:\/\/metropoleemfoco.com.br\/index.php?rest_route=\/wp\/v2\/types\/post"}],"author":[{"embeddable":true,"href":"http:\/\/metropoleemfoco.com.br\/index.php?rest_route=\/wp\/v2\/users\/1"}],"replies":[{"embeddable":true,"href":"http:\/\/metropoleemfoco.com.br\/index.php?rest_route=%2Fwp%2Fv2%2Fcomments&post=9680"}],"version-history":[{"count":1,"href":"http:\/\/metropoleemfoco.com.br\/index.php?rest_route=\/wp\/v2\/posts\/9680\/revisions"}],"predecessor-version":[{"id":9690,"href":"http:\/\/metropoleemfoco.com.br\/index.php?rest_route=\/wp\/v2\/posts\/9680\/revisions\/9690"}],"wp:featuredmedia":[{"embeddable":true,"href":"http:\/\/metropoleemfoco.com.br\/index.php?rest_route=\/wp\/v2\/media\/9689"}],"wp:attachment":[{"href":"http:\/\/metropoleemfoco.com.br\/index.php?rest_route=%2Fwp%2Fv2%2Fmedia&parent=9680"}],"wp:term":[{"taxonomy":"category","embeddable":true,"href":"http:\/\/metropoleemfoco.com.br\/index.php?rest_route=%2Fwp%2Fv2%2Fcategories&post=9680"},{"taxonomy":"post_tag","embeddable":true,"href":"http:\/\/metropoleemfoco.com.br\/index.php?rest_route=%2Fwp%2Fv2%2Ftags&post=9680"}],"curies":[{"name":"wp","href":"https:\/\/api.w.org\/{rel}","templated":true}]}}