{"id":9679,"date":"2025-07-11T12:21:17","date_gmt":"2025-07-11T15:21:17","guid":{"rendered":"https:\/\/metropoleemfoco.com.br\/?p=9679"},"modified":"2025-07-11T12:21:17","modified_gmt":"2025-07-11T15:21:17","slug":"dois-pms-sao-presos-por-matarem-suspeito-rendido-durante-operacao-em-paraisopolis-que-acabou-em-atos-de-vandalismo","status":"publish","type":"post","link":"http:\/\/metropoleemfoco.com.br\/?p=9679","title":{"rendered":"Dois PMs s\u00e3o presos por matarem suspeito rendido durante opera\u00e7\u00e3o em Parais\u00f3polis que acabou em atos de vandalismo"},"content":{"rendered":"<div class=\"mc-article-header\">\n<div class=\"row content-head mc-column non-featured \">\n<div class=\"title\" data-block-type=\"title\" data-block-id=\"0\">\n<h1 class=\"content-head__title\">Dois PMs s\u00e3o presos por matarem suspeito rendido durante opera\u00e7\u00e3o em Parais\u00f3polis que acabou em atos de vandalismo<\/h1>\n<\/div>\n<div class=\"medium-centered subtitle\">\n<h2 class=\"content-head__subtitle\">Tr\u00eas acusados de tr\u00e1fico tamb\u00e9m foram presos na a\u00e7\u00e3o. Um quarto homem foi detido na manifesta\u00e7\u00e3o. Houve ainda uma segunda morte em meio ao confronto da PM com criminosos.<\/h2>\n<\/div>\n<\/div>\n<div><\/div>\n<div class=\"content__signa-share mc-column\">\n<div class=\"content__signature\">\n<div class=\"content-publication-data\">\n<div class=\"content-publication-data__text\">\n<p class=\"content-publication-data__from\" title=\"Edson Valente, Fernanda Calgaro\">Por\u00a0<a class=\"multi_signatures\" href=\"https:\/\/g1.globo.com\/autores\/edson-valente\/\">Edson Valente<\/a>,\u00a0<a class=\"multi_signatures\" href=\"https:\/\/g1.globo.com\/autores\/fernanda-calgaro\/\">Fernanda Calgaro<\/a>, g1 SP<\/p>\n<\/div>\n<\/div>\n<\/div>\n<\/div>\n<div class=\"glb-share-bar content__share-bar\">\n<div class=\"glb-share-bar_icons\">\n<div class=\"glb-share-bar_button-img\"><\/div>\n<div class=\"glb-share-bar_button-img\"><\/div>\n<\/div>\n<\/div>\n<\/div>\n<div class=\"mc-article-body\">\n<article>\n<div id=\"chunk-8kh9t\">\n<div class=\"cxm-video-block mc-column  content-media content-video\" data-block-type=\"backstage-video\" data-block-id=\"1\">\n<div class=\"content-media__container content-media__container--codex-fallback\">\n<div class=\"content-video__bigger-player-description-fixer\">\n<article class=\"content-video\">\n<section class=\"content-video__video-container\">\n<div class=\"content-video__video\">\n<div class=\"content-video__placeholder\" data-video-id=\"13749438\"><img decoding=\"async\" class=\"content-video__placeholder__thumb\" title=\"Ap\u00f3s a\u00e7\u00e3o da PM que terminou em 2 mortes, Parais\u00f3polis tem policiamento refor\u00e7ado\" src=\"https:\/\/s03.video.glbimg.com\/x240\/13749438.jpg\" alt=\"Ap\u00f3s a\u00e7\u00e3o da PM que terminou em 2 mortes, Parais\u00f3polis tem policiamento refor\u00e7ado\" \/><\/div>\n<\/div>\n<\/section>\n<\/article>\n<\/div>\n<div class=\"bs-block-video__container\">\n<p class=\"codex-caption codex-caption--small\">Ap\u00f3s a\u00e7\u00e3o da PM que terminou em 2 mortes, Parais\u00f3polis tem policiamento refor\u00e7ado<\/p>\n<\/div>\n<\/div>\n<\/div>\n<\/div>\n<div id=\"chunk-c4lpm\">\n<div class=\"mc-column content-text active-extra-styles \" data-block-type=\"unstyled\" data-block-weight=\"48\" data-block-id=\"2\">\n<p class=\" content-text__container \" data-track-category=\"Link no Texto\" data-track-links=\"\" data-mrf-recirculation=\"Mat\u00e9ria - Links no Texto\">Dois policiais militares\u00a0<strong>foram presos em flagrante por matarem um suspeito j\u00e1 rendido<\/strong>\u00a0durante uma opera\u00e7\u00e3o na noite de quinta-feira (10) na favela de Parais\u00f3polis, na Zona Sul de\u00a0<a class=\"\" href=\"https:\/\/g1.globo.com\/sp\/sao-paulo\/cidade\/sao-paulo\/\" data-mrf-link=\"https:\/\/g1.globo.com\/sp\/sao-paulo\/cidade\/sao-paulo\/\">S\u00e3o Paulo<\/a>, que terminou em atos de vandalismo. Houve depois uma segunda morte em meio ao confronto com criminosos.<\/p>\n<\/div>\n<\/div>\n<div class=\"wall protected-content\">\n<div id=\"chunk-eu5vn\">\n<div class=\"mc-column content-text active-extra-styles \" data-block-type=\"unstyled\" data-block-weight=\"26\" data-block-id=\"4\">\n<p class=\" content-text__container \" data-track-category=\"Link no Texto\" data-track-links=\"\" data-mrf-recirculation=\"Mat\u00e9ria - Links no Texto\">Segundo o coronel Emerson Massera, chefe da comunica\u00e7\u00e3o da PM, as pris\u00f5es dos agentes aconteceram<strong>\u00a0ap\u00f3s a an\u00e1lise das imagens das c\u00e2meras corporais usadas pelos policiais<\/strong>.<\/p>\n<\/div>\n<\/div>\n<div id=\"chunk-7na6r\">\n<div class=\"mc-column content-text active-extra-styles \" data-block-type=\"unstyled\" data-block-weight=\"53\" data-block-id=\"5\">\n<p class=\" content-text__container \" data-track-category=\"Link no Texto\" data-track-links=\"\" data-mrf-recirculation=\"Mat\u00e9ria - Links no Texto\">Em entrevista \u00e0 imprensa nesta sexta-feira (11), ele explicou que, ao abordarem suspeitos de tr\u00e1fico de drogas dentro de uma casa na comunidade, dois policiais atiraram quando um dos acusados, identificado como Igor Oliveira de Moraes Santos, j\u00e1 estava rendido. No local, foram apreendidas tr\u00eas armas de fogo, carregadores, drogas, dinheiro e celulares.<\/p>\n<\/div>\n<\/div>\n<div id=\"chunk-97ni3\">\n<div class=\"mc-column content-text active-extra-styles\" data-block-type=\"raw\" data-block-weight=\"45\" data-block-id=\"7\">\n<blockquote class=\"content-blockquote theme-border-color-primary-before\"><p>&#8220;O homem j\u00e1 estava rendido quando os policiais efetuaram os disparos. (&#8230;) A a\u00e7\u00e3o dos policiais foi ilegal&#8221;, disse. &#8220;A a\u00e7\u00e3o come\u00e7ou completamente leg\u00edtima. (&#8230;) Num determinado momento, esse homem j\u00e1 estava rendido quando os policiais efetivaram os disparos, sem nada que os justificasse&#8221;, afirmou.<\/p><\/blockquote>\n<\/div>\n<\/div>\n<div id=\"chunk-fsmhp\">\n<div class=\"mc-column content-text active-extra-styles \" data-block-type=\"unstyled\" data-block-weight=\"24\" data-block-id=\"8\">\n<p class=\" content-text__container \" data-track-category=\"Link no Texto\" data-track-links=\"\" data-mrf-recirculation=\"Mat\u00e9ria - Links no Texto\">De acordo com a PM, Igor n\u00e3o tinha passagens como adulto, mas j\u00e1 tinha tido envolvimento com roubo e tr\u00e1fico quando era adolescente.<\/p>\n<\/div>\n<\/div>\n<div id=\"chunk-3f3tt\">\n<div class=\"mc-column content-text active-extra-styles \" data-block-type=\"unstyled\" data-block-weight=\"54\" data-block-id=\"9\">\n<p class=\" content-text__container \" data-track-category=\"Link no Texto\" data-track-links=\"\" data-mrf-recirculation=\"Mat\u00e9ria - Links no Texto\">Massera ressaltou que a corpora\u00e7\u00e3o n\u00e3o compactua com erros de policiais e que foi determinada uma apura\u00e7\u00e3o rigorosa sobre o epis\u00f3dio. &#8220;Foram condutas criminosas&#8221;, acrescentou. &#8220;Reconhecemos nosso erro e os policiais j\u00e1 est\u00e3o sendo responsabilizados e v\u00e3o responder por isso&#8221;, disse. Segundo ele, &#8220;houve o erro do policial, n\u00e3o falta de treinamento ou preparo&#8221;.<\/p>\n<\/div>\n<\/div>\n<div id=\"chunk-eio8n\">\n<div class=\"mc-column content-text active-extra-styles \" data-block-type=\"unstyled\" data-block-weight=\"37\" data-block-id=\"10\">\n<p class=\" content-text__container \" data-track-category=\"Link no Texto\" data-track-links=\"\" data-mrf-recirculation=\"Mat\u00e9ria - Links no Texto\">Os agentes usavam o modelo novo de c\u00e2meras corporais, em que a grava\u00e7\u00e3o tem que ser ativada. De acordo com o coronel, uma das c\u00e2meras foi acionada por um dos policiais, ativando automaticamente, via bluetooth, as demais.<\/p>\n<\/div>\n<\/div>\n<div id=\"chunk-c6ol2\">\n<div class=\"mc-column content-text active-extra-styles \" data-block-type=\"unstyled\" data-block-weight=\"41\" data-block-id=\"11\">\n<p class=\" content-text__container \" data-track-category=\"Link no Texto\" data-track-links=\"\" data-mrf-recirculation=\"Mat\u00e9ria - Links no Texto\"><strong>Mais dois policiais que participaram da abordagem foram indiciados.\u00a0<\/strong>O homic\u00eddio ser\u00e1 investigado em um inqu\u00e9rito que tem prazo de 20 dias e poder\u00e1 ser prorrogado por mais 40 dias. Ao final da investiga\u00e7\u00e3o, as imagens das c\u00e2meras corporais ser\u00e3o liberadas.<\/p>\n<\/div>\n<\/div>\n<div id=\"chunk-6sucf\">\n<div class=\"mc-column content-text active-extra-styles \" data-block-type=\"unstyled\" data-block-weight=\"15\" data-block-id=\"13\">\n<p class=\" content-text__container \" data-track-category=\"Link no Texto\" data-track-links=\"\" data-mrf-recirculation=\"Mat\u00e9ria - Links no Texto\"><strong>Tr\u00eas homens que tamb\u00e9m estavam na casa foram presos<\/strong>. Dois deles n\u00e3o tinham passagens criminais.<\/p>\n<\/div>\n<\/div>\n<div id=\"chunk-d7qed\">\n<div class=\"mc-column content-text active-extra-styles \" data-block-type=\"unstyled\" data-block-weight=\"23\" data-block-id=\"14\">\n<p class=\" content-text__container \" data-track-category=\"Link no Texto\" data-track-links=\"\" data-mrf-recirculation=\"Mat\u00e9ria - Links no Texto\">Al\u00e9m deles,\u00a0<strong>um quarto homem foi preso por participar das manifesta\u00e7\u00f5es<\/strong>\u00a0que aconteceram em seguida em rea\u00e7\u00e3o \u00e0 morte do suspeito j\u00e1 rendido.<\/p>\n<\/div>\n<\/div>\n<div id=\"chunk-7so7n\">\n<div class=\"mc-column content-text active-extra-styles \" data-block-type=\"unstyled\" data-block-weight=\"23\" data-block-id=\"15\">\n<p class=\" content-text__container \" data-track-category=\"Link no Texto\" data-track-links=\"\" data-mrf-recirculation=\"Mat\u00e9ria - Links no Texto\"><a class=\"\" href=\"https:\/\/g1.globo.com\/sp\/sao-paulo\/noticia\/2025\/07\/10\/grupo-ataca-motoristas-no-morumbi-zona-sul-de-sp.ghtml\" data-mrf-link=\"https:\/\/g1.globo.com\/sp\/sao-paulo\/noticia\/2025\/07\/10\/grupo-ataca-motoristas-no-morumbi-zona-sul-de-sp.ghtml\">Um grupo de pessoas foi flagrado atacando ao menos cinco motoristas<\/a>\u00a0nos arredores da Avenida Giovanni Gronchi, no Morumbi, bairro vizinho \u00e0 comunidade.<\/p>\n<\/div>\n<\/div>\n<div id=\"chunk-aolq1\">\n<div class=\"mc-column content-text active-extra-styles \" data-block-type=\"unstyled\" data-block-weight=\"36\" data-block-id=\"16\">\n<p class=\" content-text__container \" data-track-category=\"Link no Texto\" data-track-links=\"\" data-mrf-recirculation=\"Mat\u00e9ria - Links no Texto\">Foram quase quatro horas de tumulto. Um sargento da Rota foi baleado no ombro e est\u00e1 fora de perigo, mas ter\u00e1 de passar por cirurgia. Tr\u00eas viaturas foram danificadas. Nesta sexta, Parais\u00f3polis amanheceu com policiamento refor\u00e7ado.<\/p>\n<\/div>\n<\/div>\n<div id=\"chunk-e9ucc\">\n<div class=\"mc-column content-text active-extra-styles \" data-block-type=\"unstyled\" data-block-weight=\"18\" data-block-id=\"17\">\n<p class=\" content-text__container \" data-track-category=\"Link no Texto\" data-track-links=\"\" data-mrf-recirculation=\"Mat\u00e9ria - Links no Texto\">Massera disse que a &#8220;PM reconhece seus erros&#8221;, mas n\u00e3o ir\u00e1 &#8220;retroceder no trabalho de combate \u00e0 criminalidade&#8221;.<\/p>\n<\/div>\n<\/div>\n<div id=\"chunk-6snci\">\n<div class=\"row medium-uncollapsed content-media content-photo\" data-block-type=\"backstage-photo\" data-block-id=\"18\">\n<div class=\" mc-column  content-media__container\">\n<div class=\"content-media-container glb-skeleton-box\">\n<figure class=\"content-media-figure\"><img decoding=\"async\" class=\"i-amphtml-fill-content i-amphtml-replaced-content\" src=\"https:\/\/s2-g1.glbimg.com\/-lY4dBdyKOO2kTnwNLfLiMtu24A=\/0x0:1920x1080\/984x0\/smart\/filters:strip_icc()\/i.s3.glbimg.com\/v1\/AUTH_59edd422c0c84a879bd37670ae4f538a\/internal_photos\/bs\/2025\/K\/a\/6fk43vSZaFJxOxZnIdQw\/bdsp-cop-20250711-0554-frame-175476.jpeg\" sizes=\"(max-width: 1600px) 648px, 100vw\" srcset=\"https:\/\/s2-g1.glbimg.com\/2o6H9FVw9OW9sGUrhtVE7YYlrrU=\/0x0:1920x1080\/1000x0\/smart\/filters:strip_icc()\/i.s3.glbimg.com\/v1\/AUTH_59edd422c0c84a879bd37670ae4f538a\/internal_photos\/bs\/2025\/K\/a\/6fk43vSZaFJxOxZnIdQw\/bdsp-cop-20250711-0554-frame-175476.jpeg 1000w, https:\/\/s2-g1.glbimg.com\/-lY4dBdyKOO2kTnwNLfLiMtu24A=\/0x0:1920x1080\/984x0\/smart\/filters:strip_icc()\/i.s3.glbimg.com\/v1\/AUTH_59edd422c0c84a879bd37670ae4f538a\/internal_photos\/bs\/2025\/K\/a\/6fk43vSZaFJxOxZnIdQw\/bdsp-cop-20250711-0554-frame-175476.jpeg 984w, https:\/\/s2-g1.glbimg.com\/CgstJztaUYNS1UetICrQD8FxssI=\/0x0:1920x1080\/640x0\/smart\/filters:strip_icc()\/i.s3.glbimg.com\/v1\/AUTH_59edd422c0c84a879bd37670ae4f538a\/internal_photos\/bs\/2025\/K\/a\/6fk43vSZaFJxOxZnIdQw\/bdsp-cop-20250711-0554-frame-175476.jpeg 640w, https:\/\/s2-g1.glbimg.com\/U4uHYASTfEbXZed_bKZs_UD5_Sw=\/0x0:1920x1080\/600x0\/smart\/filters:strip_icc()\/i.s3.glbimg.com\/v1\/AUTH_59edd422c0c84a879bd37670ae4f538a\/internal_photos\/bs\/2025\/K\/a\/6fk43vSZaFJxOxZnIdQw\/bdsp-cop-20250711-0554-frame-175476.jpeg 600w\" alt=\"Viatura com agente andando com arma para fora em Parais\u00f3polis. \u2014 Foto: Reprodu\u00e7\u00e3o\/ TV Globo\" \/><\/figure>\n<\/div>\n<p class=\"content-media__description  \">Viatura com agente andando com arma para fora em Parais\u00f3polis. \u2014 Foto: Reprodu\u00e7\u00e3o\/ TV Globo<\/p>\n<\/div>\n<\/div>\n<\/div>\n<div id=\"chunk-82car\">\n<div class=\"mc-column content-text active-extra-styles\" data-block-type=\"raw\" data-block-weight=\"1\" data-block-id=\"20\">\n<div class=\"content-intertitle\">\n<h2>Opera\u00e7\u00e3o<\/h2>\n<\/div>\n<\/div>\n<\/div>\n<div id=\"chunk-1s9iv\">\n<div class=\"mc-column content-text active-extra-styles \" data-block-type=\"unstyled\" data-block-weight=\"25\" data-block-id=\"21\">\n<p class=\" content-text__container \" data-track-category=\"Link no Texto\" data-track-links=\"\" data-mrf-recirculation=\"Mat\u00e9ria - Links no Texto\">A opera\u00e7\u00e3o come\u00e7ou ap\u00f3s a PM ser acionada por volta das 16h ap\u00f3s uma den\u00fancia de que havia armamento pesado em uma rua da comunidade.<\/p>\n<\/div>\n<\/div>\n<div id=\"chunk-fuiuh\">\n<div class=\"mc-column content-text active-extra-styles \" data-block-type=\"unstyled\" data-block-weight=\"49\" data-block-id=\"22\">\n<p class=\" content-text__container \" data-track-category=\"Link no Texto\" data-track-links=\"\" data-mrf-recirculation=\"Mat\u00e9ria - Links no Texto\">Momentos depois da a\u00e7\u00e3o, o Globocop, da\u00a0<strong>TV Globo,<\/strong>\u00a0registrou com exclusividade homens armados com peda\u00e7os de madeira e pedras arremessando objetos contra ve\u00edculos nas ruas do entorno da favela. Um dos carros chegou a ser empurrado e tombado. O grupo fugiu com a chegada das viaturas da PM.<\/p>\n<\/div>\n<\/div>\n<div id=\"chunk-269pc\">\n<div class=\"mc-column content-text active-extra-styles \" data-block-type=\"unstyled\" data-block-weight=\"37\" data-block-id=\"23\">\n<p class=\" content-text__container \" data-track-category=\"Link no Texto\" data-track-links=\"\" data-mrf-recirculation=\"Mat\u00e9ria - Links no Texto\">Por volta das 19h, havia ao menos 20 focos de inc\u00eandio nas ruas em volta de Parais\u00f3polis, incluindo a Avenida Giovanni Gronchi (altura do n\u00famero 3.501), na Pra\u00e7a Moacir Nicodemus e na Rua Doutor Fl\u00e1vio Am\u00e9rico Maurano.<\/p>\n<\/div>\n<\/div>\n<div id=\"chunk-3kf5v\">\n<div class=\"row medium-uncollapsed content-media content-photo\" data-block-type=\"backstage-photo\" data-block-id=\"24\">\n<div class=\" mc-column  content-media__container\">\n<div class=\"content-media-container glb-skeleton-box\">\n<figure class=\"content-media-figure\"><img decoding=\"async\" class=\"i-amphtml-fill-content i-amphtml-replaced-content\" src=\"https:\/\/s2-g1.glbimg.com\/4ygjGKJWP8vUKBKV35R5z0fvFO4=\/0x0:1920x1080\/984x0\/smart\/filters:strip_icc()\/i.s3.glbimg.com\/v1\/AUTH_59edd422c0c84a879bd37670ae4f538a\/internal_photos\/bs\/2025\/d\/y\/bZiSXQQiG1BlamIU3lhA\/bdsp-cop-20250711-0554-frame-168942.jpeg\" sizes=\"(max-width: 1600px) 648px, 100vw\" srcset=\"https:\/\/s2-g1.glbimg.com\/bEpLAabJpnEFFe52IhwaWVD9Pbs=\/0x0:1920x1080\/1000x0\/smart\/filters:strip_icc()\/i.s3.glbimg.com\/v1\/AUTH_59edd422c0c84a879bd37670ae4f538a\/internal_photos\/bs\/2025\/d\/y\/bZiSXQQiG1BlamIU3lhA\/bdsp-cop-20250711-0554-frame-168942.jpeg 1000w, https:\/\/s2-g1.glbimg.com\/4ygjGKJWP8vUKBKV35R5z0fvFO4=\/0x0:1920x1080\/984x0\/smart\/filters:strip_icc()\/i.s3.glbimg.com\/v1\/AUTH_59edd422c0c84a879bd37670ae4f538a\/internal_photos\/bs\/2025\/d\/y\/bZiSXQQiG1BlamIU3lhA\/bdsp-cop-20250711-0554-frame-168942.jpeg 984w, https:\/\/s2-g1.glbimg.com\/Ovf-nW1OfMmKdbLpyLbM1kQAMNg=\/0x0:1920x1080\/640x0\/smart\/filters:strip_icc()\/i.s3.glbimg.com\/v1\/AUTH_59edd422c0c84a879bd37670ae4f538a\/internal_photos\/bs\/2025\/d\/y\/bZiSXQQiG1BlamIU3lhA\/bdsp-cop-20250711-0554-frame-168942.jpeg 640w, https:\/\/s2-g1.glbimg.com\/9A4BLhShz1nkN7J5-EAGP8Hes6o=\/0x0:1920x1080\/600x0\/smart\/filters:strip_icc()\/i.s3.glbimg.com\/v1\/AUTH_59edd422c0c84a879bd37670ae4f538a\/internal_photos\/bs\/2025\/d\/y\/bZiSXQQiG1BlamIU3lhA\/bdsp-cop-20250711-0554-frame-168942.jpeg 600w\" alt=\"PMs circulando por Parais\u00f3polis. \u2014 Foto: Reprodu\u00e7\u00e3o\/ TV Globo\" \/><\/figure>\n<\/div>\n<p class=\"content-media__description  \">PMs circulando por Parais\u00f3polis. \u2014 Foto: Reprodu\u00e7\u00e3o\/ TV Globo<\/p>\n<\/div>\n<\/div>\n<\/div>\n<div id=\"chunk-dkd8f\">\n<div class=\"row medium-uncollapsed content-media content-photo\" data-block-type=\"backstage-photo\" data-block-id=\"26\">\n<div class=\" mc-column  content-media__container\">\n<div class=\"content-media-container glb-skeleton-box\">\n<figure class=\"content-media-figure\"><img decoding=\"async\" class=\"i-amphtml-fill-content i-amphtml-replaced-content\" src=\"https:\/\/s2-g1.glbimg.com\/VxpbDjea5yFjTgviCZXREm7ySKs=\/0x0:1920x1080\/984x0\/smart\/filters:strip_icc()\/i.s3.glbimg.com\/v1\/AUTH_59edd422c0c84a879bd37670ae4f538a\/internal_photos\/bs\/2025\/S\/u\/WHkMIGSeahnV9AjzVn9A\/bdsp-cop-20250711-0554-frame-154273.jpeg\" sizes=\"(max-width: 1600px) 648px, 100vw\" srcset=\"https:\/\/s2-g1.glbimg.com\/CEIL9GqFBEL1FvAIIWd-Pkk84uU=\/0x0:1920x1080\/1000x0\/smart\/filters:strip_icc()\/i.s3.glbimg.com\/v1\/AUTH_59edd422c0c84a879bd37670ae4f538a\/internal_photos\/bs\/2025\/S\/u\/WHkMIGSeahnV9AjzVn9A\/bdsp-cop-20250711-0554-frame-154273.jpeg 1000w, https:\/\/s2-g1.glbimg.com\/VxpbDjea5yFjTgviCZXREm7ySKs=\/0x0:1920x1080\/984x0\/smart\/filters:strip_icc()\/i.s3.glbimg.com\/v1\/AUTH_59edd422c0c84a879bd37670ae4f538a\/internal_photos\/bs\/2025\/S\/u\/WHkMIGSeahnV9AjzVn9A\/bdsp-cop-20250711-0554-frame-154273.jpeg 984w, https:\/\/s2-g1.glbimg.com\/gjrkQ-cSW65WfCJRfBslBBaQFjo=\/0x0:1920x1080\/640x0\/smart\/filters:strip_icc()\/i.s3.glbimg.com\/v1\/AUTH_59edd422c0c84a879bd37670ae4f538a\/internal_photos\/bs\/2025\/S\/u\/WHkMIGSeahnV9AjzVn9A\/bdsp-cop-20250711-0554-frame-154273.jpeg 640w, https:\/\/s2-g1.glbimg.com\/PBxHn2pqOxq4HyzquyltEJqTKdE=\/0x0:1920x1080\/600x0\/smart\/filters:strip_icc()\/i.s3.glbimg.com\/v1\/AUTH_59edd422c0c84a879bd37670ae4f538a\/internal_photos\/bs\/2025\/S\/u\/WHkMIGSeahnV9AjzVn9A\/bdsp-cop-20250711-0554-frame-154273.jpeg 600w\" alt=\"PM andando armado por Parais\u00f3polis. \u2014 Foto: Reprodu\u00e7\u00e3o\/ TV Globo\" \/><\/figure>\n<\/div>\n<p class=\"content-media__description  \">PM andando armado por Parais\u00f3polis. \u2014 Foto: Reprodu\u00e7\u00e3o\/ TV Globo<\/p>\n<\/div>\n<\/div>\n<\/div>\n<div id=\"chunk-5ev2b\">\n<div class=\"mc-column content-text active-extra-styles\" data-block-type=\"raw\" data-block-weight=\"8\" data-block-id=\"27\">\n<div class=\"content-intertitle\">\n<h2>O que diz a Secretaria da Seguran\u00e7a P\u00fablica<\/h2>\n<\/div>\n<\/div>\n<\/div>\n<div id=\"chunk-2uv11\">\n<div class=\"mc-column content-text active-extra-styles \" data-block-type=\"unstyled\" data-block-weight=\"18\" data-block-id=\"28\">\n<p class=\" content-text__container \" data-track-category=\"Link no Texto\" data-track-links=\"\" data-mrf-recirculation=\"Mat\u00e9ria - Links no Texto\">Em nota, a Secretaria da Seguran\u00e7a P\u00fablica afirmou que as Pol\u00edcias Civil e Militar apuram as duas ocorr\u00eancias:<\/p>\n<\/div>\n<\/div>\n<div id=\"chunk-fp8fn\">\n<div class=\"mc-column content-text active-extra-styles \" data-block-type=\"unstyled\" data-block-weight=\"54\" data-block-id=\"29\">\n<p class=\" content-text__container \" data-track-category=\"Link no Texto\" data-track-links=\"\" data-mrf-recirculation=\"Mat\u00e9ria - Links no Texto\"><em>&#8220;\u00c0 tarde, os policiais foram acionados para uma den\u00fancia de homens armados em um ponto de venda de drogas. Ao chegarem ao local, tr\u00eas suspeitos fugiram em dire\u00e7\u00e3o a uma casa. No local, um dos suspeitos morreu baleado e dois foram presos. Foram apreendidas armas de fogo, muni\u00e7\u00f5es, entorpecentes e anota\u00e7\u00f5es do tr\u00e1fico.<\/em><\/p>\n<\/div>\n<\/div>\n<div id=\"chunk-29b0i\">\n<div class=\"mc-column content-text active-extra-styles \" data-block-type=\"unstyled\" data-block-weight=\"64\" data-block-id=\"30\">\n<p class=\" content-text__container \" data-track-category=\"Link no Texto\" data-track-links=\"\" data-mrf-recirculation=\"Mat\u00e9ria - Links no Texto\"><em>Por volta das 20h, ap\u00f3s um protesto iniciado por moradores, policiais militares foram recebidos a tiros em outro ponto de Parais\u00f3polis. Um policial foi baleado e socorrido ao Hospital Albert Einstein. Um suspeito de 29 anos foi atingido e n\u00e3o resistiu aos ferimentos. As duas ocorr\u00eancias s\u00e3o investigadas pelo Departamento de Homic\u00eddios e de Prote\u00e7\u00e3o \u00e0 Pessoa (DHPP), por meio de inqu\u00e9rito policial.<\/em><\/p>\n<\/div>\n<\/div>\n<div id=\"chunk-akrsm\">\n<div class=\"mc-column content-text active-extra-styles \" data-block-type=\"unstyled\" data-block-weight=\"38\" data-block-id=\"32\">\n<p class=\" content-text__container \" data-track-category=\"Link no Texto\" data-track-links=\"\" data-mrf-recirculation=\"Mat\u00e9ria - Links no Texto\"><em>A Pol\u00edcia Militar instaurou Inqu\u00e9rito Policial Militar (IPM) para apura\u00e7\u00e3o de todas as ocorr\u00eancias. As imagens captadas pelas c\u00e2meras corporais dos policiais est\u00e3o sendo analisadas, e dilig\u00eancias seguem em andamento para o completo esclarecimento das circunst\u00e2ncias dos fatos.&#8221;<\/em><\/p>\n<\/div>\n<\/div>\n<div id=\"chunk-5l0k9\">\n<div class=\"row medium-uncollapsed content-media content-photo\" data-block-type=\"backstage-photo\" data-block-id=\"35\">\n<div class=\" mc-column  content-media__container\">\n<div class=\"content-media-container glb-skeleton-box\">\n<figure class=\"content-media-figure\"><img decoding=\"async\" class=\"i-amphtml-fill-content i-amphtml-replaced-content\" src=\"https:\/\/s2-g1.glbimg.com\/CQBFJQoPN1TnnxFOf9Rmt_n4Pg4=\/0x0:1920x1080\/984x0\/smart\/filters:strip_icc()\/i.s3.glbimg.com\/v1\/AUTH_59edd422c0c84a879bd37670ae4f538a\/internal_photos\/bs\/2025\/k\/l\/Z6kQ9KTRCvC3ZmxypIAA\/sp2-globocop-incendio-pico-jaragua-20250710-1610-frame-265043.jpeg\" sizes=\"(max-width: 1600px) 648px, 100vw\" srcset=\"https:\/\/s2-g1.glbimg.com\/IMKtGMPQfAWnbUuPsyZLnnoy-1M=\/0x0:1920x1080\/1000x0\/smart\/filters:strip_icc()\/i.s3.glbimg.com\/v1\/AUTH_59edd422c0c84a879bd37670ae4f538a\/internal_photos\/bs\/2025\/k\/l\/Z6kQ9KTRCvC3ZmxypIAA\/sp2-globocop-incendio-pico-jaragua-20250710-1610-frame-265043.jpeg 1000w, https:\/\/s2-g1.glbimg.com\/CQBFJQoPN1TnnxFOf9Rmt_n4Pg4=\/0x0:1920x1080\/984x0\/smart\/filters:strip_icc()\/i.s3.glbimg.com\/v1\/AUTH_59edd422c0c84a879bd37670ae4f538a\/internal_photos\/bs\/2025\/k\/l\/Z6kQ9KTRCvC3ZmxypIAA\/sp2-globocop-incendio-pico-jaragua-20250710-1610-frame-265043.jpeg 984w, https:\/\/s2-g1.glbimg.com\/Llrwa1HdgO-Z8FpQVIFQi_GTkuc=\/0x0:1920x1080\/640x0\/smart\/filters:strip_icc()\/i.s3.glbimg.com\/v1\/AUTH_59edd422c0c84a879bd37670ae4f538a\/internal_photos\/bs\/2025\/k\/l\/Z6kQ9KTRCvC3ZmxypIAA\/sp2-globocop-incendio-pico-jaragua-20250710-1610-frame-265043.jpeg 640w, https:\/\/s2-g1.glbimg.com\/0QvGUv6RANl3rbijwT2Yo1g_Ei8=\/0x0:1920x1080\/600x0\/smart\/filters:strip_icc()\/i.s3.glbimg.com\/v1\/AUTH_59edd422c0c84a879bd37670ae4f538a\/internal_photos\/bs\/2025\/k\/l\/Z6kQ9KTRCvC3ZmxypIAA\/sp2-globocop-incendio-pico-jaragua-20250710-1610-frame-265043.jpeg 600w\" alt=\"Grupo ataca motorista e tomba carro no Morumbi, Zona Sul de SP \u2014 Foto: Reprodu\u00e7\u00e3o\/TV Globo\" \/><\/figure>\n<\/div>\n<p class=\"content-media__description  \">Grupo ataca motorista e tomba carro no Morumbi, Zona Sul de SP \u2014 Foto: Reprodu\u00e7\u00e3o\/TV Globo<\/p>\n<\/div>\n<\/div>\n<\/div>\n<div id=\"chunk-4d2g7\">\n<div class=\"row medium-uncollapsed content-media content-photo\" data-block-type=\"backstage-photo\" data-block-id=\"36\">\n<div class=\" mc-column  content-media__container\">\n<div class=\"content-media-container glb-skeleton-box\">\n<figure class=\"content-media-figure\"><img decoding=\"async\" class=\"i-amphtml-fill-content i-amphtml-replaced-content\" src=\"https:\/\/s2-g1.glbimg.com\/tw0iN_CvI1i1Y7jOhTgmE2hBvw4=\/0x0:1920x1080\/984x0\/smart\/filters:strip_icc()\/i.s3.glbimg.com\/v1\/AUTH_59edd422c0c84a879bd37670ae4f538a\/internal_photos\/bs\/2025\/Y\/A\/NZRqkHTMGFjnqHRp2G8A\/sp2-globocop-incendio-pico-jaragua-20250710-1610-frame-255715.jpeg\" sizes=\"(max-width: 1600px) 648px, 100vw\" srcset=\"https:\/\/s2-g1.glbimg.com\/dajdWGrB0qNQs_O0ZtjDwo6HpJs=\/0x0:1920x1080\/1000x0\/smart\/filters:strip_icc()\/i.s3.glbimg.com\/v1\/AUTH_59edd422c0c84a879bd37670ae4f538a\/internal_photos\/bs\/2025\/Y\/A\/NZRqkHTMGFjnqHRp2G8A\/sp2-globocop-incendio-pico-jaragua-20250710-1610-frame-255715.jpeg 1000w, https:\/\/s2-g1.glbimg.com\/tw0iN_CvI1i1Y7jOhTgmE2hBvw4=\/0x0:1920x1080\/984x0\/smart\/filters:strip_icc()\/i.s3.glbimg.com\/v1\/AUTH_59edd422c0c84a879bd37670ae4f538a\/internal_photos\/bs\/2025\/Y\/A\/NZRqkHTMGFjnqHRp2G8A\/sp2-globocop-incendio-pico-jaragua-20250710-1610-frame-255715.jpeg 984w, https:\/\/s2-g1.glbimg.com\/ce-55Z3UmS01F8m8r8sXhQBSdRc=\/0x0:1920x1080\/640x0\/smart\/filters:strip_icc()\/i.s3.glbimg.com\/v1\/AUTH_59edd422c0c84a879bd37670ae4f538a\/internal_photos\/bs\/2025\/Y\/A\/NZRqkHTMGFjnqHRp2G8A\/sp2-globocop-incendio-pico-jaragua-20250710-1610-frame-255715.jpeg 640w, https:\/\/s2-g1.glbimg.com\/qlnifhH2fgMxiYMwU3nYJOvU3-0=\/0x0:1920x1080\/600x0\/smart\/filters:strip_icc()\/i.s3.glbimg.com\/v1\/AUTH_59edd422c0c84a879bd37670ae4f538a\/internal_photos\/bs\/2025\/Y\/A\/NZRqkHTMGFjnqHRp2G8A\/sp2-globocop-incendio-pico-jaragua-20250710-1610-frame-255715.jpeg 600w\" alt=\"Grupo ataca motorista e tomba carro no Morumbi, Zona Sul de SP \u2014 Foto: Reprodu\u00e7\u00e3o\/TV Globo\" \/><\/figure>\n<\/div>\n<p class=\"content-media__description  \">Grupo ataca motorista e tomba carro no Morumbi, Zona Sul de SP \u2014 Foto: Reprodu\u00e7\u00e3o\/TV Globo<\/p>\n<\/div>\n<\/div>\n<\/div>\n<div id=\"chunk-da2lt\">\n<div class=\"row medium-uncollapsed content-media content-photo\" data-block-type=\"backstage-photo\" data-block-id=\"38\">\n<div class=\" mc-column  content-media__container\">\n<p class=\"content-media__description  \">Grupo da regi\u00e3o do Morumbi ateia fogo para bloquear rua \u2014 Foto: Reprodu\u00e7\u00e3o\/TV Globo<\/p>\n<\/div>\n<\/div>\n<\/div>\n<div id=\"chunk-58rov\">\n<div class=\"row medium-uncollapsed content-media content-photo\" data-block-type=\"backstage-photo\" data-block-id=\"39\">\n<div class=\" mc-column  content-media__container\">\n<div class=\"content-media-container glb-skeleton-box\">\n<figure class=\"content-media-figure\"><img decoding=\"async\" class=\"i-amphtml-fill-content i-amphtml-replaced-content\" src=\"https:\/\/s2-g1.glbimg.com\/5kfls_S3iKRqyxFa65dkKHxnrM8=\/0x0:1200x1600\/984x0\/smart\/filters:strip_icc()\/i.s3.glbimg.com\/v1\/AUTH_59edd422c0c84a879bd37670ae4f538a\/internal_photos\/bs\/2025\/C\/h\/kIt0pFQbaRBQxZfU3gWA\/whatsapp-image-2025-07-10-at-19.11.04-1-.jpeg\" sizes=\"(max-width: 1600px) 648px, 100vw\" srcset=\"https:\/\/s2-g1.glbimg.com\/rWDQ6vtD73sXq9zzwZzGUxJAi50=\/0x0:1200x1600\/1000x0\/smart\/filters:strip_icc()\/i.s3.glbimg.com\/v1\/AUTH_59edd422c0c84a879bd37670ae4f538a\/internal_photos\/bs\/2025\/C\/h\/kIt0pFQbaRBQxZfU3gWA\/whatsapp-image-2025-07-10-at-19.11.04-1-.jpeg 1000w, https:\/\/s2-g1.glbimg.com\/5kfls_S3iKRqyxFa65dkKHxnrM8=\/0x0:1200x1600\/984x0\/smart\/filters:strip_icc()\/i.s3.glbimg.com\/v1\/AUTH_59edd422c0c84a879bd37670ae4f538a\/internal_photos\/bs\/2025\/C\/h\/kIt0pFQbaRBQxZfU3gWA\/whatsapp-image-2025-07-10-at-19.11.04-1-.jpeg 984w, https:\/\/s2-g1.glbimg.com\/TvCmrvufRC9N0qWUtWKRVegm-mQ=\/0x0:1200x1600\/640x0\/smart\/filters:strip_icc()\/i.s3.glbimg.com\/v1\/AUTH_59edd422c0c84a879bd37670ae4f538a\/internal_photos\/bs\/2025\/C\/h\/kIt0pFQbaRBQxZfU3gWA\/whatsapp-image-2025-07-10-at-19.11.04-1-.jpeg 640w, https:\/\/s2-g1.glbimg.com\/KaA__qXIC708alGv0u4ePtrdv1w=\/0x0:1200x1600\/600x0\/smart\/filters:strip_icc()\/i.s3.glbimg.com\/v1\/AUTH_59edd422c0c84a879bd37670ae4f538a\/internal_photos\/bs\/2025\/C\/h\/kIt0pFQbaRBQxZfU3gWA\/whatsapp-image-2025-07-10-at-19.11.04-1-.jpeg 600w\" alt=\"Apreens\u00f5es feitas pela PM na favela de Parais\u00f3polis em Morumbi, na Zona Sul de SP \u2014 Foto: Divulga\u00e7\u00e3o\/PM\" \/><\/figure>\n<\/div>\n<p class=\"content-media__description  \">Apreens\u00f5es feitas pela PM na favela de Parais\u00f3polis em Morumbi, na Zona Sul de SP \u2014 Foto: Divulga\u00e7\u00e3o\/PM<\/p>\n<p>Fonte: G1<\/p>\n<\/div>\n<\/div>\n<\/div>\n<\/div>\n<\/article>\n<\/div>\n","protected":false},"excerpt":{"rendered":"<p>Dois PMs s\u00e3o presos por matarem suspeito rendido durante opera\u00e7\u00e3o em Parais\u00f3polis que acabou em atos de vandalismo Tr\u00eas acusados<\/p>\n","protected":false},"author":1,"featured_media":9687,"comment_status":"open","ping_status":"open","sticky":false,"template":"","format":"standard","meta":{"colormag_page_container_layout":"default_layout","colormag_page_sidebar_layout":"default_layout","footnotes":""},"categories":[1],"tags":[],"class_list":["post-9679","post","type-post","status-publish","format-standard","has-post-thumbnail","hentry","category-geral"],"_links":{"self":[{"href":"http:\/\/metropoleemfoco.com.br\/index.php?rest_route=\/wp\/v2\/posts\/9679","targetHints":{"allow":["GET"]}}],"collection":[{"href":"http:\/\/metropoleemfoco.com.br\/index.php?rest_route=\/wp\/v2\/posts"}],"about":[{"href":"http:\/\/metropoleemfoco.com.br\/index.php?rest_route=\/wp\/v2\/types\/post"}],"author":[{"embeddable":true,"href":"http:\/\/metropoleemfoco.com.br\/index.php?rest_route=\/wp\/v2\/users\/1"}],"replies":[{"embeddable":true,"href":"http:\/\/metropoleemfoco.com.br\/index.php?rest_route=%2Fwp%2Fv2%2Fcomments&post=9679"}],"version-history":[{"count":1,"href":"http:\/\/metropoleemfoco.com.br\/index.php?rest_route=\/wp\/v2\/posts\/9679\/revisions"}],"predecessor-version":[{"id":9688,"href":"http:\/\/metropoleemfoco.com.br\/index.php?rest_route=\/wp\/v2\/posts\/9679\/revisions\/9688"}],"wp:featuredmedia":[{"embeddable":true,"href":"http:\/\/metropoleemfoco.com.br\/index.php?rest_route=\/wp\/v2\/media\/9687"}],"wp:attachment":[{"href":"http:\/\/metropoleemfoco.com.br\/index.php?rest_route=%2Fwp%2Fv2%2Fmedia&parent=9679"}],"wp:term":[{"taxonomy":"category","embeddable":true,"href":"http:\/\/metropoleemfoco.com.br\/index.php?rest_route=%2Fwp%2Fv2%2Fcategories&post=9679"},{"taxonomy":"post_tag","embeddable":true,"href":"http:\/\/metropoleemfoco.com.br\/index.php?rest_route=%2Fwp%2Fv2%2Ftags&post=9679"}],"curies":[{"name":"wp","href":"https:\/\/api.w.org\/{rel}","templated":true}]}}