{"id":9668,"date":"2025-07-09T18:45:24","date_gmt":"2025-07-09T21:45:24","guid":{"rendered":"https:\/\/metropoleemfoco.com.br\/?p=9668"},"modified":"2025-07-09T18:45:24","modified_gmt":"2025-07-09T21:45:24","slug":"oficina-abordara-gestao-de-recursos-do-escola-em-tempo-integral","status":"publish","type":"post","link":"http:\/\/metropoleemfoco.com.br\/?p=9668","title":{"rendered":"Oficina abordar\u00e1 gest\u00e3o de recursos do Escola em Tempo Integral"},"content":{"rendered":"<div class=\"\">\n<div id=\"content\">\n<article>\n<h1 class=\"documentFirstHeading\">Oficina abordar\u00e1 gest\u00e3o de recursos do Escola em Tempo Integral<\/h1>\n<div class=\"documentDescription\">Ciclo de encontros ser\u00e1 realizado pelo MEC e o FNDE a partir do dia 10\/7. Objetivo \u00e9 orientar gestores estaduais e municipais sobre a correta execu\u00e7\u00e3o dos recursos do programa. Capacita\u00e7\u00f5es regionais seguem at\u00e9 23\/7<\/div>\n<div id=\"viewlet-above-content-body\">\n<div class=\"social-links\"><label>Compartilhe:<\/label>\u00a0<a class=\"\" title=\"Facebook\" href=\"http:\/\/www.facebook.com\/sharer.php?u=https:\/\/www.gov.br\/mec\/pt-br\/assuntos\/noticias\/2025\/julho\/oficina-abordara-gestao-de-recursos-do-escola-em-tempo-integral\">\u00a0<span class=\"sr-only\">Compartilhe por Facebook<\/span><\/a><a class=\"\" title=\"Twitter\" href=\"https:\/\/twitter.com\/share?text=Oficina%20abordar%C3%A1%20gest%C3%A3o%20de%20recursos%20do%20Escola%20em%20Tempo%20Integral&amp;url=https:\/\/www.gov.br\/mec\/resolveuid\/8b56d0d45fa94f00a0321147d77a75ae\">\u00a0<span class=\"sr-only\">Compartilhe por Twitter<\/span><\/a><a class=\"\" title=\"LinkedIn\" href=\"https:\/\/www.linkedin.com\/shareArticle?mini=true&amp;url=https:\/\/www.gov.br\/mec\/pt-br\/assuntos\/noticias\/2025\/julho\/oficina-abordara-gestao-de-recursos-do-escola-em-tempo-integral&amp;title=Oficina%20abordar%C3%A1%20gest%C3%A3o%20de%20recursos%20do%20Escola%20em%20Tempo%20Integral\">\u00a0<span class=\"sr-only\">Compartilhe por LinkedIn<\/span><\/a><a class=\"link-whatsapp\" title=\"WhatsApp\" href=\"https:\/\/api.whatsapp.com\/send?text=https:\/\/www.gov.br\/mec\/pt-br\/assuntos\/noticias\/2025\/julho\/oficina-abordara-gestao-de-recursos-do-escola-em-tempo-integral\">\u00a0<span class=\"sr-only\">Compartilhe por WhatsApp<\/span><\/a><a class=\"link-clipboard\" title=\"Copiar para \u00e1rea de transfer\u00eancia\" href=\"https:\/\/www.gov.br\/mec\/pt-br\/assuntos\/noticias\/2025\/julho\/oficina-abordara-gestao-de-recursos-do-escola-em-tempo-integral\"><span class=\"sr-only\">link para Copiar para \u00e1rea de transfer\u00eancia<\/span><\/a><\/div>\n<div id=\"plone-document-byline\" class=\"documentByLine\"><span class=\"documentPublished\">Publicado em\u00a0<span class=\"value\">09\/07\/2025 11h27<\/span>\u00a0<\/span><span class=\"documentModified\">Atualizado em\u00a0<span class=\"value\">09\/07\/2025 14h51<\/span><\/span><\/div>\n<div id=\"media\"><img loading=\"lazy\" decoding=\"async\" src=\"https:\/\/www.gov.br\/mec\/pt-br\/assuntos\/noticias\/2025\/julho\/oficina-abordara-gestao-de-recursos-do-escola-em-tempo-integral\/prancheta-1-copia-4-3.png\/@@images\/3f70a36c-cb95-4eb8-b7c8-1176726d11a9.png\" alt=\"Prancheta 1 c\u00f3pia 4 3.png\" width=\"768\" height=\"434\" \/><\/p>\n<p class=\"discreet\">Foto: Divulga\u00e7\u00e3o\/MEC<\/p>\n<\/div>\n<\/div>\n<div id=\"content-core\">\n<div id=\"parent-fieldname-text\" class=\"\">\n<div>\n<p>Com o objetivo de orientar gestores estaduais e municipais sobre a correta execu\u00e7\u00e3o dos recursos financeiros do\u00a0<a href=\"https:\/\/www.gov.br\/mec\/pt-br\/escola-em-tempo-integral\" target=\"_blank\" rel=\"noopener\">Programa Escola em Tempo Integral (ETI),<\/a>\u00a0o Minist\u00e9rio da Educa\u00e7\u00e3o (MEC), por meio do Fundo Nacional de Desenvolvimento da Educa\u00e7\u00e3o (FNDE), promover\u00e1, a partir de quinta-feira, 10 de julho, um ciclo de capacita\u00e7\u00f5es virtuais com foco na execu\u00e7\u00e3o financeira do programa. Ao todo, ser\u00e3o realizados 17 encontros: um de abrang\u00eancia nacional e outros 16 regionais, voltados \u00e0s especificidades de cada unidade da Federa\u00e7\u00e3o (UF).<\/p>\n<p>Entidade vinculada ao MEC, o FNDE coordena a iniciativa que busca apoiar as redes de ensino na execu\u00e7\u00e3o da pol\u00edtica de educa\u00e7\u00e3o em tempo integral, com o uso correto dos recursos p\u00fablicos, para a amplia\u00e7\u00e3o da oferta de matr\u00edculas em tempo integral no pa\u00eds.<\/p>\n<p>O primeiro encontro, de car\u00e1ter nacional, ser\u00e1 promovido em parceria com a Uni\u00e3o dos Dirigentes Municipais de Educa\u00e7\u00e3o (Undime), com transmiss\u00e3o ao vivo pelo\u00a0<a href=\"https:\/\/www.youtube.com\/watch?v=SmtFepUDWO4\" target=\"_blank\" rel=\"noopener\">canal do FNDE no YouTube, \u00e0s 15h<\/a>. A partir do dia 14 de julho, os encontros ser\u00e3o regionais, com agendas espec\u00edficas para os estados e com foco na realidade local dos gestores municipais.<\/p>\n<p>As capacita\u00e7\u00f5es ser\u00e3o gratuitas, com dura\u00e7\u00e3o de duas horas. Os participantes receber\u00e3o certifica\u00e7\u00e3o digital desde que registrem presen\u00e7a at\u00e9 o final do dia. Os encontros ocorrer\u00e3o pela plataforma Microsoft Teams, com links de acesso j\u00e1 disponibilizados para facilitar a organiza\u00e7\u00e3o por estado. Durante o processo de\u00a0<a href=\"https:\/\/forms.office.com\/r\/zU0ND0p9q9\" target=\"_blank\" rel=\"noopener\">inscri\u00e7\u00e3o<\/a>, os participantes poder\u00e3o enviar d\u00favidas \u00e0 equipe t\u00e9cnica do FNDE.<\/p>\n<p>Os encontros contar\u00e3o com orienta\u00e7\u00f5es pr\u00e1ticas sobre os procedimentos operacionais do programa, esclarecimento de d\u00favidas frequentes e apresenta\u00e7\u00e3o de atualiza\u00e7\u00f5es normativas e novas ferramentas de apoio \u00e0 gest\u00e3o. O foco principal est\u00e1 na correta execu\u00e7\u00e3o dos recursos do primeiro ciclo de pactua\u00e7\u00e3o, que devem ser utilizados at\u00e9 31 de outubro de 2025. Caso n\u00e3o sejam aplicados dentro do prazo, os valores dever\u00e3o ser devolvidos \u00e0 Uni\u00e3o.<\/p>\n<p><strong>Veja o cronograma de capacita\u00e7\u00f5es virtuais abaixo:<\/strong><\/p>\n<table>\n<tbody>\n<tr>\n<th><strong>Data<\/strong><\/th>\n<th><strong>Hor\u00e1rio<\/strong><\/th>\n<th><strong>Estados<\/strong><\/th>\n<th><strong>Reuni\u00e3o\u00a0<\/strong><\/th>\n<\/tr>\n<tr>\n<td><strong>10\/07\/2025<\/strong><\/td>\n<td>15h<\/td>\n<td>Nacional<\/td>\n<td><a href=\"https:\/\/www.youtube.com\/watch?v=SmtFepUDWO4\" target=\"_blank\" rel=\"noopener\">Link<\/a><\/td>\n<\/tr>\n<tr>\n<td rowspan=\"2\"><strong>14\/07\/2025<\/strong><\/td>\n<td>9h \u00e0s 11h<\/td>\n<td>Rio de Janeiro + Esp\u00edrito Santo<\/td>\n<td><a href=\"https:\/\/teams.microsoft.com\/l\/meetup-join\/19%3ameeting_ZWU1ZGUwZTUtOTk4MS00YzA0LTkwODYtOWQ3MWQxMTdkN2I3%40thread.v2\/0?context=%7b%22Tid%22%3a%22cf8454d3-e012-4a9d-95b3-70bdb6f459d5%22%2c%22Oid%22%3a%22e9c5c982-4673-43e8-9330-7915974cb97e%22%7d\" target=\"_blank\" rel=\"noopener\">Link<\/a><\/td>\n<\/tr>\n<tr>\n<td>14h \u00e0s 16h<\/td>\n<td>Par\u00e1<\/td>\n<td><a href=\"https:\/\/teams.microsoft.com\/l\/meetup-join\/19%3ameeting_OTlkZjMxOGEtZjkwZC00OTNkLWE0YjYtMGYzMmNjMDNjYzc2%40thread.v2\/0?context=%7b%22Tid%22%3a%22cf8454d3-e012-4a9d-95b3-70bdb6f459d5%22%2c%22Oid%22%3a%22e9c5c982-4673-43e8-9330-7915974cb97e%22%7d\" target=\"_blank\" rel=\"noopener\">Link<\/a><\/td>\n<\/tr>\n<tr>\n<td rowspan=\"2\"><strong>15\/07\/2025<\/strong><\/td>\n<td>9h \u00e0s 11h<\/td>\n<td>Piau\u00ed + Alagoas + Sergipe<\/td>\n<td><a href=\"https:\/\/teams.microsoft.com\/l\/meetup-join\/19%3ameeting_Yjg4ZGNjYzUtYTU0MC00N2U2LTlhMzEtYTI5OTBhYWRmMTEw%40thread.v2\/0?context=%7b%22Tid%22%3a%22cf8454d3-e012-4a9d-95b3-70bdb6f459d5%22%2c%22Oid%22%3a%22e9c5c982-4673-43e8-9330-7915974cb97e%22%7d\" target=\"_blank\" rel=\"noopener\">Link<\/a><\/td>\n<\/tr>\n<tr>\n<td>14h \u00e0s 16h<\/td>\n<td>Amap\u00e1 + Roraima + Amazonas<\/td>\n<td><a href=\"https:\/\/teams.microsoft.com\/l\/meetup-join\/19%3ameeting_YWU3ODFkMmYtNjUwMy00MjNmLThhNGMtMmUzZmM5OGY3MzMw%40thread.v2\/0?context=%7b%22Tid%22%3a%22cf8454d3-e012-4a9d-95b3-70bdb6f459d5%22%2c%22Oid%22%3a%22e9c5c982-4673-43e8-9330-7915974cb97e%22%7d\" target=\"_blank\" rel=\"noopener\">Link<\/a><\/td>\n<\/tr>\n<tr>\n<td rowspan=\"2\"><strong>16\/07\/2025<\/strong><\/td>\n<td>9h \u00e0s 11h<\/td>\n<td>Para\u00edba + Rio Grande do Norte<\/td>\n<td><a href=\"https:\/\/teams.microsoft.com\/l\/meetup-join\/19%3ameeting_YTE5NGVlNjctM2Y3OS00NjhkLTg0N2EtNTNiYjdhNWMyNDQ2%40thread.v2\/0?context=%7b%22Tid%22%3a%22cf8454d3-e012-4a9d-95b3-70bdb6f459d5%22%2c%22Oid%22%3a%22e9c5c982-4673-43e8-9330-7915974cb97e%22%7d\" target=\"_blank\" rel=\"noopener\">Link<\/a><\/td>\n<\/tr>\n<tr>\n<td>14h \u00e0s 16h<\/td>\n<td>Tocantins + Maranh\u00e3o<\/td>\n<td><a href=\"https:\/\/teams.microsoft.com\/l\/meetup-join\/19%3ameeting_Njc5MjAyYTEtY2U5My00NmUxLTk2MGMtYjQyNTY0ZTVmNGNm%40thread.v2\/0?context=%7b%22Tid%22%3a%22cf8454d3-e012-4a9d-95b3-70bdb6f459d5%22%2c%22Oid%22%3a%22e9c5c982-4673-43e8-9330-7915974cb97e%22%7d\" target=\"_blank\" rel=\"noopener\">Link<\/a><\/td>\n<\/tr>\n<tr>\n<td rowspan=\"2\"><strong>17\/07\/2025<\/strong><\/td>\n<td>9h \u00e0s 11h<\/td>\n<td>Santa Catarina + Mato Grosso do Sul<\/td>\n<td><a href=\"https:\/\/teams.microsoft.com\/l\/meetup-join\/19%3ameeting_ODk0M2IyZTgtMjY5Yi00MzhlLWI4OTctYWJhOTg2OTcwNjRj%40thread.v2\/0?context=%7b%22Tid%22%3a%22cf8454d3-e012-4a9d-95b3-70bdb6f459d5%22%2c%22Oid%22%3a%22e9c5c982-4673-43e8-9330-7915974cb97e%22%7d\" target=\"_blank\" rel=\"noopener\">Link<\/a><\/td>\n<\/tr>\n<tr>\n<td>14h \u00e0s 16h<\/td>\n<td>Bahia<\/td>\n<td><a href=\"https:\/\/teams.microsoft.com\/l\/meetup-join\/19%3ameeting_OWViYjEyMmMtZWQ1OS00ODY4LTk1N2MtZTA2NmRiNDE1MjRi%40thread.v2\/0?context=%7b%22Tid%22%3a%22cf8454d3-e012-4a9d-95b3-70bdb6f459d5%22%2c%22Oid%22%3a%22e9c5c982-4673-43e8-9330-7915974cb97e%22%7d\" target=\"_blank\" rel=\"noopener\">Link<\/a><\/td>\n<\/tr>\n<tr>\n<td rowspan=\"2\"><strong>18\/07\/2025<\/strong><\/td>\n<td>9h \u00e0s 11h<\/td>\n<td>Pernambuco + Cear\u00e1<\/td>\n<td><a href=\"https:\/\/teams.microsoft.com\/l\/meetup-join\/19%3ameeting_MzI0NTYwMTQtNGVkZi00YjhkLWE5ODgtNzQxZjQ3ZTc4MTIw%40thread.v2\/0?context=%7b%22Tid%22%3a%22cf8454d3-e012-4a9d-95b3-70bdb6f459d5%22%2c%22Oid%22%3a%22e9c5c982-4673-43e8-9330-7915974cb97e%22%7d\" target=\"_blank\" rel=\"noopener\">Link<\/a><\/td>\n<\/tr>\n<tr>\n<td>14h \u00e0s 16h<\/td>\n<td>Mato Grosso<\/td>\n<td><a href=\"https:\/\/teams.microsoft.com\/l\/meetup-join\/19%3ameeting_MzkyZTExNjEtMDA1NS00ZDU1LWFkMzUtOWI0YjA1NmVmODgy%40thread.v2\/0?context=%7b%22Tid%22%3a%22cf8454d3-e012-4a9d-95b3-70bdb6f459d5%22%2c%22Oid%22%3a%22e9c5c982-4673-43e8-9330-7915974cb97e%22%7d\" target=\"_blank\" rel=\"noopener\">Link<\/a><\/td>\n<\/tr>\n<tr>\n<td rowspan=\"2\"><strong>21\/07\/2025<\/strong><\/td>\n<td>9h \u00e0s 11h<\/td>\n<td>Goi\u00e1s + Distrito Federal<\/td>\n<td><a href=\"https:\/\/teams.microsoft.com\/l\/meetup-join\/19%3ameeting_NjUwOWJlNWUtMzkyOC00MGRmLWI3ZmUtYTY2YjFiM2ViM2Fl%40thread.v2\/0?context=%7b%22Tid%22%3a%22cf8454d3-e012-4a9d-95b3-70bdb6f459d5%22%2c%22Oid%22%3a%22e9c5c982-4673-43e8-9330-7915974cb97e%22%7d\" target=\"_blank\" rel=\"noopener\">Link<\/a><\/td>\n<\/tr>\n<tr>\n<td>14h \u00e0s 16h<\/td>\n<td>Minas Gerais<\/td>\n<td><a href=\"https:\/\/teams.microsoft.com\/l\/meetup-join\/19%3ameeting_M2FmN2MxNmMtNDIxNi00ZDIzLTgyMmYtM2Q1ZDM0ZmVjMzIy%40thread.v2\/0?context=%7b%22Tid%22%3a%22cf8454d3-e012-4a9d-95b3-70bdb6f459d5%22%2c%22Oid%22%3a%22e9c5c982-4673-43e8-9330-7915974cb97e%22%7d\" target=\"_blank\" rel=\"noopener\">Link<\/a><\/td>\n<\/tr>\n<tr>\n<td rowspan=\"2\"><strong>22\/07\/2025<\/strong><\/td>\n<td>9h \u00e0s 11h<\/td>\n<td>Paran\u00e1<\/td>\n<td><a href=\"https:\/\/teams.microsoft.com\/l\/meetup-join\/19%3ameeting_ZDMxNGU1NjEtYzVlZC00NzAyLWFiOWQtZjNhZTU1ZmVjNjE0%40thread.v2\/0?context=%7b%22Tid%22%3a%22cf8454d3-e012-4a9d-95b3-70bdb6f459d5%22%2c%22Oid%22%3a%22e9c5c982-4673-43e8-9330-7915974cb97e%22%7d\" target=\"_blank\" rel=\"noopener\">Link<\/a><\/td>\n<\/tr>\n<tr>\n<td>14h \u00e0s 16h<\/td>\n<td>Rio Grande do Sul<\/td>\n<td><a href=\"https:\/\/teams.microsoft.com\/l\/meetup-join\/19%3ameeting_ZDMxNGU1NjEtYzVlZC00NzAyLWFiOWQtZjNhZTU1ZmVjNjE0%40thread.v2\/0?context=%7b%22Tid%22%3a%22cf8454d3-e012-4a9d-95b3-70bdb6f459d5%22%2c%22Oid%22%3a%22e9c5c982-4673-43e8-9330-7915974cb97e%22%7d\" target=\"_blank\" rel=\"noopener\">Link<\/a><\/td>\n<\/tr>\n<tr>\n<td rowspan=\"2\"><strong>23\/07\/2025<\/strong><\/td>\n<td>9h \u00e0s 11h<\/td>\n<td>S\u00e3o Paulo<\/td>\n<td><a href=\"https:\/\/teams.microsoft.com\/l\/meetup-join\/19%3ameeting_NGNmYjljMGQtZDg0OC00NDhmLWJmZTYtMzI2YWUyZmViNGE0%40thread.v2\/0?context=%7b%22Tid%22%3a%22cf8454d3-e012-4a9d-95b3-70bdb6f459d5%22%2c%22Oid%22%3a%22e9c5c982-4673-43e8-9330-7915974cb97e%22%7d\" target=\"_blank\" rel=\"noopener\">Link<\/a><\/td>\n<\/tr>\n<tr>\n<td>14h \u00e0s 16h<\/td>\n<td>Rond\u00f4nia + Acre<\/td>\n<td><a href=\"https:\/\/teams.microsoft.com\/l\/meetup-join\/19%3ameeting_ODE3NmE3MTQtMjlkNS00ZDJjLTg0YzMtOGUwODFhZTQyNGRj%40thread.v2\/0?context=%7b%22Tid%22%3a%22cf8454d3-e012-4a9d-95b3-70bdb6f459d5%22%2c%22Oid%22%3a%22e9c5c982-4673-43e8-9330-7915974cb97e%22%7d\" target=\"_blank\" rel=\"noopener\">Link<\/a><\/td>\n<\/tr>\n<\/tbody>\n<\/table>\n<p><strong>Tempo integral \u2013\u00a0<\/strong>Lan\u00e7ado em julho de 2023, o Programa Escola em Tempo Integral (ETI) tem como objetivo fomentar matr\u00edculas com jornada igual ou superior a sete horas di\u00e1rias ou 35 horas semanais em todas as etapas e modalidades da educa\u00e7\u00e3o b\u00e1sica. A pol\u00edtica prioriza escolas que atendem estudantes em situa\u00e7\u00e3o de maior vulnerabilidade socioecon\u00f4mica e oferece assist\u00eancia t\u00e9cnica e financeira, com propostas pedag\u00f3gicas alinhadas \u00e0 Base Nacional Comum Curricular (BNCC). O programa \u00e9 gerido pela Secretaria de Educa\u00e7\u00e3o B\u00e1sica (SEB) do MEC e executado financeiramente pelo FNDE. A ades\u00e3o \u00e9 volunt\u00e1ria e realizada por meio do Sistema Integrado de Monitoramento, Execu\u00e7\u00e3o e Controle (Simec).<\/p>\n<p>A expectativa do MEC e do FNDE \u00e9 que, com o apoio das capacita\u00e7\u00f5es, os entes federativos consigam aplicar integralmente os recursos dispon\u00edveis e consolidar a pol\u00edtica de tempo integral nas redes de ensino.<\/p>\n<p><strong>Execu\u00e7\u00e3o \u2013\u00a0<\/strong>O primeiro ciclo do ETI conta com um investimento total de R$ 4,1 bilh\u00f5es, para a cria\u00e7\u00e3o de 1 milh\u00e3o de novas matr\u00edculas. Os recursos foram transferidos aos entes federativos com prazo de 24 meses para execu\u00e7\u00e3o, contados a partir do t\u00e9rmino da fase de pactua\u00e7\u00e3o.<\/p>\n<p>De acordo com dados do dia 7 de julho de 2025, o percentual m\u00e9dio de execu\u00e7\u00e3o dos recursos est\u00e1 em 38%. Alguns estados, como Roraima (1%) e o Distrito Federal (5%), apresentam baixos \u00edndices de utiliza\u00e7\u00e3o, enquanto outros, como o Piau\u00ed (69%) e o Amazonas (68%), j\u00e1 aplicaram a maior parte dos valores.<\/p>\n<p><strong>Veja abaixo a execu\u00e7\u00e3o por UF:<\/strong><\/p>\n<table>\n<tbody>\n<tr>\n<th><strong>UF<\/strong><\/th>\n<th><strong>Saldos em Conta<\/strong><\/th>\n<th><strong>% Execu\u00e7\u00e3o<\/strong><\/th>\n<\/tr>\n<tr>\n<td>AC<\/td>\n<td>R$ 28.890.194,56<\/td>\n<td>22%<\/td>\n<\/tr>\n<tr>\n<td>AL<\/td>\n<td>R$ 52.756.747,11<\/td>\n<td>33%<\/td>\n<\/tr>\n<tr>\n<td>AM<\/td>\n<td>R$ 44.663.009,42<\/td>\n<td>68%<\/td>\n<\/tr>\n<tr>\n<td>AP<\/td>\n<td>R$ 9.324.419,03<\/td>\n<td>49%<\/td>\n<\/tr>\n<tr>\n<td>BA<\/td>\n<td>R$ 272.848.933,50<\/td>\n<td>41%<\/td>\n<\/tr>\n<tr>\n<td>CE<\/td>\n<td>R$ 64.060.303,07<\/td>\n<td>62%<\/td>\n<\/tr>\n<tr>\n<td>DF<\/td>\n<td>R$ 18.597.493,52<\/td>\n<td>5%<\/td>\n<\/tr>\n<tr>\n<td>ES<\/td>\n<td>R$ 67.805.388,53<\/td>\n<td>21%<\/td>\n<\/tr>\n<tr>\n<td>GO<\/td>\n<td>R$ 85.958.861,27<\/td>\n<td>25%<\/td>\n<\/tr>\n<tr>\n<td>MA<\/td>\n<td>R$ 67.373.670,52<\/td>\n<td>67%<\/td>\n<\/tr>\n<tr>\n<td>MG<\/td>\n<td>R$ 233.012.719,13<\/td>\n<td>29%<\/td>\n<\/tr>\n<tr>\n<td>MS<\/td>\n<td>R$ 34.865.803,29<\/td>\n<td>21%<\/td>\n<\/tr>\n<tr>\n<td>MT<\/td>\n<td>R$ 34.037.450,13<\/td>\n<td>37%<\/td>\n<\/tr>\n<tr>\n<td>PA<\/td>\n<td>R$ 227.364.969,56<\/td>\n<td>40%<\/td>\n<\/tr>\n<tr>\n<td>PB<\/td>\n<td>R$ 73.450.939,81<\/td>\n<td>31%<\/td>\n<\/tr>\n<tr>\n<td>PE<\/td>\n<td>R$ 111.360.445,46<\/td>\n<td>45%<\/td>\n<\/tr>\n<tr>\n<td>PI<\/td>\n<td>R$ 33.794.166,94<\/td>\n<td>69%<\/td>\n<\/tr>\n<tr>\n<td>PR<\/td>\n<td>R$ 254.821.431,62<\/td>\n<td>29%<\/td>\n<\/tr>\n<tr>\n<td>RJ<\/td>\n<td>R$ 101.949.510,77<\/td>\n<td>37%<\/td>\n<\/tr>\n<tr>\n<td>RN<\/td>\n<td>R$ 47.838.355,50<\/td>\n<td>41%<\/td>\n<\/tr>\n<tr>\n<td>RO<\/td>\n<td>R$ 19.874.361,68<\/td>\n<td>1%<\/td>\n<\/tr>\n<tr>\n<td>RR<\/td>\n<td>R$ 8.334.403,84<\/td>\n<td>37%<\/td>\n<\/tr>\n<tr>\n<td>RS<\/td>\n<td>R$ 69.331.895,53<\/td>\n<td>35%<\/td>\n<\/tr>\n<tr>\n<td>SC<\/td>\n<td>R$ 76.151.310,05<\/td>\n<td>38%<\/td>\n<\/tr>\n<tr>\n<td>SE<\/td>\n<td>R$ 26.415.299,22<\/td>\n<td>47%<\/td>\n<\/tr>\n<tr>\n<td>SP<\/td>\n<td>R$ 222.954.031,66<\/td>\n<td>60%<\/td>\n<\/tr>\n<tr>\n<td>TO<\/td>\n<td>R$ 29.646.276,41<\/td>\n<td>29%<\/td>\n<\/tr>\n<tr>\n<td><strong>Total<\/strong><\/td>\n<td><strong>R$ 2.317.482.391,13<\/strong><\/td>\n<td><strong>38%<\/strong><\/td>\n<\/tr>\n<\/tbody>\n<\/table>\n<p><em>Assessoria de Comunica\u00e7\u00e3o Social do MEC, com informa\u00e7\u00f5es do FNDE<\/em><\/p>\n<\/div>\n<\/div>\n<\/div>\n<div id=\"formfield-form-widgets-categoria\" class=\"field z3cformInlineValidation\"><label class=\"horizontal\">Categoria<\/label><\/p>\n<div id=\"form-widgets-categoria\" class=\"contenttree-widget relationchoice-field\">Educa\u00e7\u00e3o e Pesquisa<\/div>\n<\/div>\n<div class=\"documentActions\"><\/div>\n<\/article>\n<\/div>\n<\/div>\n<div id=\"viewlet-below-content\">Fonte: Gov.br<\/div>\n","protected":false},"excerpt":{"rendered":"<p>Oficina abordar\u00e1 gest\u00e3o de recursos do Escola em Tempo Integral Ciclo de encontros ser\u00e1 realizado pelo MEC e o FNDE<\/p>\n","protected":false},"author":1,"featured_media":9675,"comment_status":"open","ping_status":"open","sticky":false,"template":"","format":"standard","meta":{"colormag_page_container_layout":"default_layout","colormag_page_sidebar_layout":"default_layout","footnotes":""},"categories":[9],"tags":[],"class_list":["post-9668","post","type-post","status-publish","format-standard","has-post-thumbnail","hentry","category-saude"],"_links":{"self":[{"href":"http:\/\/metropoleemfoco.com.br\/index.php?rest_route=\/wp\/v2\/posts\/9668","targetHints":{"allow":["GET"]}}],"collection":[{"href":"http:\/\/metropoleemfoco.com.br\/index.php?rest_route=\/wp\/v2\/posts"}],"about":[{"href":"http:\/\/metropoleemfoco.com.br\/index.php?rest_route=\/wp\/v2\/types\/post"}],"author":[{"embeddable":true,"href":"http:\/\/metropoleemfoco.com.br\/index.php?rest_route=\/wp\/v2\/users\/1"}],"replies":[{"embeddable":true,"href":"http:\/\/metropoleemfoco.com.br\/index.php?rest_route=%2Fwp%2Fv2%2Fcomments&post=9668"}],"version-history":[{"count":1,"href":"http:\/\/metropoleemfoco.com.br\/index.php?rest_route=\/wp\/v2\/posts\/9668\/revisions"}],"predecessor-version":[{"id":9676,"href":"http:\/\/metropoleemfoco.com.br\/index.php?rest_route=\/wp\/v2\/posts\/9668\/revisions\/9676"}],"wp:featuredmedia":[{"embeddable":true,"href":"http:\/\/metropoleemfoco.com.br\/index.php?rest_route=\/wp\/v2\/media\/9675"}],"wp:attachment":[{"href":"http:\/\/metropoleemfoco.com.br\/index.php?rest_route=%2Fwp%2Fv2%2Fmedia&parent=9668"}],"wp:term":[{"taxonomy":"category","embeddable":true,"href":"http:\/\/metropoleemfoco.com.br\/index.php?rest_route=%2Fwp%2Fv2%2Fcategories&post=9668"},{"taxonomy":"post_tag","embeddable":true,"href":"http:\/\/metropoleemfoco.com.br\/index.php?rest_route=%2Fwp%2Fv2%2Ftags&post=9668"}],"curies":[{"name":"wp","href":"https:\/\/api.w.org\/{rel}","templated":true}]}}