{"id":9657,"date":"2025-07-09T18:46:44","date_gmt":"2025-07-09T21:46:44","guid":{"rendered":"https:\/\/metropoleemfoco.com.br\/?p=9657"},"modified":"2025-07-09T18:46:44","modified_gmt":"2025-07-09T21:46:44","slug":"estudo-aponta-liga-brasileira-como-a-sexta-melhor-do-mundo-e-a-segunda-mais-equilibrada","status":"publish","type":"post","link":"http:\/\/metropoleemfoco.com.br\/?p=9657","title":{"rendered":"Estudo aponta liga brasileira como a sexta melhor do mundo e a segunda mais equilibrada"},"content":{"rendered":"<div class=\"row content-head non-featured \">\n<div class=\"title\" data-block-type=\"title\" data-block-id=\"0\">\n<h1 class=\"content-head__title\">Estudo aponta liga brasileira como a sexta melhor do mundo e a segunda mais equilibrada<\/h1>\n<\/div>\n<div class=\"medium-centered subtitle\">\n<h2 class=\"content-head__subtitle\">Empresa de intelig\u00eancia esportiva desenvolveu o estudo a partir do destaque dos representantes brasileiros na Copa do Mundo de Clubes<\/h2>\n<\/div>\n<\/div>\n<div><\/div>\n<div class=\"content__signa-share\">\n<div class=\"content__signature\">\n<div class=\"content-publication-data\">\n<div class=\"content-publication-data__text\">\n<p class=\"content-publication-data__from\" title=\"Reda\u00e7\u00e3o do ge\">Por Reda\u00e7\u00e3o do ge\u00a0\u2014 Rio de Janeiro<\/p>\n<\/div>\n<\/div>\n<\/div>\n<div class=\"content__share-bar content__share-bar--cloned\" data-position=\"upper\"><\/div>\n<\/div>\n<hr class=\"content__divider \" \/>\n<div class=\"summary-section\"><\/div>\n<div class=\"mc-article-body\">\n<article>\n<div id=\"chunk-1u0k\">\n<div class=\"cxm-video-block mc-column  content-media content-video\" data-block-type=\"backstage-video\" data-block-id=\"1\">\n<div class=\"content-media__container\">\n<div class=\"content-video__bigger-player-description-fixer\">\n<article class=\"content-video\">\n<section class=\"content-video__video-container\">\n<div class=\"content-video__video\">\n<div class=\"content-video__placeholder\" data-video-id=\"13737421\"><img decoding=\"async\" class=\"content-video__placeholder__thumb\" title=\"Arias diz que o Fluminense representar\u00e1 a Am\u00e9rica do Sul: &quot;Colocar o nosso futebol no topo\" src=\"https:\/\/s02.video.glbimg.com\/x240\/13737421.jpg\" alt=\"Arias diz que o Fluminense representar\u00e1 a Am\u00e9rica do Sul: &quot;Colocar o nosso futebol no topo\" \/><\/div>\n<\/div>\n<\/section>\n<\/article>\n<\/div>\n<div class=\"bs-block-video__container\">\n<p class=\"codex-caption codex-caption--small\">Arias diz que o Fluminense representar\u00e1 a Am\u00e9rica do Sul: &#8220;Colocar o nosso futebol no topo<\/p>\n<\/div>\n<\/div>\n<\/div>\n<\/div>\n<div id=\"chunk-79evp\">\n<div class=\"mc-column content-text active-extra-styles \" data-block-type=\"unstyled\" data-block-weight=\"55\" data-block-id=\"3\">\n<p class=\" content-text__container \" data-track-category=\"Link no Texto\" data-track-links=\"\" data-mrf-recirculation=\"Artigo - Link no Texto\">Os resultados de\u00a0<a class=\"\" href=\"https:\/\/globoesporte.globo.com\/futebol\/times\/fluminense\/\" data-mrf-link=\"https:\/\/globoesporte.globo.com\/futebol\/times\/fluminense\/\">Fluminense<\/a>,\u00a0<a class=\"\" href=\"https:\/\/globoesporte.globo.com\/futebol\/times\/palmeiras\/\" data-mrf-link=\"https:\/\/globoesporte.globo.com\/futebol\/times\/palmeiras\/\">Palmeiras<\/a>,\u00a0<a class=\"\" href=\"https:\/\/globoesporte.globo.com\/futebol\/times\/botafogo\/\" data-mrf-link=\"https:\/\/globoesporte.globo.com\/futebol\/times\/botafogo\/\">Botafogo<\/a>\u00a0e\u00a0<a class=\"\" href=\"https:\/\/globoesporte.globo.com\/futebol\/times\/flamengo\/\" data-mrf-link=\"https:\/\/globoesporte.globo.com\/futebol\/times\/flamengo\/\">Flamengo<\/a>\u00a0na Copa do Mundo de Clubes t\u00eam chamado a aten\u00e7\u00e3o do mundo do futebol e tamb\u00e9m de pesquisadores.\u00a0<strong>Uma empresa de intelig\u00eancia esportiva, a Twenty First Group, apontou em seu estudo que a liga brasileira \u00e9 a sexta melhor e a segunda mais equilibrada do mundo<\/strong>.<\/p>\n<\/div>\n<\/div>\n<div class=\"wall protected-content\">\n<div id=\"chunk-b8g35\">\n<div class=\"mc-column content-text active-extra-styles \" data-block-type=\"unstyled\" data-block-weight=\"9\" data-block-id=\"4\">\n<p class=\" content-text__container \" data-track-category=\"Link no Texto\" data-track-links=\"\" data-mrf-recirculation=\"Artigo - Link no Texto\"><a class=\"\" href=\"https:\/\/www.whatsapp.com\/channel\/0029VafftWKGk1FyZTqi2e0v\" target=\"_blank\" rel=\"noopener\" data-mrf-link=\"https:\/\/www.whatsapp.com\/channel\/0029VafftWKGk1FyZTqi2e0v\">\u2705Siga o novo canal ge Futebol Internacional no WhatsApp<\/a><\/p>\n<\/div>\n<\/div>\n<div id=\"chunk-bd724\">\n<div class=\"row medium-uncollapsed content-media content-photo\" data-block-type=\"backstage-photo\" data-block-id=\"5\">\n<div class=\"mc-column content-media__container\">\n<div class=\"content-media-container glb-skeleton-box\">\n<figure class=\"content-media-figure\"><img decoding=\"async\" class=\"i-amphtml-fill-content i-amphtml-replaced-content\" src=\"https:\/\/s2-ge.glbimg.com\/m-jG4P40mucTtG6hPkmGwoxQ_LE=\/0x0:4140x2966\/984x0\/smart\/filters:strip_icc()\/i.s3.glbimg.com\/v1\/AUTH_bc8228b6673f488aa253bbcb03c80ec5\/internal_photos\/bs\/2025\/W\/w\/Cymbg5RgakIApErB7KPw\/2025-07-04t195013z-1332837849-up1el741j3np2-rtrmadp-3-soccer-club-flu-hil.jpg\" sizes=\"(max-width: 1440px) 648px, 100vw\" srcset=\"https:\/\/s2-ge.glbimg.com\/XJPkGkawIoDBBRBxcNPZxyX5-eY=\/0x0:4140x2966\/1000x0\/smart\/filters:strip_icc()\/i.s3.glbimg.com\/v1\/AUTH_bc8228b6673f488aa253bbcb03c80ec5\/internal_photos\/bs\/2025\/W\/w\/Cymbg5RgakIApErB7KPw\/2025-07-04t195013z-1332837849-up1el741j3np2-rtrmadp-3-soccer-club-flu-hil.jpg 1000w, https:\/\/s2-ge.glbimg.com\/m-jG4P40mucTtG6hPkmGwoxQ_LE=\/0x0:4140x2966\/984x0\/smart\/filters:strip_icc()\/i.s3.glbimg.com\/v1\/AUTH_bc8228b6673f488aa253bbcb03c80ec5\/internal_photos\/bs\/2025\/W\/w\/Cymbg5RgakIApErB7KPw\/2025-07-04t195013z-1332837849-up1el741j3np2-rtrmadp-3-soccer-club-flu-hil.jpg 984w, https:\/\/s2-ge.glbimg.com\/0IZD-V_QJzLwnyi1FkO9qV58rBQ=\/0x0:4140x2966\/640x0\/smart\/filters:strip_icc()\/i.s3.glbimg.com\/v1\/AUTH_bc8228b6673f488aa253bbcb03c80ec5\/internal_photos\/bs\/2025\/W\/w\/Cymbg5RgakIApErB7KPw\/2025-07-04t195013z-1332837849-up1el741j3np2-rtrmadp-3-soccer-club-flu-hil.jpg 640w, https:\/\/s2-ge.glbimg.com\/PDG_KvQxGXtq53zIHg20jhX0B6Q=\/0x0:4140x2966\/600x0\/smart\/filters:strip_icc()\/i.s3.glbimg.com\/v1\/AUTH_bc8228b6673f488aa253bbcb03c80ec5\/internal_photos\/bs\/2025\/W\/w\/Cymbg5RgakIApErB7KPw\/2025-07-04t195013z-1332837849-up1el741j3np2-rtrmadp-3-soccer-club-flu-hil.jpg 600w\" alt=\"Jogadores do Fluminense comemoram gol de Martinelli contra o Al-Hilal \u2014 Foto: Reuters\/Nathan Ray Seebeck\" \/><\/figure>\n<\/div>\n<p class=\"codex-caption \">Jogadores do Fluminense comemoram gol de Martinelli contra o Al-Hilal \u2014 Foto: Reuters\/Nathan Ray Seebeck<\/p>\n<\/div>\n<\/div>\n<\/div>\n<div id=\"chunk-ds69v\">\n<div class=\"mc-column content-text active-extra-styles\" data-block-type=\"raw\" data-block-weight=\"42\" data-block-id=\"8\">\n<blockquote class=\"content-blockquote theme-border-color-primary-before\"><p>\u2014 Atualmente, classificamos a S\u00e9rie A do Brasil como a sexta melhor liga do mundo, ent\u00e3o esper\u00e1vamos que os quatro times brasileiros fossem competitivos antes do torneio &#8211; disse Aurel Nazmiu, Cientista de Dados S\u00eanior do Twenty First Group, ao The Athletic.<\/p><\/blockquote>\n<\/div>\n<\/div>\n<div id=\"chunk-arfkf\">\n<div class=\"mc-column content-text active-extra-styles \" data-block-type=\"unstyled\" data-block-weight=\"39\" data-block-id=\"9\">\n<p class=\" content-text__container \" data-track-category=\"Link no Texto\" data-track-links=\"\" data-mrf-recirculation=\"Artigo - Link no Texto\"><span class=\"highlight highlighted\">O grupo fez uma an\u00e1lise sobre a desigualdade no futebol a partir da realidade das ligas de v\u00e1rios pa\u00edses<\/span>. O fator econ\u00f4mico foi bastante considerado para se entender o n\u00edvel de competitividade das equipes e a qualidade dos campeonatos.<\/p>\n<\/div>\n<\/div>\n<div id=\"chunk-6bj5u\">\n<div class=\"mc-column content-text active-extra-styles \" data-block-type=\"unstyled\" data-block-weight=\"34\" data-block-id=\"10\">\n<p class=\" content-text__container \" data-track-category=\"Link no Texto\" data-track-links=\"\" data-mrf-recirculation=\"Artigo - Link no Texto\"><span class=\"highlight highlighted\">O Brasileir\u00e3o ficou atr\u00e1s da Premier League (Inglaterra), LaLiga (Espanha), Bundesliga (Alemanha), S\u00e9rie A (It\u00e1lia) e Ligue 1 (Fran\u00e7a) entre as melhores ligas<\/span>.\u00a0<strong>J\u00e1 em competitividade, apenas a MLS (Estados Unidos) est\u00e1 \u00e0 frente.<\/strong><\/p>\n<\/div>\n<\/div>\n<div id=\"chunk-a2tio\">\n<div class=\"cxm-video-block mc-column  content-media content-video\" data-block-type=\"backstage-video\" data-block-id=\"11\">\n<div class=\"content-media__container\">\n<div class=\"content-video__bigger-player-description-fixer\">\n<article class=\"content-video\">\n<section class=\"content-video__video-container\">\n<div class=\"content-video__video\">\n<div class=\"content-video__placeholder\" data-video-id=\"13737942\"><img decoding=\"async\" class=\"content-video__placeholder__thumb\" title=\"Europeus se recuperam e t\u00eam tr\u00eas representantes na semifinal da Copa do Mundo de Clubes\" src=\"https:\/\/s03.video.glbimg.com\/x240\/13737942.jpg\" alt=\"Europeus se recuperam e t\u00eam tr\u00eas representantes na semifinal da Copa do Mundo de Clubes\" \/><\/div>\n<\/div>\n<\/section>\n<\/article>\n<\/div>\n<div class=\"bs-block-video__container\">\n<p class=\"codex-caption codex-caption--small\">Europeus se recuperam e t\u00eam tr\u00eas representantes na semifinal da Copa do Mundo de Clubes<\/p>\n<\/div>\n<\/div>\n<\/div>\n<\/div>\n<div id=\"chunk-9u32v\">\n<div class=\"mc-column content-text active-extra-styles \" data-block-type=\"unstyled\" data-block-weight=\"41\" data-block-id=\"14\">\n<p class=\" content-text__container \" data-track-category=\"Link no Texto\" data-track-links=\"\" data-mrf-recirculation=\"Artigo - Link no Texto\"><span class=\"highlight highlighted\">O Twenty First Group se baseia em um modelo que calcula a for\u00e7a de uma liga partindo da coloca\u00e7\u00e3o m\u00e9dia de cada um dos clubes<\/span>. Esta coloca\u00e7\u00e3o \u00e9 determinada por um algoritmo que classifica os times de futebol em \u00e2mbito mundial.<\/p>\n<\/div>\n<\/div>\n<div id=\"chunk-13ect\">\n<div class=\"mc-column content-text active-extra-styles \" data-block-type=\"unstyled\" data-block-weight=\"40\" data-block-id=\"15\">\n<p class=\" content-text__container \" data-track-category=\"Link no Texto\" data-track-links=\"\" data-mrf-recirculation=\"Artigo - Link no Texto\"><span class=\"highlight highlighted\">O Brasil conquista uma boa coloca\u00e7\u00e3o porque a pesquisa entende que n\u00e3o h\u00e1 uma dist\u00e2ncia t\u00e3o grande de times como Palmeiras e Flamengo para o Juventude, pen\u00faltimo colocado no Brasileir\u00e3o no momento<\/span>. Essa compacta\u00e7\u00e3o determina o alto n\u00edvel de competitividade.<\/p>\n<\/div>\n<\/div>\n<div id=\"chunk-1d995\">\n<div class=\"mc-column content-text active-extra-styles \" data-block-type=\"unstyled\" data-block-weight=\"14\" data-block-id=\"16\">\n<p class=\" content-text__container \" data-track-category=\"Link no Texto\" data-track-links=\"\" data-mrf-recirculation=\"Artigo - Link no Texto\"><a class=\"\" href=\"https:\/\/ge.globo.com\/futebol\/times\/flamengo\/noticia\/2025\/07\/08\/nao-foi-so-mikey-veja-outros-vetos-de-presidentes-no-futebol-do-flamengo.ghtml\" data-mrf-link=\"https:\/\/ge.globo.com\/futebol\/times\/flamengo\/noticia\/2025\/07\/08\/nao-foi-so-mikey-veja-outros-vetos-de-presidentes-no-futebol-do-flamengo.ghtml\">+ N\u00e3o foi s\u00f3 Mikey: veja outros vetos de presidentes no futebol do Flamengo<\/a><\/p>\n<\/div>\n<\/div>\n<div id=\"chunk-fp0ai\">\n<div class=\"row medium-uncollapsed content-media content-photo\" data-block-type=\"backstage-photo\" data-block-id=\"17\">\n<div class=\"mc-column content-media__container\">\n<div class=\"content-media-container glb-skeleton-box\">\n<figure class=\"content-media-figure\"><img decoding=\"async\" class=\"i-amphtml-fill-content i-amphtml-replaced-content\" src=\"https:\/\/s2-ge.glbimg.com\/zfCkeiUMKfx16tJnrpZUbQJMgoE=\/0x0:3961x2691\/984x0\/smart\/filters:strip_icc()\/i.s3.glbimg.com\/v1\/AUTH_bc8228b6673f488aa253bbcb03c80ec5\/internal_photos\/bs\/2025\/l\/5\/L4iszqR1SyX9j6MuowCQ\/2222635376.jpg\" sizes=\"(max-width: 1440px) 648px, 100vw\" srcset=\"https:\/\/s2-ge.glbimg.com\/_mxoTWagGCWHykARAXVAc1gdEjI=\/0x0:3961x2691\/1000x0\/smart\/filters:strip_icc()\/i.s3.glbimg.com\/v1\/AUTH_bc8228b6673f488aa253bbcb03c80ec5\/internal_photos\/bs\/2025\/l\/5\/L4iszqR1SyX9j6MuowCQ\/2222635376.jpg 1000w, https:\/\/s2-ge.glbimg.com\/zfCkeiUMKfx16tJnrpZUbQJMgoE=\/0x0:3961x2691\/984x0\/smart\/filters:strip_icc()\/i.s3.glbimg.com\/v1\/AUTH_bc8228b6673f488aa253bbcb03c80ec5\/internal_photos\/bs\/2025\/l\/5\/L4iszqR1SyX9j6MuowCQ\/2222635376.jpg 984w, https:\/\/s2-ge.glbimg.com\/1_oCvFRcDvysEWLz90QZvBvc6nM=\/0x0:3961x2691\/640x0\/smart\/filters:strip_icc()\/i.s3.glbimg.com\/v1\/AUTH_bc8228b6673f488aa253bbcb03c80ec5\/internal_photos\/bs\/2025\/l\/5\/L4iszqR1SyX9j6MuowCQ\/2222635376.jpg 640w, https:\/\/s2-ge.glbimg.com\/boG0aHnrzm_bQMkHi9KkytykgxQ=\/0x0:3961x2691\/600x0\/smart\/filters:strip_icc()\/i.s3.glbimg.com\/v1\/AUTH_bc8228b6673f488aa253bbcb03c80ec5\/internal_photos\/bs\/2025\/l\/5\/L4iszqR1SyX9j6MuowCQ\/2222635376.jpg 600w\" alt=\"Paulinho comemora gol da vit\u00f3ria do Palmeiras sobre o Botafogo na Copa do Mundo de Clubes \u2014 Foto: Emilee Chinn\/FIFA via Getty Images\" \/><\/figure>\n<\/div>\n<p class=\"codex-caption \">Paulinho comemora gol da vit\u00f3ria do Palmeiras sobre o Botafogo na Copa do Mundo de Clubes \u2014 Foto: Emilee Chinn\/FIFA via Getty Images<\/p>\n<\/div>\n<\/div>\n<\/div>\n<div id=\"chunk-bp2cl\">\n<div class=\"mc-column content-text active-extra-styles \" data-block-type=\"unstyled\" data-block-weight=\"34\" data-block-id=\"19\">\n<p class=\" content-text__container \" data-track-category=\"Link no Texto\" data-track-links=\"\" data-mrf-recirculation=\"Artigo - Link no Texto\"><span class=\"highlight highlighted\">A lideran\u00e7a da liga americana se deve ao sistema de teto salarial que aplica<\/span>. Com investimentos relativamente pr\u00f3ximos entre as melhores e as piores equipes, a dist\u00e2ncia dos seus resultados se torna mais curta.<\/p>\n<\/div>\n<\/div>\n<div id=\"chunk-3m04f\">\n<div class=\"mc-column content-text active-extra-styles \" data-block-type=\"unstyled\" data-block-weight=\"38\" data-block-id=\"20\">\n<p class=\" content-text__container \" data-track-category=\"Link no Texto\" data-track-links=\"\" data-mrf-recirculation=\"Artigo - Link no Texto\">Por outro lado,\u00a0<span class=\"highlight highlighted\">a Liga Saudita \u00e9 classificada como a quinta mais desigual em rela\u00e7\u00e3o \u00e0 qualidade por conta da ampla diferen\u00e7a de investimentos.<\/span>\u00a0O total investido pelo Al Hilal se diferencia muito de outros times da competi\u00e7\u00e3o.<\/p>\n<\/div>\n<\/div>\n<div data-track-category=\"multicontent\" data-track-action=\"multicontent\" data-track-noninteraction=\"false\" data-track-scroll=\"ultimo chunk conteudo\" data-track-value=\"view\" data-mrf-recirculation=\"Artigo - Multicontent\">\n<div id=\"chunk-2d8dk\">\n<div class=\"mc-column content-text active-extra-styles \" data-block-type=\"unstyled\" data-block-weight=\"39\" data-block-id=\"21\">\n<p class=\" content-text__container \" data-track-category=\"Link no Texto\" data-track-links=\"\" data-mrf-recirculation=\"Artigo - Link no Texto\">\u2014 Embora classifiquemos a Liga Saudita como a 50\u00aa melhor liga do mundo, o Al-Hilal est\u00e1 significativamente melhor do que o restante da liga no momento \u2014 ocupando a 132\u00aa posi\u00e7\u00e3o no ranking mundial em nossos modelos, diz Nazmiu.<\/p>\n<\/div>\n<\/div>\n<\/div>\n<\/div>\n<\/article>\n<div id=\"banner_touch_point_subcontent\" class=\"tag-manager-publicidade-container tag-manager-publicidade-banner_touch_point_subcontent tag-manager-publicidade-container--carregado tag-manager-publicidade-container--visivel\" data-google-query-id=\"CInOifvfsI4DFbBRuAQdy5IfEw\">\nFonnte: Ge<\/div>\n<\/div>\n","protected":false},"excerpt":{"rendered":"<p>Estudo aponta liga brasileira como a sexta melhor do mundo e a segunda mais equilibrada Empresa de intelig\u00eancia esportiva desenvolveu<\/p>\n","protected":false},"author":1,"featured_media":9677,"comment_status":"open","ping_status":"open","sticky":false,"template":"","format":"standard","meta":{"colormag_page_container_layout":"default_layout","colormag_page_sidebar_layout":"default_layout","footnotes":""},"categories":[1],"tags":[],"class_list":["post-9657","post","type-post","status-publish","format-standard","has-post-thumbnail","hentry","category-geral"],"_links":{"self":[{"href":"http:\/\/metropoleemfoco.com.br\/index.php?rest_route=\/wp\/v2\/posts\/9657","targetHints":{"allow":["GET"]}}],"collection":[{"href":"http:\/\/metropoleemfoco.com.br\/index.php?rest_route=\/wp\/v2\/posts"}],"about":[{"href":"http:\/\/metropoleemfoco.com.br\/index.php?rest_route=\/wp\/v2\/types\/post"}],"author":[{"embeddable":true,"href":"http:\/\/metropoleemfoco.com.br\/index.php?rest_route=\/wp\/v2\/users\/1"}],"replies":[{"embeddable":true,"href":"http:\/\/metropoleemfoco.com.br\/index.php?rest_route=%2Fwp%2Fv2%2Fcomments&post=9657"}],"version-history":[{"count":1,"href":"http:\/\/metropoleemfoco.com.br\/index.php?rest_route=\/wp\/v2\/posts\/9657\/revisions"}],"predecessor-version":[{"id":9678,"href":"http:\/\/metropoleemfoco.com.br\/index.php?rest_route=\/wp\/v2\/posts\/9657\/revisions\/9678"}],"wp:featuredmedia":[{"embeddable":true,"href":"http:\/\/metropoleemfoco.com.br\/index.php?rest_route=\/wp\/v2\/media\/9677"}],"wp:attachment":[{"href":"http:\/\/metropoleemfoco.com.br\/index.php?rest_route=%2Fwp%2Fv2%2Fmedia&parent=9657"}],"wp:term":[{"taxonomy":"category","embeddable":true,"href":"http:\/\/metropoleemfoco.com.br\/index.php?rest_route=%2Fwp%2Fv2%2Fcategories&post=9657"},{"taxonomy":"post_tag","embeddable":true,"href":"http:\/\/metropoleemfoco.com.br\/index.php?rest_route=%2Fwp%2Fv2%2Ftags&post=9657"}],"curies":[{"name":"wp","href":"https:\/\/api.w.org\/{rel}","templated":true}]}}