{"id":9654,"date":"2025-07-17T08:31:32","date_gmt":"2025-07-17T11:31:32","guid":{"rendered":"https:\/\/metropoleemfoco.com.br\/?p=9654"},"modified":"2025-07-17T11:54:09","modified_gmt":"2025-07-17T14:54:09","slug":"empresa-citada-em-inquerito-sobre-patrocinio-do-corinthians-e-investigada-por-elo-com-pcc-e-lavagem-de-dinheiro-no-futebol-portugues","status":"publish","type":"post","link":"http:\/\/metropoleemfoco.com.br\/?p=9654","title":{"rendered":"Empresa citada em inqu\u00e9rito sobre patroc\u00ednio do Corinthians \u00e9 investigada por elo com PCC e lavagem de dinheiro no futebol portugu\u00eas"},"content":{"rendered":"<div class=\"mc-article-header\">\n<div class=\"row content-head mc-column non-featured \">\n<div class=\"title\" data-block-type=\"title\" data-block-id=\"0\">\n<h1 class=\"content-head__title\">Empresa citada em inqu\u00e9rito sobre patroc\u00ednio do Corinthians \u00e9 investigada por elo com PCC e lavagem de dinheiro no futebol portugu\u00eas<\/h1>\n<\/div>\n<div class=\"medium-centered subtitle\">\n<h2 class=\"content-head__subtitle\">Federa\u00e7\u00e3o apura se crime organizado financiou time da terceira divis\u00e3o e se negociou compra e venda de jogadores de forma il\u00edcita; clube nega acusa\u00e7\u00f5es e v\u00ednculos com a assessoria esportiva UJ Football Talent. A empresa tamb\u00e9m refutou qualquer ilegalidade.<\/h2>\n<\/div>\n<\/div>\n<div><\/div>\n<div class=\"content__signa-share mc-column\">\n<div class=\"content__signature\">\n<div class=\"content-publication-data\">\n<div class=\"content-publication-data__text\">\n<p class=\"content-publication-data__from\" title=\"Isabela Leite, Daniel Reis\">Por\u00a0<a class=\"multi_signatures\" href=\"https:\/\/g1.globo.com\/autores\/isabela-leite\/\">Isabela Leite<\/a>,\u00a0<a class=\"multi_signatures\" href=\"https:\/\/g1.globo.com\/autores\/daniel-reis\/\">Daniel Reis<\/a>, GloboNews e g1 SP\u00a0\u2014 S\u00e3o Paulo<\/p>\n<\/div>\n<\/div>\n<\/div>\n<\/div>\n<div class=\"glb-share-bar content__share-bar\">\n<div class=\"glb-share-bar_icons\">\n<div class=\"glb-share-bar_button-img\"><\/div>\n<\/div>\n<\/div>\n<\/div>\n<div class=\"mc-article-body\">\n<article>\n<div id=\"chunk-f5oa9\">\n<div class=\"row medium-uncollapsed content-media content-photo\" data-block-type=\"backstage-photo\" data-block-id=\"2\">\n<div class=\" mc-column content-media__container\">\n<div class=\"content-media-container glb-skeleton-box\">\n<figure class=\"content-media-figure\"><img decoding=\"async\" class=\"i-amphtml-fill-content i-amphtml-replaced-content\" src=\"https:\/\/s2-g1.glbimg.com\/2u3j4juiszyqstSkytlzTXsG2CI=\/0x0:1916x1198\/984x0\/smart\/filters:strip_icc()\/i.s3.glbimg.com\/v1\/AUTH_59edd422c0c84a879bd37670ae4f538a\/internal_photos\/bs\/2025\/0\/1\/WDyA0mTDa5GgcTsMAV5Q\/imagem.png\" sizes=\"(max-width: 1600px) 648px, 100vw\" srcset=\"https:\/\/s2-g1.glbimg.com\/h3vUtmomYAYjPHjnyhRt9weovDU=\/0x0:1916x1198\/1000x0\/smart\/filters:strip_icc()\/i.s3.glbimg.com\/v1\/AUTH_59edd422c0c84a879bd37670ae4f538a\/internal_photos\/bs\/2025\/0\/1\/WDyA0mTDa5GgcTsMAV5Q\/imagem.png 1000w, https:\/\/s2-g1.glbimg.com\/2u3j4juiszyqstSkytlzTXsG2CI=\/0x0:1916x1198\/984x0\/smart\/filters:strip_icc()\/i.s3.glbimg.com\/v1\/AUTH_59edd422c0c84a879bd37670ae4f538a\/internal_photos\/bs\/2025\/0\/1\/WDyA0mTDa5GgcTsMAV5Q\/imagem.png 984w, https:\/\/s2-g1.glbimg.com\/n-DSF2pjPR8YJKpVFbOJQ6xzi-w=\/0x0:1916x1198\/640x0\/smart\/filters:strip_icc()\/i.s3.glbimg.com\/v1\/AUTH_59edd422c0c84a879bd37670ae4f538a\/internal_photos\/bs\/2025\/0\/1\/WDyA0mTDa5GgcTsMAV5Q\/imagem.png 640w, https:\/\/s2-g1.glbimg.com\/OAssrPVW1YIIOPIJEMQUx2CuJ9M=\/0x0:1916x1198\/600x0\/smart\/filters:strip_icc()\/i.s3.glbimg.com\/v1\/AUTH_59edd422c0c84a879bd37670ae4f538a\/internal_photos\/bs\/2025\/0\/1\/WDyA0mTDa5GgcTsMAV5Q\/imagem.png 600w\" alt=\"A empresa de agenciamento UJ Football Talent recebeu mais de R$ 800 mil do Corinthians. \u2014 Foto: TV Globo\/Reprodu\u00e7\u00e3o\" \/><\/figure>\n<\/div>\n<p class=\"content-media__description \">A empresa de agenciamento UJ Football Talent recebeu mais de R$ 800 mil do Corinthians. \u2014 Foto: TV Globo\/Reprodu\u00e7\u00e3o<\/p>\n<\/div>\n<\/div>\n<\/div>\n<div id=\"chunk-32sgi\">\n<div class=\"mc-column content-text active-extra-styles \" data-block-type=\"unstyled\" data-block-weight=\"65\" data-block-id=\"3\">\n<p class=\" content-text__container \" data-track-category=\"Link no Texto\" data-track-links=\"\" data-mrf-recirculation=\"Mat\u00e9ria - Links no Texto\">A assessoria esportiva UJ Football Talent, citada pela Pol\u00edcia Civil de S\u00e3o Paulo como empresa\u00a0<a class=\"\" href=\"https:\/\/g1.globo.com\/sp\/sao-paulo\/noticia\/2025\/05\/15\/relatorio-da-policia-indica-que-parte-do-dinheiro-do-contrato-entre-vai-de-bet-e-corinthians-foi-parar-em-empresa-ligada-ao-pcc.ghtml\" data-mrf-link=\"https:\/\/g1.globo.com\/sp\/sao-paulo\/noticia\/2025\/05\/15\/relatorio-da-policia-indica-que-parte-do-dinheiro-do-contrato-entre-vai-de-bet-e-corinthians-foi-parar-em-empresa-ligada-ao-pcc.ghtml\">destinat\u00e1ria de parte da verba de patroc\u00ednio desviada de um contrato entre a Vai de Bet e o Corinthians<\/a>, tamb\u00e9m \u00e9 investigada em Portugal por suspeita de lavagem de dinheiro e liga\u00e7\u00e3o com a fac\u00e7\u00e3o criminosa Primeiro Comando da Capital (PCC) em negocia\u00e7\u00f5es com um clube de futebol.<\/p>\n<\/div>\n<\/div>\n<div class=\"wall protected-content\">\n<div id=\"chunk-8ip3q\">\n<div class=\"mc-column content-text active-extra-styles \" data-block-type=\"unstyled\" data-block-weight=\"64\" data-block-id=\"5\">\n<p class=\" content-text__container \" data-track-category=\"Link no Texto\" data-track-links=\"\" data-mrf-recirculation=\"Mat\u00e9ria - Links no Texto\">A Federa\u00e7\u00e3o Portuguesa de Futebol (FPF) apura se o PCC financiou o time Associa\u00e7\u00e3o Desportiva de Fafe, atualmente na terceira divis\u00e3o do futebol portugu\u00eas, e se negociou compra e venda de jogadores de forma il\u00edcita por meio da UJ Football. A investiga\u00e7\u00e3o da FPF foi aberta ap\u00f3s reportagem do jornal portugu\u00eas O P\u00fablico, no fim de 2024, e ainda est\u00e1 em andamento.<\/p>\n<\/div>\n<\/div>\n<div id=\"chunk-eokhf\">\n<div class=\"mc-column content-text active-extra-styles \" data-block-type=\"unstyled\" data-block-weight=\"44\" data-block-id=\"7\">\n<p class=\" content-text__container \" data-track-category=\"Link no Texto\" data-track-links=\"\" data-mrf-recirculation=\"Mat\u00e9ria - Links no Texto\">A den\u00fancia indicou que os empres\u00e1rios brasileiros vinculados ao PCC j\u00e1 estariam atuando no Fafe, apesar de ainda n\u00e3o terem oficialmente entrado no capital da sociedade de futebol, e que transfer\u00eancias de jogadores tamb\u00e9m teriam sido usadas pelo PCC para lavar dinheiro.<\/p>\n<\/div>\n<\/div>\n<div id=\"chunk-2j26a\">\n<div class=\"mc-column content-text active-extra-styles \" data-block-type=\"unstyled\" data-block-weight=\"73\" data-block-id=\"8\">\n<p class=\" content-text__container \" data-track-category=\"Link no Texto\" data-track-links=\"\" data-mrf-recirculation=\"Mat\u00e9ria - Links no Texto\">O clube alega que n\u00e3o tem v\u00ednculos com a UJ Football, nem seus acionistas, que o s\u00f3cio da assessoria esportiva Ulisses Jorge desistiu do neg\u00f3cio por motivos pessoais e que soube da exist\u00eancia de uma investiga\u00e7\u00e3o da FPF pela imprensa. A UJ tamb\u00e9m refutou qualquer ilegalidade e defendeu que a empresa possui anos no ramo de agenciamento de jogadores de futebol, sempre pautando sua conduta por \u00e9tica, corre\u00e7\u00e3o e idoneidade\u00a0<strong>(leia mais abaixo)<\/strong>.<\/p>\n<\/div>\n<\/div>\n<div id=\"chunk-9v3bp\">\n<div class=\"mc-column content-text active-extra-styles \" data-block-type=\"unstyled\" data-block-weight=\"67\" data-block-id=\"9\">\n<p class=\" content-text__container \" data-track-category=\"Link no Texto\" data-track-links=\"\" data-mrf-recirculation=\"Mat\u00e9ria - Links no Texto\">Como relevado pelo\u00a0<strong>g1\u00a0<\/strong>e pela GloboNews,\u00a0<a class=\"\" href=\"https:\/\/g1.globo.com\/sp\/sao-paulo\/noticia\/2025\/06\/24\/pcc-e-mapeado-em-28-paises-se-infiltra-em-presidios-no-exterior-para-recrutar-novo-membros-e-expande-trafico-de-drogas-e-armas.ghtml\" data-mrf-link=\"https:\/\/g1.globo.com\/sp\/sao-paulo\/noticia\/2025\/06\/24\/pcc-e-mapeado-em-28-paises-se-infiltra-em-presidios-no-exterior-para-recrutar-novo-membros-e-expande-trafico-de-drogas-e-armas.ghtml\">Portugal \u00e9 o quinto pa\u00eds com o maior n\u00famero de integrantes do PCC<\/a>\u00a0\u2013 dentro e fora dos pres\u00eddios, e o principal da Europa. Os investigadores alertam que traficantes t\u00eam buscado outros pa\u00edses n\u00e3o s\u00f3 para viagens tempor\u00e1rias para negociar armas e drogas, mas tamb\u00e9m como moradia fixa e infiltra\u00e7\u00e3o em cadeias, uma esp\u00e9cie de &#8220;marca registrada&#8221; da fac\u00e7\u00e3o.<\/p>\n<\/div>\n<\/div>\n<div id=\"chunk-9j9rd\">\n<div class=\"mc-column content-text active-extra-styles \" data-block-type=\"unstyled\" data-block-weight=\"48\" data-block-id=\"10\">\n<p class=\" content-text__container \" data-track-category=\"Link no Texto\" data-track-links=\"\" data-mrf-recirculation=\"Mat\u00e9ria - Links no Texto\">O pesquisador Roberto Uchoa, da Universidade de Coimbra e conselheiro do F\u00f3rum Brasileiro de Seguran\u00e7a P\u00fablica, confirma que o PCC tem buscado diversifica\u00e7\u00e3o de atua\u00e7\u00e3o no tr\u00e1fico de drogas e lavagem de dinheiro, com a abertura de empresas, aquisi\u00e7\u00e3o de im\u00f3veis e infiltra\u00e7\u00e3o no mercado do futebol.<\/p>\n<\/div>\n<\/div>\n<div id=\"chunk-4ii7e\">\n<div class=\"content-ads content-ads--reveal\" data-block-type=\"ads\" data-block-id=\"11\">\n<div id=\"banner_materia__d90b8c42-633e-4c19-af59-e548c46058e9\">\n<div id=\"google_ads_iframe_\/95377733\/tvg_G1\/Sua_Regiao&gt;Sudeste&gt;Sao_Paulo_4__container__\"><\/div>\n<\/div>\n<\/div>\n<\/div>\n<div id=\"chunk-cl2cv\">\n<div class=\"mc-column content-text active-extra-styles \" data-block-type=\"unstyled\" data-block-weight=\"92\" data-block-id=\"12\">\n<p class=\" content-text__container \" data-track-category=\"Link no Texto\" data-track-links=\"\" data-mrf-recirculation=\"Mat\u00e9ria - Links no Texto\">&#8220;Houve, por exemplo, tentativa de aquisi\u00e7\u00e3o de clubes de futebol da terceira divis\u00e3o da Liga portuguesa e isso foi sinalizado como uma tentativa da organiza\u00e7\u00e3o de fazer a lavagem de dinheiro que ganha no tr\u00e1fico internacional de coca\u00edna, principalmente. A quest\u00e3o da lavagem de dinheiro \u00e9 uma preocupa\u00e7\u00e3o no sistema banc\u00e1rio como um todo em Portugal, com a chegada das organiza\u00e7\u00f5es criminosas de fora da Europa que tentam adquirir propriedades e entram no sistema da economia formal, como no mercado de transfer\u00eancia de jogadores de clubes de futebol&#8221;, detalha o pesquisador.<\/p>\n<\/div>\n<\/div>\n<div id=\"chunk-5qjf1\">\n<div class=\"cxm-video-block mc-column content-media content-video\" data-block-type=\"backstage-video\" data-block-id=\"13\">\n<div class=\"content-media__container content-media__container--codex-fallback\">\n<div class=\"content-video__bigger-player-description-fixer\">\n<article class=\"content-video\">\n<section class=\"content-video__video-container\">\n<div class=\"content-video__video\">\n<div class=\"content-video__placeholder\" data-video-id=\"13603335\">\n<p><img decoding=\"async\" class=\"content-video__placeholder__thumb\" title=\"Relat\u00f3rio da Pol\u00edcia aponta que parte do dinheiro do patroc\u00ednio da Vai de Bet ao Corinthians foi parar em uma conta ligada ao PCC\" src=\"https:\/\/s04.video.glbimg.com\/x240\/13603335.jpg\" alt=\"Relat\u00f3rio da Pol\u00edcia aponta que parte do dinheiro do patroc\u00ednio da Vai de Bet ao Corinthians foi parar em uma conta ligada ao PCC\" \/><\/p>\n<\/div>\n<\/div>\n<\/section>\n<\/article>\n<\/div>\n<div class=\"bs-block-video__container\">\n<p class=\"codex-caption codex-caption--small\">Relat\u00f3rio da Pol\u00edcia aponta que parte do dinheiro do patroc\u00ednio da Vai de Bet ao Corinthians foi parar em uma conta ligada ao PCC<\/p>\n<\/div>\n<\/div>\n<\/div>\n<\/div>\n<div id=\"chunk-c5tm4\">\n<div class=\"mc-column content-text active-extra-styles \" data-block-type=\"unstyled\" data-block-weight=\"57\" data-block-id=\"14\">\n<p class=\" content-text__container \" data-track-category=\"Link no Texto\" data-track-links=\"\" data-mrf-recirculation=\"Mat\u00e9ria - Links no Texto\">O procurador nacional Antim\u00e1fia e Antiterrorismo da It\u00e1lia, Giovanni Melillo, confirmou que as autoridades europeias j\u00e1 mapeiam a atua\u00e7\u00e3o de organiza\u00e7\u00f5es criminosas brasileiras e estrangeiras no futebol, principalmente em divis\u00f5es de acesso, e que os investigadores italianos criaram um setor para acompanhar o que ele chamou de &#8220;organiza\u00e7\u00e3o complexa entre o crime organizado e o futebol&#8221;.<\/p>\n<\/div>\n<\/div>\n<div id=\"chunk-fhhqi\">\n<div class=\"mc-column content-text active-extra-styles \" data-block-type=\"unstyled\" data-block-weight=\"50\" data-block-id=\"16\">\n<p class=\" content-text__container \" data-track-category=\"Link no Texto\" data-track-links=\"\" data-mrf-recirculation=\"Mat\u00e9ria - Links no Texto\">&#8220;\u00c9 um fen\u00f4meno que percebemos no futebol do ponto de vista regional, mais local. \u00c9 um fen\u00f4meno ainda subvalorizado [pelas autoridades]&#8221;, respondeu Melillo ao ser questionado em um painel durante um evento sobre combate ao crime organizado na Universidade de S\u00e3o Paulo (USP), no fim de junho deste ano.<\/p>\n<\/div>\n<\/div>\n<div id=\"chunk-2e6rb\">\n<div class=\"mc-column content-text active-extra-styles\" data-block-type=\"raw\" data-block-weight=\"6\" data-block-id=\"17\">\n<div class=\"content-intertitle\">\n<h2>Liga\u00e7\u00e3o do futebol com o PCC<\/h2>\n<\/div>\n<p>&nbsp;<\/p>\n<\/div>\n<\/div>\n<div id=\"chunk-6rtqo\">\n<div class=\"row medium-uncollapsed content-media content-photo\" data-block-type=\"backstage-photo\" data-block-id=\"18\">\n<div class=\" mc-column content-media__container\">\n<div class=\"content-media-container glb-skeleton-box\">\n<figure class=\"content-media-figure\"><img decoding=\"async\" class=\"i-amphtml-fill-content i-amphtml-replaced-content\" src=\"https:\/\/s2-g1.glbimg.com\/wqDXHFpMyf3gpktUJrWDqL_IWns=\/0x0:996x515\/984x0\/smart\/filters:strip_icc()\/i.s3.glbimg.com\/v1\/AUTH_59edd422c0c84a879bd37670ae4f538a\/internal_photos\/bs\/2025\/O\/S\/wjCEL6S9uq6p8ZkyU6gA\/vai-de-bet-e-corinthians.jpg\" sizes=\"(max-width: 1600px) 648px, 100vw\" srcset=\"https:\/\/s2-g1.glbimg.com\/rBMx1WKsheeALwA9wwjh6Iqnh-0=\/0x0:996x515\/1000x0\/smart\/filters:strip_icc()\/i.s3.glbimg.com\/v1\/AUTH_59edd422c0c84a879bd37670ae4f538a\/internal_photos\/bs\/2025\/O\/S\/wjCEL6S9uq6p8ZkyU6gA\/vai-de-bet-e-corinthians.jpg 1000w, https:\/\/s2-g1.glbimg.com\/wqDXHFpMyf3gpktUJrWDqL_IWns=\/0x0:996x515\/984x0\/smart\/filters:strip_icc()\/i.s3.glbimg.com\/v1\/AUTH_59edd422c0c84a879bd37670ae4f538a\/internal_photos\/bs\/2025\/O\/S\/wjCEL6S9uq6p8ZkyU6gA\/vai-de-bet-e-corinthians.jpg 984w, https:\/\/s2-g1.glbimg.com\/HStfz7fgfXBUj0YjqjYm7tix0hE=\/0x0:996x515\/640x0\/smart\/filters:strip_icc()\/i.s3.glbimg.com\/v1\/AUTH_59edd422c0c84a879bd37670ae4f538a\/internal_photos\/bs\/2025\/O\/S\/wjCEL6S9uq6p8ZkyU6gA\/vai-de-bet-e-corinthians.jpg 640w, https:\/\/s2-g1.glbimg.com\/tfI7eqKV5l3OvGYg9tIMJsGqeW8=\/0x0:996x515\/600x0\/smart\/filters:strip_icc()\/i.s3.glbimg.com\/v1\/AUTH_59edd422c0c84a879bd37670ae4f538a\/internal_photos\/bs\/2025\/O\/S\/wjCEL6S9uq6p8ZkyU6gA\/vai-de-bet-e-corinthians.jpg 600w\" alt=\"Vai de bet fechou patroc\u00ednio master com o Corinthians em janeiro de 2024, mas contrato foi rescindido. \u2014 Foto: Reprodu\u00e7\u00e3o\/SCCP\" \/><\/figure>\n<\/div>\n<p class=\"content-media__description \">Vai de bet fechou patroc\u00ednio master com o Corinthians em janeiro de 2024, mas contrato foi rescindido. \u2014 Foto: Reprodu\u00e7\u00e3o\/SCCP<\/p>\n<\/div>\n<\/div>\n<\/div>\n<div id=\"chunk-127nq\">\n<div class=\"mc-column content-text active-extra-styles \" data-block-type=\"unstyled\" data-block-weight=\"52\" data-block-id=\"19\">\n<p class=\" content-text__container \" data-track-category=\"Link no Texto\" data-track-links=\"\" data-mrf-recirculation=\"Mat\u00e9ria - Links no Texto\">A UJ Football aparece no relat\u00f3rio final da Pol\u00edcia Civil de S\u00e3o Paulo como uma das empresas beneficiadas com o desvio de pelo menos R$ 1,4 milh\u00e3o ap\u00f3s a assinatura de um contrato de patroc\u00ednio assinado entre o Corinthians e a Vai de Bet, no valor total de R$ 360 milh\u00f5es.<\/p>\n<\/div>\n<\/div>\n<div id=\"chunk-8lgjp\">\n<div class=\"mc-column content-text active-extra-styles \" data-block-type=\"unstyled\" data-block-weight=\"44\" data-block-id=\"21\">\n<p class=\" content-text__container \" data-track-category=\"Link no Texto\" data-track-links=\"\" data-mrf-recirculation=\"Mat\u00e9ria - Links no Texto\">Para a Pol\u00edcia Civil de S\u00e3o Paulo, a UJ Football tem liga\u00e7\u00e3o direta com o empres\u00e1rio Danilo Lima de Oliveira, conhecido como Danilo Tripa. Os investigadores afirmam que Tripa \u00e9 s\u00f3cio oculto da empresa, apesar de n\u00e3o aparecer no quadro societ\u00e1rio da ag\u00eancia;<\/p>\n<\/div>\n<\/div>\n<div id=\"chunk-6q9e7\">\n<div class=\"mc-column content-text active-extra-styles \" data-block-type=\"unstyled\" data-block-weight=\"62\" data-block-id=\"22\">\n<p class=\" content-text__container \" data-track-category=\"Link no Texto\" data-track-links=\"\" data-mrf-recirculation=\"Mat\u00e9ria - Links no Texto\">Entre os elementos de prova apresentados pela pol\u00edcia est\u00e1 a participa\u00e7\u00e3o de Danilo na contrata\u00e7\u00e3o do lateral-direito Emerson Royal pelo Barcelona, na Espanha, em 2021. O empres\u00e1rio aparece em uma foto ao lado do jogador e de Ulisses Jorge, s\u00f3cio formal da UJ Football. \u00c0 \u00e9poca, ambos foram apresentados para a imprensa como agentes de futebol e mantinham escrit\u00f3rio em Portugal.<\/p>\n<\/div>\n<\/div>\n<div id=\"chunk-1loqh\">\n<div class=\"mc-column content-text active-extra-styles \" data-block-type=\"unstyled\" data-block-weight=\"70\" data-block-id=\"23\">\n<p class=\" content-text__container \" data-track-category=\"Link no Texto\" data-track-links=\"\" data-mrf-recirculation=\"Mat\u00e9ria - Links no Texto\">&#8220;Conforme visto nas mat\u00e9rias jornal\u00edsticas alhures mencionadas, os neg\u00f3cios da UJ transpassaram as fronteiras nacionais e chegaram ao territ\u00f3rio europeu, sendo certo que alguns pa\u00edses \u2013 com especial destaque para Portugal \u2013 passaram a monitorar o prov\u00e1vel envolvimento da empresa com a criminalidade organizada transnacional, a ponto de reconhecer, em virtude disso, a prov\u00e1vel atua\u00e7\u00e3o do Primeiro Comando da Capital (PCC) em solo portugu\u00eas&#8221;, detalhou o delegado Tiago Correia.<\/p>\n<\/div>\n<\/div>\n<div id=\"chunk-4utms\">\n<div class=\"mc-column content-text active-extra-styles \" data-block-type=\"unstyled\" data-block-weight=\"43\" data-block-id=\"24\">\n<p class=\" content-text__container \" data-track-category=\"Link no Texto\" data-track-links=\"\" data-mrf-recirculation=\"Mat\u00e9ria - Links no Texto\">O relat\u00f3rio da Pol\u00edcia Civil tamb\u00e9m cita outros integrantes do PCC que atuam como &#8220;bra\u00e7o financeiro&#8221; da fac\u00e7\u00e3o e que se instalaram na Europa, e movimenta\u00e7\u00f5es banc\u00e1rias suspeitas feitas pela UJ Football a partir de contas geolocalizadas em Portugal e na Espanha.<\/p>\n<\/div>\n<\/div>\n<div id=\"chunk-d1e4n\">\n<div class=\"mc-column content-text active-extra-styles \" data-block-type=\"unstyled\" data-block-weight=\"38\" data-block-id=\"26\">\n<p class=\" content-text__container \" data-track-category=\"Link no Texto\" data-track-links=\"\" data-mrf-recirculation=\"Mat\u00e9ria - Links no Texto\">&#8220;Nada h\u00e1 de il\u00edcito no manuseio da conta banc\u00e1ria estando o respectivo operador no estrangeiro, mas a utiliza\u00e7\u00e3o a partir de Portugal e da Espanha refor\u00e7a a presen\u00e7a da UJ Football em terras europeias&#8221;, relatou o delegado.<\/p>\n<\/div>\n<\/div>\n<div id=\"chunk-ed4lp\">\n<div class=\"mc-column content-text active-extra-styles\" data-block-type=\"raw\" data-block-weight=\"5\" data-block-id=\"27\">\n<div class=\"content-intertitle\">\n<h2>Sequestro de delator do PCC<\/h2>\n<\/div>\n<\/div>\n<\/div>\n<div id=\"chunk-6gsfh\">\n<div class=\"mc-column content-text active-extra-styles \" data-block-type=\"unstyled\" data-block-weight=\"60\" data-block-id=\"28\">\n<p class=\" content-text__container \" data-track-category=\"Link no Texto\" data-track-links=\"\" data-mrf-recirculation=\"Mat\u00e9ria - Links no Texto\">A liga\u00e7\u00e3o de Danilo Tripa com o crime organizado veio a p\u00fablico em 2022, quando a Justi\u00e7a paulista decretou a pris\u00e3o tempor\u00e1ria do empres\u00e1rio. Tripa foi investigado pela participa\u00e7\u00e3o no suposto sequestro de Ant\u00f4nio Vinicius Gritzbach, que futuramente fechou acordo de dela\u00e7\u00e3o premiada com o Minist\u00e9rio P\u00fablico de S\u00e3o Paulo (MP-SP) e ficou conhecido como &#8220;delator do PCC&#8221;.<\/p>\n<\/div>\n<\/div>\n<div id=\"chunk-d5cfi\">\n<div class=\"mc-column content-text active-extra-styles \" data-block-type=\"unstyled\" data-block-weight=\"49\" data-block-id=\"29\">\n<p class=\" content-text__container \" data-track-category=\"Link no Texto\" data-track-links=\"\" data-mrf-recirculation=\"Mat\u00e9ria - Links no Texto\">Os bandidos acusavam Gritzbach de mandar matar o traficante do PCC Anselmo &#8220;Cara Preta&#8221;, em 2021, para roubar R$ 30 milh\u00f5es em criptomoedas.\u00a0<a class=\"\" href=\"https:\/\/g1.globo.com\/fantastico\/noticia\/2025\/05\/20\/qual-e-a-ligacao-entre-investigacoes-sobre-pcc-e-corinthians-veja-o-que-se-sabe-sobre-a-empresa-uj-football.ghtml\" data-mrf-link=\"https:\/\/g1.globo.com\/fantastico\/noticia\/2025\/05\/20\/qual-e-a-ligacao-entre-investigacoes-sobre-pcc-e-corinthians-veja-o-que-se-sabe-sobre-a-empresa-uj-football.ghtml\">&#8220;Esses narcotraficantes lavam dinheiro com o agenciamento de jogadores de futebol, obviamente esses jogadores n\u00e3o t\u00eam ci\u00eancia disso<\/a>&#8220;, afirmou o promotor Juliano Atoji, ao Fant\u00e1stico.<\/p>\n<\/div>\n<\/div>\n<div id=\"chunk-9l00c\">\n<div class=\"mc-column content-text active-extra-styles \" data-block-type=\"unstyled\" data-block-weight=\"48\" data-block-id=\"30\">\n<p class=\" content-text__container \" data-track-category=\"Link no Texto\" data-track-links=\"\" data-mrf-recirculation=\"Mat\u00e9ria - Links no Texto\">Consta nos termos da colabora\u00e7\u00e3o que Gritzbach afirmou aos promotores que Tripa era &#8220;empres\u00e1rio de diversos jogadores de futebol, alguns alocados na UJ Football, empresa sem lastro financeiro, que se enquadra no Simples e possui v\u00e1rios jogadores. Danilo n\u00e3o figura como s\u00f3cio desta empresa, mas possui participa\u00e7\u00e3o&#8221;.<\/p>\n<\/div>\n<\/div>\n<div id=\"chunk-dq0cd\">\n<div class=\"mc-column content-text active-extra-styles \" data-block-type=\"unstyled\" data-block-weight=\"57\" data-block-id=\"32\">\n<p class=\" content-text__container \" data-track-category=\"Link no Texto\" data-track-links=\"\" data-mrf-recirculation=\"Mat\u00e9ria - Links no Texto\">Ainda em depoimento ao MP durante as negocia\u00e7\u00f5es do acordo, Gritizbach afirmou que Tripa, quando participou de seu sequestro, exigiu que ele ligasse para a fam\u00edlia para se despedir e que amea\u00e7ou esquartej\u00e1-lo. Gritzbach relevou tamb\u00e9m que um delegado da Pol\u00edcia Civil recebeu R$ 5 milh\u00f5es para n\u00e3o prender Tripa e outro importante integrante da fac\u00e7\u00e3o.<\/p>\n<\/div>\n<\/div>\n<div id=\"chunk-82b2s\">\n<div class=\"mc-column content-text active-extra-styles \" data-block-type=\"unstyled\" data-block-weight=\"40\" data-block-id=\"33\">\n<p class=\" content-text__container \" data-track-category=\"Link no Texto\" data-track-links=\"\" data-mrf-recirculation=\"Mat\u00e9ria - Links no Texto\">Ant\u00f4nio Vinicius Gritzbach foi executado no Aeroporto Internacional de S\u00e3o Paulo, em Guarulhos (SP), no come\u00e7o de novembro do ano passado. Ele delatou o envolvimento de integrantes do PCC com lavagem de dinheiro e com policiais civis e militares.<\/p>\n<\/div>\n<\/div>\n<div id=\"chunk-3ir21\">\n<div class=\"mc-column content-text active-extra-styles \" data-block-type=\"unstyled\" data-block-weight=\"82\" data-block-id=\"34\">\n<p class=\" content-text__container \" data-track-category=\"Link no Texto\" data-track-links=\"\" data-mrf-recirculation=\"Mat\u00e9ria - Links no Texto\">A UJ Football foi procurada e afirmou, por meio de seus advogados, que Danilo Lima n\u00e3o possui qualquer v\u00ednculo societ\u00e1rio, contratual, funcional ou informal com a empresa, e que a \u00fanica ocasi\u00e3o em que houve algum relacionamento foi quando da apresenta\u00e7\u00e3o, cuja defesa chamou de informal, do atleta Emerson Royal. &#8220;N\u00e3o houve, em nenhum momento, sociedade, parceria comercial ou envolvimento em processos de gest\u00e3o ou opera\u00e7\u00e3o da UJ Football Talent por parte dele&#8221;, diz a nota, cujo teor completo est\u00e1 abaixo.<\/p>\n<\/div>\n<\/div>\n<div id=\"chunk-4bgbh\">\n<div class=\"mc-column content-text active-extra-styles \" data-block-type=\"unstyled\" data-block-weight=\"56\" data-block-id=\"35\">\n<p class=\" content-text__container \" data-track-category=\"Link no Texto\" data-track-links=\"\" data-mrf-recirculation=\"Mat\u00e9ria - Links no Texto\">J\u00e1 o empres\u00e1rio Danilo Lima de Oliveira afirmou, tamb\u00e9m em nota, que n\u00e3o possui qualquer envolvimento com os fatos sob investiga\u00e7\u00e3o e que n\u00e3o figura como parte no processo mencionado, &#8220;n\u00e3o tendo conhecimento dos elementos que comp\u00f5em o referido caso&#8221; (nota na \u00edntegra abaixo). O empres\u00e1rio afirmou que est\u00e1 \u00e0 disposi\u00e7\u00e3o das autoridades para qualquer esclarecimento.<\/p>\n<\/div>\n<\/div>\n<div id=\"chunk-5giei\">\n<div class=\"mc-column content-text active-extra-styles\" data-block-type=\"raw\" data-block-weight=\"5\" data-block-id=\"37\">\n<div class=\"content-intertitle\">\n<h2>Desvios em contrato do Corinthians<\/h2>\n<\/div>\n<\/div>\n<\/div>\n<div id=\"chunk-2cmmo\">\n<div class=\"mc-column content-text active-extra-styles \" data-block-type=\"unstyled\" data-block-weight=\"28\" data-block-id=\"38\">\n<p class=\" content-text__container \" data-track-category=\"Link no Texto\" data-track-links=\"\" data-mrf-recirculation=\"Mat\u00e9ria - Links no Texto\">O presidente afastado do Corinthians, Augusto Melo, ganhou as p\u00e1ginas policiais nos \u00faltimos dias ap\u00f3s o indiciamento pelos crimes de lavagem de dinheiro, associa\u00e7\u00e3o criminosa e furto.<\/p>\n<\/div>\n<\/div>\n<div id=\"chunk-48kv6\">\n<div class=\"mc-column content-text active-extra-styles \" data-block-type=\"unstyled\" data-block-weight=\"32\" data-block-id=\"39\">\n<p class=\" content-text__container \" data-track-category=\"Link no Texto\" data-track-links=\"\" data-mrf-recirculation=\"Mat\u00e9ria - Links no Texto\">Em nota, a defesa dele negou todas as acusa\u00e7\u00f5es e afirmou que Augusto Melo j\u00e1 contratou, nos termos da regulamenta\u00e7\u00e3o da OAB, a realiza\u00e7\u00e3o de uma &#8220;investiga\u00e7\u00e3o defensiva que provar\u00e1 sua inoc\u00eancia&#8221;.<\/p>\n<\/div>\n<\/div>\n<div id=\"chunk-di3c7\">\n<div class=\"mc-column content-text active-extra-styles \" data-block-type=\"unstyled\" data-block-weight=\"32\" data-block-id=\"40\">\n<p class=\" content-text__container \" data-track-category=\"Link no Texto\" data-track-links=\"\" data-mrf-recirculation=\"Mat\u00e9ria - Links no Texto\">A Pol\u00edcia Civil encontrou irregularidades no contrato entre o clube e a casa de apostas VaideBet, al\u00e9m de descobrir o envolvimento com o PCC. Corinthians e os dirigentes negam as den\u00fancias.<\/p>\n<\/div>\n<\/div>\n<div id=\"chunk-1isld\">\n<div class=\"mc-column content-text active-extra-styles \" data-block-type=\"unstyled\" data-block-weight=\"37\" data-block-id=\"41\">\n<p class=\" content-text__container \" data-track-category=\"Link no Texto\" data-track-links=\"\" data-mrf-recirculation=\"Mat\u00e9ria - Links no Texto\">Al\u00e9m do presidente do clube, foram indiciados o ex-diretor administrativo do clube, Marcelo Mariano; o antigo superintendente de marketing corintiano, S\u00e9rgio Moura; e Alex Cassund\u00e9, dono da empresa respons\u00e1vel pela intermedia\u00e7\u00e3o do contrato com a VaideBet.<\/p>\n<\/div>\n<\/div>\n<div id=\"chunk-4sf4f\">\n<div class=\"mc-column content-text active-extra-styles \" data-block-type=\"unstyled\" data-block-weight=\"33\" data-block-id=\"42\">\n<p class=\" content-text__container \" data-track-category=\"Link no Texto\" data-track-links=\"\" data-mrf-recirculation=\"Mat\u00e9ria - Links no Texto\">O contrato foi assinado em dezembro de 2023, e previa o pagamento de R$ 360 milh\u00f5es em tr\u00eas anos \u2014 o maior patroc\u00ednio m\u00e1ster da hist\u00f3ria do futebol brasileiro at\u00e9 aquele momento.<\/p>\n<\/div>\n<\/div>\n<div id=\"chunk-4avh0\">\n<div class=\"mc-column content-text active-extra-styles \" data-block-type=\"unstyled\" data-block-weight=\"36\" data-block-id=\"43\">\n<p class=\" content-text__container \" data-track-category=\"Link no Texto\" data-track-links=\"\" data-mrf-recirculation=\"Mat\u00e9ria - Links no Texto\">A partir do inqu\u00e9rito policial com os indiciamentos, o Minist\u00e9rio P\u00fablico pode oferecer a den\u00fancia, que ser\u00e1 analisada por um juiz. Se a Justi\u00e7a receber a den\u00fancia, eles v\u00e3o se tornar r\u00e9us em processo penal.<\/p>\n<\/div>\n<\/div>\n<div id=\"chunk-7rqvh\">\n<div class=\"mc-column content-text active-extra-styles \" data-block-type=\"unstyled\" data-block-weight=\"27\" data-block-id=\"45\">\n<p class=\" content-text__container \" data-track-category=\"Link no Texto\" data-track-links=\"\" data-mrf-recirculation=\"Mat\u00e9ria - Links no Texto\">A pol\u00edcia destacou ainda que identificou diversas empresas de fachada, muitas das quais vinculadas ao PCC, e que esses fatos ser\u00e3o objeto de investiga\u00e7\u00f5es separadas.<\/p>\n<\/div>\n<\/div>\n<div id=\"chunk-afvl4\">\n<div class=\"mc-column content-text active-extra-styles\" data-block-type=\"raw\" data-block-weight=\"7\" data-block-id=\"46\">\n<div class=\"content-intertitle\">\n<h2>O que diz a UJ Football Talent<\/h2>\n<\/div>\n<\/div>\n<\/div>\n<div id=\"chunk-8p7ne\">\n<div class=\"mc-column content-text active-extra-styles \" data-block-type=\"unstyled\" data-block-weight=\"77\" data-block-id=\"47\">\n<p class=\" content-text__container \" data-track-category=\"Link no Texto\" data-track-links=\"\" data-mrf-recirculation=\"Mat\u00e9ria - Links no Texto\"><em>&#8220;A empresa UJ Footbal Talent, por seus advogados, esclarece que jamais tiveram qualquer rela\u00e7\u00e3o, pessoal ou comercial, com o ent\u00e3o presidente do Sport Club Corinthians Paulista, Augusto Melo, e ou com os diretores envolvidos na investiga\u00e7\u00e3o levada a efeito pela Pol\u00edcia Civil de S\u00e3o Paulo \u2013 e por este motivo, jamais realizaram doa\u00e7\u00f5es ou contribui\u00e7\u00f5es financeiras para a campanha eleitoral do mencionado dirigente. E, enfatiza-se que nunca se beneficiaram de recursos desviados dessa ou qualquer entidade desportiva.<\/em><\/p>\n<\/div>\n<\/div>\n<div id=\"chunk-97ji8\">\n<div class=\"mc-column content-text active-extra-styles \" data-block-type=\"unstyled\" data-block-weight=\"56\" data-block-id=\"48\">\n<p class=\" content-text__container \" data-track-category=\"Link no Texto\" data-track-links=\"\" data-mrf-recirculation=\"Mat\u00e9ria - Links no Texto\"><em>O senhor Danilo Lima n\u00e3o possui qualquer v\u00ednculo societ\u00e1rio, contratual, funcional ou informal com a empresa. A \u00fanica ocasi\u00e3o em que houve algum relacionamento foi quando da apresenta\u00e7\u00e3o informal do atleta Emerson Royal. N\u00e3o houve, em nenhum momento, sociedade, parceria comercial ou envolvimento em processos de gest\u00e3o ou opera\u00e7\u00e3o da UJ Football Talent por parte dele.<\/em><\/p>\n<\/div>\n<\/div>\n<div id=\"chunk-d1eoq\">\n<div class=\"mc-column content-text active-extra-styles \" data-block-type=\"unstyled\" data-block-weight=\"23\" data-block-id=\"49\">\n<p class=\" content-text__container \" data-track-category=\"Link no Texto\" data-track-links=\"\" data-mrf-recirculation=\"Mat\u00e9ria - Links no Texto\"><em>Salientando-se que a empresa possui anos no ramo de agenciamento de jogadores de futebol, sempre pautando sua conduta por \u00e9tica, corre\u00e7\u00e3o e idoneidade.<\/em><\/p>\n<\/div>\n<\/div>\n<div id=\"chunk-d4j32\">\n<div class=\"mc-column content-text active-extra-styles \" data-block-type=\"unstyled\" data-block-weight=\"12\" data-block-id=\"50\">\n<p class=\" content-text__container \" data-track-category=\"Link no Texto\" data-track-links=\"\" data-mrf-recirculation=\"Mat\u00e9ria - Links no Texto\"><em>Por fim, quanto aos valores recebidos pela UJ, depositados pela empresa<\/em><\/p>\n<\/div>\n<\/div>\n<div id=\"chunk-2fvsj\">\n<div class=\"mc-column content-text active-extra-styles \" data-block-type=\"unstyled\" data-block-weight=\"28\" data-block-id=\"52\">\n<p class=\" content-text__container \" data-track-category=\"Link no Texto\" data-track-links=\"\" data-mrf-recirculation=\"Mat\u00e9ria - Links no Texto\"><em>Wave, esclare\u00e7a-se que estes foram oriundos de neg\u00f3cios l\u00edcitos, realizados com terceiros, devidamente tributados e declarados \u00e0s autoridades competentes, sem qualquer rela\u00e7\u00e3o com o Sport Club Corinthians Paulista.&#8221;<\/em><\/p>\n<\/div>\n<\/div>\n<div id=\"chunk-7ertu\">\n<div class=\"mc-column content-text active-extra-styles\" data-block-type=\"raw\" data-block-weight=\"7\" data-block-id=\"53\">\n<div class=\"content-intertitle\">\n<h2>O que diz o clube Ad Fafe<\/h2>\n<\/div>\n<\/div>\n<\/div>\n<div id=\"chunk-dl5ae\">\n<div class=\"mc-column content-text active-extra-styles \" data-block-type=\"unstyled\" data-block-weight=\"106\" data-block-id=\"54\">\n<p class=\" content-text__container \" data-track-category=\"Link no Texto\" data-track-links=\"\" data-mrf-recirculation=\"Mat\u00e9ria - Links no Texto\"><em>&#8220;A AD Fafe SAD e seus acionistas n\u00e3o t\u00eam v\u00ednculos com o Agente Fifa Ulisses Jorge ou com a empresa UJ Football Talent e s\u00f3 t\u00eam conhecimento da exist\u00eancia de uma investiga\u00e7\u00e3o da FPF pela m\u00eddia. A AD Fafe SAD tem tido conhecimento de not\u00edcias que t\u00eam sa\u00eddo nos \u00f3rg\u00e3os de comunica\u00e7\u00e3o social brasileiros e portugueses respeitantes a eventuais liga\u00e7\u00f5es do agente Fifa Ulisses Jorge com crime organizado no Brasil. No entanto, como mencionado, a UJ Footblall Talent e\/ou o agente Fifa Ulisses Jorge n\u00e3o s\u00e3o acionistas diretos ou indiretos da AD Fafe SAD nem t\u00eam qualquer liga\u00e7\u00e3o com a sociedade an\u00f4nima esportiva AD Fafe SAD.<\/em><\/p>\n<\/div>\n<\/div>\n<div id=\"chunk-4t7vt\">\n<div class=\"mc-column content-text active-extra-styles \" data-block-type=\"unstyled\" data-block-weight=\"12\" data-block-id=\"55\">\n<p class=\" content-text__container \" data-track-category=\"Link no Texto\" data-track-links=\"\" data-mrf-recirculation=\"Mat\u00e9ria - Links no Texto\"><em>O que a AD Fafe SAD tem conhecimento \u00e9 que:<\/em><\/p>\n<\/div>\n<\/div>\n<div id=\"chunk-b2sae\">\n<div class=\"mc-column content-text active-extra-styles \" data-block-type=\"unstyled\" data-block-weight=\"43\" data-block-id=\"56\">\n<p class=\" content-text__container \" data-track-category=\"Link no Texto\" data-track-links=\"\" data-mrf-recirculation=\"Mat\u00e9ria - Links no Texto\"><em>A UJ Football Talent, atrav\u00e9s do seu presidente Ulisses Jorge, estava interessada em adquirir 75 % do capital da AD Fafe SAD que era detido pelas sociedades Felmargest, SGPS, SA e R\u00f3mulo, SGPS, SA e estavam a negociar com essas sociedades.<\/em><\/p>\n<\/div>\n<\/div>\n<div id=\"chunk-d7m35\">\n<div class=\"mc-column content-text active-extra-styles \" data-block-type=\"unstyled\" data-block-weight=\"100\" data-block-id=\"57\">\n<p class=\" content-text__container \" data-track-category=\"Link no Texto\" data-track-links=\"\" data-mrf-recirculation=\"Mat\u00e9ria - Links no Texto\"><em>Contudo, o presidente da UJ Footblall Talent Ulisses Jorge, por motivos pessoais, perdeu o interesse no projeto do AD Fafe SAD, tendo cedido a sua posi\u00e7\u00e3o contratual no contrato promessa de compra e venda de a\u00e7\u00f5es da AD Fafe SAD que tinha celebrado com as ex-acionistas da AD Fafe SAD, Felmargeste SGPS SA e R\u00f3mulo SGPS SA ao atual Presidente Vanderlei Fernandes Silva, que entendeu investir o seu capital que acumulou enquanto foi jogador de futebol profissional na aquisi\u00e7\u00e3o de 75% da Fafe SAD (que eram detidos pelas empresas Felmargest e R\u00f3mulo, anteriores acionistas da AD Fafe SAD);<\/em><\/p>\n<\/div>\n<\/div>\n<div id=\"chunk-7chgn\">\n<div class=\"mc-column content-text active-extra-styles \" data-block-type=\"unstyled\" data-block-weight=\"47\" data-block-id=\"59\">\n<p class=\" content-text__container \" data-track-category=\"Link no Texto\" data-track-links=\"\" data-mrf-recirculation=\"Mat\u00e9ria - Links no Texto\"><em>Em 29.11.2024 foi celebrado o contrato de compra e venda de a\u00e7\u00f5es e cr\u00e9ditos entre as empresas Felmargest SGPS SA e R\u00f3mulo SGPS SA e o atual Presidente da AD Fafe SAD Valderlei Fernandes da Silva, referente a 75% do capital social da AD Fafe SAD.<\/em><\/p>\n<\/div>\n<\/div>\n<div id=\"chunk-9sv04\">\n<div class=\"mc-column content-text active-extra-styles \" data-block-type=\"unstyled\" data-block-weight=\"86\" data-block-id=\"60\">\n<p class=\" content-text__container \" data-track-category=\"Link no Texto\" data-track-links=\"\" data-mrf-recirculation=\"Mat\u00e9ria - Links no Texto\"><em>Repete-se a AD Fafe SAD e o Presidente e acionista Vanderlei Fernandes Silva n\u00e3o t\u00eam qualquer rela\u00e7\u00e3o com a empresa UJ Footeball Talent Intermedia\u00e7\u00e3o LTDA. O Presidente da AD Fafe SAD n\u00e3o \u00e9 e nunca foi seu s\u00f3cio administrador ou procurador, nem tem qualquer rela\u00e7\u00e3o profissional com o empres\u00e1rio Ulisses Jorge. A AD Fafe SAD ou seu Presidente e acionista Vanderlei Fernandes Silva n\u00e3o conhecem e nunca tiveram qualquer contato com o Senhor Danilo Lima de Oliveira ou Danilo Tripa que s\u00f3 ouviram falar pela m\u00eddia.&#8221;<\/em><\/p>\n<\/div>\n<\/div>\n<div id=\"chunk-d1bpb\">\n<div class=\"mc-column content-text active-extra-styles\" data-block-type=\"raw\" data-block-weight=\"9\" data-block-id=\"61\">\n<div class=\"content-intertitle\">\n<h2>O que diz o empres\u00e1rio Danilo Lima de Oliveira<\/h2>\n<\/div>\n<\/div>\n<\/div>\n<div id=\"chunk-724jv\">\n<div class=\"mc-column content-text active-extra-styles \" data-block-type=\"unstyled\" data-block-weight=\"47\" data-block-id=\"62\">\n<p class=\" content-text__container \" data-track-category=\"Link no Texto\" data-track-links=\"\" data-mrf-recirculation=\"Mat\u00e9ria - Links no Texto\"><em>&#8220;A Lion Soccer Sports Representa\u00e7\u00f5es Esportivas Ltda vem a p\u00fablico esclarecer que o empres\u00e1rio Danilo Lima de Oliveira, seu s\u00f3cio administrador, n\u00e3o possui qualquer envolvimento com os fatos sob investiga\u00e7\u00e3o, tampouco figura como parte no processo mencionado, n\u00e3o tendo conhecimento dos elementos que comp\u00f5em o referido caso.<\/em><\/p>\n<\/div>\n<\/div>\n<div id=\"chunk-ds1m3\">\n<div class=\"mc-column content-text active-extra-styles \" data-block-type=\"unstyled\" data-block-weight=\"24\" data-block-id=\"63\">\n<p class=\" content-text__container \" data-track-category=\"Link no Texto\" data-track-links=\"\" data-mrf-recirculation=\"Mat\u00e9ria - Links no Texto\"><em>Por fim, Danilo Lima permanece \u00e0 disposi\u00e7\u00e3o das autoridades competentes para quaisquer esclarecimentos que se fizerem necess\u00e1rios, com absoluta transpar\u00eancia e confian\u00e7a na Justi\u00e7a.&#8221;<\/em><\/p>\n<\/div>\n<\/div>\n<div id=\"chunk-27jpg\">\n<div class=\"cxm-video-block mc-column content-media content-video\" data-block-type=\"backstage-video\" data-block-id=\"65\">\n<div class=\"content-media__container content-media__container--codex-fallback\">\n<div class=\"content-video__bigger-player-description-fixer\">\n<article class=\"content-video\">\n<section class=\"content-video__video-container\">\n<div class=\"content-video__video\">\n<div class=\"content-video__placeholder\" data-video-id=\"13608957\"><img decoding=\"async\" class=\"content-video__placeholder__thumb\" title=\"O circuito de empresas por onde passou dinheiro do contrato de patroc\u00ednio do Corinthians\" src=\"https:\/\/s02.video.glbimg.com\/x240\/13608957.jpg\" alt=\"O circuito de empresas por onde passou dinheiro do contrato de patroc\u00ednio do Corinthians\" \/><\/div>\n<\/div>\n<\/section>\n<\/article>\n<\/div>\n<div class=\"bs-block-video__container\">\n<p class=\"codex-caption codex-caption--small\">O circuito de empresas por onde passou dinheiro do contrato de patroc\u00ednio do Corinthians<\/p>\n<p>Fonte: G1<\/p>\n<\/div>\n<\/div>\n<\/div>\n<\/div>\n<\/div>\n<\/article>\n<\/div>\n","protected":false},"excerpt":{"rendered":"<p>Empresa citada em inqu\u00e9rito sobre patroc\u00ednio do Corinthians \u00e9 investigada por elo com PCC e lavagem de dinheiro no futebol<\/p>\n","protected":false},"author":1,"featured_media":9666,"comment_status":"open","ping_status":"open","sticky":false,"template":"","format":"standard","meta":{"colormag_page_container_layout":"default_layout","colormag_page_sidebar_layout":"default_layout","footnotes":""},"categories":[1],"tags":[],"class_list":["post-9654","post","type-post","status-publish","format-standard","has-post-thumbnail","hentry","category-geral"],"_links":{"self":[{"href":"http:\/\/metropoleemfoco.com.br\/index.php?rest_route=\/wp\/v2\/posts\/9654","targetHints":{"allow":["GET"]}}],"collection":[{"href":"http:\/\/metropoleemfoco.com.br\/index.php?rest_route=\/wp\/v2\/posts"}],"about":[{"href":"http:\/\/metropoleemfoco.com.br\/index.php?rest_route=\/wp\/v2\/types\/post"}],"author":[{"embeddable":true,"href":"http:\/\/metropoleemfoco.com.br\/index.php?rest_route=\/wp\/v2\/users\/1"}],"replies":[{"embeddable":true,"href":"http:\/\/metropoleemfoco.com.br\/index.php?rest_route=%2Fwp%2Fv2%2Fcomments&post=9654"}],"version-history":[{"count":1,"href":"http:\/\/metropoleemfoco.com.br\/index.php?rest_route=\/wp\/v2\/posts\/9654\/revisions"}],"predecessor-version":[{"id":9667,"href":"http:\/\/metropoleemfoco.com.br\/index.php?rest_route=\/wp\/v2\/posts\/9654\/revisions\/9667"}],"wp:featuredmedia":[{"embeddable":true,"href":"http:\/\/metropoleemfoco.com.br\/index.php?rest_route=\/wp\/v2\/media\/9666"}],"wp:attachment":[{"href":"http:\/\/metropoleemfoco.com.br\/index.php?rest_route=%2Fwp%2Fv2%2Fmedia&parent=9654"}],"wp:term":[{"taxonomy":"category","embeddable":true,"href":"http:\/\/metropoleemfoco.com.br\/index.php?rest_route=%2Fwp%2Fv2%2Fcategories&post=9654"},{"taxonomy":"post_tag","embeddable":true,"href":"http:\/\/metropoleemfoco.com.br\/index.php?rest_route=%2Fwp%2Fv2%2Ftags&post=9654"}],"curies":[{"name":"wp","href":"https:\/\/api.w.org\/{rel}","templated":true}]}}