{"id":9652,"date":"2025-07-09T18:26:48","date_gmt":"2025-07-09T21:26:48","guid":{"rendered":"https:\/\/metropoleemfoco.com.br\/?p=9652"},"modified":"2025-07-09T18:26:48","modified_gmt":"2025-07-09T21:26:48","slug":"defensoria-publica-pede-que-afastamento-dos-25-diretores-de-sp-seja-julgado-como-ilegal-pelo-tj","status":"publish","type":"post","link":"http:\/\/metropoleemfoco.com.br\/?p=9652","title":{"rendered":"Defensoria P\u00fablica pede que afastamento dos 25 diretores de SP seja julgado como ilegal pelo TJ"},"content":{"rendered":"<div class=\"mc-article-header\">\n<div class=\"row content-head mc-column non-featured \">\n<div class=\"title\" data-block-type=\"title\" data-block-id=\"0\">\n<h1 class=\"content-head__title\">Defensoria P\u00fablica pede que afastamento dos 25 diretores de SP seja julgado como ilegal pelo TJ<\/h1>\n<\/div>\n<div class=\"medium-centered subtitle\">\n<h2 class=\"content-head__subtitle\">O grupo foi tirado das escolas em meados de maio, em raz\u00e3o do rendimento obtido nas provas de 2023 do Ideb e Idep. Para o defensor Gustavo Santos, h\u00e1 falta de crit\u00e9rios legais para a sele\u00e7\u00e3o dos afastados e de planejamento do curso de requalifica\u00e7\u00e3o.<\/h2>\n<\/div>\n<\/div>\n<div><\/div>\n<div class=\"content__signa-share mc-column\">\n<div class=\"content__signature\">\n<div class=\"content-publication-data\">\n<div class=\"content-publication-data__text\">\n<p class=\"content-publication-data__from\" title=\"Rodrigo Rodrigues\">Por\u00a0<a class=\"multi_signatures\" href=\"https:\/\/g1.globo.com\/autores\/rodrigo-rodrigues\/\">Rodrigo Rodrigues<\/a>, g1 SP\u00a0\u2014 S\u00e3o Paulo<\/p>\n<\/div>\n<\/div>\n<\/div>\n<\/div>\n<div class=\"glb-share-bar content__share-bar\">\n<div class=\"glb-share-bar_icons\">\n<div class=\"glb-share-bar_button-img\"><\/div>\n<\/div>\n<\/div>\n<\/div>\n<div class=\"mc-article-body\">\n<article>\n<div id=\"chunk-7369m\">\n<div class=\"row medium-uncollapsed content-media content-photo\" data-block-type=\"backstage-photo\" data-block-id=\"2\">\n<div class=\" mc-column  content-media__container\">\n<div class=\"content-media-container glb-skeleton-box\">\n<figure class=\"content-media-figure\"><img decoding=\"async\" class=\"i-amphtml-fill-content i-amphtml-replaced-content\" src=\"https:\/\/s2-g1.glbimg.com\/qcZ_F19FDo4Vl1a7KfTk9bcwp-s=\/0x0:1022x592\/984x0\/smart\/filters:strip_icc()\/i.s3.glbimg.com\/v1\/AUTH_59edd422c0c84a879bd37670ae4f538a\/internal_photos\/bs\/2025\/a\/I\/snA96tRWOguqBG0yVrww\/1752056877384148.jpg\" sizes=\"(max-width: 1600px) 648px, 100vw\" srcset=\"https:\/\/s2-g1.glbimg.com\/VEJW1lqjVFLlm5ts2vHHYdPwNeA=\/0x0:1022x592\/1000x0\/smart\/filters:strip_icc()\/i.s3.glbimg.com\/v1\/AUTH_59edd422c0c84a879bd37670ae4f538a\/internal_photos\/bs\/2025\/a\/I\/snA96tRWOguqBG0yVrww\/1752056877384148.jpg 1000w, https:\/\/s2-g1.glbimg.com\/qcZ_F19FDo4Vl1a7KfTk9bcwp-s=\/0x0:1022x592\/984x0\/smart\/filters:strip_icc()\/i.s3.glbimg.com\/v1\/AUTH_59edd422c0c84a879bd37670ae4f538a\/internal_photos\/bs\/2025\/a\/I\/snA96tRWOguqBG0yVrww\/1752056877384148.jpg 984w, https:\/\/s2-g1.glbimg.com\/YmHL1xsIEbxAVd2xY-6mwjZM600=\/0x0:1022x592\/640x0\/smart\/filters:strip_icc()\/i.s3.glbimg.com\/v1\/AUTH_59edd422c0c84a879bd37670ae4f538a\/internal_photos\/bs\/2025\/a\/I\/snA96tRWOguqBG0yVrww\/1752056877384148.jpg 640w, https:\/\/s2-g1.glbimg.com\/CTQ7GGXg81NKyxTIhpOCOH_0C3U=\/0x0:1022x592\/600x0\/smart\/filters:strip_icc()\/i.s3.glbimg.com\/v1\/AUTH_59edd422c0c84a879bd37670ae4f538a\/internal_photos\/bs\/2025\/a\/I\/snA96tRWOguqBG0yVrww\/1752056877384148.jpg 600w\" alt=\"Secret\u00e1rio municipal da Educa\u00e7\u00e3o Fernando Padula e uma sala de aula na Zona Leste de SP. \u2014 Foto: Montagem g1\/Rovena Rosa\/Ag\u00eancia Brasil\/Renata Bitar\/g1\" \/><\/figure>\n<\/div>\n<p class=\"content-media__description  \">Secret\u00e1rio municipal da Educa\u00e7\u00e3o Fernando Padula e uma sala de aula na Zona Leste de SP. \u2014 Foto: Montagem g1\/Rovena Rosa\/Ag\u00eancia Brasil\/Renata Bitar\/g1<\/p>\n<\/div>\n<\/div>\n<\/div>\n<div id=\"chunk-6hrhk\">\n<div class=\"mc-column content-text active-extra-styles \" data-block-type=\"unstyled\" data-block-weight=\"30\" data-block-id=\"3\">\n<p class=\" content-text__container \" data-track-category=\"Link no Texto\" data-track-links=\"\" data-mrf-recirculation=\"Mat\u00e9ria - Links no Texto\">A Defensoria P\u00fablica emitiu um parecer na ter\u00e7a-feira (8) pedindo que a Justi\u00e7a de\u00a0<a class=\"\" href=\"https:\/\/g1.globo.com\/sp\/sao-paulo\/cidade\/sao-paulo\/\" data-mrf-link=\"https:\/\/g1.globo.com\/sp\/sao-paulo\/cidade\/sao-paulo\/\">S\u00e3o Paulo<\/a>\u00a0julgue ilegal o afastamento dos\u00a0<a class=\"\" href=\"https:\/\/g1.globo.com\/sp\/sao-paulo\/educacao\/noticia\/2025\/05\/23\/prefeitura-de-sp-afasta-25-diretores-de-escolas-por-causa-do-desempenho-dos-alunos-em-avaliacoes-externas.ghtml\" data-mrf-link=\"https:\/\/g1.globo.com\/sp\/sao-paulo\/educacao\/noticia\/2025\/05\/23\/prefeitura-de-sp-afasta-25-diretores-de-escolas-por-causa-do-desempenho-dos-alunos-em-avaliacoes-externas.ghtml\">25 diretores afastados \u00e0s escolas municipais<\/a>\u00a0da capital paulista.<\/p>\n<\/div>\n<\/div>\n<div class=\"wall protected-content\">\n<div id=\"chunk-8ag14\">\n<div class=\"mc-column content-text active-extra-styles \" data-block-type=\"unstyled\" data-block-weight=\"48\" data-block-id=\"5\">\n<p class=\" content-text__container \" data-track-category=\"Link no Texto\" data-track-links=\"\" data-mrf-recirculation=\"Mat\u00e9ria - Links no Texto\">Para o defensor Gustavo Samuel da Silva Santos, h\u00e1 falta de crit\u00e9rios legais para a sele\u00e7\u00e3o dos afastados e de planejamento do curso de requalifica\u00e7\u00e3o, al\u00e9m de potenciais danos \u00e0 gest\u00e3o das escolas e o interesse de crian\u00e7as e adolescentes que estudam na rede municipal de ensino.<\/p>\n<\/div>\n<\/div>\n<div id=\"chunk-3qfrk\">\n<div class=\"mc-column content-text active-extra-styles \" data-block-type=\"unstyled\" data-block-weight=\"51\" data-block-id=\"6\">\n<p class=\" content-text__container \" data-track-category=\"Link no Texto\" data-track-links=\"\" data-mrf-recirculation=\"Mat\u00e9ria - Links no Texto\">O grupo foi\u00a0<a class=\"\" href=\"https:\/\/g1.globo.com\/sp\/sao-paulo\/educacao\/noticia\/2025\/05\/23\/prefeitura-de-sp-afasta-25-diretores-de-escolas-por-causa-do-desempenho-dos-alunos-em-avaliacoes-externas.ghtml\" data-mrf-link=\"https:\/\/g1.globo.com\/sp\/sao-paulo\/educacao\/noticia\/2025\/05\/23\/prefeitura-de-sp-afasta-25-diretores-de-escolas-por-causa-do-desempenho-dos-alunos-em-avaliacoes-externas.ghtml\">tirado das escolas em meados de maio, em raz\u00e3o do rendimento obtido nas provas de 2023<\/a> do \u00cdndice de Desenvolvimento da Educa\u00e7\u00e3o B\u00e1sica (Ideb) e do \u00cdndice de Desenvolvimento da Educa\u00e7\u00e3o Paulistana (Idep), segundo a prefeitura. Eles passam por um curso de reciclagem at\u00e9 o fim do ano.<\/p>\n<\/div>\n<\/div>\n<div id=\"chunk-5nquv\">\n<div class=\"mc-column content-text active-extra-styles \" data-block-type=\"unstyled\" data-block-weight=\"27\" data-block-id=\"8\">\n<p class=\" content-text__container \" data-track-category=\"Link no Texto\" data-track-links=\"\" data-mrf-recirculation=\"Mat\u00e9ria - Links no Texto\">No \u00faltimo dia 4, o Minist\u00e9rio P\u00fablico tamb\u00e9m emitiu um parecer\u00a0<a class=\"\" href=\"https:\/\/g1.globo.com\/sp\/sao-paulo\/noticia\/2025\/07\/07\/ministerio-publico-diz-que-afastamento-dos-25-diretores-de-sp-e-ilegal-e-pede-a-justica-retorno-dos-profissionais-as-escolas-municipais.ghtml\" data-mrf-link=\"https:\/\/g1.globo.com\/sp\/sao-paulo\/noticia\/2025\/07\/07\/ministerio-publico-diz-que-afastamento-dos-25-diretores-de-sp-e-ilegal-e-pede-a-justica-retorno-dos-profissionais-as-escolas-municipais.ghtml\">classificando o afastamento como ilegal e pedindo a recondu\u00e7\u00e3o dos diretores as unidades de ensino<\/a>.<\/p>\n<\/div>\n<\/div>\n<div id=\"chunk-aacne\">\n<div class=\"mc-column content-text active-extra-styles \" data-block-type=\"unstyled\" data-block-weight=\"30\" data-block-id=\"9\">\n<p class=\" content-text__container \" data-track-category=\"Link no Texto\" data-track-links=\"\" data-mrf-recirculation=\"Mat\u00e9ria - Links no Texto\">A manifesta\u00e7\u00e3o foi juntada a a\u00e7\u00e3o civil p\u00fablica movida contra a gest\u00e3o\u00a0<a class=\"\" href=\"https:\/\/g1.globo.com\/politica\/politico\/ricardo-luis-reis-nunes\/\" data-mrf-link=\"https:\/\/g1.globo.com\/politica\/politico\/ricardo-luis-reis-nunes\/\">Ricardo Nunes<\/a>\u00a0(<a class=\"\" href=\"https:\/\/g1.globo.com\/politica\/partido\/mdb\/\" data-mrf-link=\"https:\/\/g1.globo.com\/politica\/partido\/mdb\/\">MDB<\/a>) pelo Sindicato dos Especialistas de Educa\u00e7\u00e3o do Ensino P\u00fablico do Munic\u00edpio de S\u00e3o Paulo (Sinesp).<\/p>\n<\/div>\n<\/div>\n<div id=\"chunk-ctsjd\">\n<div class=\"mc-column content-text active-extra-styles \" data-block-type=\"unstyled\" data-block-weight=\"36\" data-block-id=\"11\">\n<p class=\" content-text__container \" data-track-category=\"Link no Texto\" data-track-links=\"\" data-mrf-recirculation=\"Mat\u00e9ria - Links no Texto\">Na manifesta\u00e7\u00e3o, a Defensoria P\u00fablicoa citou a\u00a0<a class=\"\" href=\"https:\/\/g1.globo.com\/sp\/sao-paulo\/noticia\/2025\/06\/25\/diretores-afastados-apontam-improviso-e-falta-de-mentoria-em-curso-de-reciclagem-da-gestao-nunes-ficamos-sos-olhando-para-as-paredes.ghtml\" data-mrf-link=\"https:\/\/g1.globo.com\/sp\/sao-paulo\/noticia\/2025\/06\/25\/diretores-afastados-apontam-improviso-e-falta-de-mentoria-em-curso-de-reciclagem-da-gestao-nunes-ficamos-sos-olhando-para-as-paredes.ghtml\">reportagem do g1<\/a> que mostrou a falta de planejamento da Secretaria Municipal de Educa\u00e7\u00e3o (SME) na supervis\u00e3o das atividades de reciclagem dos diretores nos departamentos regionais de ensino (DREs).<\/p>\n<\/div>\n<\/div>\n<div id=\"chunk-602ff\">\n<div class=\"mc-column content-text active-extra-styles\" data-block-type=\"raw\" data-block-weight=\"65\" data-block-id=\"12\">\n<blockquote class=\"content-blockquote theme-border-color-primary-before\"><p>&#8220;Al\u00e9m da falta de crit\u00e9rios para a sele\u00e7\u00e3o dos diretores que participariam do curso de requalifica\u00e7\u00e3o, foram percebidos ind\u00edcios de que esse momento de forma\u00e7\u00e3o n\u00e3o foi adequadamente planejado e, portanto, tem o potencial de causar duplo preju\u00edzo: ao er\u00e1rio p\u00fablico, com uma atividade sem objetivos e metodologia adequados, e \u00e0s crian\u00e7as e adolescentes, privadas do gestor de suas escolas por meses&#8221;, afirma o defensor.<\/p><\/blockquote>\n<\/div>\n<\/div>\n<div id=\"chunk-c45eo\">\n<div class=\"mc-column content-text active-extra-styles \" data-block-type=\"unstyled\" data-block-weight=\"62\" data-block-id=\"13\">\n<p class=\" content-text__container \" data-track-category=\"Link no Texto\" data-track-links=\"\" data-mrf-recirculation=\"Mat\u00e9ria - Links no Texto\">Santos ainda destaca que atividades envolvendo educa\u00e7\u00e3o devem ser feitas com aten\u00e7\u00e3o e cuidado. &#8220;Privar as escolas de seus gestores por um per\u00edodo t\u00e3o longo j\u00e1 n\u00e3o parece uma alternativa muito adequada para o melhor interesse das crian\u00e7as e adolescentes. Quando esse afastamento \u00e9 feito sem ao menos uma rotina de forma\u00e7\u00e3o intensa e qualificada, a situa\u00e7\u00e3o \u00e9 ainda mais preocupante&#8221;, completa.<\/p>\n<\/div>\n<\/div>\n<div id=\"chunk-7qmag\">\n<div class=\"mc-column content-text active-extra-styles \" data-block-type=\"unstyled\" data-block-weight=\"21\" data-block-id=\"15\">\n<p class=\" content-text__container \" data-track-category=\"Link no Texto\" data-track-links=\"\" data-mrf-recirculation=\"Mat\u00e9ria - Links no Texto\">Questionada sobre a manifesta\u00e7\u00e3o da Defensoria, a Prefeitura de S\u00e3o Paulo n\u00e3o se manifestou at\u00e9 a \u00faltima atualiza\u00e7\u00e3o da reportagem.<\/p>\n<\/div>\n<\/div>\n<div id=\"chunk-an34t\">\n<div class=\"mc-column content-text active-extra-styles\" data-block-type=\"raw\" data-block-weight=\"5\" data-block-id=\"16\">\n<div class=\"content-intertitle\">\n<h2>O que diz o sindicato<\/h2>\n<\/div>\n<\/div>\n<\/div>\n<div id=\"chunk-f1g60\">\n<div class=\"mc-column content-text active-extra-styles \" data-block-type=\"unstyled\" data-block-weight=\"38\" data-block-id=\"17\">\n<p class=\" content-text__container \" data-track-category=\"Link no Texto\" data-track-links=\"\" data-mrf-recirculation=\"Mat\u00e9ria - Links no Texto\">A a\u00e7\u00e3o movida pelo Sinesp ainda n\u00e3o foi julgada pelo juiz da Renato Augusto Pereira Maia, que solicitou a manifesta\u00e7\u00e3o do MP antes de decidir se acata ou n\u00e3o pedido liminar para que os diretores sejam reintegrados.<\/p>\n<\/div>\n<\/div>\n<div id=\"chunk-1h954\">\n<div class=\"mc-column content-text active-extra-styles \" data-block-type=\"unstyled\" data-block-weight=\"45\" data-block-id=\"18\">\n<p class=\" content-text__container \" data-track-category=\"Link no Texto\" data-track-links=\"\" data-mrf-recirculation=\"Mat\u00e9ria - Links no Texto\">O sindicato considera a medida de Nunes como \u201carbitr\u00e1ria e injusta, realizada a partir de crit\u00e9rios inconsistentes\u201d. Na a\u00e7\u00e3o civil p\u00fablica movida contra a Prefeitura de S\u00e3o Paulo, a entidade pede uma indeniza\u00e7\u00e3o por danos morais coletivos no valor de R$ 500 mil.<\/p>\n<\/div>\n<\/div>\n<div id=\"chunk-baga2\">\n<div class=\"mc-column content-text active-extra-styles \" data-block-type=\"unstyled\" data-block-weight=\"82\" data-block-id=\"19\">\n<p class=\" content-text__container \" data-track-category=\"Link no Texto\" data-track-links=\"\" data-mrf-recirculation=\"Mat\u00e9ria - Links no Texto\">\u201c\u00c9 inadmiss\u00edvel que, em pleno s\u00e9culo XXI, a prefeitura de uma cidade como S\u00e3o Paulo recorra a medidas autorit\u00e1rias, sem di\u00e1logo, sem crit\u00e9rios t\u00e9cnicos transparentes e que desconsideram o contexto complexo e diverso em que os indicadores educacionais s\u00e3o captados. A responsabiliza\u00e7\u00e3o direta de diretores de escola por resultados isolados, sem levar em conta as condi\u00e7\u00f5es estruturais das escolas, o perfil das comunidades atendidas e as in\u00fameras vari\u00e1veis que afetam o cotidiano escolar, \u00e9 injusta, simplista e profundamente desrespeitosa\u201d, diz a entidade.<\/p>\n<\/div>\n<\/div>\n<div id=\"chunk-dtr96\">\n<div class=\"mc-column content-text active-extra-styles \" data-block-type=\"unstyled\" data-block-weight=\"91\" data-block-id=\"20\">\n<p class=\" content-text__container \" data-track-category=\"Link no Texto\" data-track-links=\"\" data-mrf-recirculation=\"Mat\u00e9ria - Links no Texto\">\u201cAl\u00e9m do impacto direto sobre os profissionais afastados, as comunidades escolares tamb\u00e9m est\u00e3o sofrendo com a interrup\u00e7\u00e3o repentina de uma rela\u00e7\u00e3o de confian\u00e7a constru\u00edda durante muito tempo com a dire\u00e7\u00e3o das escolas. Fam\u00edlias, estudantes e equipes escolares enfrentam incertezas, rupturas na gest\u00e3o e inseguran\u00e7as que comprometem a confian\u00e7a no trabalho coletivo que vinha sendo desenvolvido. O processo de afastamento dos diretores, marcado por falta de transpar\u00eancia e comunica\u00e7\u00e3o adequada, tem causado forte abalo psicol\u00f3gico em muitos desses profissionais, que relatam situa\u00e7\u00f5es de ass\u00e9dio moral institucional\u201d, diz um documento p\u00fablico da entidade.<\/p>\n<\/div>\n<\/div>\n<div id=\"chunk-2gciu\">\n<div class=\"mc-column content-text active-extra-styles\" data-block-type=\"raw\" data-block-weight=\"3\" data-block-id=\"22\">\n<div class=\"content-intertitle\">\n<h2>Diretores sem tutor<\/h2>\n<\/div>\n<\/div>\n<\/div>\n<div id=\"chunk-crvtd\">\n<div class=\"cxm-video-block mc-column  content-media content-video\" data-block-type=\"backstage-video\" data-block-id=\"23\">\n<div class=\"content-media__container content-media__container--codex-fallback\">\n<div class=\"content-video__bigger-player-description-fixer\">\n<article class=\"content-video\">\n<section class=\"content-video__video-container\">\n<div class=\"content-video__video\">\n<div class=\"content-video__placeholder\" data-video-id=\"13706744\"><img decoding=\"async\" class=\"content-video__placeholder__thumb\" title=\"Diretora afastada mostra diretoria de ensino de Guaianases vazia durante reciclagem\" src=\"https:\/\/s01.video.glbimg.com\/x240\/13706744.jpg\" alt=\"Diretora afastada mostra diretoria de ensino de Guaianases vazia durante reciclagem\" \/><\/div>\n<\/div>\n<\/section>\n<\/article>\n<\/div>\n<div class=\"bs-block-video__container\">\n<p class=\"codex-caption codex-caption--small\">Diretora afastada mostra diretoria de ensino de Guaianases vazia durante reciclagem<\/p>\n<\/div>\n<\/div>\n<\/div>\n<\/div>\n<div id=\"chunk-c78cn\">\n<div class=\"mc-column content-text active-extra-styles \" data-block-type=\"unstyled\" data-block-weight=\"42\" data-block-id=\"24\">\n<p class=\" content-text__container \" data-track-category=\"Link no Texto\" data-track-links=\"\" data-mrf-recirculation=\"Mat\u00e9ria - Links no Texto\">Conforme o\u00a0<a class=\"\" href=\"https:\/\/g1.globo.com\/sp\/sao-paulo\/noticia\/2025\/06\/25\/diretores-afastados-apontam-improviso-e-falta-de-mentoria-em-curso-de-reciclagem-da-gestao-nunes-ficamos-sos-olhando-para-as-paredes.ghtml\" data-mrf-link=\"https:\/\/g1.globo.com\/sp\/sao-paulo\/noticia\/2025\/06\/25\/diretores-afastados-apontam-improviso-e-falta-de-mentoria-em-curso-de-reciclagem-da-gestao-nunes-ficamos-sos-olhando-para-as-paredes.ghtml\"><strong>g1<\/strong><\/a>\u00a0publicou em 25 de junho, diretores\u00a0<a class=\"\" href=\"https:\/\/g1.globo.com\/sp\/sao-paulo\/educacao\/noticia\/2025\/05\/23\/prefeitura-de-sp-afasta-25-diretores-de-escolas-por-causa-do-desempenho-dos-alunos-em-avaliacoes-externas.ghtml\" data-mrf-link=\"https:\/\/g1.globo.com\/sp\/sao-paulo\/educacao\/noticia\/2025\/05\/23\/prefeitura-de-sp-afasta-25-diretores-de-escolas-por-causa-do-desempenho-dos-alunos-em-avaliacoes-externas.ghtml\">afastados das escolas municipais\u00a0<\/a>dizem que o<a class=\"\" href=\"https:\/\/g1.globo.com\/sp\/sao-paulo\/noticia\/2025\/05\/28\/requalificacao-de-diretores-afastados-pela-prefeitura-de-sao-paulo-comeca-em-2-de-junho-defensoria-questiona-criterios.ghtml\" data-mrf-link=\"https:\/\/g1.globo.com\/sp\/sao-paulo\/noticia\/2025\/05\/28\/requalificacao-de-diretores-afastados-pela-prefeitura-de-sao-paulo-comeca-em-2-de-junho-defensoria-questiona-criterios.ghtml\">\u00a0<\/a><a class=\"\" href=\"https:\/\/g1.globo.com\/sp\/sao-paulo\/noticia\/2025\/05\/28\/requalificacao-de-diretores-afastados-pela-prefeitura-de-sao-paulo-comeca-em-2-de-junho-defensoria-questiona-criterios.ghtml\" data-mrf-link=\"https:\/\/g1.globo.com\/sp\/sao-paulo\/noticia\/2025\/05\/28\/requalificacao-de-diretores-afastados-pela-prefeitura-de-sao-paulo-comeca-em-2-de-junho-defensoria-questiona-criterios.ghtml\">curso de aperfei\u00e7oamento e requalifica\u00e7\u00e3o\u00a0<\/a>anunciado pela prefeitura com o objetivo de melhorar a gest\u00e3o escolar \u00e9 improvisado,\u00a0<a class=\"\" href=\"https:\/\/g1.globo.com\/sp\/sao-paulo\/noticia\/2025\/06\/25\/diretores-afastados-apontam-improviso-e-falta-de-mentoria-em-curso-de-reciclagem-da-gestao-nunes-ficamos-sos-olhando-para-as-paredes.ghtml\" data-mrf-link=\"https:\/\/g1.globo.com\/sp\/sao-paulo\/noticia\/2025\/06\/25\/diretores-afastados-apontam-improviso-e-falta-de-mentoria-em-curso-de-reciclagem-da-gestao-nunes-ficamos-sos-olhando-para-as-paredes.ghtml\">n\u00e3o conta com mentoria nem segue um padr\u00e3o.<\/a><\/p>\n<\/div>\n<\/div>\n<div id=\"chunk-fmpfb\">\n<div class=\"mc-column content-text active-extra-styles \" data-block-type=\"unstyled\" data-block-weight=\"47\" data-block-id=\"25\">\n<p class=\" content-text__container \" data-track-category=\"Link no Texto\" data-track-links=\"\" data-mrf-recirculation=\"Mat\u00e9ria - Links no Texto\">Eles contaram ao\u00a0<a class=\"\" href=\"https:\/\/g1.globo.com\/sp\/sao-paulo\/\" data-mrf-link=\"https:\/\/g1.globo.com\/sp\/sao-paulo\/\"><strong>g1<\/strong><\/a>\u00a0terem sido retirados das atividades escolares pela Secretaria Municipal da Educa\u00e7\u00e3o (SME), pasta chefiada por Fernando Padula, sem que fossem nomeados substitutos. A reportagem ouviu cinco profissionais das Diretorias Regionais de Ensino (DREs) do Butant\u00e3, da Penha, Campo Limpo, Guaianases e Pirituba.<\/p>\n<\/div>\n<\/div>\n<div id=\"chunk-4vkff\">\n<div class=\"mc-column content-text active-extra-styles \" data-block-type=\"unstyled\" data-block-weight=\"32\" data-block-id=\"26\">\n<p class=\" content-text__container \" data-track-category=\"Link no Texto\" data-track-links=\"\" data-mrf-recirculation=\"Mat\u00e9ria - Links no Texto\">Passados mais de\u00a0<a class=\"\" href=\"https:\/\/g1.globo.com\/sp\/sao-paulo\/noticia\/2025\/05\/28\/requalificacao-de-diretores-afastados-pela-prefeitura-de-sao-paulo-comeca-em-2-de-junho-defensoria-questiona-criterios.ghtml\" data-mrf-link=\"https:\/\/g1.globo.com\/sp\/sao-paulo\/noticia\/2025\/05\/28\/requalificacao-de-diretores-afastados-pela-prefeitura-de-sao-paulo-comeca-em-2-de-junho-defensoria-questiona-criterios.ghtml\">20 dias desde o in\u00edcio do programa d<\/a><a class=\"\" href=\"https:\/\/g1.globo.com\/sp\/sao-paulo\/\" data-mrf-link=\"https:\/\/g1.globo.com\/sp\/sao-paulo\/\">e reciclagem<\/a>, eles<strong>\u00a0<\/strong>dizem que as aulas de forma\u00e7\u00e3o que deveriam ocorrer nas diretorias regionais de ensino (DREs) n\u00e3o est\u00e3o acontecendo.<\/p>\n<\/div>\n<\/div>\n<div id=\"chunk-6kepu\">\n<div class=\"mc-column content-text active-extra-styles \" data-block-type=\"unstyled\" data-block-weight=\"32\" data-block-id=\"28\">\n<p class=\" content-text__container \" data-track-category=\"Link no Texto\" data-track-links=\"\" data-mrf-recirculation=\"Mat\u00e9ria - Links no Texto\">O programa prev\u00ea que os diretores deveriam passar uma semana recebendo aulas de reciclagem nas pr\u00f3prias DREs onde atuam e, na outra, acompanhariam palestras na sede da secretaria, na Vila Clementino.<\/p>\n<\/div>\n<\/div>\n<div id=\"chunk-a80ao\">\n<div class=\"mc-column content-text active-extra-styles \" data-block-type=\"unstyled\" data-block-weight=\"23\" data-block-id=\"29\">\n<p class=\" content-text__container \" data-track-category=\"Link no Texto\" data-track-links=\"\" data-mrf-recirculation=\"Mat\u00e9ria - Links no Texto\">Mas n\u00e3o foi o que aconteceu com a diretora Alessandra Messias Cardozo, da EMEF CEU Parais\u00f3polis. Ela questiona a falta de planejamento.<\/p>\n<\/div>\n<\/div>\n<div id=\"chunk-ukq2\">\n<div class=\"mc-column content-text active-extra-styles \" data-block-type=\"unstyled\" data-block-weight=\"56\" data-block-id=\"30\">\n<p class=\" content-text__container \" data-track-category=\"Link no Texto\" data-track-links=\"\" data-mrf-recirculation=\"Mat\u00e9ria - Links no Texto\">&#8220;Eles nos tiraram da escola para fazer a gente cumprir mais de oito horas de jornada nas diretorias regionais de ensino da nossa \u00e1rea. Mas, chegando \u00e0 DRE, n\u00e3o tem nenhum tutor, ningu\u00e9m para nos orientar. Aplicam um question\u00e1rio que poderia ser respondido pela internet e depois n\u00e3o sabem o que fazer com a gente&#8221;, afirmou.<\/p>\n<\/div>\n<\/div>\n<div id=\"chunk-51vo9\">\n<div class=\"mc-column content-text active-extra-styles \" data-block-type=\"unstyled\" data-block-weight=\"34\" data-block-id=\"31\">\n<p class=\" content-text__container \" data-track-category=\"Link no Texto\" data-track-links=\"\" data-mrf-recirculation=\"Mat\u00e9ria - Links no Texto\">A escola que ela administra pertence \u00e0 diretoria regional do Campo Limpo e, depois de 20 dias de licen\u00e7a m\u00e9dica, a diretora deveria ter tido a primeira aula de forma\u00e7\u00e3o na segunda-feira (23).<\/p>\n<\/div>\n<\/div>\n<div id=\"chunk-13dd1\">\n<div class=\"mc-column content-text active-extra-styles\" data-block-type=\"raw\" data-block-weight=\"75\" data-block-id=\"32\">\n<blockquote class=\"content-blockquote theme-border-color-primary-before\"><p>&#8220;A gente fica na diretoria sozinhos, literalmente olhando para as paredes, sem nenhuma assist\u00eancia ou plano pedag\u00f3gico. N\u00e3o aparece ningu\u00e9m para ensinar nada. Eles entregam alguns pap\u00e9is para a gente fazer a leitura e v\u00e3o embora. Deu o hor\u00e1rio de fim da jornada de trabalho, todos da diretoria v\u00e3o embora, enquanto a gente est\u00e1 l\u00e1 de bra\u00e7os cruzados, esperando o tempo passar e as horas serem cumpridas. E as escolas precisando da gente&#8230;&#8221;, disse Alessandra.<\/p><\/blockquote>\n<\/div>\n<\/div>\n<div id=\"chunk-al8f5\">\n<div class=\"mc-column content-text active-extra-styles \" data-block-type=\"unstyled\" data-block-weight=\"16\" data-block-id=\"34\">\n<p class=\" content-text__container \" data-track-category=\"Link no Texto\" data-track-links=\"\" data-mrf-recirculation=\"Mat\u00e9ria - Links no Texto\">Um dos registros dessa situa\u00e7\u00e3o foi compartilhado nas redes sociais pela diretora Rute Rodrigues Reis.<\/p>\n<\/div>\n<\/div>\n<div id=\"chunk-8eg8a\">\n<div class=\"mc-column content-text active-extra-styles \" data-block-type=\"unstyled\" data-block-weight=\"33\" data-block-id=\"35\">\n<p class=\" content-text__container \" data-track-category=\"Link no Texto\" data-track-links=\"\" data-mrf-recirculation=\"Mat\u00e9ria - Links no Texto\">Na segunda-feira (23,) ela filmou o pr\u00e9dio da Diretoria Regional de Ensino de Guaianases completamente vazio, enquanto aguardava o fim das oito horas e meia de jornada de reciclagem obrigat\u00f3ria\u00a0<strong><em>(veja v\u00eddeo acima)<\/em><\/strong>.<\/p>\n<\/div>\n<\/div>\n<div id=\"chunk-be5ah\">\n<div class=\"mc-column content-text active-extra-styles \" data-block-type=\"unstyled\" data-block-weight=\"55\" data-block-id=\"36\">\n<p class=\" content-text__container \" data-track-category=\"Link no Texto\" data-track-links=\"\" data-mrf-recirculation=\"Mat\u00e9ria - Links no Texto\">O registro foi feito \u00e0s 22h20, onde apenas um vigia e uma colega supervisora estavam no pr\u00e9dio. Como a EMEF Saturnino Pereira, onde ela trabalha, tem Ensino de Jovens e Adultos (EJA) no per\u00edodo noturno, a jornada teria que ser cumprida at\u00e9 as 23h, que \u00e9 a mesma da diretora na escola da Zona Leste.<\/p>\n<\/div>\n<\/div>\n<div id=\"chunk-a0rj7\">\n<div class=\"mc-column content-text active-extra-styles \" data-block-type=\"unstyled\" data-block-weight=\"33\" data-block-id=\"37\">\n<p class=\" content-text__container \" data-track-category=\"Link no Texto\" data-track-links=\"\" data-mrf-recirculation=\"Mat\u00e9ria - Links no Texto\">No registro em v\u00eddeo, a diretora &#8211; que tem p\u00f3s-doutorado em Educa\u00e7\u00e3o pela USP e mestrado em Portugal tamb\u00e9m na \u00e1rea &#8211; afirma que os diretores est\u00e3o vivendo uma situa\u00e7\u00e3o de &#8220;c\u00e1rcere&#8221;.<\/p>\n<\/div>\n<\/div>\n<div id=\"chunk-be2qt\">\n<div class=\"mc-column content-text active-extra-styles\" data-block-type=\"raw\" data-block-weight=\"60\" data-block-id=\"38\">\n<blockquote class=\"content-blockquote theme-border-color-primary-before\"><p>\u201cOs diretores da rede municipal de S\u00e3o Paulo est\u00e3o vivendo uma situa\u00e7\u00e3o de c\u00e1rcere. De afastamento dos seus locais de trabalho para ficar num c\u00e1rcere. Isso leva o caos para os nossos locais de trabalho [por conta do afastamento dos diretores sem outra pessoa assumir]. Essa \u00e9 a tal forma\u00e7\u00e3o que eles supostamente est\u00e3o nos oferecendo [uma sala vazia]\u201d, comentou.<\/p><\/blockquote>\n<\/div>\n<\/div>\n<div id=\"chunk-391nl\">\n<div class=\"row medium-uncollapsed content-media content-photo\" data-block-type=\"backstage-photo\" data-block-id=\"39\">\n<div class=\" mc-column  content-media__container\">\n<div class=\"content-media-container glb-skeleton-box\">\n<figure class=\"content-media-figure\"><img decoding=\"async\" class=\"i-amphtml-fill-content i-amphtml-replaced-content\" src=\"https:\/\/s2-g1.glbimg.com\/zEKMWwl2ZERpHesUuStt8HYGsZQ=\/0x0:1060x600\/984x0\/smart\/filters:strip_icc()\/i.s3.glbimg.com\/v1\/AUTH_59edd422c0c84a879bd37670ae4f538a\/internal_photos\/bs\/2025\/2\/A\/UqBsSNS2mWwKB10R1NyQ\/1750809595833485.jpg\" sizes=\"(max-width: 1600px) 648px, 100vw\" srcset=\"https:\/\/s2-g1.glbimg.com\/IMtFKaHYMM8x1hLRcA_22UNd_3k=\/0x0:1060x600\/1000x0\/smart\/filters:strip_icc()\/i.s3.glbimg.com\/v1\/AUTH_59edd422c0c84a879bd37670ae4f538a\/internal_photos\/bs\/2025\/2\/A\/UqBsSNS2mWwKB10R1NyQ\/1750809595833485.jpg 1000w, https:\/\/s2-g1.glbimg.com\/zEKMWwl2ZERpHesUuStt8HYGsZQ=\/0x0:1060x600\/984x0\/smart\/filters:strip_icc()\/i.s3.glbimg.com\/v1\/AUTH_59edd422c0c84a879bd37670ae4f538a\/internal_photos\/bs\/2025\/2\/A\/UqBsSNS2mWwKB10R1NyQ\/1750809595833485.jpg 984w, https:\/\/s2-g1.glbimg.com\/dfk-jiuad8vnbBLwSriZebhYkKQ=\/0x0:1060x600\/640x0\/smart\/filters:strip_icc()\/i.s3.glbimg.com\/v1\/AUTH_59edd422c0c84a879bd37670ae4f538a\/internal_photos\/bs\/2025\/2\/A\/UqBsSNS2mWwKB10R1NyQ\/1750809595833485.jpg 640w, https:\/\/s2-g1.glbimg.com\/Ge5lVwZbioRZc8SuooQtuP2YwVQ=\/0x0:1060x600\/600x0\/smart\/filters:strip_icc()\/i.s3.glbimg.com\/v1\/AUTH_59edd422c0c84a879bd37670ae4f538a\/internal_photos\/bs\/2025\/2\/A\/UqBsSNS2mWwKB10R1NyQ\/1750809595833485.jpg 600w\" alt=\"Diretora Rute Reis grava v\u00eddeo mostrando a diretoria regional de Guaianases completamente vazia durante sua reciclagem. \u2014 Foto: Reprodu\u00e7\u00e3o\/Redes Sociais\" \/><\/figure>\n<\/div>\n<p class=\"content-media__description  \">Diretora Rute Reis grava v\u00eddeo mostrando a diretoria regional de Guaianases completamente vazia durante sua reciclagem. \u2014 Foto: Reprodu\u00e7\u00e3o\/Redes Sociais<\/p>\n<\/div>\n<\/div>\n<\/div>\n<div id=\"chunk-2lasi\">\n<div class=\"mc-column content-text active-extra-styles\" data-block-type=\"raw\" data-block-weight=\"3\" data-block-id=\"41\">\n<div class=\"content-intertitle\">\n<h2>&#8216;Humilha\u00e7\u00e3o e perversidade&#8217;<\/h2>\n<\/div>\n<\/div>\n<\/div>\n<div id=\"chunk-206rq\">\n<div class=\"mc-column content-text active-extra-styles \" data-block-type=\"unstyled\" data-block-weight=\"29\" data-block-id=\"42\">\n<p class=\" content-text__container \" data-track-category=\"Link no Texto\" data-track-links=\"\" data-mrf-recirculation=\"Mat\u00e9ria - Links no Texto\">Rute \u00e9 da mesma diretoria de ensino do diretor Carlos Roberto Cardoso, diretor da EMEF Caio S\u00e9rgio Pompeu de Toledo, em Cidade Tiradentes, Zona Leste de S\u00e3o Paulo.<\/p>\n<\/div>\n<\/div>\n<div id=\"chunk-eud4h\">\n<div class=\"mc-column content-text active-extra-styles \" data-block-type=\"unstyled\" data-block-weight=\"30\" data-block-id=\"43\">\n<p class=\" content-text__container \" data-track-category=\"Link no Texto\" data-track-links=\"\" data-mrf-recirculation=\"Mat\u00e9ria - Links no Texto\">Como a jornada de trabalho dele na rede municipal \u00e9 pela manh\u00e3, h\u00e1 tr\u00eas semanas ele vai regularmente \u00e0s 7h para a DRE Guaianases cumprir sua carga hor\u00e1ria obrigat\u00f3ria.<\/p>\n<\/div>\n<\/div>\n<div id=\"chunk-328nq\">\n<div class=\"mc-column content-text active-extra-styles \" data-block-type=\"unstyled\" data-block-weight=\"21\" data-block-id=\"44\">\n<p class=\" content-text__container \" data-track-category=\"Link no Texto\" data-track-links=\"\" data-mrf-recirculation=\"Mat\u00e9ria - Links no Texto\">Chegando l\u00e1, ele conta que aguarda sozinho numa sala at\u00e9 cerca de 8h30, quando chegam os primeiros funcion\u00e1rios da DRE.<\/p>\n<\/div>\n<\/div>\n<div id=\"chunk-6q98j\">\n<div class=\"mc-column content-text active-extra-styles \" data-block-type=\"unstyled\" data-block-weight=\"27\" data-block-id=\"45\">\n<p class=\" content-text__container \" data-track-category=\"Link no Texto\" data-track-links=\"\" data-mrf-recirculation=\"Mat\u00e9ria - Links no Texto\">Ao\u00a0<a class=\"\" href=\"https:\/\/g1.globo.com\/sp\/sao-paulo\/\" data-mrf-link=\"https:\/\/g1.globo.com\/sp\/sao-paulo\/\"><strong>g1<\/strong><\/a>, ele narrou que o suposto instrutor de reciclagem entra na sala, entrega o material do dia para leitura, tenta um di\u00e1logo e vai embora.<\/p>\n<\/div>\n<\/div>\n<div id=\"chunk-fe7ch\">\n<div class=\"mc-column content-text active-extra-styles\" data-block-type=\"raw\" data-block-weight=\"49\" data-block-id=\"46\">\n<blockquote class=\"content-blockquote theme-border-color-primary-before\"><p>\u201cA gente tem percebido que n\u00e3o existe um planejamento central do que se pretende fazer com os diretores afastados. Conversando com os outros diretores nessa condi\u00e7\u00e3o, verificamos que cada DRE est\u00e1 indo para um caminho, apresentando materiais diferentes e sem um objetivo central de melhorar a escola\u201d, comentou Cardoso.<\/p><\/blockquote>\n<\/div>\n<\/div>\n<div id=\"chunk-bffro\">\n<div class=\"mc-column content-text active-extra-styles \" data-block-type=\"unstyled\" data-block-weight=\"63\" data-block-id=\"47\">\n<p class=\" content-text__container \" data-track-category=\"Link no Texto\" data-track-links=\"\" data-mrf-recirculation=\"Mat\u00e9ria - Links no Texto\">\u201cGeralmente os assuntos que eles est\u00e3o nos trazendo n\u00e3o t\u00eam nenhuma rela\u00e7\u00e3o com o cotidiano que a gente vive nas escolas municipais de territ\u00f3rios carentes. Como forma de resist\u00eancia, a gente se recusa a dialogar sem um cronograma e um plano de aprendizagem. E muito respeitosamente os funcion\u00e1rios entendem. Alguns at\u00e9 pedem desculpas por estarem nos submetendo a esse tipo de situa\u00e7\u00e3o\u201d, declarou.<\/p>\n<\/div>\n<\/div>\n<div id=\"chunk-fjcur\">\n<div class=\"mc-column content-text active-extra-styles \" data-block-type=\"unstyled\" data-block-weight=\"22\" data-block-id=\"49\">\n<p class=\" content-text__container \" data-track-category=\"Link no Texto\" data-track-links=\"\" data-mrf-recirculation=\"Mat\u00e9ria - Links no Texto\">A DRE Guaianases tem tr\u00eas diretores afastados participando do programa oferecido pela prefeitura. Cada um deles vai em um hor\u00e1rio diferente.<\/p>\n<\/div>\n<\/div>\n<div id=\"chunk-7argu\">\n<div class=\"mc-column content-text active-extra-styles \" data-block-type=\"unstyled\" data-block-weight=\"54\" data-block-id=\"50\">\n<p class=\" content-text__container \" data-track-category=\"Link no Texto\" data-track-links=\"\" data-mrf-recirculation=\"Mat\u00e9ria - Links no Texto\">\u201cEstamos sendo submetidos a um processo de humilha\u00e7\u00e3o p\u00fablica e de perversidade sem precedentes no servi\u00e7o p\u00fablico municipal. O secret\u00e1rio Padula nem sequer nos afastou oficialmente em Di\u00e1rio Oficial e n\u00e3o nomeou os substitutos para n\u00e3o criar fatos contra si que podem ser objeto de a\u00e7\u00e3o na Justi\u00e7a ou do Minist\u00e9rio P\u00fablico&#8221;, afirma Cardoso.<\/p>\n<\/div>\n<\/div>\n<div id=\"chunk-bahrt\">\n<div class=\"mc-column content-text active-extra-styles \" data-block-type=\"unstyled\" data-block-weight=\"25\" data-block-id=\"51\">\n<p class=\" content-text__container \" data-track-category=\"Link no Texto\" data-track-links=\"\" data-mrf-recirculation=\"Mat\u00e9ria - Links no Texto\">&#8220;Enquanto isso, as nossas escolas est\u00e3o abandonadas. H\u00e1 crian\u00e7as que criaram v\u00ednculos conosco que n\u00e3o podemos atender porque estamos proibidos de retornar \u00e0s escolas\u201d, desabafou.<\/p>\n<\/div>\n<\/div>\n<div id=\"chunk-19u5r\">\n<div class=\"mc-column content-text active-extra-styles \" data-block-type=\"unstyled\" data-block-weight=\"33\" data-block-id=\"52\">\n<p class=\" content-text__container \" data-track-category=\"Link no Texto\" data-track-links=\"\" data-mrf-recirculation=\"Mat\u00e9ria - Links no Texto\">A pasta comandada por Padula admitiu que ainda n\u00e3o nomeou os substitutos desses diretores em Di\u00e1rio Oficial, mas disse que &#8220;os assistentes ser\u00e3o designados pelos pr\u00f3prios diretores, com divulga\u00e7\u00e3o ap\u00f3s a devida tramita\u00e7\u00e3o&#8221;.<\/p>\n<\/div>\n<\/div>\n<div id=\"chunk-r06l\">\n<div class=\"mc-column content-text active-extra-styles \" data-block-type=\"unstyled\" data-block-weight=\"39\" data-block-id=\"53\">\n<p class=\" content-text__container \" data-track-category=\"Link no Texto\" data-track-links=\"\" data-mrf-recirculation=\"Mat\u00e9ria - Links no Texto\">Uma diretora da Zona Oestes de SP que prefere n\u00e3o se identificar diz que, durante tr\u00eas semanas de forma\u00e7\u00e3o, foi entregue para ela um roteiro de leituras que ela questiona se precisava mesmo ser cumprido dentro da diretoria regional.<\/p>\n<\/div>\n<\/div>\n<div id=\"chunk-aqsj1\">\n<div class=\"mc-column content-text active-extra-styles \" data-block-type=\"unstyled\" data-block-weight=\"81\" data-block-id=\"54\">\n<p class=\" content-text__container \" data-track-category=\"Link no Texto\" data-track-links=\"\" data-mrf-recirculation=\"Mat\u00e9ria - Links no Texto\">\u201cNa minha \u00e1rea s\u00f3 tem eu e uma outra diretora que est\u00e1 em f\u00e9rias afastadas. Ent\u00e3o, na pr\u00e1tica, os semin\u00e1rios de trocas propostos e publicados no Di\u00e1rio Oficial n\u00e3o est\u00e3o acontecendo porque estou sozinha. Essas oito horas e meia de leitura que eu fico sozinha na DRE podiam ser cumpridas na escola perfeitamente. Al\u00e9m disso, s\u00e3o leituras que n\u00e3o tem nada de inovador na gest\u00e3o escolar. A gente questiona aonde eles querem chegar com esse material fraco e facilmente question\u00e1vel\u201d, disse.<\/p>\n<\/div>\n<\/div>\n<div id=\"chunk-9afg5\">\n<div class=\"mc-column content-text active-extra-styles \" data-block-type=\"unstyled\" data-block-weight=\"36\" data-block-id=\"56\">\n<p class=\" content-text__container \" data-track-category=\"Link no Texto\" data-track-links=\"\" data-mrf-recirculation=\"Mat\u00e9ria - Links no Texto\">E emendou: &#8220;Esse tipo de atividade em SME antes era para diretores que tinham cometido algo muito grave, que estavam passando por processo administrativo com direito ao contradit\u00f3rio e defesa. Nunca aconteceu por desempenho de escola&#8221;.<\/p>\n<\/div>\n<\/div>\n<div id=\"chunk-etsq\">\n<div class=\"mc-column content-text active-extra-styles \" data-block-type=\"unstyled\" data-block-weight=\"56\" data-block-id=\"57\">\n<p class=\" content-text__container \" data-track-category=\"Link no Texto\" data-track-links=\"\" data-mrf-recirculation=\"Mat\u00e9ria - Links no Texto\">&#8220;A gente se sente desorientado e humilhado, sem direito a defesa e contradit\u00f3rio. Sem contar o reflexo disso dentro da comunidade escolar, onde os alunos j\u00e1 acham que o afastamento se deu por qu\u00ea eles t\u00eam baixo desempenho, que s\u00e3o incapazes. O desamparo das fam\u00edlias. \u00c9 um processo que n\u00e3o tem reflexos positivos at\u00e9 agora&#8221;, completou.<\/p>\n<\/div>\n<\/div>\n<div id=\"chunk-dqtgm\">\n<div class=\"mc-column content-text active-extra-styles\" data-block-type=\"raw\" data-block-weight=\"7\" data-block-id=\"58\">\n<div class=\"content-intertitle\">\n<h2>O que diz a Prefeitura de SP<\/h2>\n<\/div>\n<\/div>\n<\/div>\n<div id=\"chunk-3t8k8\">\n<div class=\"row medium-uncollapsed content-media content-photo\" data-block-type=\"backstage-photo\" data-block-id=\"59\">\n<div class=\" mc-column  content-media__container\">\n<div class=\"content-media-container glb-skeleton-box\">\n<figure class=\"content-media-figure\"><img decoding=\"async\" class=\"i-amphtml-fill-content i-amphtml-replaced-content\" src=\"https:\/\/s2-g1.glbimg.com\/DQh7BTSQJs5zWafCzD9XgFEuzIw=\/0x0:980x551\/984x0\/smart\/filters:strip_icc()\/i.s3.glbimg.com\/v1\/AUTH_59edd422c0c84a879bd37670ae4f538a\/internal_photos\/bs\/2024\/B\/y\/vGpwTlTyK1r5QuzKYA4g\/nunes-e-padula.jpg\" sizes=\"(max-width: 1600px) 648px, 100vw\" srcset=\"https:\/\/s2-g1.glbimg.com\/XH2hUs4H0YAaMsr2wba-OASfeKc=\/0x0:980x551\/1000x0\/smart\/filters:strip_icc()\/i.s3.glbimg.com\/v1\/AUTH_59edd422c0c84a879bd37670ae4f538a\/internal_photos\/bs\/2024\/B\/y\/vGpwTlTyK1r5QuzKYA4g\/nunes-e-padula.jpg 1000w, https:\/\/s2-g1.glbimg.com\/DQh7BTSQJs5zWafCzD9XgFEuzIw=\/0x0:980x551\/984x0\/smart\/filters:strip_icc()\/i.s3.glbimg.com\/v1\/AUTH_59edd422c0c84a879bd37670ae4f538a\/internal_photos\/bs\/2024\/B\/y\/vGpwTlTyK1r5QuzKYA4g\/nunes-e-padula.jpg 984w, https:\/\/s2-g1.glbimg.com\/Eum1Ky-RxTPJ608FQzjruPjBch4=\/0x0:980x551\/640x0\/smart\/filters:strip_icc()\/i.s3.glbimg.com\/v1\/AUTH_59edd422c0c84a879bd37670ae4f538a\/internal_photos\/bs\/2024\/B\/y\/vGpwTlTyK1r5QuzKYA4g\/nunes-e-padula.jpg 640w, https:\/\/s2-g1.glbimg.com\/iYRusOfhDbHfxqvMZ3JA5_8oJBU=\/0x0:980x551\/600x0\/smart\/filters:strip_icc()\/i.s3.glbimg.com\/v1\/AUTH_59edd422c0c84a879bd37670ae4f538a\/internal_photos\/bs\/2024\/B\/y\/vGpwTlTyK1r5QuzKYA4g\/nunes-e-padula.jpg 600w\" alt=\"O prefeito Ricardo Nunes (MDB) ao lado do secret\u00e1rio de educa\u00e7\u00e3o, Fernando Padula \u2014 Foto: Divulga\u00e7\u00e3o\/PMSP\" \/><\/figure>\n<\/div>\n<p class=\"content-media__description  \">O prefeito Ricardo Nunes (MDB) ao lado do secret\u00e1rio de educa\u00e7\u00e3o, Fernando Padula \u2014 Foto: Divulga\u00e7\u00e3o\/PMSP<\/p>\n<\/div>\n<\/div>\n<\/div>\n<div id=\"chunk-96kmg\">\n<div class=\"mc-column content-text active-extra-styles \" data-block-type=\"unstyled\" data-block-weight=\"37\" data-block-id=\"60\">\n<p class=\" content-text__container \" data-track-category=\"Link no Texto\" data-track-links=\"\" data-mrf-recirculation=\"Mat\u00e9ria - Links no Texto\">Por meio de nota, a Secretaria Municipal da Educa\u00e7\u00e3o (SME) declarou que \u201cn\u00e3o \u00e9 verdade que os diretores convocados para a forma\u00e7\u00e3o cumprem carga hor\u00e1ria dentro das diretorias regionais de educa\u00e7\u00e3o sem atividades pedag\u00f3gicas ou mentoria\u201d.<\/p>\n<\/div>\n<\/div>\n<div id=\"chunk-b75c8\">\n<div class=\"mc-column content-text active-extra-styles\" data-block-type=\"raw\" data-block-weight=\"41\" data-block-id=\"62\">\n<blockquote class=\"content-blockquote theme-border-color-primary-before\"><p>\u201cDesde que a forma\u00e7\u00e3o teve in\u00edcio, no dia 9\/6, os gestores j\u00e1 cumpriram 50 horas de atividades. Est\u00e1 inclu\u00edda nessa programa\u00e7\u00e3o um trabalho de pesquisa-a\u00e7\u00e3o cumprido individualmente pelo diretor, sem a necessidade da presen\u00e7a de formadores da SME\u201d, afirmou a secretaria.<\/p><\/blockquote>\n<\/div>\n<\/div>\n<div id=\"chunk-7sb9f\">\n<div class=\"mc-column content-text active-extra-styles \" data-block-type=\"unstyled\" data-block-weight=\"17\" data-block-id=\"63\">\n<p class=\" content-text__container \" data-track-category=\"Link no Texto\" data-track-links=\"\" data-mrf-recirculation=\"Mat\u00e9ria - Links no Texto\">Segundo a gest\u00e3o Nunes, pelo cronograma da forma\u00e7\u00e3o, distribu\u00eddas de segunda a sexta-feira, a carga hor\u00e1ria inclui:<\/p>\n<\/div>\n<\/div>\n<div id=\"chunk-141eb\">\n<div class=\"mc-column content-text active-extra-styles\" data-block-type=\"raw\" data-block-weight=\"22\" data-block-id=\"64\">\n<ul class=\"content-unordered-list\">\n<li>4\u202fhoras em local de livre escolha do diretor<\/li>\n<li>8\u202fhoras na pr\u00f3pria unidade educacional<\/li>\n<li>28\u202fhoras nas DREs ou na SME, conforme calend\u00e1rio previsto<\/li>\n<\/ul>\n<\/div>\n<\/div>\n<div id=\"chunk-87ai2\">\n<div class=\"mc-column content-text active-extra-styles \" data-block-type=\"unstyled\" data-block-weight=\"33\" data-block-id=\"65\">\n<p class=\" content-text__container \" data-track-category=\"Link no Texto\" data-track-links=\"\" data-mrf-recirculation=\"Mat\u00e9ria - Links no Texto\">\u201cCom a implementa\u00e7\u00e3o do Programa Aprimorando Saberes, a Secretaria reafirma seu compromisso de avan\u00e7ar na gest\u00e3o pedag\u00f3gica para melhorar a aprendizagem de todos os estudantes da rede municipal de ensino\u201d, declarou a pasta.<\/p>\n<\/div>\n<\/div>\n<div id=\"chunk-eo2en\">\n<div class=\"mc-column content-text active-extra-styles\" data-block-type=\"raw\" data-block-weight=\"3\" data-block-id=\"68\">\n<div class=\"content-intertitle\">\n<h2>Crit\u00e9rios de afastamento<\/h2>\n<\/div>\n<\/div>\n<\/div>\n<div id=\"chunk-7hkdq\">\n<div class=\"row medium-uncollapsed content-media content-photo\" data-block-type=\"backstage-photo\" data-block-id=\"69\">\n<div class=\" mc-column  content-media__container\">\n<div class=\"content-media-container glb-skeleton-box\">\n<figure class=\"content-media-figure\"><img decoding=\"async\" class=\"i-amphtml-fill-content i-amphtml-replaced-content\" src=\"https:\/\/s2-g1.glbimg.com\/UuP-xUrYdRKQLpDNb-zpbaamkHQ=\/0x0:642x452\/984x0\/smart\/filters:strip_icc()\/i.s3.glbimg.com\/v1\/AUTH_59edd422c0c84a879bd37670ae4f538a\/internal_photos\/bs\/2025\/j\/8\/sm76wtRxAChVDRXBr1Ig\/sala-de-aula-de-escola-na-zona-leste-de-sp.jpg\" sizes=\"(max-width: 1600px) 648px, 100vw\" srcset=\"https:\/\/s2-g1.glbimg.com\/khc-qZ5dRTPFtzaJa6anzoHsork=\/0x0:642x452\/1000x0\/smart\/filters:strip_icc()\/i.s3.glbimg.com\/v1\/AUTH_59edd422c0c84a879bd37670ae4f538a\/internal_photos\/bs\/2025\/j\/8\/sm76wtRxAChVDRXBr1Ig\/sala-de-aula-de-escola-na-zona-leste-de-sp.jpg 1000w, https:\/\/s2-g1.glbimg.com\/UuP-xUrYdRKQLpDNb-zpbaamkHQ=\/0x0:642x452\/984x0\/smart\/filters:strip_icc()\/i.s3.glbimg.com\/v1\/AUTH_59edd422c0c84a879bd37670ae4f538a\/internal_photos\/bs\/2025\/j\/8\/sm76wtRxAChVDRXBr1Ig\/sala-de-aula-de-escola-na-zona-leste-de-sp.jpg 984w, https:\/\/s2-g1.glbimg.com\/W2a1T-IGodHnkleT8np708YaYTQ=\/0x0:642x452\/640x0\/smart\/filters:strip_icc()\/i.s3.glbimg.com\/v1\/AUTH_59edd422c0c84a879bd37670ae4f538a\/internal_photos\/bs\/2025\/j\/8\/sm76wtRxAChVDRXBr1Ig\/sala-de-aula-de-escola-na-zona-leste-de-sp.jpg 640w, https:\/\/s2-g1.glbimg.com\/WOa_7vI6S05KhPGmT0X1df3pPNU=\/0x0:642x452\/600x0\/smart\/filters:strip_icc()\/i.s3.glbimg.com\/v1\/AUTH_59edd422c0c84a879bd37670ae4f538a\/internal_photos\/bs\/2025\/j\/8\/sm76wtRxAChVDRXBr1Ig\/sala-de-aula-de-escola-na-zona-leste-de-sp.jpg 600w\" alt=\"Sala de aula de escola na Zona Leste de SP \u2014 Foto: Renata Bitar\/g1SP\" \/><\/figure>\n<\/div>\n<p class=\"content-media__description  \">Sala de aula de escola na Zona Leste de SP \u2014 Foto: Renata Bitar\/g1SP<\/p>\n<\/div>\n<\/div>\n<\/div>\n<div id=\"chunk-f6i2l\">\n<div class=\"mc-column content-text active-extra-styles \" data-block-type=\"unstyled\" data-block-weight=\"28\" data-block-id=\"71\">\n<p class=\" content-text__container \" data-track-category=\"Link no Texto\" data-track-links=\"\" data-mrf-recirculation=\"Mat\u00e9ria - Links no Texto\">Os diretores afirmam que s\u00e3o alvo de uma retalia\u00e7\u00e3o pol\u00edtica da gest\u00e3o por serem contr\u00e1rios ao que os profissionais chamam de &#8220;projeto de mercantiliza\u00e7\u00e3o do ensino p\u00fablico&#8221;.<\/p>\n<\/div>\n<\/div>\n<div id=\"chunk-43tc6\">\n<div class=\"mc-column content-text active-extra-styles \" data-block-type=\"unstyled\" data-block-weight=\"47\" data-block-id=\"72\">\n<p class=\" content-text__container \" data-track-category=\"Link no Texto\" data-track-links=\"\" data-mrf-recirculation=\"Mat\u00e9ria - Links no Texto\">\u201cEm comum, n\u00f3s somos 25 diretores que t\u00eam atua\u00e7\u00e3o profunda dentro das comunidades. Eu sou respeitada em Parais\u00f3polis e entro sem escolta policial porque fa\u00e7o a ponte de ajuda entre as m\u00e3es solteiras que s\u00f3 t\u00eam a escola como rede de apoio&#8221;, declarou a diretora Alessandra Messias.<\/p>\n<\/div>\n<\/div>\n<div id=\"chunk-4ngti\">\n<div class=\"mc-column content-text active-extra-styles \" data-block-type=\"unstyled\" data-block-weight=\"53\" data-block-id=\"73\">\n<p class=\" content-text__container \" data-track-category=\"Link no Texto\" data-track-links=\"\" data-mrf-recirculation=\"Mat\u00e9ria - Links no Texto\">E completa: &#8220;Criei programas antirracistas e de den\u00fancia de abusos de meninas durante a pandemia. Sou formada e p\u00f3s-graduada em direitos humanos. Publicamente sou uma pessoa que luto pela valoriza\u00e7\u00e3o do ensino p\u00fablico de qualidade. Sou contra projeto de mercantiliza\u00e7\u00e3o do ensino p\u00fablico por princ\u00edpio. E isso n\u00e3o deve agradar a gest\u00e3o municipal\u201d.<\/p>\n<\/div>\n<\/div>\n<div id=\"chunk-49l1u\">\n<div class=\"mc-column content-text active-extra-styles \" data-block-type=\"unstyled\" data-block-weight=\"39\" data-block-id=\"74\">\n<p class=\" content-text__container \" data-track-category=\"Link no Texto\" data-track-links=\"\" data-mrf-recirculation=\"Mat\u00e9ria - Links no Texto\">O deputado estadual Carlos Gianazi (PSOL), que acompanha de perto essa quest\u00e3o, classificou o afastamento dos professores como &#8216;ass\u00e9dio e persegui\u00e7\u00e3o&#8217;. Ele acionou o Minist\u00e9rio P\u00fablico e o Minist\u00e9rio da Educa\u00e7\u00e3o para que tomem provid\u00eancias sobre o caso.<\/p>\n<\/div>\n<\/div>\n<div id=\"chunk-d0hb4\">\n<div class=\"mc-column content-text active-extra-styles\" data-block-type=\"raw\" data-block-weight=\"43\" data-block-id=\"75\">\n<blockquote class=\"content-blockquote theme-border-color-primary-before\"><p>\u201cO afastamento dos diretores \u00e9 um absurdo! A diretora Ruth exp\u00f4s a farsa da \u2018forma\u00e7\u00e3o intensiva\u2019. Isso n\u00e3o \u00e9 forma\u00e7\u00e3o, \u00e9 ass\u00e9dio! \u00c9 uma persegui\u00e7\u00e3o covarde da gest\u00e3o Nunes, que prejudica as escolas e humilha os diretores, isolando-os nas DREs sem fun\u00e7\u00e3o\u201d, afirmou.<\/p><\/blockquote>\n<\/div>\n<\/div>\n<div id=\"chunk-alu2a\">\n<div class=\"mc-column content-text active-extra-styles \" data-block-type=\"unstyled\" data-block-weight=\"67\" data-block-id=\"77\">\n<p class=\" content-text__container \" data-track-category=\"Link no Texto\" data-track-links=\"\" data-mrf-recirculation=\"Mat\u00e9ria - Links no Texto\">Por meio de nota, a secretaria informou, desde o in\u00edcio do processo de afastamento dos diretores, em maio, que &#8220;a sele\u00e7\u00e3o das 25 unidades escolares priorit\u00e1rias seguiu crit\u00e9rios t\u00e9cnicos e transparentes, que levaram em considera\u00e7\u00e3o preferencialmente os indicadores do Ideb 2023. No caso das escolas que n\u00e3o tiveram esse \u00edndice divulgado, devido \u00e0 participa\u00e7\u00e3o inferior a 80% dos estudantes nas provas aplicadas, foi utilizado o Idep 2023&#8221;.<\/p>\n<\/div>\n<\/div>\n<div id=\"chunk-3cplj\">\n<div class=\"mc-column content-text active-extra-styles \" data-block-type=\"unstyled\" data-block-weight=\"25\" data-block-id=\"78\">\n<p class=\" content-text__container \" data-track-category=\"Link no Texto\" data-track-links=\"\" data-mrf-recirculation=\"Mat\u00e9ria - Links no Texto\">Por\u00e9m, um estudo realizado por pesquisadores da Rede Escola P\u00fablica e Universidade (Repu) afirma que o afastamento dos diretores foi \u201carbitr\u00e1rio e sem crit\u00e9rios objetivos\u201d.<\/p>\n<\/div>\n<\/div>\n<div id=\"chunk-2utv2\">\n<div class=\"row medium-uncollapsed content-media content-photo\" data-block-type=\"backstage-photo\" data-block-id=\"79\">\n<div class=\" mc-column  content-media__container\">\n<div class=\"content-media-container glb-skeleton-box\">\n<figure class=\"content-media-figure\"><img decoding=\"async\" class=\"i-amphtml-fill-content i-amphtml-replaced-content\" src=\"https:\/\/s2-g1.glbimg.com\/a2J0O0VbgWHAYw1yQPIxljmxlRA=\/0x0:825x470\/984x0\/smart\/filters:strip_icc()\/i.s3.glbimg.com\/v1\/AUTH_59edd422c0c84a879bd37670ae4f538a\/internal_photos\/bs\/2025\/1\/H\/4dqZxyQoSXxACOdvycfg\/secretaria-municipal-de-educacao.jpg\" sizes=\"(max-width: 1600px) 648px, 100vw\" srcset=\"https:\/\/s2-g1.glbimg.com\/__VWqWNUGJpmQmLjKc4mI32SXaI=\/0x0:825x470\/1000x0\/smart\/filters:strip_icc()\/i.s3.glbimg.com\/v1\/AUTH_59edd422c0c84a879bd37670ae4f538a\/internal_photos\/bs\/2025\/1\/H\/4dqZxyQoSXxACOdvycfg\/secretaria-municipal-de-educacao.jpg 1000w, https:\/\/s2-g1.glbimg.com\/a2J0O0VbgWHAYw1yQPIxljmxlRA=\/0x0:825x470\/984x0\/smart\/filters:strip_icc()\/i.s3.glbimg.com\/v1\/AUTH_59edd422c0c84a879bd37670ae4f538a\/internal_photos\/bs\/2025\/1\/H\/4dqZxyQoSXxACOdvycfg\/secretaria-municipal-de-educacao.jpg 984w, https:\/\/s2-g1.glbimg.com\/W8l8ZyZeOzB4SYo_B8eEd9Xs1kg=\/0x0:825x470\/640x0\/smart\/filters:strip_icc()\/i.s3.glbimg.com\/v1\/AUTH_59edd422c0c84a879bd37670ae4f538a\/internal_photos\/bs\/2025\/1\/H\/4dqZxyQoSXxACOdvycfg\/secretaria-municipal-de-educacao.jpg 640w, https:\/\/s2-g1.glbimg.com\/Y7dSR7lLJItM_hgWFg1HGhmmRKA=\/0x0:825x470\/600x0\/smart\/filters:strip_icc()\/i.s3.glbimg.com\/v1\/AUTH_59edd422c0c84a879bd37670ae4f538a\/internal_photos\/bs\/2025\/1\/H\/4dqZxyQoSXxACOdvycfg\/secretaria-municipal-de-educacao.jpg 600w\" alt=\"Fachada do pr\u00e9dio da Secretaria Municipal de Educa\u00e7\u00e3o de S\u00e3o Paulo, na Vila Clementino. \u2014 Foto: Divulga\u00e7\u00e3o\" \/><\/figure>\n<\/div>\n<p class=\"content-media__description  \">Fachada do pr\u00e9dio da Secretaria Municipal de Educa\u00e7\u00e3o de S\u00e3o Paulo, na Vila Clementino. \u2014 Foto: Divulga\u00e7\u00e3o<\/p>\n<\/div>\n<\/div>\n<\/div>\n<div id=\"chunk-3dgnd\">\n<div class=\"mc-column content-text active-extra-styles \" data-block-type=\"unstyled\" data-block-weight=\"30\" data-block-id=\"80\">\n<p class=\" content-text__container \" data-track-category=\"Link no Texto\" data-track-links=\"\" data-mrf-recirculation=\"Mat\u00e9ria - Links no Texto\">A Repu \u00e9 composta por professores e pesquisadores de universidades p\u00fablicas (UFABC, UFSCar, Unicamp, Unifesp e USP), do Instituto Federal de S\u00e3o Paulo e da rede estadual de S\u00e3o Paulo.<\/p>\n<\/div>\n<\/div>\n<div id=\"chunk-f4bsi\">\n<div class=\"mc-column content-text active-extra-styles \" data-block-type=\"unstyled\" data-block-weight=\"41\" data-block-id=\"82\">\n<p class=\" content-text__container \" data-track-category=\"Link no Texto\" data-track-links=\"\" data-mrf-recirculation=\"Mat\u00e9ria - Links no Texto\">Os pesquisadores verificaram que a secretaria utilizou uma mescla aleat\u00f3ria de indicadores para tomar decis\u00e3o sobre as escolas:\u00a0<span class=\"highlight highlighted\">algumas foram avaliadas pelo seu desempenho no Ideb, outras, no Idep; algumas pelo desempenho nos anos Anos Iniciais, outras, nos Anos Finais<\/span>.<\/p>\n<\/div>\n<\/div>\n<div id=\"chunk-2147i\">\n<div class=\"mc-column content-text active-extra-styles \" data-block-type=\"unstyled\" data-block-weight=\"48\" data-block-id=\"83\">\n<p class=\" content-text__container \" data-track-category=\"Link no Texto\" data-track-links=\"\" data-mrf-recirculation=\"Mat\u00e9ria - Links no Texto\"><strong>Os \u00edndices t\u00eam crit\u00e9rios diferentes<\/strong>. O Ideb \u00e9 calculado com base no desempenho dos estudantes em provas padronizadas de portugu\u00eas e matem\u00e1tica, aplicadas a cada dois anos. Enquanto o Idep pode levar em conta outras disciplinas (ci\u00eancias naturais, humanas e produ\u00e7\u00e3o de texto), a depender da s\u00e9rie analisada.<\/p>\n<\/div>\n<\/div>\n<div id=\"chunk-1m0vv\">\n<div class=\"mc-column content-text active-extra-styles \" data-block-type=\"unstyled\" data-block-weight=\"11\" data-block-id=\"84\">\n<p class=\" content-text__container \" data-track-category=\"Link no Texto\" data-track-links=\"\" data-mrf-recirculation=\"Mat\u00e9ria - Links no Texto\">Portanto, a pesquisa concluiu que foi adotado um\u00a0<strong>procedimento tecnicamente inconsistente<\/strong>.<\/p>\n<\/div>\n<\/div>\n<div id=\"chunk-4t7qk\">\n<div class=\"mc-column content-text active-extra-styles\" data-block-type=\"raw\" data-block-weight=\"76\" data-block-id=\"85\">\n<blockquote class=\"content-blockquote theme-border-color-primary-before\"><p>Leonardo Crochik, professor do Instituto Federal de S\u00e3o Paulo e um dos autores da Nota T\u00e9cnica, pontua que \u201cfazer um uso sistem\u00e1tico dos indicadores para uma a\u00e7\u00e3o como essa j\u00e1 seria altamente question\u00e1vel. Mas quando se descobre que a Prefeitura de S\u00e3o Paulo, ainda por cima, pin\u00e7ou \u00edndices aleat\u00f3rios para justificar a interven\u00e7\u00e3o em cada escola, a situa\u00e7\u00e3o torna-se muito pior: o que vemos \u00e9 uma a\u00e7\u00e3o arbitr\u00e1ria e incompat\u00edvel com princ\u00edpios elementares da gest\u00e3o p\u00fablica\u201d.<\/p><\/blockquote>\n<\/div>\n<\/div>\n<div id=\"chunk-8de9a\">\n<div class=\"mc-column content-text active-extra-styles\" data-block-type=\"raw\" data-block-weight=\"4\" data-block-id=\"86\">\n<div class=\"content-intertitle\">\n<h2>Desempenho n\u00e3o justifica interven\u00e7\u00e3o<\/h2>\n<\/div>\n<\/div>\n<\/div>\n<div id=\"chunk-fu44r\">\n<div class=\"mc-column content-text active-extra-styles \" data-block-type=\"unstyled\" data-block-weight=\"44\" data-block-id=\"87\">\n<p class=\" content-text__container \" data-track-category=\"Link no Texto\" data-track-links=\"\" data-mrf-recirculation=\"Mat\u00e9ria - Links no Texto\">A an\u00e1lise da Repu revela que<span class=\"highlight highlighted\">\u00a0nenhuma das 25 escolas que tiveram seus diretores afastados ocupa as \u00faltimas posi\u00e7\u00f5es da rede municipal nos indicadores citados.<\/span> Pelo contr\u00e1rio: parte dessas unidades apresentou desempenho acima da m\u00e9dia da cidade tanto no Ideb quanto no Idep.<\/p>\n<\/div>\n<\/div>\n<div id=\"chunk-bnsef\">\n<div class=\"mc-column content-text active-extra-styles \" data-block-type=\"unstyled\" data-block-weight=\"29\" data-block-id=\"89\">\n<p class=\" content-text__container \" data-track-category=\"Link no Texto\" data-track-links=\"\" data-mrf-recirculation=\"Mat\u00e9ria - Links no Texto\">Portanto, a depender da escolha do \u00edndice utilizado, uma escola poderia estar posicionada tanto em situa\u00e7\u00e3o de desvantagem quanto de vantagem em rela\u00e7\u00e3o \u00e0s demais escolas da rede municipal.<\/p>\n<\/div>\n<\/div>\n<div id=\"chunk-avbpq\">\n<div class=\"mc-column content-text active-extra-styles \" data-block-type=\"unstyled\" data-block-weight=\"37\" data-block-id=\"90\">\n<p class=\" content-text__container \" data-track-category=\"Link no Texto\" data-track-links=\"\" data-mrf-recirculation=\"Mat\u00e9ria - Links no Texto\">Em um dos casos, a escola est\u00e1 entre as 11 melhores do munic\u00edpio no cumprimento das metas do Ideb 2023 para os Anos Finais do Ensino Fundamental \u2014 sendo uma das poucas a alcan\u00e7ar o resultado esperado.<\/p>\n<\/div>\n<\/div>\n<div id=\"chunk-e32kv\">\n<div class=\"mc-column content-text active-extra-styles \" data-block-type=\"unstyled\" data-block-weight=\"41\" data-block-id=\"91\">\n<p class=\" content-text__container \" data-track-category=\"Link no Texto\" data-track-links=\"\" data-mrf-recirculation=\"Mat\u00e9ria - Links no Texto\">\u201cO uso de indicadores de avalia\u00e7\u00f5es de larga escala para intervir em escolas e responsabilizar gestores individualmente n\u00e3o tem fundamento estat\u00edstico e desconsidera os diferentes contextos de trabalho nas escolas\u201d, adverte Fernando C\u00e1ssio, professor da Faculdade de Educa\u00e7\u00e3o da USP.<\/p>\n<\/div>\n<\/div>\n<div id=\"chunk-5rqhq\">\n<div class=\"mc-column content-text active-extra-styles \" data-block-type=\"unstyled\" data-block-weight=\"29\" data-block-id=\"92\">\n<p class=\" content-text__container \" data-track-category=\"Link no Texto\" data-track-links=\"\" data-mrf-recirculation=\"Mat\u00e9ria - Links no Texto\">Os pesquisadores afirmam que &#8220;indicadores educacionais oferecem informa\u00e7\u00f5es limitadas sobre a qualidade da educa\u00e7\u00e3o p\u00fablica, e jamais deveriam ser utilizados com finalidades de premia\u00e7\u00e3o ou puni\u00e7\u00e3o de educadores&#8221;.<\/p>\n<\/div>\n<\/div>\n<div id=\"chunk-50edu\">\n<div class=\"cxm-video-block mc-column  content-media content-video\" data-block-type=\"backstage-video\" data-block-id=\"93\">\n<div class=\"content-media__container content-media__container--codex-fallback\">\n<div class=\"content-video__bigger-player-description-fixer\">\n<article class=\"content-video\">\n<section class=\"content-video__video-container\">\n<div class=\"content-video__video\">\n<div class=\"content-video__placeholder\" data-video-id=\"13624402\"><img decoding=\"async\" class=\"content-video__placeholder__thumb\" title=\"V\u00cdDEO: alunos se comovem com afastamento de diretor de escola municipal de SP\" src=\"https:\/\/s03.video.glbimg.com\/x240\/13624402.jpg\" alt=\"V\u00cdDEO: alunos se comovem com afastamento de diretor de escola municipal de SP\" \/><\/div>\n<\/div>\n<\/section>\n<\/article>\n<\/div>\n<div class=\"bs-block-video__container\">\n<p class=\"codex-caption codex-caption--small\">V\u00cdDEO: alunos se comovem com afastamento de diretor de escola municipal de SP<\/p>\n<p>Fonte: G1<\/p>\n<\/div>\n<\/div>\n<\/div>\n<\/div>\n<\/div>\n<\/article>\n<\/div>\n","protected":false},"excerpt":{"rendered":"<p>Defensoria P\u00fablica pede que afastamento dos 25 diretores de SP seja julgado como ilegal pelo TJ O grupo foi tirado<\/p>\n","protected":false},"author":1,"featured_media":9663,"comment_status":"open","ping_status":"open","sticky":false,"template":"","format":"standard","meta":{"colormag_page_container_layout":"default_layout","colormag_page_sidebar_layout":"default_layout","footnotes":""},"categories":[1],"tags":[],"class_list":["post-9652","post","type-post","status-publish","format-standard","has-post-thumbnail","hentry","category-geral"],"_links":{"self":[{"href":"http:\/\/metropoleemfoco.com.br\/index.php?rest_route=\/wp\/v2\/posts\/9652","targetHints":{"allow":["GET"]}}],"collection":[{"href":"http:\/\/metropoleemfoco.com.br\/index.php?rest_route=\/wp\/v2\/posts"}],"about":[{"href":"http:\/\/metropoleemfoco.com.br\/index.php?rest_route=\/wp\/v2\/types\/post"}],"author":[{"embeddable":true,"href":"http:\/\/metropoleemfoco.com.br\/index.php?rest_route=\/wp\/v2\/users\/1"}],"replies":[{"embeddable":true,"href":"http:\/\/metropoleemfoco.com.br\/index.php?rest_route=%2Fwp%2Fv2%2Fcomments&post=9652"}],"version-history":[{"count":1,"href":"http:\/\/metropoleemfoco.com.br\/index.php?rest_route=\/wp\/v2\/posts\/9652\/revisions"}],"predecessor-version":[{"id":9664,"href":"http:\/\/metropoleemfoco.com.br\/index.php?rest_route=\/wp\/v2\/posts\/9652\/revisions\/9664"}],"wp:featuredmedia":[{"embeddable":true,"href":"http:\/\/metropoleemfoco.com.br\/index.php?rest_route=\/wp\/v2\/media\/9663"}],"wp:attachment":[{"href":"http:\/\/metropoleemfoco.com.br\/index.php?rest_route=%2Fwp%2Fv2%2Fmedia&parent=9652"}],"wp:term":[{"taxonomy":"category","embeddable":true,"href":"http:\/\/metropoleemfoco.com.br\/index.php?rest_route=%2Fwp%2Fv2%2Fcategories&post=9652"},{"taxonomy":"post_tag","embeddable":true,"href":"http:\/\/metropoleemfoco.com.br\/index.php?rest_route=%2Fwp%2Fv2%2Ftags&post=9652"}],"curies":[{"name":"wp","href":"https:\/\/api.w.org\/{rel}","templated":true}]}}