{"id":9651,"date":"2025-07-09T18:24:40","date_gmt":"2025-07-09T21:24:40","guid":{"rendered":"https:\/\/metropoleemfoco.com.br\/?p=9651"},"modified":"2025-07-09T18:24:40","modified_gmt":"2025-07-09T21:24:40","slug":"ataques-a-onibus-8-em-cada-10-casos-ocorreram-nas-zonas-sul-e-oeste-da-cidade-de-sp-veja-mapa","status":"publish","type":"post","link":"http:\/\/metropoleemfoco.com.br\/?p=9651","title":{"rendered":"Ataques a \u00f4nibus: 8 em cada 10 casos ocorreram nas zonas Sul e Oeste da cidade de SP; veja mapa"},"content":{"rendered":"<div class=\"mc-article-header\">\n<div class=\"row content-head mc-column non-featured \">\n<div class=\"title\" data-block-type=\"title\" data-block-id=\"0\">\n<h1 class=\"content-head__title\">Ataques a \u00f4nibus: 8 em cada 10 casos ocorreram nas zonas Sul e Oeste da cidade de SP; veja mapa<\/h1>\n<\/div>\n<div class=\"medium-centered subtitle\">\n<h2 class=\"content-head__subtitle\">Levantamento foi feito a partir do registro dos boletins de ocorr\u00eancia. Pol\u00edcia Civil j\u00e1 registrou 191 ataques na capital entre os dias 21 de maio e 5 de julho.<\/h2>\n<\/div>\n<\/div>\n<div><\/div>\n<div class=\"content__signa-share mc-column\">\n<div class=\"content__signature\">\n<div class=\"content-publication-data\">\n<div class=\"content-publication-data__text\">\n<p class=\"content-publication-data__from\" title=\"Lucas Jozino\">Por\u00a0<a class=\"multi_signatures\" href=\"https:\/\/g1.globo.com\/autores\/lucas-jozino\/\">Lucas Jozino<\/a>, TV Globo e g1 SP\u00a0\u2014 S\u00e3o Paulo<\/p>\n<\/div>\n<\/div>\n<\/div>\n<\/div>\n<div class=\"glb-share-bar content__share-bar\">\n<div class=\"glb-share-bar_icons\">\n<div class=\"glb-share-bar_button-img\"><\/div>\n<\/div>\n<\/div>\n<\/div>\n<div class=\"mc-article-body\">\n<article>\n<div id=\"chunk-4apiu\">\n<div class=\"cxm-video-block mc-column content-media content-video\" data-block-type=\"backstage-video\" data-block-id=\"2\">\n<div class=\"content-media__container content-media__container--codex-fallback\">\n<div class=\"content-video__bigger-player-description-fixer\">\n<article class=\"content-video\">\n<section class=\"content-video__video-container\">\n<div class=\"content-video__video\">\n<div class=\"content-video__placeholder\" data-video-id=\"13744381\">\n<p><img decoding=\"async\" class=\"content-video__placeholder__thumb\" title=\"Onda de ataques a \u00f4nibus na Grande SP\" src=\"https:\/\/s02.video.glbimg.com\/x240\/13744381.jpg\" alt=\"Onda de ataques a \u00f4nibus na Grande SP\" \/><\/p>\n<\/div>\n<\/div>\n<\/section>\n<\/article>\n<\/div>\n<div class=\"bs-block-video__container\">\n<p class=\"codex-caption codex-caption--small\">Onda de ataques a \u00f4nibus na Grande SP<\/p>\n<\/div>\n<\/div>\n<\/div>\n<\/div>\n<div id=\"chunk-59up8\">\n<div class=\"mc-column content-text active-extra-styles \" data-block-type=\"unstyled\" data-block-weight=\"47\" data-block-id=\"3\">\n<p class=\" content-text__container \" data-track-category=\"Link no Texto\" data-track-links=\"\" data-mrf-recirculation=\"Mat\u00e9ria - Links no Texto\"><strong>Cerca de 80% dos ataques a \u00f4nibus na cidade de S\u00e3o Paulo ocorreram nas zonas Sul e Oeste<\/strong>, entre os dias 21 de maio e 5 de julho. Os dados s\u00e3o de um relat\u00f3rio do Departamento Estadual de Investiga\u00e7\u00f5es Criminais (Deic), obtido pela TV Globo.<\/p>\n<\/div>\n<\/div>\n<div class=\"wall protected-content\">\n<div id=\"chunk-550t0\">\n<div class=\"mc-column content-text active-extra-styles \" data-block-type=\"unstyled\" data-block-weight=\"24\" data-block-id=\"5\">\n<p class=\" content-text__container \" data-track-category=\"Link no Texto\" data-track-links=\"\" data-mrf-recirculation=\"Mat\u00e9ria - Links no Texto\">No total, a Pol\u00edcia Civil registrou 191 ataques na capital. J\u00e1 a Prefeitura de S\u00e3o Paulo contabilizou 382 casos desde 12 de junho.<\/p>\n<\/div>\n<\/div>\n<div id=\"chunk-2rq93\">\n<div class=\"mc-column content-text active-extra-styles \" data-block-type=\"unstyled\" data-block-weight=\"27\" data-block-id=\"6\">\n<p class=\" content-text__container \" data-track-category=\"Link no Texto\" data-track-links=\"\" data-mrf-recirculation=\"Mat\u00e9ria - Links no Texto\"><em>\ud83d\udd0e Segundo o delegado Fernando Santiago, do Deic, os n\u00fameros da pol\u00edcia s\u00e3o divergentes da administra\u00e7\u00e3o municipal, pois algumas empresas de \u00f4nibus n\u00e3o registraram boletim de ocorr\u00eancia.<\/em><\/p>\n<\/div>\n<\/div>\n<div id=\"chunk-9m76\">\n<div class=\"mc-column content-text active-extra-styles \" data-block-type=\"unstyled\" data-block-weight=\"30\" data-block-id=\"7\">\n<p class=\" content-text__container \" data-track-category=\"Link no Texto\" data-track-links=\"\" data-mrf-recirculation=\"Mat\u00e9ria - Links no Texto\">Desde o in\u00edcio da onda de ataques, tr\u00eas homens foram presos e um adolescente, apreendido. A pol\u00edcia n\u00e3o identificou, por enquanto, o prop\u00f3sito nos atos de vandalismo\u00a0<em>(leia mais abaixo).<\/em><\/p>\n<\/div>\n<\/div>\n<div id=\"chunk-b5388\">\n<div class=\"mc-column content-text active-extra-styles \" data-block-type=\"unstyled\" data-block-weight=\"39\" data-block-id=\"9\">\n<p class=\" content-text__container \" data-track-category=\"Link no Texto\" data-track-links=\"\" data-mrf-recirculation=\"Mat\u00e9ria - Links no Texto\">O relat\u00f3rio da Pol\u00edcia Civil tamb\u00e9m aponta que\u00a0<strong>a Zona Sul concentra o maior n\u00famero de ataques<\/strong>, com 85 casos, o equivalente a 44%. Em seguida, v\u00eam as zonas Oeste (65), Leste (19), Central (16) e Norte (6).<\/p>\n<\/div>\n<\/div>\n<div id=\"chunk-94ih0\">\n<div class=\"mc-column content-text active-extra-styles \" data-block-type=\"unstyled\" data-block-weight=\"4\" data-block-id=\"10\">\n<p class=\" content-text__container \" data-track-category=\"Link no Texto\" data-track-links=\"\" data-mrf-recirculation=\"Mat\u00e9ria - Links no Texto\"><strong>Veja o mapa abaixo:<\/strong><\/p>\n<\/div>\n<\/div>\n<div id=\"chunk-cjrh8\">\n<div class=\"row medium-uncollapsed content-media content-photo\" data-block-type=\"backstage-photo\" data-block-id=\"11\">\n<div class=\" mc-column content-media__container\">\n<div class=\"content-media-container glb-skeleton-box\">\n<figure class=\"content-media-figure\"><img decoding=\"async\" class=\"i-amphtml-fill-content i-amphtml-replaced-content\" src=\"https:\/\/s2-g1.glbimg.com\/Yu7zRH0ZmCgSHNqL_Nd_0Zb3Tq8=\/0x0:1200x1434\/984x0\/smart\/filters:strip_icc()\/i.s3.glbimg.com\/v1\/AUTH_59edd422c0c84a879bd37670ae4f538a\/internal_photos\/bs\/2025\/j\/a\/yxGHlBSh2Ahepdc2l4HQ\/250709-info-mapa-ataque-onibus-capital.jpg\" sizes=\"(max-width: 1600px) 648px, 100vw\" srcset=\"https:\/\/s2-g1.glbimg.com\/LbS0ZPHyFBhgHQI3VkmwhMOwLeo=\/0x0:1200x1434\/1000x0\/smart\/filters:strip_icc()\/i.s3.glbimg.com\/v1\/AUTH_59edd422c0c84a879bd37670ae4f538a\/internal_photos\/bs\/2025\/j\/a\/yxGHlBSh2Ahepdc2l4HQ\/250709-info-mapa-ataque-onibus-capital.jpg 1000w, https:\/\/s2-g1.glbimg.com\/Yu7zRH0ZmCgSHNqL_Nd_0Zb3Tq8=\/0x0:1200x1434\/984x0\/smart\/filters:strip_icc()\/i.s3.glbimg.com\/v1\/AUTH_59edd422c0c84a879bd37670ae4f538a\/internal_photos\/bs\/2025\/j\/a\/yxGHlBSh2Ahepdc2l4HQ\/250709-info-mapa-ataque-onibus-capital.jpg 984w, https:\/\/s2-g1.glbimg.com\/jjb0ZO5MKeBJF58y8Brk0zZxANI=\/0x0:1200x1434\/640x0\/smart\/filters:strip_icc()\/i.s3.glbimg.com\/v1\/AUTH_59edd422c0c84a879bd37670ae4f538a\/internal_photos\/bs\/2025\/j\/a\/yxGHlBSh2Ahepdc2l4HQ\/250709-info-mapa-ataque-onibus-capital.jpg 640w, https:\/\/s2-g1.glbimg.com\/s_wMLO4d05m7I_ydN7Az4zQ3ZAA=\/0x0:1200x1434\/600x0\/smart\/filters:strip_icc()\/i.s3.glbimg.com\/v1\/AUTH_59edd422c0c84a879bd37670ae4f538a\/internal_photos\/bs\/2025\/j\/a\/yxGHlBSh2Ahepdc2l4HQ\/250709-info-mapa-ataque-onibus-capital.jpg 600w\" alt=\"Ataques a \u00f4nibus na cidade de SP por zona \u2014 Foto: Arte g1\" \/><\/figure>\n<\/div>\n<p class=\"content-media__description \">Ataques a \u00f4nibus na cidade de SP por zona \u2014 Foto: Arte g1<\/p>\n<\/div>\n<\/div>\n<\/div>\n<div id=\"chunk-ct2e0\">\n<div class=\"mc-column content-text active-extra-styles \" data-block-type=\"unstyled\" data-block-weight=\"28\" data-block-id=\"12\">\n<p class=\" content-text__container \" data-track-category=\"Link no Texto\" data-track-links=\"\" data-mrf-recirculation=\"Mat\u00e9ria - Links no Texto\">O documento ainda revela a divis\u00e3o de ataques por dias da semana. Cerca de 70% dos casos aconteceram \u00e0s quintas, sextas e s\u00e1bados \u2014 totalizando 133.<\/p>\n<\/div>\n<\/div>\n<div id=\"chunk-1vncp\">\n<div class=\"mc-column content-text active-extra-styles \" data-block-type=\"unstyled\" data-block-weight=\"15\" data-block-id=\"13\">\n<p class=\" content-text__container \" data-track-category=\"Link no Texto\" data-track-links=\"\" data-mrf-recirculation=\"Mat\u00e9ria - Links no Texto\">Segundo o levantamento do Deic,\u00a0<strong>as ruas com o maior n\u00famero de ataques s\u00e3o:<\/strong><\/p>\n<\/div>\n<\/div>\n<div id=\"chunk-7g1li\">\n<div class=\"mc-column content-text active-extra-styles\" data-block-type=\"raw\" data-block-weight=\"42\" data-block-id=\"14\">\n<ul class=\"content-unordered-list\">\n<li>Avenida Cupec\u00ea: 20<\/li>\n<li>Rodovia Raposo Tavares: 13<\/li>\n<li>Avenida Senador Teot\u00f4nio Vilela: 12<\/li>\n<li>Avenida Corifeu de Azevedo Marques: 8<\/li>\n<li>Avenida Sapopemba: 8<\/li>\n<li>Avenida Vereador Jo\u00e3o de Luca: 8<\/li>\n<li>Avenida Brigadeiro Faria Lima: 7<\/li>\n<li>Avenida Interlagos: 7<\/li>\n<li>Avenida Engenheiro Armando de Arruda Pereira: 5<\/li>\n<\/ul>\n<\/div>\n<\/div>\n<div id=\"chunk-60m1c\">\n<div class=\"mc-column content-text active-extra-styles\" data-block-type=\"raw\" data-block-weight=\"5\" data-block-id=\"16\">\n<div class=\"content-intertitle\">\n<h2>Ataques na Grande S\u00e3o Paulo<\/h2>\n<\/div>\n<\/div>\n<\/div>\n<div id=\"chunk-eaifp\">\n<div class=\"row medium-uncollapsed content-media content-photo\" data-block-type=\"backstage-photo\" data-block-id=\"17\">\n<div class=\" mc-column content-media__container\">\n<div class=\"content-media-container glb-skeleton-box\">\n<figure class=\"content-media-figure\"><img decoding=\"async\" class=\"i-amphtml-fill-content i-amphtml-replaced-content\" src=\"https:\/\/s2-g1.glbimg.com\/pt4TOlMo5KfZFsYhc8arumea8mQ=\/0x0:1280x961\/984x0\/smart\/filters:strip_icc()\/i.s3.glbimg.com\/v1\/AUTH_59edd422c0c84a879bd37670ae4f538a\/internal_photos\/bs\/2025\/Y\/Z\/gFqs2eR4aR0RSEbPBAfg\/whatsapp-image-2025-07-01-at-17.20.53.jpeg\" sizes=\"(max-width: 1600px) 648px, 100vw\" srcset=\"https:\/\/s2-g1.glbimg.com\/5qzj8JC_jbfIAR4mB4B5GngKzGE=\/0x0:1280x961\/1000x0\/smart\/filters:strip_icc()\/i.s3.glbimg.com\/v1\/AUTH_59edd422c0c84a879bd37670ae4f538a\/internal_photos\/bs\/2025\/Y\/Z\/gFqs2eR4aR0RSEbPBAfg\/whatsapp-image-2025-07-01-at-17.20.53.jpeg 1000w, https:\/\/s2-g1.glbimg.com\/pt4TOlMo5KfZFsYhc8arumea8mQ=\/0x0:1280x961\/984x0\/smart\/filters:strip_icc()\/i.s3.glbimg.com\/v1\/AUTH_59edd422c0c84a879bd37670ae4f538a\/internal_photos\/bs\/2025\/Y\/Z\/gFqs2eR4aR0RSEbPBAfg\/whatsapp-image-2025-07-01-at-17.20.53.jpeg 984w, https:\/\/s2-g1.glbimg.com\/oOWGdNQs3PRgN9nayAlAo1MPHJQ=\/0x0:1280x961\/640x0\/smart\/filters:strip_icc()\/i.s3.glbimg.com\/v1\/AUTH_59edd422c0c84a879bd37670ae4f538a\/internal_photos\/bs\/2025\/Y\/Z\/gFqs2eR4aR0RSEbPBAfg\/whatsapp-image-2025-07-01-at-17.20.53.jpeg 640w, https:\/\/s2-g1.glbimg.com\/x-lW6WIuqyWDCU5Ycf3UhRRu0HA=\/0x0:1280x961\/600x0\/smart\/filters:strip_icc()\/i.s3.glbimg.com\/v1\/AUTH_59edd422c0c84a879bd37670ae4f538a\/internal_photos\/bs\/2025\/Y\/Z\/gFqs2eR4aR0RSEbPBAfg\/whatsapp-image-2025-07-01-at-17.20.53.jpeg 600w\" alt=\"\u00d4nibus \u00e9 apedrejado na Avenida Engenheiro Lu\u00eds Carlos Berrini. \u2014 Foto: F\u00e1bio Tito\/g1\" \/><\/figure>\n<\/div>\n<p class=\"content-media__description \">\u00d4nibus \u00e9 apedrejado na Avenida Engenheiro Lu\u00eds Carlos Berrini. \u2014 Foto: F\u00e1bio Tito\/g1<\/p>\n<\/div>\n<\/div>\n<\/div>\n<div id=\"chunk-6mb5q\">\n<div class=\"mc-column content-text active-extra-styles \" data-block-type=\"unstyled\" data-block-weight=\"16\" data-block-id=\"18\">\n<p class=\" content-text__container \" data-track-category=\"Link no Texto\" data-track-links=\"\" data-mrf-recirculation=\"Mat\u00e9ria - Links no Texto\">Desde 12 de junho, 328 ve\u00edculos j\u00e1 foram depredados na capital, na contabilidade das empresas operadoras.<\/p>\n<\/div>\n<\/div>\n<div id=\"chunk-d5a18\">\n<div class=\"mc-column content-text active-extra-styles \" data-block-type=\"unstyled\" data-block-weight=\"27\" data-block-id=\"19\">\n<p class=\" content-text__container \" data-track-category=\"Link no Texto\" data-track-links=\"\" data-mrf-recirculation=\"Mat\u00e9ria - Links no Texto\">De acordo com a Artesp, que contabiliza \u00f4nibus intermunicipais do estado, foram registrados, nos meses de junho e julho at\u00e9 a segunda (7), 241 casos de vandalismo.<\/p>\n<\/div>\n<\/div>\n<div id=\"chunk-e5ksg\">\n<div class=\"mc-column content-text active-extra-styles \" data-block-type=\"unstyled\" data-block-weight=\"50\" data-block-id=\"20\">\n<p class=\" content-text__container \" data-track-category=\"Link no Texto\" data-track-links=\"\" data-mrf-recirculation=\"Mat\u00e9ria - Links no Texto\">Conforme a ag\u00eancia, as cidades com \u00f4nibus vandalizados s\u00e3o: Barueri, Carapicu\u00edba, Cotia, Cubat\u00e3o, Diadema, Embu das Artes, Guaruj\u00e1, Itanha\u00e9m, Itapecerica da Serra, Itapevi, Itaquaquecetuba, Jandira, Mau\u00e1, Osasco, Praia Grande, Ribeir\u00e3o Pires, Santo Andr\u00e9, Santos, S\u00e3o Bernardo do Campo, S\u00e3o Caetano do Sul, S\u00e3o Paulo, S\u00e3o Vicente, Suzano, Tabo\u00e3o da Serra.<\/p>\n<\/div>\n<\/div>\n<div id=\"chunk-3n75a\">\n<div class=\"mc-column content-text active-extra-styles\" data-block-type=\"raw\" data-block-weight=\"1\" data-block-id=\"24\">\n<div class=\"content-intertitle\">\n<h2>Investiga\u00e7\u00e3o<\/h2>\n<\/div>\n<\/div>\n<\/div>\n<div id=\"chunk-s7k\">\n<div class=\"mc-column content-text active-extra-styles \" data-block-type=\"unstyled\" data-block-weight=\"10\" data-block-id=\"25\">\n<p class=\" content-text__container \" data-track-category=\"Link no Texto\" data-track-links=\"\" data-mrf-recirculation=\"Mat\u00e9ria - Links no Texto\">A Pol\u00edcia Civil trabalha com tr\u00eas linhas principais de investiga\u00e7\u00e3o:<\/p>\n<\/div>\n<\/div>\n<div id=\"chunk-1p5mt\">\n<div class=\"mc-column content-text active-extra-styles\" data-block-type=\"raw\" data-block-weight=\"52\" data-block-id=\"26\">\n<ul class=\"content-unordered-list\">\n<li>Ataques por pessoas influenciadas por desafios criados na internet;<\/li>\n<li>Poss\u00edvel sabotagem de empresas que perderam contratos com a prefeitura;<\/li>\n<li>A\u00e7\u00e3o coordenada pelo PCC, embora ainda sem motiva\u00e7\u00e3o clara e\u00a0<a class=\"\" href=\"https:\/\/g1.globo.com\/sp\/sao-paulo\/noticia\/2025\/07\/03\/policia-afasta-por-ora-participacao-do-pcc-em-ataques-a-onibus-em-sp-e-investiga-outras-duas-possibilidades.ghtml\">que, no \u00faltimo dia 3, segundo o delegado Ronaldo Sayeg, diretor do Departamento Estadual de Investiga\u00e7\u00f5es Criminais (Deic), n\u00e3o era a linha principal<\/a>.<\/li>\n<\/ul>\n<\/div>\n<\/div>\n<div id=\"chunk-6vcja\">\n<div class=\"mc-column content-text active-extra-styles \" data-block-type=\"unstyled\" data-block-weight=\"16\" data-block-id=\"27\">\n<p class=\" content-text__container \" data-track-category=\"Link no Texto\" data-track-links=\"\" data-mrf-recirculation=\"Mat\u00e9ria - Links no Texto\">Mas a investiga\u00e7\u00e3o ainda n\u00e3o avan\u00e7ou o suficiente para confirmar ou excluir qualquer uma das possibilidades.<\/p>\n<\/div>\n<\/div>\n<div id=\"chunk-ddcve\">\n<div class=\"mc-column content-text active-extra-styles \" data-block-type=\"unstyled\" data-block-weight=\"43\" data-block-id=\"28\">\n<p class=\" content-text__container \" data-track-category=\"Link no Texto\" data-track-links=\"\" data-mrf-recirculation=\"Mat\u00e9ria - Links no Texto\">O Sindicato dos Motoristas de S\u00e3o Paulo disse que tem trabalhado para oferecer mais seguran\u00e7a aos operadores do transporte p\u00fablico e tamb\u00e9m aos passageiros. Tamb\u00e9m afirmou que pediu uma reuni\u00e3o urgente com a SSP para tratar do problema e cobrar medidas de seguran\u00e7a.<\/p>\n<\/div>\n<\/div>\n<div id=\"chunk-40vnm\">\n<div class=\"mc-column content-text active-extra-styles \" data-block-type=\"unstyled\" data-block-weight=\"30\" data-block-id=\"29\">\n<p class=\" content-text__container \" data-track-category=\"Link no Texto\" data-track-links=\"\" data-mrf-recirculation=\"Mat\u00e9ria - Links no Texto\">A Pol\u00edcia Militar colocou em pr\u00e1tica, desde o dia 2, a Opera\u00e7\u00e3o Impacto e Prote\u00e7\u00e3o a Coletivos, com base em um mapeamento estrat\u00e9gico feito em conjunto com a Pol\u00edcia Civil.<\/p>\n<\/div>\n<\/div>\n<div id=\"chunk-fes0b\">\n<div class=\"mc-column content-text active-extra-styles\" data-block-type=\"raw\" data-block-weight=\"1\" data-block-id=\"30\">\n<div class=\"content-intertitle\">\n<h2>Pris\u00f5es<\/h2>\n<\/div>\n<\/div>\n<\/div>\n<div id=\"chunk-68hc9\">\n<div class=\"cxm-video-block mc-column content-media content-video\" data-block-type=\"backstage-video\" data-block-id=\"31\">\n<div class=\"content-media__container content-media__container--codex-fallback\">\n<div class=\"content-video__bigger-player-description-fixer\">\n<article class=\"content-video\">\n<section class=\"content-video__video-container\">\n<div class=\"content-video__video\">\n<div class=\"content-video__placeholder\" data-video-id=\"13739155\"><img decoding=\"async\" class=\"content-video__placeholder__thumb\" title=\"Tr\u00eas pessoas presas suspeitas de participar de ataques a \u00f4nibus na Grande SP\" src=\"https:\/\/s04.video.glbimg.com\/x240\/13739155.jpg\" alt=\"Tr\u00eas pessoas presas suspeitas de participar de ataques a \u00f4nibus na Grande SP\" \/><\/div>\n<\/div>\n<\/section>\n<\/article>\n<\/div>\n<div class=\"bs-block-video__container\">\n<p class=\"codex-caption codex-caption--small\">Tr\u00eas pessoas presas suspeitas de participar de ataques a \u00f4nibus na Grande SP<\/p>\n<\/div>\n<\/div>\n<\/div>\n<\/div>\n<div id=\"chunk-9kr1l\">\n<div class=\"mc-column content-text active-extra-styles \" data-block-type=\"unstyled\" data-block-weight=\"30\" data-block-id=\"33\">\n<p class=\" content-text__container \" data-track-category=\"Link no Texto\" data-track-links=\"\" data-mrf-recirculation=\"Mat\u00e9ria - Links no Texto\">Tr\u00eas homens j\u00e1 foram detidos pela pol\u00edcia desde s\u00e1bado (5) pelos ataques a \u00f4nibus na cidade de S\u00e3o Paulo. Al\u00e9m deles, um adolescente foi apreendido em Cotia, na regi\u00e3o metropolitana.<\/p>\n<\/div>\n<\/div>\n<div id=\"chunk-ed13u\">\n<div class=\"mc-column content-text active-extra-styles \" data-block-type=\"unstyled\" data-block-weight=\"72\" data-block-id=\"34\">\n<p class=\" content-text__container \" data-track-category=\"Link no Texto\" data-track-links=\"\" data-mrf-recirculation=\"Mat\u00e9ria - Links no Texto\">Um dos homens foi preso na noite de domingo e identificado como \u00c9verton de Paiva Balbino. Ele \u00e9 suspeito de ter arremessado no dia 27 de junho uma pedra na vidra\u00e7a de um \u00f4nibus que acertou em cheio uma mulher sentada no banco. Ela fraturou v\u00e1rios ossos da face, incluindo o nariz, e correu risco de vida. Este caso, que aconteceu na Zona Sul da capital, \u00e9 um dos mais graves registrados.<\/p>\n<\/div>\n<\/div>\n<div id=\"chunk-ctqq7\">\n<div class=\"mc-column content-text active-extra-styles \" data-block-type=\"unstyled\" data-block-weight=\"40\" data-block-id=\"35\">\n<p class=\" content-text__container \" data-track-category=\"Link no Texto\" data-track-links=\"\" data-mrf-recirculation=\"Mat\u00e9ria - Links no Texto\">Ele \u00e9 filho de um motorista de \u00f4nibus, informou a Pol\u00edcia Civil. \u00c9verton teve a pris\u00e3o tempor\u00e1ria de 30 dias decretada e foi indiciado por tentativa de homic\u00eddio e danos ao patrim\u00f4nio. Sua defesa n\u00e3o foi localizada pela TV Globo.<\/p>\n<\/div>\n<\/div>\n<div id=\"chunk-7en5k\">\n<div class=\"mc-column content-text active-extra-styles \" data-block-type=\"unstyled\" data-block-weight=\"16\" data-block-id=\"36\">\n<p class=\" content-text__container \" data-track-category=\"Link no Texto\" data-track-links=\"\" data-mrf-recirculation=\"Mat\u00e9ria - Links no Texto\">A pol\u00edcia refor\u00e7a, no entanto, que n\u00e3o h\u00e1 nenhuma liga\u00e7\u00e3o do pai dele com os ataques.<\/p>\n<\/div>\n<\/div>\n<div id=\"chunk-amvb2\">\n<div class=\"mc-column content-text active-extra-styles \" data-block-type=\"unstyled\" data-block-weight=\"49\" data-block-id=\"37\">\n<p class=\" content-text__container \" data-track-category=\"Link no Texto\" data-track-links=\"\" data-mrf-recirculation=\"Mat\u00e9ria - Links no Texto\">Imagens de uma c\u00e2mera de seguran\u00e7a mostram quando um carro vermelho para perto de uma sa\u00edda da Avenida Washington Lu\u00eds. Uma pessoa desce do ve\u00edculo e, da cal\u00e7ada, arremessa uma pedra contra um \u00f4nibus que vinha pela avenida. O carro tamb\u00e9m foi apreendido pela pol\u00edcia com o suspeito preso.<\/p>\n<\/div>\n<\/div>\n<div id=\"chunk-btili\">\n<div class=\"mc-column content-text active-extra-styles \" data-block-type=\"unstyled\" data-block-weight=\"35\" data-block-id=\"39\">\n<p class=\" content-text__container \" data-track-category=\"Link no Texto\" data-track-links=\"\" data-mrf-recirculation=\"Mat\u00e9ria - Links no Texto\">Segundo o delegado, \u00c9verton justifica que a pedrada teria resultado de uma briga de tr\u00e2nsito. &#8220;Entretanto, at\u00e9 o momento n\u00e3o conseguimos visualizar nenhum tipo de briga, de embate ali motivado por quest\u00e3o de tr\u00e2nsito&#8221;, afirma.<\/p>\n<\/div>\n<\/div>\n<div id=\"chunk-bgk5a\">\n<div class=\"mc-column content-text active-extra-styles \" data-block-type=\"unstyled\" data-block-weight=\"43\" data-block-id=\"40\">\n<p class=\" content-text__container \" data-track-category=\"Link no Texto\" data-track-links=\"\" data-mrf-recirculation=\"Mat\u00e9ria - Links no Texto\">O Sindicato dos Motoristas de S\u00e3o Paulo disse que tem trabalhado para oferecer mais seguran\u00e7a aos operadores do transporte p\u00fablico e tamb\u00e9m aos passageiros. Tamb\u00e9m afirmou que pediu uma reuni\u00e3o urgente com a SSP para tratar do problema e cobrar medidas de seguran\u00e7a.<\/p>\n<\/div>\n<\/div>\n<div id=\"chunk-8np0e\">\n<div class=\"mc-column content-text active-extra-styles \" data-block-type=\"unstyled\" data-block-weight=\"30\" data-block-id=\"41\">\n<p class=\" content-text__container \" data-track-category=\"Link no Texto\" data-track-links=\"\" data-mrf-recirculation=\"Mat\u00e9ria - Links no Texto\">A Pol\u00edcia Militar colocou em pr\u00e1tica, desde o dia 2, a Opera\u00e7\u00e3o Impacto e Prote\u00e7\u00e3o a Coletivos, com base em um mapeamento estrat\u00e9gico feito em conjunto com a Pol\u00edcia Civil.<\/p>\n<\/div>\n<\/div>\n<div id=\"chunk-c8iv8\">\n<div class=\"row medium-uncollapsed content-media content-photo\" data-block-type=\"backstage-photo\" data-block-id=\"42\">\n<div class=\" mc-column content-media__container\">\n<div class=\"content-media-container glb-skeleton-box\">\n<figure class=\"content-media-figure\"><img decoding=\"async\" class=\"i-amphtml-fill-content i-amphtml-replaced-content\" src=\"https:\/\/s2-g1.glbimg.com\/Vom-Y7UZVoYezJuFzDFbBJhoFmQ=\/0x0:1200x1600\/984x0\/smart\/filters:strip_icc()\/i.s3.glbimg.com\/v1\/AUTH_59edd422c0c84a879bd37670ae4f538a\/internal_photos\/bs\/2025\/E\/b\/AGpKEuR0Wiwi4xKnuUJA\/whatsapp-image-2025-07-04-at-16.41.38-1-.jpeg\" sizes=\"(max-width: 1600px) 648px, 100vw\" srcset=\"https:\/\/s2-g1.glbimg.com\/-XX3CGSYhPdNdJPUwBDB-vhblAw=\/0x0:1200x1600\/1000x0\/smart\/filters:strip_icc()\/i.s3.glbimg.com\/v1\/AUTH_59edd422c0c84a879bd37670ae4f538a\/internal_photos\/bs\/2025\/E\/b\/AGpKEuR0Wiwi4xKnuUJA\/whatsapp-image-2025-07-04-at-16.41.38-1-.jpeg 1000w, https:\/\/s2-g1.glbimg.com\/Vom-Y7UZVoYezJuFzDFbBJhoFmQ=\/0x0:1200x1600\/984x0\/smart\/filters:strip_icc()\/i.s3.glbimg.com\/v1\/AUTH_59edd422c0c84a879bd37670ae4f538a\/internal_photos\/bs\/2025\/E\/b\/AGpKEuR0Wiwi4xKnuUJA\/whatsapp-image-2025-07-04-at-16.41.38-1-.jpeg 984w, https:\/\/s2-g1.glbimg.com\/xVy2P_RlE1s0q_oyt_NEhdMFQ44=\/0x0:1200x1600\/640x0\/smart\/filters:strip_icc()\/i.s3.glbimg.com\/v1\/AUTH_59edd422c0c84a879bd37670ae4f538a\/internal_photos\/bs\/2025\/E\/b\/AGpKEuR0Wiwi4xKnuUJA\/whatsapp-image-2025-07-04-at-16.41.38-1-.jpeg 640w, https:\/\/s2-g1.glbimg.com\/mYCpl0XAEMGiTbmUD6t3W04CkKo=\/0x0:1200x1600\/600x0\/smart\/filters:strip_icc()\/i.s3.glbimg.com\/v1\/AUTH_59edd422c0c84a879bd37670ae4f538a\/internal_photos\/bs\/2025\/E\/b\/AGpKEuR0Wiwi4xKnuUJA\/whatsapp-image-2025-07-04-at-16.41.38-1-.jpeg 600w\" alt=\"\u00d4nibus atacado na Avenida Rio Branco. \u2014 Foto: Arquivo Pessoal\" \/><\/figure>\n<\/div>\n<p class=\"content-media__description \">\u00d4nibus atacado na Avenida Rio Branco. \u2014 Foto: Arquivo Pessoal<\/p>\n<p>Fonte: G1<\/p>\n<\/div>\n<\/div>\n<\/div>\n<\/div>\n<\/article>\n<\/div>\n","protected":false},"excerpt":{"rendered":"<p>Ataques a \u00f4nibus: 8 em cada 10 casos ocorreram nas zonas Sul e Oeste da cidade de SP; veja mapa<\/p>\n","protected":false},"author":1,"featured_media":9659,"comment_status":"open","ping_status":"open","sticky":false,"template":"","format":"standard","meta":{"colormag_page_container_layout":"default_layout","colormag_page_sidebar_layout":"default_layout","footnotes":""},"categories":[1],"tags":[],"class_list":["post-9651","post","type-post","status-publish","format-standard","has-post-thumbnail","hentry","category-geral"],"_links":{"self":[{"href":"http:\/\/metropoleemfoco.com.br\/index.php?rest_route=\/wp\/v2\/posts\/9651","targetHints":{"allow":["GET"]}}],"collection":[{"href":"http:\/\/metropoleemfoco.com.br\/index.php?rest_route=\/wp\/v2\/posts"}],"about":[{"href":"http:\/\/metropoleemfoco.com.br\/index.php?rest_route=\/wp\/v2\/types\/post"}],"author":[{"embeddable":true,"href":"http:\/\/metropoleemfoco.com.br\/index.php?rest_route=\/wp\/v2\/users\/1"}],"replies":[{"embeddable":true,"href":"http:\/\/metropoleemfoco.com.br\/index.php?rest_route=%2Fwp%2Fv2%2Fcomments&post=9651"}],"version-history":[{"count":1,"href":"http:\/\/metropoleemfoco.com.br\/index.php?rest_route=\/wp\/v2\/posts\/9651\/revisions"}],"predecessor-version":[{"id":9662,"href":"http:\/\/metropoleemfoco.com.br\/index.php?rest_route=\/wp\/v2\/posts\/9651\/revisions\/9662"}],"wp:featuredmedia":[{"embeddable":true,"href":"http:\/\/metropoleemfoco.com.br\/index.php?rest_route=\/wp\/v2\/media\/9659"}],"wp:attachment":[{"href":"http:\/\/metropoleemfoco.com.br\/index.php?rest_route=%2Fwp%2Fv2%2Fmedia&parent=9651"}],"wp:term":[{"taxonomy":"category","embeddable":true,"href":"http:\/\/metropoleemfoco.com.br\/index.php?rest_route=%2Fwp%2Fv2%2Fcategories&post=9651"},{"taxonomy":"post_tag","embeddable":true,"href":"http:\/\/metropoleemfoco.com.br\/index.php?rest_route=%2Fwp%2Fv2%2Ftags&post=9651"}],"curies":[{"name":"wp","href":"https:\/\/api.w.org\/{rel}","templated":true}]}}