{"id":9630,"date":"2025-07-08T12:05:53","date_gmt":"2025-07-08T15:05:53","guid":{"rendered":"https:\/\/metropoleemfoco.com.br\/?p=9630"},"modified":"2025-07-08T12:06:19","modified_gmt":"2025-07-08T15:06:19","slug":"nao-foi-so-mikey-veja-outros-vetos-de-presidentes-no-futebol-do-flamengo","status":"publish","type":"post","link":"http:\/\/metropoleemfoco.com.br\/?p=9630","title":{"rendered":"N\u00e3o foi s\u00f3 Mikey: veja outros vetos de presidentes no futebol do Flamengo"},"content":{"rendered":"<div class=\"row content-head non-featured \">\n<div class=\"title\" data-block-type=\"title\" data-block-id=\"0\">\n<h1 class=\"content-head__title\">N\u00e3o foi s\u00f3 Mikey: veja outros vetos de presidentes no futebol do Flamengo<\/h1>\n<\/div>\n<div class=\"medium-centered subtitle\">\n<h2 class=\"content-head__subtitle\">Crise com atual diretor de futebol explodiu ap\u00f3s desist\u00eancia por atacante irland\u00eas<\/h2>\n<\/div>\n<\/div>\n<div><\/div>\n<div class=\"content__signa-share\">\n<div class=\"content__signature\">\n<div class=\"content-publication-data\">\n<div class=\"content-publication-data__text\">\n<p class=\"content-publication-data__from\" title=\"Reda\u00e7\u00e3o do ge\">Por Reda\u00e7\u00e3o do ge\u00a0\u2014 Rio de Janeiro<\/p>\n<p class=\"content-publication-data__updated\">\n<\/div>\n<\/div>\n<\/div>\n<div class=\"content__share-bar content__share-bar--cloned\" data-position=\"upper\"><\/div>\n<\/div>\n<hr class=\"content__divider \" \/>\n<div class=\"summary-section\"><\/div>\n<div class=\"mc-article-body\">\n<article>\n<div id=\"chunk-dkb4h\">\n<div class=\"cxm-video-block mc-column content-media content-video\" data-block-type=\"backstage-video\" data-block-id=\"1\">\n<div class=\"content-media__container\">\n<div class=\"content-video__bigger-player-description-fixer\">\n<article class=\"content-video\">\n<section class=\"content-video__video-container\">\n<div class=\"content-video__video\">\n<div class=\"content-video__placeholder\" data-video-id=\"13738153\"><img decoding=\"async\" class=\"content-video__placeholder__thumb\" title=\"Emanuelle Ribeiro comenta momento de instabilidade de Jos\u00e9 Boto no Flamengo\" src=\"https:\/\/s02.video.glbimg.com\/x240\/13738153.jpg\" alt=\"Emanuelle Ribeiro comenta momento de instabilidade de Jos\u00e9 Boto no Flamengo\" \/><\/div>\n<\/div>\n<\/section>\n<\/article>\n<\/div>\n<div class=\"bs-block-video__container\">\n<p class=\"codex-caption codex-caption--small\">Emanuelle Ribeiro comenta momento de instabilidade de Jos\u00e9 Boto no Flamengo<\/p>\n<\/div>\n<\/div>\n<\/div>\n<\/div>\n<div id=\"chunk-crea8\">\n<div class=\"mc-column content-text active-extra-styles \" data-block-type=\"unstyled\" data-block-weight=\"74\" data-block-id=\"3\">\n<p class=\" content-text__container \" data-track-category=\"Link no Texto\" data-track-links=\"\" data-mrf-recirculation=\"Artigo - Link no Texto\"><a class=\"\" href=\"https:\/\/ge.globo.com\/futebol\/times\/flamengo\/noticia\/2025\/07\/07\/bastidores-veto-de-bap-a-reforco-e-desgaste-com-elenco-expoem-crise-com-jose-boto-no-flamengo.ghtml\" data-mrf-link=\"https:\/\/ge.globo.com\/futebol\/times\/flamengo\/noticia\/2025\/07\/07\/bastidores-veto-de-bap-a-reforco-e-desgaste-com-elenco-expoem-crise-com-jose-boto-no-flamengo.ghtml\"><strong>A atual crise no Flamengo, envolvendo o diretor executivo de futebol Jos\u00e9 Boto<\/strong><\/a>, explodiu de vez na \u00faltima segunda-feira, ap\u00f3s o veto de Bap \u00e0 contrata\u00e7\u00e3o de Mikey Johnston, que chegaria ao Rio de Janeiro nesta ter\u00e7a para fazer exames m\u00e9dicos e assinar o contrato. Mas esta n\u00e3o foi a primeira vez que um presidente mudou os planos acordados no Ninho do Urubu. O\u00a0<strong>ge\u00a0<\/strong>relembra abaixo outros casos que aconteceram nos \u00faltimos anos:<\/p>\n<\/div>\n<\/div>\n<div class=\"wall protected-content\">\n<div id=\"chunk-65fjh\">\n<div class=\"mc-column content-text active-extra-styles\" data-block-type=\"raw\" data-block-weight=\"1\" data-block-id=\"6\">\n<div class=\"content-intertitle\">\n<h2>Gabigol<\/h2>\n<\/div>\n<\/div>\n<\/div>\n<div id=\"chunk-1jljo\">\n<div class=\"mc-column content-text active-extra-styles \" data-block-type=\"unstyled\" data-block-weight=\"73\" data-block-id=\"7\">\n<p class=\" content-text__container \" data-track-category=\"Link no Texto\" data-track-links=\"\" data-mrf-recirculation=\"Artigo - Link no Texto\">O mais marcante, at\u00e9 por ser o mais recente, foi com Gabigol, principal nome da segunda gera\u00e7\u00e3o mais vitoriosa da hist\u00f3ria rubro-negra. Em 2023, a diretoria do\u00a0<a class=\"\" href=\"https:\/\/globoesporte.globo.com\/futebol\/times\/flamengo\/\" data-mrf-link=\"https:\/\/globoesporte.globo.com\/futebol\/times\/flamengo\/\">Flamengo<\/a>\u00a0desejava renovar o contrato do atacante por cinco anos, e o jogador queria completar uma d\u00e9cada no clube. Em outubro do ano retrasado, o departamento de futebol e o jogador encaminharam um acordo por um contrato at\u00e9 o fim de 2028, com expressivo aumento salarial.<\/p>\n<\/div>\n<\/div>\n<div id=\"chunk-97bto\">\n<div class=\"row medium-uncollapsed content-media content-photo\" data-block-type=\"backstage-photo\" data-block-id=\"8\">\n<div class=\"mc-column content-media__container\">\n<div class=\"content-media-container glb-skeleton-box\">\n<figure class=\"content-media-figure\"><img decoding=\"async\" class=\"i-amphtml-fill-content i-amphtml-replaced-content\" src=\"https:\/\/s2-ge.glbimg.com\/CLpTAa87_qB8VjTkO6kmcd6uxEc=\/0x0:1600x1066\/984x0\/smart\/filters:strip_icc()\/i.s3.glbimg.com\/v1\/AUTH_bc8228b6673f488aa253bbcb03c80ec5\/internal_photos\/bs\/2024\/V\/w\/CGJdUcRFqdargKCZC9yA\/gabi-flamengo.jpeg\" sizes=\"(max-width: 1440px) 648px, 100vw\" srcset=\"https:\/\/s2-ge.glbimg.com\/ZFReGTMwq8VRB7COMuZ3PDv9byU=\/0x0:1600x1066\/1000x0\/smart\/filters:strip_icc()\/i.s3.glbimg.com\/v1\/AUTH_bc8228b6673f488aa253bbcb03c80ec5\/internal_photos\/bs\/2024\/V\/w\/CGJdUcRFqdargKCZC9yA\/gabi-flamengo.jpeg 1000w, https:\/\/s2-ge.glbimg.com\/CLpTAa87_qB8VjTkO6kmcd6uxEc=\/0x0:1600x1066\/984x0\/smart\/filters:strip_icc()\/i.s3.glbimg.com\/v1\/AUTH_bc8228b6673f488aa253bbcb03c80ec5\/internal_photos\/bs\/2024\/V\/w\/CGJdUcRFqdargKCZC9yA\/gabi-flamengo.jpeg 984w, https:\/\/s2-ge.glbimg.com\/GBKvZpNQjN-thm6HwIy8pLb15HM=\/0x0:1600x1066\/640x0\/smart\/filters:strip_icc()\/i.s3.glbimg.com\/v1\/AUTH_bc8228b6673f488aa253bbcb03c80ec5\/internal_photos\/bs\/2024\/V\/w\/CGJdUcRFqdargKCZC9yA\/gabi-flamengo.jpeg 640w, https:\/\/s2-ge.glbimg.com\/Dy6KMmhaf3RO1GchX9tuj33NTj8=\/0x0:1600x1066\/600x0\/smart\/filters:strip_icc()\/i.s3.glbimg.com\/v1\/AUTH_bc8228b6673f488aa253bbcb03c80ec5\/internal_photos\/bs\/2024\/V\/w\/CGJdUcRFqdargKCZC9yA\/gabi-flamengo.jpeg 600w\" alt=\"Gabigol em Fortaleza x Flamengo \u2014 Foto: Alexandre Lago\" \/><\/figure>\n<\/div>\n<p class=\"codex-caption \">Gabigol em Fortaleza x Flamengo \u2014 Foto: Alexandre Lago<\/p>\n<\/div>\n<\/div>\n<\/div>\n<div id=\"chunk-51tsu\">\n<div class=\"mc-column content-text active-extra-styles \" data-block-type=\"unstyled\" data-block-weight=\"76\" data-block-id=\"9\">\n<p class=\" content-text__container \" data-track-category=\"Link no Texto\" data-track-links=\"\" data-mrf-recirculation=\"Artigo - Link no Texto\">O acordo verbal foi celebrado. Gabigol, inclusive, recebeu cumprimentos de alguns dirigentes, que telefonaram para familiares do atleta para comemorar o novo v\u00ednculo. Dias ap\u00f3s a reuni\u00e3o, o atacante, enquanto aguardava a minuta para assinar o contrato, montou o planejamento para o an\u00fancio da renova\u00e7\u00e3o. O seu estafe chegou a ir ao Ninho do Urubu fazer imagens para a divulga\u00e7\u00e3o. O documento, por\u00e9m, n\u00e3o chegou, e o jogador e seu empres\u00e1rio viveram dias de sil\u00eancio absoluto.<\/p>\n<\/div>\n<\/div>\n<div id=\"chunk-c0v1i\">\n<div class=\"mc-column content-text active-extra-styles \" data-block-type=\"unstyled\" data-block-weight=\"40\" data-block-id=\"11\">\n<p class=\" content-text__container \" data-track-category=\"Link no Texto\" data-track-links=\"\" data-mrf-recirculation=\"Artigo - Link no Texto\">O presidente Rodolfo Landim foi o respons\u00e1vel por travar a assinatura do contrato ap\u00f3s grande press\u00e3o de seus pares nos corredores da G\u00e1vea. Internamente, usou como justificativas o decl\u00ednio esportivo do jogador e o alto valor previsto no novo v\u00ednculo.<\/p>\n<\/div>\n<\/div>\n<div id=\"chunk-1st1k\">\n<div class=\"mc-column content-text active-extra-styles\" data-block-type=\"raw\" data-block-weight=\"2\" data-block-id=\"12\">\n<div class=\"content-intertitle\">\n<h2>Andreas Pereira<\/h2>\n<\/div>\n<\/div>\n<\/div>\n<div id=\"chunk-4812k\">\n<div class=\"mc-column content-text active-extra-styles \" data-block-type=\"unstyled\" data-block-weight=\"76\" data-block-id=\"13\">\n<p class=\" content-text__container \" data-track-category=\"Link no Texto\" data-track-links=\"\" data-mrf-recirculation=\"Artigo - Link no Texto\">Em 2022, quem viveu situa\u00e7\u00e3o parecida foi Andreas Pereira. O volante belga naturalizado brasileiro estava emprestado pelo Manchester United, e em fevereiro daquele ano o Flamengo acertou com o clube ingl\u00eas a compra de 75% dos direitos econ\u00f4micos do jogador por 10 milh\u00f5es de euros (cerca de R$ 60 milh\u00f5es). Os dirigentes Marcos Braz e Bruno Spindel, representantes do United e os empres\u00e1rios Kia Joorabchian e Giuliano Bertolucci celebraram o acordo em um restaurante em Londres.<\/p>\n<\/div>\n<\/div>\n<div id=\"chunk-dqfk6\">\n<div class=\"row medium-uncollapsed content-media content-photo\" data-block-type=\"backstage-photo\" data-block-id=\"14\">\n<div class=\"mc-column content-media__container\">\n<div class=\"content-media-container glb-skeleton-box\">\n<figure class=\"content-media-figure\"><img decoding=\"async\" class=\"i-amphtml-fill-content i-amphtml-replaced-content\" src=\"https:\/\/s2-ge.glbimg.com\/5K46OwWgYm_GIMNaLisPBu5Oq-8=\/0x0:4000x2667\/984x0\/smart\/filters:strip_icc()\/i.s3.glbimg.com\/v1\/AUTH_bc8228b6673f488aa253bbcb03c80ec5\/internal_photos\/bs\/2022\/8\/I\/BYevssTEuXAu3joiRBFw\/gettyimages-1403164314.jpg\" sizes=\"(max-width: 1440px) 648px, 100vw\" srcset=\"https:\/\/s2-ge.glbimg.com\/yjn0SkUMUh8_8_sUJaKb8ZdPyv0=\/0x0:4000x2667\/1000x0\/smart\/filters:strip_icc()\/i.s3.glbimg.com\/v1\/AUTH_bc8228b6673f488aa253bbcb03c80ec5\/internal_photos\/bs\/2022\/8\/I\/BYevssTEuXAu3joiRBFw\/gettyimages-1403164314.jpg 1000w, https:\/\/s2-ge.glbimg.com\/5K46OwWgYm_GIMNaLisPBu5Oq-8=\/0x0:4000x2667\/984x0\/smart\/filters:strip_icc()\/i.s3.glbimg.com\/v1\/AUTH_bc8228b6673f488aa253bbcb03c80ec5\/internal_photos\/bs\/2022\/8\/I\/BYevssTEuXAu3joiRBFw\/gettyimages-1403164314.jpg 984w, https:\/\/s2-ge.glbimg.com\/OHiL7D_5S7GNIWXT4qFcbhb_-z0=\/0x0:4000x2667\/640x0\/smart\/filters:strip_icc()\/i.s3.glbimg.com\/v1\/AUTH_bc8228b6673f488aa253bbcb03c80ec5\/internal_photos\/bs\/2022\/8\/I\/BYevssTEuXAu3joiRBFw\/gettyimages-1403164314.jpg 640w, https:\/\/s2-ge.glbimg.com\/4s9AREebnda47ZSfQqQYxebRl9E=\/0x0:4000x2667\/600x0\/smart\/filters:strip_icc()\/i.s3.glbimg.com\/v1\/AUTH_bc8228b6673f488aa253bbcb03c80ec5\/internal_photos\/bs\/2022\/8\/I\/BYevssTEuXAu3joiRBFw\/gettyimages-1403164314.jpg 600w\" alt=\"Andreas Pereira deixou o Flamengo em 2022 \u2014 Foto: Buda Mendes\/Getty Images\" \/><\/figure>\n<\/div>\n<p class=\"codex-caption \">Andreas Pereira deixou o Flamengo em 2022 \u2014 Foto: Buda Mendes\/Getty Images<\/p>\n<\/div>\n<\/div>\n<\/div>\n<div id=\"chunk-3dlrm\">\n<div class=\"mc-column content-text active-extra-styles \" data-block-type=\"unstyled\" data-block-weight=\"79\" data-block-id=\"16\">\n<p class=\" content-text__container \" data-track-category=\"Link no Texto\" data-track-links=\"\" data-mrf-recirculation=\"Artigo - Link no Texto\">Com a a\u00e7\u00e3o do Banco Central, que cobrava R$ 127 milh\u00f5es na Justi\u00e7a, como argumento inicial, uma s\u00e9rie de questionamentos passou a ser feita nos corredores da G\u00e1vea. Informados pela press\u00e3o da torcida, que tinha o erro do jogador na final da Libertadores fresco na mem\u00f3ria, dirigentes levantaram d\u00favidas sobre a lisura da negocia\u00e7\u00e3o, os valores envolvidos e, principalmente, os motivos que levaram Braz e Spindel a antecipar em meses o desfecho. Landim acabou pressionado a postergar a decis\u00e3o.<\/p>\n<\/div>\n<\/div>\n<div id=\"chunk-b4j3p\">\n<div class=\"mc-column content-text active-extra-styles \" data-block-type=\"unstyled\" data-block-weight=\"82\" data-block-id=\"18\">\n<p class=\" content-text__container \" data-track-category=\"Link no Texto\" data-track-links=\"\" data-mrf-recirculation=\"Artigo - Link no Texto\">Mesmo ap\u00f3s o processo do Banco Central ser equacionado, as vozes contr\u00e1rias ao acerto cresciam. Com o poder de decis\u00e3o, Landim chegou a dizer a Andreas que o acordo seria cumprido, mas o conflito pol\u00edtico se arrastou, a negocia\u00e7\u00e3o ficou em banho-maria, e o prazo chegou ao fim. Braz e Spindel ainda buscaram alternativas no fim do contrato, em v\u00e3o. Com cl\u00e1usula de 20 milh\u00f5es de euros e empr\u00e9stimo gratuito, a redu\u00e7\u00e3o pela metade j\u00e1 era vista como o limite pelos ingleses.<\/p>\n<\/div>\n<\/div>\n<div id=\"chunk-4p8ma\">\n<div class=\"mc-column content-text active-extra-styles\" data-block-type=\"raw\" data-block-weight=\"1\" data-block-id=\"19\">\n<div class=\"content-intertitle\">\n<h2>Rafinha<\/h2>\n<\/div>\n<\/div>\n<\/div>\n<div id=\"chunk-27nlj\">\n<div class=\"mc-column content-text active-extra-styles \" data-block-type=\"unstyled\" data-block-weight=\"82\" data-block-id=\"20\">\n<p class=\" content-text__container \" data-track-category=\"Link no Texto\" data-track-links=\"\" data-mrf-recirculation=\"Artigo - Link no Texto\">Em fevereiro de 2021, depois de rescindir seu contrato com o Olympiacos (Gr\u00e9cia), Rafinha queria voltar ao Flamengo, onde fez parte do time multicampe\u00e3o de 2019. O lateral-direito havia chegado a um acordo inicial com o departamento de futebol, mas foi avisado de que seria necess\u00e1rio um aval financeiro do clube para avan\u00e7ar. No m\u00eas seguinte, durante um jogo contra o Resende no Maracan\u00e3, Landim comunicou o veto a Marcos Braz e Spindel, que foram \u00e0 casa do jogador avisar a decis\u00e3o.<\/p>\n<\/div>\n<\/div>\n<div id=\"chunk-b293o\">\n<div class=\"row medium-uncollapsed content-media content-photo\" data-block-type=\"backstage-photo\" data-block-id=\"22\">\n<div class=\"mc-column content-media__container\">\n<div class=\"content-media-container glb-skeleton-box\">\n<figure class=\"content-media-figure\"><img decoding=\"async\" class=\"i-amphtml-fill-content i-amphtml-replaced-content\" src=\"https:\/\/s2-ge.glbimg.com\/3JqKz5WgXnSmZsHub1krHcPeyok=\/0x0:3169x2113\/984x0\/smart\/filters:strip_icc()\/i.s3.glbimg.com\/v1\/AUTH_bc8228b6673f488aa253bbcb03c80ec5\/internal_photos\/bs\/2019\/N\/h\/6dmtlbQv2AfTYBeD9jqg\/rafinha-fla-gremio.jpg\" sizes=\"(max-width: 1440px) 648px, 100vw\" srcset=\"https:\/\/s2-ge.glbimg.com\/ygwEI_lo5jOt7o7IUoAHWKITBa4=\/0x0:3169x2113\/1000x0\/smart\/filters:strip_icc()\/i.s3.glbimg.com\/v1\/AUTH_bc8228b6673f488aa253bbcb03c80ec5\/internal_photos\/bs\/2019\/N\/h\/6dmtlbQv2AfTYBeD9jqg\/rafinha-fla-gremio.jpg 1000w, https:\/\/s2-ge.glbimg.com\/3JqKz5WgXnSmZsHub1krHcPeyok=\/0x0:3169x2113\/984x0\/smart\/filters:strip_icc()\/i.s3.glbimg.com\/v1\/AUTH_bc8228b6673f488aa253bbcb03c80ec5\/internal_photos\/bs\/2019\/N\/h\/6dmtlbQv2AfTYBeD9jqg\/rafinha-fla-gremio.jpg 984w, https:\/\/s2-ge.glbimg.com\/D7Oqg2MZM1C9_FSwogGe5NFhELg=\/0x0:3169x2113\/640x0\/smart\/filters:strip_icc()\/i.s3.glbimg.com\/v1\/AUTH_bc8228b6673f488aa253bbcb03c80ec5\/internal_photos\/bs\/2019\/N\/h\/6dmtlbQv2AfTYBeD9jqg\/rafinha-fla-gremio.jpg 640w, https:\/\/s2-ge.glbimg.com\/7NMW892lr8ZakL-RfSheJQrum7k=\/0x0:3169x2113\/600x0\/smart\/filters:strip_icc()\/i.s3.glbimg.com\/v1\/AUTH_bc8228b6673f488aa253bbcb03c80ec5\/internal_photos\/bs\/2019\/N\/h\/6dmtlbQv2AfTYBeD9jqg\/rafinha-fla-gremio.jpg 600w\" alt=\"Rafinha ap\u00f3s a vit\u00f3ria sobre o Gr\u00eamio em 2019 \u2014 Foto: Alexandre Vidal\/Flamengo\" \/><\/figure>\n<\/div>\n<p class=\"codex-caption \">Rafinha ap\u00f3s a vit\u00f3ria sobre o Gr\u00eamio em 2019 \u2014 Foto: Alexandre Vidal\/Flamengo<\/p>\n<\/div>\n<\/div>\n<\/div>\n<div id=\"chunk-4107d\">\n<div class=\"mc-column content-text active-extra-styles \" data-block-type=\"unstyled\" data-block-weight=\"79\" data-block-id=\"23\">\n<p class=\" content-text__container \" data-track-category=\"Link no Texto\" data-track-links=\"\" data-mrf-recirculation=\"Artigo - Link no Texto\">Ricardo Scheidt, um dos empres\u00e1rios de Rafinha, chegou a entrar no circuito e tentar buscar um ajuste com o Flamengo, mas n\u00e3o houve avan\u00e7o. No papo na casa do lateral, os dirigentes rubro-negros afirmaram que n\u00e3o foi uma decis\u00e3o financeira, mas, sim, pol\u00edtica. Em nota oficial, o clube alegou que n\u00e3o conseguiu viabilizar em seu or\u00e7amento o espa\u00e7o necess\u00e1rio para a contrata\u00e7\u00e3o do jogador e citou a perda de receitas com a pandemia da Covid-19 como um dos motivos.<\/p>\n<\/div>\n<\/div>\n<div id=\"chunk-5v7rp\">\n<div class=\"mc-column content-text active-extra-styles \" data-block-type=\"unstyled\" data-block-weight=\"71\" data-block-id=\"25\">\n<p class=\" content-text__container \" data-track-category=\"Link no Texto\" data-track-links=\"\" data-mrf-recirculation=\"Artigo - Link no Texto\">Dias depois, em entrevista ao &#8220;sele\u00e7\u00e3o sportv&#8221;, o lateral disse que foi v\u00edtima de uma &#8220;guerra pol\u00edtica&#8221; entre o futebol e o alto comando do clube, do qual Bap fazia parte ao lado de outros vices-presidentes e Landim. O jogador rejeitou a justificativa de que seu veto foi motivado pela parte financeira. A batalha interna no caso Rafinha deixou mais escancarado o desencontro entre o Ninho do Urubu e a G\u00e1vea.<\/p>\n<\/div>\n<\/div>\n<div id=\"chunk-eamlk\">\n<div class=\"mc-column content-text active-extra-styles\" data-block-type=\"raw\" data-block-weight=\"3\" data-block-id=\"27\">\n<div class=\"content-intertitle\">\n<h2>E o Mickey?<\/h2>\n<\/div>\n<\/div>\n<\/div>\n<div id=\"chunk-dja23\">\n<div class=\"mc-column content-text active-extra-styles \" data-block-type=\"unstyled\" data-block-weight=\"65\" data-block-id=\"28\">\n<p class=\" content-text__container \" data-track-category=\"Link no Texto\" data-track-links=\"\" data-mrf-recirculation=\"Artigo - Link no Texto\">O atacante do West Bromwich (Inglaterra) foi monitorado pelo scout comandado por Jos\u00e9 Boto e aceitou a proposta do Flamengo para um contrato de quatro anos. Ele tinha passagem de avi\u00e3o emitida para chegar ao Rio de Janeiro nesta ter\u00e7a. O departamento de futebol entendia que o refor\u00e7o chegaria para compor o elenco e buscar espa\u00e7o com o t\u00e9cnico Filipe Lu\u00eds, que aceitou a indica\u00e7\u00e3o.<\/p>\n<\/div>\n<\/div>\n<div id=\"chunk-242el\">\n<div class=\"row medium-uncollapsed content-media content-photo\" data-block-type=\"backstage-photo\" data-block-id=\"29\">\n<div class=\"mc-column content-media__container\">\n<div class=\"content-media-container glb-skeleton-box\">\n<figure class=\"content-media-figure\"><img decoding=\"async\" class=\"i-amphtml-fill-content i-amphtml-replaced-content\" src=\"https:\/\/s2-ge.glbimg.com\/HUyxq0MdJoEPELZiFftOFysXdrc=\/0x0:1600x1200\/984x0\/smart\/filters:strip_icc()\/i.s3.glbimg.com\/v1\/AUTH_bc8228b6673f488aa253bbcb03c80ec5\/internal_photos\/bs\/2025\/N\/V\/B0cZWCSJKU3MKqZUgfKQ\/mikey13.jpg\" sizes=\"(max-width: 1440px) 648px, 100vw\" srcset=\"https:\/\/s2-ge.glbimg.com\/d2Ha0_dyDppJzyesy9ugeujeadU=\/0x0:1600x1200\/1000x0\/smart\/filters:strip_icc()\/i.s3.glbimg.com\/v1\/AUTH_bc8228b6673f488aa253bbcb03c80ec5\/internal_photos\/bs\/2025\/N\/V\/B0cZWCSJKU3MKqZUgfKQ\/mikey13.jpg 1000w, https:\/\/s2-ge.glbimg.com\/HUyxq0MdJoEPELZiFftOFysXdrc=\/0x0:1600x1200\/984x0\/smart\/filters:strip_icc()\/i.s3.glbimg.com\/v1\/AUTH_bc8228b6673f488aa253bbcb03c80ec5\/internal_photos\/bs\/2025\/N\/V\/B0cZWCSJKU3MKqZUgfKQ\/mikey13.jpg 984w, https:\/\/s2-ge.glbimg.com\/C_uwNVz9Xo_cuDaMcLjeqUsY-Bk=\/0x0:1600x1200\/640x0\/smart\/filters:strip_icc()\/i.s3.glbimg.com\/v1\/AUTH_bc8228b6673f488aa253bbcb03c80ec5\/internal_photos\/bs\/2025\/N\/V\/B0cZWCSJKU3MKqZUgfKQ\/mikey13.jpg 640w, https:\/\/s2-ge.glbimg.com\/rF6HVEd0VNbG4ns2Y-CZqzmEXSo=\/0x0:1600x1200\/600x0\/smart\/filters:strip_icc()\/i.s3.glbimg.com\/v1\/AUTH_bc8228b6673f488aa253bbcb03c80ec5\/internal_photos\/bs\/2025\/N\/V\/B0cZWCSJKU3MKqZUgfKQ\/mikey13.jpg 600w\" alt=\"Mikey Johnston pertence ao West Bromwich \u2014 Foto: Divulga\u00e7\u00e3o \/ West Bronwich\" \/><\/figure>\n<\/div>\n<p class=\"codex-caption \">Mikey Johnston pertence ao West Bromwich \u2014 Foto: Divulga\u00e7\u00e3o \/ West Bronwich<\/p>\n<\/div>\n<\/div>\n<\/div>\n<div id=\"chunk-557a1\">\n<div class=\"mc-column content-text active-extra-styles \" data-block-type=\"unstyled\" data-block-weight=\"78\" data-block-id=\"30\">\n<p class=\" content-text__container \" data-track-category=\"Link no Texto\" data-track-links=\"\" data-mrf-recirculation=\"Artigo - Link no Texto\">Mas o status do refor\u00e7o desagradou pessoas do clube, que viram Mikey na mesma prateleira de Juninho, contratado em janeiro do Qarabag (Azerbaij\u00e3o). O irland\u00eas custaria cerca de R$ 37 milh\u00f5es, valor contestado internamente. Um relat\u00f3rio do departamento m\u00e9dico sobre o hist\u00f3rico do jogador \u00e9 usado como justificativa do Flamengo para o recuo. Por\u00e9m, de acordo com o site Transfermarkt, a \u00faltima les\u00e3o do atacante foi em mar\u00e7o de 2022. Na ocasi\u00e3o, ele teve um problema no tornozelo.<\/p>\n<\/div>\n<\/div>\n<div id=\"chunk-2lrh6\">\n<div class=\"mc-column content-text active-extra-styles \" data-block-type=\"unstyled\" data-block-weight=\"65\" data-block-id=\"32\">\n<p class=\" content-text__container \" data-track-category=\"Link no Texto\" data-track-links=\"\" data-mrf-recirculation=\"Artigo - Link no Texto\">No momento em que o nome se tornou p\u00fablico houve uma grande repercuss\u00e3o negativa por parte da torcida nas redes sociais. Os questionamentos ganharam espa\u00e7o tamb\u00e9m internamente, e nomes fortes da atual gest\u00e3o fizeram press\u00e3o para que o clube voltasse atr\u00e1s no acerto. Dirigentes, conselheiros e pessoas influentes tanto da G\u00e1vea quanto do Ninho do Urubu questionaram o presidente Bap, que decidiu vetar a contrata\u00e7\u00e3o.<\/p>\n<p>Fonte: Ge<\/p>\n<\/div>\n<\/div>\n<\/div>\n<\/article>\n<\/div>\n","protected":false},"excerpt":{"rendered":"<p>N\u00e3o foi s\u00f3 Mikey: veja outros vetos de presidentes no futebol do Flamengo Crise com atual diretor de futebol explodiu<\/p>\n","protected":false},"author":1,"featured_media":9648,"comment_status":"open","ping_status":"open","sticky":false,"template":"","format":"standard","meta":{"colormag_page_container_layout":"default_layout","colormag_page_sidebar_layout":"default_layout","footnotes":""},"categories":[1],"tags":[],"class_list":["post-9630","post","type-post","status-publish","format-standard","has-post-thumbnail","hentry","category-geral"],"_links":{"self":[{"href":"http:\/\/metropoleemfoco.com.br\/index.php?rest_route=\/wp\/v2\/posts\/9630","targetHints":{"allow":["GET"]}}],"collection":[{"href":"http:\/\/metropoleemfoco.com.br\/index.php?rest_route=\/wp\/v2\/posts"}],"about":[{"href":"http:\/\/metropoleemfoco.com.br\/index.php?rest_route=\/wp\/v2\/types\/post"}],"author":[{"embeddable":true,"href":"http:\/\/metropoleemfoco.com.br\/index.php?rest_route=\/wp\/v2\/users\/1"}],"replies":[{"embeddable":true,"href":"http:\/\/metropoleemfoco.com.br\/index.php?rest_route=%2Fwp%2Fv2%2Fcomments&post=9630"}],"version-history":[{"count":2,"href":"http:\/\/metropoleemfoco.com.br\/index.php?rest_route=\/wp\/v2\/posts\/9630\/revisions"}],"predecessor-version":[{"id":9650,"href":"http:\/\/metropoleemfoco.com.br\/index.php?rest_route=\/wp\/v2\/posts\/9630\/revisions\/9650"}],"wp:featuredmedia":[{"embeddable":true,"href":"http:\/\/metropoleemfoco.com.br\/index.php?rest_route=\/wp\/v2\/media\/9648"}],"wp:attachment":[{"href":"http:\/\/metropoleemfoco.com.br\/index.php?rest_route=%2Fwp%2Fv2%2Fmedia&parent=9630"}],"wp:term":[{"taxonomy":"category","embeddable":true,"href":"http:\/\/metropoleemfoco.com.br\/index.php?rest_route=%2Fwp%2Fv2%2Fcategories&post=9630"},{"taxonomy":"post_tag","embeddable":true,"href":"http:\/\/metropoleemfoco.com.br\/index.php?rest_route=%2Fwp%2Fv2%2Ftags&post=9630"}],"curies":[{"name":"wp","href":"https:\/\/api.w.org\/{rel}","templated":true}]}}