{"id":9629,"date":"2025-07-08T12:03:23","date_gmt":"2025-07-08T15:03:23","guid":{"rendered":"https:\/\/metropoleemfoco.com.br\/?p=9629"},"modified":"2025-07-08T12:03:23","modified_gmt":"2025-07-08T15:03:23","slug":"seduc-realiza-visitas-a-escolas-para-fortalecer-adesao-a-educacao-de-jovens-e-adultos","status":"publish","type":"post","link":"http:\/\/metropoleemfoco.com.br\/?p=9629","title":{"rendered":"Seduc realiza visitas a escolas para fortalecer ades\u00e3o \u00e0 Educa\u00e7\u00e3o de Jovens e Adultos"},"content":{"rendered":"<header class=\"artigo__cabecalho\">\n<h1 class=\"artigo__titulo\">Seduc realiza visitas a escolas para fortalecer ades\u00e3o \u00e0 Educa\u00e7\u00e3o de Jovens e Adultos<\/h1>\n<p class=\"artigo__pubdate\">\n<\/header>\n<figure class=\"artigo__ilustracao\"><figcaption class=\"artigo__ilustracao__legenda\">Visitas fazem parte da estrat\u00e9gia de expans\u00e3o da EJA no Rio Grande do Sul &#8211;\u00a0<span class=\"artigo__ilustracao__credito\">Foto: Flavia Azolin<\/span><\/figcaption><\/figure>\n<div class=\"artigo__texto\">\n<div>\n<p dir=\"ltr\">Com o objetivo de esclarecer d\u00favidas, escutar as comunidades escolares e incentivar a ades\u00e3o \u00e0 modalidade de Educa\u00e7\u00e3o de Jovens e Adultos (EJA), a Secretaria da Educa\u00e7\u00e3o (Seduc) realizou, entre os dias 1\u00ba e 3 de julho, uma s\u00e9rie de visitas a escolas da rede estadual. A a\u00e7\u00e3o faz parte da estrat\u00e9gia de expans\u00e3o da EJA no Rio Grande do Sul, visando ampliar o acesso \u00e0 educa\u00e7\u00e3o para aqueles que ainda n\u00e3o conclu\u00edram os estudos.<\/p>\n<p dir=\"ltr\">As visitas ocorreram, at\u00e9 o momento, em seis institui\u00e7\u00f5es de ensino: a Escola Estadual de Ensino M\u00e9dio Rafaela Remi\u00e3o e a Escola Estadual de Ensino M\u00e9dio Agr\u00f4nomo Pedro Pereira, no dia 1\u00ba; o Col\u00e9gio Estadual Engenheiro Ildo Meneghetti e o Col\u00e9gio Estadual de Ensino M\u00e9dio Raul Pilla, no dia 2; e, encerrando o roteiro, o Col\u00e9gio Estadual J\u00falio de Castilhos e o Col\u00e9gio Estadual In\u00e1cio Montanha, no dia 3 de julho.<\/p>\n<div class=\"artigo__ilustracao--carousel\">\n<div class=\"wrapper-galeria\">\n<div class=\"textmidia-image-carousel owl-carousel owl-theme\">\n<div class=\"owl-wrapper-outer\">\n<div class=\"owl-wrapper\">\n<div class=\"owl-item\">\n<div class=\"item\">\n<figure class=\"\"><a title=\"Seduc realiza visitas a escolas para fortalecer ades\u00e3o \u00e0 Educa\u00e7\u00e3o de Jovens e Adultos\" href=\"https:\/\/educacao.rs.gov.br\/upload\/recortes\/202507\/04111114_329657_GDO.png\" data-credito=\"Flavia Azolin | Comunica\u00e7\u00e3o SEDUC-RS\" data-urlamigavel=\"\/midia\/imagem\/04111114-visitas-eja-0107-06-png\" data-label-credito=\"Foto: \"><img decoding=\"async\" class=\"img-responsive thumbnail\" src=\"https:\/\/educacao.rs.gov.br\/upload\/recortes\/202507\/04111114_329657_TH.png\" alt=\"Seduc realiza visitas a escolas para fortalecer ades\u00e3o \u00e0 Educa\u00e7\u00e3o de Jovens e Adultos\" \/><\/a><\/figure>\n<\/div>\n<\/div>\n<div class=\"owl-item\">\n<div class=\"item\">\n<figure class=\"\"><a title=\"Seduc realiza visitas a escolas para fortalecer ades\u00e3o \u00e0 Educa\u00e7\u00e3o de Jovens e Adultos\" href=\"https:\/\/educacao.rs.gov.br\/upload\/recortes\/202507\/04111128_329668_GDO.png\" data-credito=\"Flavia Azolin | Comunica\u00e7\u00e3o SEDUC-RS\" data-urlamigavel=\"\/midia\/imagem\/04111128-visitas-eja-0107-08-png\" data-label-credito=\"Foto: \"><img decoding=\"async\" class=\"img-responsive thumbnail\" src=\"https:\/\/educacao.rs.gov.br\/upload\/recortes\/202507\/04111128_329668_TH.png\" alt=\"Seduc realiza visitas a escolas para fortalecer ades\u00e3o \u00e0 Educa\u00e7\u00e3o de Jovens e Adultos\" \/><\/a><\/figure>\n<\/div>\n<\/div>\n<div class=\"owl-item\">\n<div class=\"item\">\n<figure class=\"\"><a title=\"Seduc realiza visitas a escolas para fortalecer ades\u00e3o \u00e0 Educa\u00e7\u00e3o de Jovens e Adultos\" href=\"https:\/\/educacao.rs.gov.br\/upload\/recortes\/202507\/04111145_329679_GDO.png\" data-credito=\"Flavia Azolin | Comunica\u00e7\u00e3o SEDUC-RS\" data-urlamigavel=\"\/midia\/imagem\/04111145-visitas-eja-0107-07-png\" data-label-credito=\"Foto: \"><img decoding=\"async\" class=\"img-responsive thumbnail\" src=\"https:\/\/educacao.rs.gov.br\/upload\/recortes\/202507\/04111145_329679_TH.png\" alt=\"Seduc realiza visitas a escolas para fortalecer ades\u00e3o \u00e0 Educa\u00e7\u00e3o de Jovens e Adultos\" \/><\/a><\/figure>\n<\/div>\n<\/div>\n<div class=\"owl-item\">\n<div class=\"item\">\n<figure class=\"\"><a title=\"Seduc realiza visitas a escolas para fortalecer ades\u00e3o \u00e0 Educa\u00e7\u00e3o de Jovens e Adultos\" href=\"https:\/\/educacao.rs.gov.br\/upload\/recortes\/202507\/04111159_329690_GDO.png\" data-credito=\"Flavia Azolin | Comunica\u00e7\u00e3o SEDUC-RS\" data-urlamigavel=\"\/midia\/imagem\/04111159-visitas-eja-0107-09-png\" data-label-credito=\"Foto: \"><img decoding=\"async\" class=\"img-responsive thumbnail\" src=\"https:\/\/educacao.rs.gov.br\/upload\/recortes\/202507\/04111159_329690_TH.png\" alt=\"Seduc realiza visitas a escolas para fortalecer ades\u00e3o \u00e0 Educa\u00e7\u00e3o de Jovens e Adultos\" \/><\/a><\/figure>\n<\/div>\n<\/div>\n<\/div>\n<\/div>\n<\/div>\n<\/div>\n<\/div>\n<p dir=\"ltr\">A comitiva da Seduc foi composta por representantes das diferentes subsecretarias da Seduc ligados \u00e0 gest\u00e3o e \u00e0s modalidades de ensino. Estiveram presentes Neri Barcelos, subsecret\u00e1ria de Governan\u00e7a e Gest\u00e3o da Rede Escolar; Cl\u00e1udia Feij\u00f3, diretora do Departamento de Modalidades e Atendimento Especializado; Vivian Viganico, chefe da Divis\u00e3o de Educa\u00e7\u00e3o Especial e EJA; Angela Burch, Denise Teresinha Kulmann e Maria Fernanda da Silva, assessoras da EJA; Isabel Teixeira, diretora do Departamento de Apoio \u00e0 Gest\u00e3o Escolar; Caroline Heller, coordenadora de gabinete da \u00a0Superintend\u00eancia da Educa\u00e7\u00e3o Profissional (SUEPRO); e Marlos Tadeu Bezerra de Melo, assessor da SUEPRO.<\/p>\n<figure class=\"artigo__ilustracao\"><a href=\"https:\/\/educacao.rs.gov.br\/upload\/recortes\/202507\/04110959_329646_GDO.png\" data-credito=\"Flavia Azolin | Comunica\u00e7\u00e3o SEDUC-RS\" data-urlamigavel=\"\/midia\/imagem\/04110959-visitas-eja-0107-05-png\" data-legenda=\"Seduc realiza visitas a escolas para fortalecer ades\u00e3o \u00e0 Educa\u00e7\u00e3o de Jovens e Adultos\" data-label-credito=\"Foto: \"><img decoding=\"async\" class=\"img-responsive\" src=\"https:\/\/educacao.rs.gov.br\/upload\/recortes\/202507\/04110959_329646_GDO.png\" alt=\"Seduc realiza visitas a escolas para fortalecer ades\u00e3o \u00e0 Educa\u00e7\u00e3o de Jovens e Adultos\" \/><\/a><figcaption class=\"artigo__ilustracao__legenda\">Seduc realiza visitas a escolas para fortalecer ades\u00e3o \u00e0 Educa\u00e7\u00e3o de Jovens e Adultos &#8211;\u00a0<span class=\"artigo__ilustracao__credito\">Foto: Flavia Azolin | Comunica\u00e7\u00e3o SEDUC-RS<\/span><\/figcaption><\/figure>\n<p dir=\"ltr\">Segundo a diretora do Departamento de Modalidades e Atendimento Especializado, Cl\u00e1udia Feij\u00f3, as visitas representaram um importante passo na mobiliza\u00e7\u00e3o das equipes escolares. \u201cAs visitas contribu\u00edram significativamente para a divulga\u00e7\u00e3o da expans\u00e3o da EJA. Al\u00e9m de levar informa\u00e7\u00f5es, foram uma oportunidade importante de escuta \u00e0s escolas e de di\u00e1logo com dire\u00e7\u00f5es, professores e estudantes, bem como de sensibilizar as equipes escolares sobre a Educa\u00e7\u00e3o de Jovens e Adultos e os caminhos poss\u00edveis para sua amplia\u00e7\u00e3o. \u00c9 um momento em que a Seduc demonstra total compromisso com a Educa\u00e7\u00e3o de Jovens e Adultos. O balan\u00e7o \u00e9 positivo, especialmente pelo contato direto com as realidades locais e pelo fortalecimento do v\u00ednculo com as equipes envolvidas\u201d, avaliou.<\/p>\n<p dir=\"ltr\">A iniciativa refor\u00e7a o compromisso da Seduc com a oferta de uma educa\u00e7\u00e3o inclusiva, equitativa e de qualidade, promovendo o direito \u00e0 aprendizagem ao longo da vida.<\/p>\n<p>Fonte: Gov.br<\/p>\n<\/div>\n<\/div>\n","protected":false},"excerpt":{"rendered":"<p>Seduc realiza visitas a escolas para fortalecer ades\u00e3o \u00e0 Educa\u00e7\u00e3o de Jovens e Adultos Visitas fazem parte da estrat\u00e9gia de<\/p>\n","protected":false},"author":1,"featured_media":9646,"comment_status":"open","ping_status":"open","sticky":false,"template":"","format":"standard","meta":{"colormag_page_container_layout":"default_layout","colormag_page_sidebar_layout":"default_layout","footnotes":""},"categories":[1],"tags":[],"class_list":["post-9629","post","type-post","status-publish","format-standard","has-post-thumbnail","hentry","category-geral"],"_links":{"self":[{"href":"http:\/\/metropoleemfoco.com.br\/index.php?rest_route=\/wp\/v2\/posts\/9629","targetHints":{"allow":["GET"]}}],"collection":[{"href":"http:\/\/metropoleemfoco.com.br\/index.php?rest_route=\/wp\/v2\/posts"}],"about":[{"href":"http:\/\/metropoleemfoco.com.br\/index.php?rest_route=\/wp\/v2\/types\/post"}],"author":[{"embeddable":true,"href":"http:\/\/metropoleemfoco.com.br\/index.php?rest_route=\/wp\/v2\/users\/1"}],"replies":[{"embeddable":true,"href":"http:\/\/metropoleemfoco.com.br\/index.php?rest_route=%2Fwp%2Fv2%2Fcomments&post=9629"}],"version-history":[{"count":1,"href":"http:\/\/metropoleemfoco.com.br\/index.php?rest_route=\/wp\/v2\/posts\/9629\/revisions"}],"predecessor-version":[{"id":9647,"href":"http:\/\/metropoleemfoco.com.br\/index.php?rest_route=\/wp\/v2\/posts\/9629\/revisions\/9647"}],"wp:featuredmedia":[{"embeddable":true,"href":"http:\/\/metropoleemfoco.com.br\/index.php?rest_route=\/wp\/v2\/media\/9646"}],"wp:attachment":[{"href":"http:\/\/metropoleemfoco.com.br\/index.php?rest_route=%2Fwp%2Fv2%2Fmedia&parent=9629"}],"wp:term":[{"taxonomy":"category","embeddable":true,"href":"http:\/\/metropoleemfoco.com.br\/index.php?rest_route=%2Fwp%2Fv2%2Fcategories&post=9629"},{"taxonomy":"post_tag","embeddable":true,"href":"http:\/\/metropoleemfoco.com.br\/index.php?rest_route=%2Fwp%2Fv2%2Ftags&post=9629"}],"curies":[{"name":"wp","href":"https:\/\/api.w.org\/{rel}","templated":true}]}}