{"id":9627,"date":"2025-07-08T11:59:08","date_gmt":"2025-07-08T14:59:08","guid":{"rendered":"https:\/\/metropoleemfoco.com.br\/?p=9627"},"modified":"2025-07-08T11:59:08","modified_gmt":"2025-07-08T14:59:08","slug":"o-que-se-sabe-e-o-que-falta-saber-sobre-o-caso-do-empresario-morto-a-tiros-dentro-de-porsche-em-sp","status":"publish","type":"post","link":"http:\/\/metropoleemfoco.com.br\/?p=9627","title":{"rendered":"O que se sabe e o que falta saber sobre o caso do empres\u00e1rio morto a tiros dentro de Porsche em SP"},"content":{"rendered":"<div class=\"mc-article-header\">\n<div class=\"row content-head mc-column non-featured \">\n<div class=\"title\" data-block-type=\"title\" data-block-id=\"0\">\n<h1 class=\"content-head__title\">O que se sabe e o que falta saber sobre o caso do empres\u00e1rio morto a tiros dentro de Porsche em SP<\/h1>\n<\/div>\n<div class=\"medium-centered subtitle\">\n<h2 class=\"content-head__subtitle\">Crime aconteceu no s\u00e1bado (5), em Guarulhos, na Grande S\u00e3o Paulo. Dois homens em duas motos abordaram o empres\u00e1rio Rodrigo Ponce, de 35 anos, e atiraram nele. A pol\u00edcia investiga se Rodrigo foi alvo de um crime premeditado ou morto durante uma tentativa de roubo.<\/h2>\n<\/div>\n<\/div>\n<div><\/div>\n<div class=\"content__signa-share mc-column\">\n<div class=\"content__signature\">\n<div class=\"content-publication-data\">\n<div class=\"content-publication-data__text\">\n<p class=\"content-publication-data__from\" title=\"Reda\u00e7\u00e3o TV Globo e g1 SP\">Por\u00a0<a class=\"multi_signatures\" href=\"https:\/\/g1.globo.com\/autores\/redacao-tv-globo-e-g1-sp\/\">Reda\u00e7\u00e3o TV Globo e g1 SP<\/a>\u00a0\u2014 S\u00e3o Paulo<\/p>\n<\/div>\n<\/div>\n<\/div>\n<\/div>\n<div class=\"glb-share-bar content__share-bar\">\n<div class=\"glb-share-bar_icons\">\n<div class=\"glb-share-bar_button-img\"><\/div>\n<\/div>\n<\/div>\n<\/div>\n<div class=\"mc-article-body\">\n<article>\n<div id=\"chunk-4mr9u\">\n<div class=\"cxm-video-block mc-column  content-media content-video\" data-block-type=\"backstage-video\" data-block-id=\"2\">\n<div class=\"content-media__container content-media__container--codex-fallback\">\n<div class=\"content-video__bigger-player-description-fixer\">\n<article class=\"content-video\">\n<section class=\"content-video__video-container\">\n<div class=\"content-video__video\">\n<div class=\"content-video__placeholder\" data-video-id=\"13735550\"><img decoding=\"async\" class=\"content-video__placeholder__thumb\" title=\"Empres\u00e1rio \u00e9 assassinado a bordo de Porsche na Vila Barros, em Guarulhos, na Grande SP\" src=\"https:\/\/s03.video.glbimg.com\/x240\/13735550.jpg\" alt=\"Empres\u00e1rio \u00e9 assassinado a bordo de Porsche na Vila Barros, em Guarulhos, na Grande SP\" \/><\/div>\n<\/div>\n<\/section>\n<\/article>\n<\/div>\n<div class=\"bs-block-video__container\">\n<p class=\"codex-caption codex-caption--small\">Empres\u00e1rio \u00e9 assassinado a bordo de Porsche na Vila Barros, em Guarulhos, na Grande SP<\/p>\n<\/div>\n<\/div>\n<\/div>\n<\/div>\n<div id=\"chunk-c7e98\">\n<div class=\"mc-column content-text active-extra-styles \" data-block-type=\"unstyled\" data-block-weight=\"55\" data-block-id=\"3\">\n<p class=\" content-text__container \" data-track-category=\"Link no Texto\" data-track-links=\"\" data-mrf-recirculation=\"Mat\u00e9ria - Links no Texto\">O\u00a0<a class=\"\" href=\"https:\/\/g1.globo.com\/sp\/sao-paulo\/noticia\/2025\/07\/07\/policia-investiga-se-empresario-morto-dentro-porsche-em-sp-foi-executado-ou-vitima-de-latrocinio-caso-foi-registrado-como-homicidio.ghtml\" data-mrf-link=\"https:\/\/g1.globo.com\/sp\/sao-paulo\/noticia\/2025\/07\/07\/policia-investiga-se-empresario-morto-dentro-porsche-em-sp-foi-executado-ou-vitima-de-latrocinio-caso-foi-registrado-como-homicidio.ghtml\">empres\u00e1rio Rodrigo Ponce, de 35 anos, foi morto a tiros no s\u00e1bado (5) em Guarulhos<\/a>, na Grande S\u00e3o Paulo, enquanto dirigia um Porsche avaliado em at\u00e9 R$ 450 mil. Inicialmente registrado como homic\u00eddio, o caso levanta uma s\u00e9rie de quest\u00f5es que as\u00a0<a class=\"\" href=\"https:\/\/g1.globo.com\/sp\/sao-paulo\/noticia\/2025\/07\/07\/policia-investiga-se-empresario-morto-dentro-porsche-em-sp-foi-executado-ou-vitima-de-latrocinio-caso-foi-registrado-como-homicidio.ghtml\" data-mrf-link=\"https:\/\/g1.globo.com\/sp\/sao-paulo\/noticia\/2025\/07\/07\/policia-investiga-se-empresario-morto-dentro-porsche-em-sp-foi-executado-ou-vitima-de-latrocinio-caso-foi-registrado-como-homicidio.ghtml\">autoridades buscam esclarecer para determinar a motiva\u00e7\u00e3o\u00a0<\/a>e os autores do crime.<\/p>\n<\/div>\n<\/div>\n<div class=\"wall protected-content\">\n<div id=\"chunk-9u0mn\">\n<div class=\"mc-column content-text active-extra-styles \" data-block-type=\"unstyled\" data-block-weight=\"19\" data-block-id=\"5\">\n<p class=\" content-text__container \" data-track-category=\"Link no Texto\" data-track-links=\"\" data-mrf-recirculation=\"Mat\u00e9ria - Links no Texto\"><strong>Confira abaixo o que j\u00e1 se sabe sobre a morte do empres\u00e1rio e o que ainda precisa ser esclarecido:<\/strong><\/p>\n<\/div>\n<\/div>\n<div id=\"chunk-236li\">\n<div class=\"mc-column content-text active-extra-styles\" data-block-type=\"raw\" data-block-weight=\"58\" data-block-id=\"7\">\n<ol class=\"content-ordered-list theme-ordered-list-color-primary\">\n<li><a class=\"\" href=\"https:\/\/g1.globo.com\/sp\/sao-paulo\/noticia\/2025\/07\/08\/o-que-se-sabe-e-o-que-falta-saber-sobre-o-caso-do-empresario-morto-a-tiros-dentro-de-porsche-em-sp.ghtml#1\"><strong>Quem era a v\u00edtima?<\/strong><\/a><\/li>\n<li><a class=\"\" href=\"https:\/\/g1.globo.com\/sp\/sao-paulo\/noticia\/2025\/07\/08\/o-que-se-sabe-e-o-que-falta-saber-sobre-o-caso-do-empresario-morto-a-tiros-dentro-de-porsche-em-sp.ghtml#2\"><strong>Como o crime ocorreu?<\/strong><\/a><\/li>\n<li><a class=\"\" href=\"https:\/\/g1.globo.com\/sp\/sao-paulo\/noticia\/2025\/07\/08\/o-que-se-sabe-e-o-que-falta-saber-sobre-o-caso-do-empresario-morto-a-tiros-dentro-de-porsche-em-sp.ghtml#3\"><strong>O que foi levado pelos criminosos?<\/strong><\/a><\/li>\n<li><a class=\"\" href=\"https:\/\/g1.globo.com\/sp\/sao-paulo\/noticia\/2025\/07\/08\/o-que-se-sabe-e-o-que-falta-saber-sobre-o-caso-do-empresario-morto-a-tiros-dentro-de-porsche-em-sp.ghtml#4\"><strong>O que a fam\u00edlia relatou \u00e0 pol\u00edcia?<\/strong><\/a><\/li>\n<li><a class=\"\" href=\"https:\/\/g1.globo.com\/sp\/sao-paulo\/noticia\/2025\/07\/08\/o-que-se-sabe-e-o-que-falta-saber-sobre-o-caso-do-empresario-morto-a-tiros-dentro-de-porsche-em-sp.ghtml#5\"><strong>Como a pol\u00edcia est\u00e1 investigando o caso?<\/strong><\/a><\/li>\n<li><a class=\"\" href=\"https:\/\/g1.globo.com\/sp\/sao-paulo\/noticia\/2025\/07\/08\/o-que-se-sabe-e-o-que-falta-saber-sobre-o-caso-do-empresario-morto-a-tiros-dentro-de-porsche-em-sp.ghtml#6\"><strong>Qual a motiva\u00e7\u00e3o do crime?<\/strong><\/a><\/li>\n<li><a class=\"\" href=\"https:\/\/g1.globo.com\/sp\/sao-paulo\/noticia\/2025\/07\/08\/o-que-se-sabe-e-o-que-falta-saber-sobre-o-caso-do-empresario-morto-a-tiros-dentro-de-porsche-em-sp.ghtml#7\"><strong>O empres\u00e1rio tentou reagir?<\/strong><\/a><\/li>\n<li><a class=\"\" href=\"https:\/\/g1.globo.com\/sp\/sao-paulo\/noticia\/2025\/07\/08\/o-que-se-sabe-e-o-que-falta-saber-sobre-o-caso-do-empresario-morto-a-tiros-dentro-de-porsche-em-sp.ghtml#8\"><strong>Rodrigo vinha sendo seguido ou havia recebido amea\u00e7as?<\/strong><\/a><\/li>\n<li><a class=\"\" href=\"https:\/\/g1.globo.com\/sp\/sao-paulo\/noticia\/2025\/07\/08\/o-que-se-sabe-e-o-que-falta-saber-sobre-o-caso-do-empresario-morto-a-tiros-dentro-de-porsche-em-sp.ghtml#9\"><strong>Qual a identidade dos autores do crime?<\/strong><\/a><\/li>\n<li><a class=\"\" href=\"https:\/\/g1.globo.com\/sp\/sao-paulo\/noticia\/2025\/07\/08\/o-que-se-sabe-e-o-que-falta-saber-sobre-o-caso-do-empresario-morto-a-tiros-dentro-de-porsche-em-sp.ghtml#10\"><strong>Qual o papel do terceiro suspeito?<\/strong><\/a><\/li>\n<\/ol>\n<\/div>\n<\/div>\n<div id=\"chunk-1fgmb\">\n<div class=\"mc-column content-text active-extra-styles\" data-block-type=\"raw\" data-block-weight=\"5\" data-block-id=\"8\">\n<div class=\"content-intertitle\">\n<h2>1) Quem era a v\u00edtima?<\/h2>\n<\/div>\n<\/div>\n<\/div>\n<div id=\"chunk-4aks1\">\n<div class=\"row medium-uncollapsed content-media content-photo\" data-block-type=\"backstage-photo\" data-block-id=\"9\">\n<div class=\" mc-column  content-media__container\">\n<div class=\"content-media-container glb-skeleton-box\">\n<figure class=\"content-media-figure\"><img decoding=\"async\" class=\"i-amphtml-fill-content i-amphtml-replaced-content\" src=\"https:\/\/s2-g1.glbimg.com\/X_lRRluRWAE562XNPmpQkEtcsVc=\/0x0:1200x800\/984x0\/smart\/filters:strip_icc()\/i.s3.glbimg.com\/v1\/AUTH_59edd422c0c84a879bd37670ae4f538a\/internal_photos\/bs\/2025\/P\/W\/WWFnzCQVCLOYjwXdBOXw\/ricardo-ponce-4.avif\" sizes=\"(max-width: 1600px) 648px, 100vw\" srcset=\"https:\/\/s2-g1.glbimg.com\/IVV4UgV0ckQ69Wmp_-qnYJ9OuEg=\/0x0:1200x800\/1000x0\/smart\/filters:strip_icc()\/i.s3.glbimg.com\/v1\/AUTH_59edd422c0c84a879bd37670ae4f538a\/internal_photos\/bs\/2025\/P\/W\/WWFnzCQVCLOYjwXdBOXw\/ricardo-ponce-4.avif 1000w, https:\/\/s2-g1.glbimg.com\/X_lRRluRWAE562XNPmpQkEtcsVc=\/0x0:1200x800\/984x0\/smart\/filters:strip_icc()\/i.s3.glbimg.com\/v1\/AUTH_59edd422c0c84a879bd37670ae4f538a\/internal_photos\/bs\/2025\/P\/W\/WWFnzCQVCLOYjwXdBOXw\/ricardo-ponce-4.avif 984w, https:\/\/s2-g1.glbimg.com\/HOk7ScWqSplmq7R_OwA3vYqkDVs=\/0x0:1200x800\/640x0\/smart\/filters:strip_icc()\/i.s3.glbimg.com\/v1\/AUTH_59edd422c0c84a879bd37670ae4f538a\/internal_photos\/bs\/2025\/P\/W\/WWFnzCQVCLOYjwXdBOXw\/ricardo-ponce-4.avif 640w, https:\/\/s2-g1.glbimg.com\/u7PRzoeqUAbcaHd0CbDHFG0A-ZY=\/0x0:1200x800\/600x0\/smart\/filters:strip_icc()\/i.s3.glbimg.com\/v1\/AUTH_59edd422c0c84a879bd37670ae4f538a\/internal_photos\/bs\/2025\/P\/W\/WWFnzCQVCLOYjwXdBOXw\/ricardo-ponce-4.avif 600w\" alt=\"Rodrigo Ponce, empres\u00e1rio morto a tiros dentro de Porsche em Guarulhos \u2014 Foto: Reprodu\u00e7\u00e3o\/Instagram\" \/><\/figure>\n<\/div>\n<p class=\"content-media__description  \">Rodrigo Ponce, empres\u00e1rio morto a tiros dentro de Porsche em Guarulhos \u2014 Foto: Reprodu\u00e7\u00e3o\/Instagram<\/p>\n<\/div>\n<\/div>\n<\/div>\n<div id=\"chunk-a66mr\">\n<div class=\"mc-column content-text active-extra-styles \" data-block-type=\"unstyled\" data-block-weight=\"62\" data-block-id=\"11\">\n<p class=\" content-text__container \" data-track-category=\"Link no Texto\" data-track-links=\"\" data-mrf-recirculation=\"Mat\u00e9ria - Links no Texto\">A v\u00edtima era\u00a0<a class=\"\" href=\"https:\/\/g1.globo.com\/sp\/sao-paulo\/noticia\/2025\/07\/06\/quem-era-rodrigo-ponce-empresario-morto-a-tiros-dentro-de-porsche-em-guarulhos.ghtml\" data-mrf-link=\"https:\/\/g1.globo.com\/sp\/sao-paulo\/noticia\/2025\/07\/06\/quem-era-rodrigo-ponce-empresario-morto-a-tiros-dentro-de-porsche-em-guarulhos.ghtml\">Rodrigo J\u00fanior da Silva Ponce, um empres\u00e1rio de 35 anos<\/a>. Ele era conhecido em\u00a0<a class=\"\" href=\"https:\/\/g1.globo.com\/sp\/sao-paulo\/cidade\/guarulhos\/\" data-mrf-link=\"https:\/\/g1.globo.com\/sp\/sao-paulo\/cidade\/guarulhos\/\">Guarulhos<\/a> como um profissional bem-sucedido, dono de uma empresa de caminh\u00f5es e terraplanagem. Rodrigo costumava compartilhar nas redes sociais momentos de lazer, viagens, carros de luxo e sua rotina com amigos. Al\u00e9m disso, ele era CAC (colecionador, atirador desportivo e ca\u00e7ador) e costumava andar armado.<\/p>\n<\/div>\n<\/div>\n<div id=\"chunk-1n1j2\">\n<div class=\"mc-column content-text active-extra-styles\" data-block-type=\"raw\" data-block-weight=\"5\" data-block-id=\"12\">\n<div class=\"content-intertitle\">\n<h2>2) Como o crime ocorreu?<\/h2>\n<\/div>\n<\/div>\n<\/div>\n<div id=\"chunk-276oi\">\n<div class=\"mc-column content-text active-extra-styles \" data-block-type=\"unstyled\" data-block-weight=\"48\" data-block-id=\"13\">\n<p class=\" content-text__container \" data-track-category=\"Link no Texto\" data-track-links=\"\" data-mrf-recirculation=\"Mat\u00e9ria - Links no Texto\">Dois homens em duas motos diferentes abordaram o empres\u00e1rio e atiraram contra ele. C\u00e2meras de seguran\u00e7a mostram que, momentos antes da abordagem, um terceiro suspeito em uma moto com ba\u00fa de entregas observou a rua e o Porsche passando, sugerindo que ele pode ter dado suporte aos atiradores.<\/p>\n<\/div>\n<\/div>\n<div id=\"chunk-75hos\">\n<div class=\"mc-column content-text active-extra-styles\" data-block-type=\"raw\" data-block-weight=\"7\" data-block-id=\"15\">\n<div class=\"content-intertitle\">\n<h2>3) O que foi levado pelos criminosos?<\/h2>\n<\/div>\n<\/div>\n<\/div>\n<div id=\"chunk-8cuka\">\n<div class=\"mc-column content-text active-extra-styles \" data-block-type=\"unstyled\" data-block-weight=\"62\" data-block-id=\"16\">\n<p class=\" content-text__container \" data-track-category=\"Link no Texto\" data-track-links=\"\" data-mrf-recirculation=\"Mat\u00e9ria - Links no Texto\">No local do crime, a v\u00edtima ainda estava com o celular, um rel\u00f3gio e an\u00e9is. No entanto, uma corrente que ele usava no pesco\u00e7o pode ter sido levada pelos criminosos. A pistola 9mm de Rodrigo n\u00e3o foi encontrada no carro, levantando a suspeita de que a arma tenha sido levada pelos suspeitos. Um coldre vazio foi encontrado preso \u00e0 cintura da v\u00edtima.<\/p>\n<\/div>\n<\/div>\n<div id=\"chunk-5ddm4\">\n<div class=\"mc-column content-text active-extra-styles\" data-block-type=\"raw\" data-block-weight=\"8\" data-block-id=\"17\">\n<div class=\"content-intertitle\">\n<h2>4) O que a fam\u00edlia relatou \u00e0 pol\u00edcia?<\/h2>\n<\/div>\n<\/div>\n<\/div>\n<div id=\"chunk-5img9\">\n<div class=\"mc-column content-text active-extra-styles \" data-block-type=\"unstyled\" data-block-weight=\"41\" data-block-id=\"19\">\n<p class=\" content-text__container \" data-track-category=\"Link no Texto\" data-track-links=\"\" data-mrf-recirculation=\"Mat\u00e9ria - Links no Texto\">A m\u00e3e do empres\u00e1rio prestou depoimento e afirmou que o filho era uma pessoa alegre, dedicada ao trabalho e que fazia aulas de tiro. Ela tamb\u00e9m confirmou que Rodrigo costumava carregar consigo itens de valor, como correntes de ouro e rel\u00f3gios.<\/p>\n<\/div>\n<\/div>\n<div id=\"chunk-anao3\">\n<div class=\"mc-column content-text active-extra-styles\" data-block-type=\"raw\" data-block-weight=\"8\" data-block-id=\"20\">\n<div class=\"content-intertitle\">\n<h2>5) Como a pol\u00edcia est\u00e1 investigando o caso?<\/h2>\n<\/div>\n<\/div>\n<\/div>\n<div id=\"chunk-8ci5j\">\n<div class=\"mc-column content-text active-extra-styles \" data-block-type=\"unstyled\" data-block-weight=\"76\" data-block-id=\"21\">\n<p class=\" content-text__container \" data-track-category=\"Link no Texto\" data-track-links=\"\" data-mrf-recirculation=\"Mat\u00e9ria - Links no Texto\">O caso foi registrado como homic\u00eddio no 1\u00ba Distrito Policial de Guarulhos, com apoio do Setor de Homic\u00eddios e Prote\u00e7\u00e3o \u00e0 Pessoa (SHPP). A pol\u00edcia j\u00e1 identificou as placas das motos usadas na a\u00e7\u00e3o \u2014 uma de S\u00e3o Paulo e outra de Hortol\u00e2ndia, na regi\u00e3o de Campinas \u2014, mas ambas s\u00e3o clonadas. Imagens de c\u00e2meras de seguran\u00e7a est\u00e3o sendo analisadas para identificar os autores do crime. Peritos realizaram buscas por evid\u00eancias no carro e na rua.<\/p>\n<\/div>\n<\/div>\n<div id=\"chunk-579o7\">\n<div class=\"mc-column content-text active-extra-styles\" data-block-type=\"raw\" data-block-weight=\"6\" data-block-id=\"23\">\n<div class=\"content-intertitle\">\n<h2>6) Qual a motiva\u00e7\u00e3o do crime?<\/h2>\n<\/div>\n<\/div>\n<\/div>\n<div id=\"chunk-8o7ve\">\n<div class=\"mc-column content-text active-extra-styles \" data-block-type=\"unstyled\" data-block-weight=\"30\" data-block-id=\"24\">\n<p class=\" content-text__container \" data-track-category=\"Link no Texto\" data-track-links=\"\" data-mrf-recirculation=\"Mat\u00e9ria - Links no Texto\">A Pol\u00edcia Civil investiga se o empres\u00e1rio foi alvo de um crime premeditado (execu\u00e7\u00e3o) ou se foi v\u00edtima de latroc\u00ednio, que \u00e9 o roubo que tem como resultado a morte.<\/p>\n<\/div>\n<\/div>\n<div id=\"chunk-5fikj\">\n<div class=\"mc-column content-text active-extra-styles\" data-block-type=\"raw\" data-block-weight=\"5\" data-block-id=\"25\">\n<div class=\"content-intertitle\">\n<h2>7) O empres\u00e1rio tentou reagir?<\/h2>\n<\/div>\n<\/div>\n<\/div>\n<div id=\"chunk-7msl2\">\n<div class=\"mc-column content-text active-extra-styles \" data-block-type=\"unstyled\" data-block-weight=\"12\" data-block-id=\"27\">\n<p class=\" content-text__container \" data-track-category=\"Link no Texto\" data-track-links=\"\" data-mrf-recirculation=\"Mat\u00e9ria - Links no Texto\">Ainda n\u00e3o est\u00e1 claro se Rodrigo tentou reagir \u00e0 abordagem dos criminosos.<\/p>\n<\/div>\n<\/div>\n<div id=\"chunk-bdiar\">\n<div class=\"mc-column content-text active-extra-styles\" data-block-type=\"raw\" data-block-weight=\"9\" data-block-id=\"28\">\n<div class=\"content-intertitle\">\n<h2>8) Rodrigo vinha sendo seguido ou havia recebido amea\u00e7as?<\/h2>\n<\/div>\n<\/div>\n<\/div>\n<div id=\"chunk-5j75p\">\n<div class=\"mc-column content-text active-extra-styles \" data-block-type=\"unstyled\" data-block-weight=\"19\" data-block-id=\"29\">\n<p class=\" content-text__container \" data-track-category=\"Link no Texto\" data-track-links=\"\" data-mrf-recirculation=\"Mat\u00e9ria - Links no Texto\">A Pol\u00edcia Civil ainda apura se o empres\u00e1rio vinha sendo seguido e se havia recebido amea\u00e7as antes do ataque.<\/p>\n<\/div>\n<\/div>\n<div id=\"chunk-cmim4\">\n<div class=\"mc-column content-text active-extra-styles\" data-block-type=\"raw\" data-block-weight=\"8\" data-block-id=\"30\">\n<div class=\"content-intertitle\">\n<h2>9) Qual a identidade dos autores do crime?<\/h2>\n<\/div>\n<\/div>\n<\/div>\n<div id=\"chunk-ag90n\">\n<div class=\"mc-column content-text active-extra-styles \" data-block-type=\"unstyled\" data-block-weight=\"35\" data-block-id=\"32\">\n<p class=\" content-text__container \" data-track-category=\"Link no Texto\" data-track-links=\"\" data-mrf-recirculation=\"Mat\u00e9ria - Links no Texto\">Embora as placas das motos tenham sido identificadas como clonadas, a identidade dos atiradores e do terceiro suspeito ainda \u00e9 desconhecida e est\u00e1 sendo buscada atrav\u00e9s da an\u00e1lise de c\u00e2meras de seguran\u00e7a e outras dilig\u00eancias.<\/p>\n<\/div>\n<\/div>\n<div id=\"chunk-9qrh8\">\n<div class=\"mc-column content-text active-extra-styles\" data-block-type=\"raw\" data-block-weight=\"7\" data-block-id=\"33\">\n<div class=\"content-intertitle\">\n<h2>10) Qual o papel do terceiro suspeito?<\/h2>\n<\/div>\n<\/div>\n<\/div>\n<div id=\"chunk-8joet\">\n<div class=\"mc-column content-text active-extra-styles \" data-block-type=\"unstyled\" data-block-weight=\"33\" data-block-id=\"34\">\n<p class=\" content-text__container \" data-track-category=\"Link no Texto\" data-track-links=\"\" data-mrf-recirculation=\"Mat\u00e9ria - Links no Texto\">O papel do homem em uma moto com ba\u00fa de entregas, que observou o Porsche momentos antes do ataque, ainda est\u00e1 sob investiga\u00e7\u00e3o para determinar se ele de fato deu suporte aos atiradores.<\/p>\n<p>Fonte: G1<\/p>\n<\/div>\n<\/div>\n<\/div>\n<\/article>\n<\/div>\n","protected":false},"excerpt":{"rendered":"<p>O que se sabe e o que falta saber sobre o caso do empres\u00e1rio morto a tiros dentro de Porsche<\/p>\n","protected":false},"author":1,"featured_media":9642,"comment_status":"open","ping_status":"open","sticky":false,"template":"","format":"standard","meta":{"colormag_page_container_layout":"default_layout","colormag_page_sidebar_layout":"default_layout","footnotes":""},"categories":[1],"tags":[],"class_list":["post-9627","post","type-post","status-publish","format-standard","has-post-thumbnail","hentry","category-geral"],"_links":{"self":[{"href":"http:\/\/metropoleemfoco.com.br\/index.php?rest_route=\/wp\/v2\/posts\/9627","targetHints":{"allow":["GET"]}}],"collection":[{"href":"http:\/\/metropoleemfoco.com.br\/index.php?rest_route=\/wp\/v2\/posts"}],"about":[{"href":"http:\/\/metropoleemfoco.com.br\/index.php?rest_route=\/wp\/v2\/types\/post"}],"author":[{"embeddable":true,"href":"http:\/\/metropoleemfoco.com.br\/index.php?rest_route=\/wp\/v2\/users\/1"}],"replies":[{"embeddable":true,"href":"http:\/\/metropoleemfoco.com.br\/index.php?rest_route=%2Fwp%2Fv2%2Fcomments&post=9627"}],"version-history":[{"count":1,"href":"http:\/\/metropoleemfoco.com.br\/index.php?rest_route=\/wp\/v2\/posts\/9627\/revisions"}],"predecessor-version":[{"id":9643,"href":"http:\/\/metropoleemfoco.com.br\/index.php?rest_route=\/wp\/v2\/posts\/9627\/revisions\/9643"}],"wp:featuredmedia":[{"embeddable":true,"href":"http:\/\/metropoleemfoco.com.br\/index.php?rest_route=\/wp\/v2\/media\/9642"}],"wp:attachment":[{"href":"http:\/\/metropoleemfoco.com.br\/index.php?rest_route=%2Fwp%2Fv2%2Fmedia&parent=9627"}],"wp:term":[{"taxonomy":"category","embeddable":true,"href":"http:\/\/metropoleemfoco.com.br\/index.php?rest_route=%2Fwp%2Fv2%2Fcategories&post=9627"},{"taxonomy":"post_tag","embeddable":true,"href":"http:\/\/metropoleemfoco.com.br\/index.php?rest_route=%2Fwp%2Fv2%2Ftags&post=9627"}],"curies":[{"name":"wp","href":"https:\/\/api.w.org\/{rel}","templated":true}]}}