{"id":9626,"date":"2025-07-08T11:56:20","date_gmt":"2025-07-08T14:56:20","guid":{"rendered":"https:\/\/metropoleemfoco.com.br\/?p=9626"},"modified":"2025-07-08T11:56:46","modified_gmt":"2025-07-08T14:56:46","slug":"9-de-julho-as-marcas-em-sao-paulo-da-revolucao-por-tras-do-feriado","status":"publish","type":"post","link":"http:\/\/metropoleemfoco.com.br\/?p=9626","title":{"rendered":"9 de julho: as marcas em S\u00e3o Paulo da revolu\u00e7\u00e3o por tr\u00e1s do feriado"},"content":{"rendered":"<div class=\"mc-article-header\">\n<div class=\"row content-head mc-column non-featured \">\n<div class=\"title\" data-block-type=\"title\" data-block-id=\"0\">\n<h1 class=\"content-head__title\">9 de julho: as marcas em S\u00e3o Paulo da revolu\u00e7\u00e3o por tr\u00e1s do feriado<\/h1>\n<\/div>\n<div class=\"medium-centered subtitle\">\n<h2 class=\"content-head__subtitle\">Embate entre tropas paulistas e federais por nova Constitui\u00e7\u00e3o durante governo de Get\u00falio Vargas durou 87 dias e deixou quase mil mortos.<\/h2>\n<\/div>\n<\/div>\n<div><\/div>\n<div class=\"content__signa-share mc-column\">\n<div class=\"content__signature\">\n<div class=\"content-publication-data\">\n<div class=\"content-publication-data__logo\"><a href=\"http:\/\/www.bbc.com\/portuguese\" target=\"_blank\" rel=\"noopener\"><img decoding=\"async\" class=\"i-amphtml-fill-content i-amphtml-replaced-content\" src=\"https:\/\/s2-g1.glbimg.com\/46ymDWUZFt2i-AfZe9ZZDx8RV58=\/48x48\/smart\/filters:strip_icc()\/s2-g1.glbimg.com\/Eq2Q0pn8d2Lb6hon-EKCrvXRdDU%3D\/600x0\/filters%3Aquality%2850%29\/https%3A\/\/i.s3.glbimg.com\/v1\/AUTH_59edd422c0c84a879bd37670ae4f538a\/internal_photos\/bs\/2025\/g\/i\/AztVSYRiSVsudGiiYxuw\/bbc-news-stacked-black-core-colour-rgb-hr.png\" alt=\"TOPO\" \/><\/a><\/div>\n<div class=\"content-publication-data__text\">\n<p class=\"content-publication-data__from\" title=\"Edison Veiga\">Por Edison Veiga<\/p>\n<\/div>\n<\/div>\n<\/div>\n<\/div>\n<div class=\"glb-share-bar content__share-bar\">\n<div class=\"glb-share-bar_icons\">\n<div class=\"glb-share-bar_button-img\"><\/div>\n<\/div>\n<\/div>\n<\/div>\n<div class=\"mc-article-body\">\n<article>\n<div id=\"chunk-37p5n\">\n<div class=\"row medium-uncollapsed content-media content-photo\" data-block-type=\"backstage-photo\" data-block-id=\"2\">\n<div class=\" mc-column content-media__container\">\n<div class=\"content-media-container glb-skeleton-box\">\n<figure class=\"content-media-figure\"><img decoding=\"async\" class=\"i-amphtml-fill-content i-amphtml-replaced-content\" src=\"https:\/\/s2-g1.glbimg.com\/hd2BPqSxuil-xMGrre6my1xxtC8=\/0x0:800x449\/984x0\/smart\/filters:strip_icc()\/i.s3.glbimg.com\/v1\/AUTH_59edd422c0c84a879bd37670ae4f538a\/internal_photos\/bs\/2025\/I\/H\/0m8s8OSBAdfB1lxSXmLQ\/1.png\" sizes=\"(max-width: 1600px) 648px, 100vw\" srcset=\"https:\/\/s2-g1.glbimg.com\/fL8T05Ite6rK5Rb6ODoYgy0fMX4=\/0x0:800x449\/1000x0\/smart\/filters:strip_icc()\/i.s3.glbimg.com\/v1\/AUTH_59edd422c0c84a879bd37670ae4f538a\/internal_photos\/bs\/2025\/I\/H\/0m8s8OSBAdfB1lxSXmLQ\/1.png 1000w, https:\/\/s2-g1.glbimg.com\/hd2BPqSxuil-xMGrre6my1xxtC8=\/0x0:800x449\/984x0\/smart\/filters:strip_icc()\/i.s3.glbimg.com\/v1\/AUTH_59edd422c0c84a879bd37670ae4f538a\/internal_photos\/bs\/2025\/I\/H\/0m8s8OSBAdfB1lxSXmLQ\/1.png 984w, https:\/\/s2-g1.glbimg.com\/35xuL9t0s8inXjVXU4d6duXHhmQ=\/0x0:800x449\/640x0\/smart\/filters:strip_icc()\/i.s3.glbimg.com\/v1\/AUTH_59edd422c0c84a879bd37670ae4f538a\/internal_photos\/bs\/2025\/I\/H\/0m8s8OSBAdfB1lxSXmLQ\/1.png 640w, https:\/\/s2-g1.glbimg.com\/NgvfE_aXWO3QeQ6pJLQ7pD2Xc8M=\/0x0:800x449\/600x0\/smart\/filters:strip_icc()\/i.s3.glbimg.com\/v1\/AUTH_59edd422c0c84a879bd37670ae4f538a\/internal_photos\/bs\/2025\/I\/H\/0m8s8OSBAdfB1lxSXmLQ\/1.png 600w\" alt=\"Obelisco do Ibirapuera guarda restos mortais dos quatro jovens mortos por tropas getulistas \u2014 Foto: RODRIGO ROMEO-ALESP\" \/><\/figure>\n<\/div>\n<p class=\"content-media__description \">Obelisco do Ibirapuera guarda restos mortais dos quatro jovens mortos por tropas getulistas \u2014 Foto: RODRIGO ROMEO-ALESP<\/p>\n<\/div>\n<\/div>\n<\/div>\n<div id=\"chunk-aalp6\">\n<div class=\"mc-column content-text active-extra-styles \" data-block-type=\"unstyled\" data-block-weight=\"32\" data-block-id=\"3\">\n<p class=\" content-text__container \" data-track-category=\"Link no Texto\" data-track-links=\"\" data-mrf-recirculation=\"Mat\u00e9ria - Links no Texto\">O dia 9 de julho \u00e9 feriado apenas no Estado de S\u00e3o Paulo desde 1997. E muitos ainda n\u00e3o fazem ideia do motivo. Afinal, o que foi a Revolu\u00e7\u00e3o Constitucionalista de 1932?<\/p>\n<\/div>\n<\/div>\n<div class=\"wall protected-content\">\n<div id=\"chunk-81koc\">\n<div class=\"mc-column content-text active-extra-styles \" data-block-type=\"unstyled\" data-block-weight=\"44\" data-block-id=\"5\">\n<p class=\" content-text__container \" data-track-category=\"Link no Texto\" data-track-links=\"\" data-mrf-recirculation=\"Mat\u00e9ria - Links no Texto\">Foi um movimento armado, que resultou da revolta generalizada no Estado de S\u00e3o Paulo contra o governo de Get\u00falio Vargas, que assumira o poder em 1930 com um golpe de Estado, derrubando o ent\u00e3o presidente Washington Lu\u00eds e impedindo a posse de seu sucessor.<\/p>\n<\/div>\n<\/div>\n<div id=\"chunk-568d1\">\n<div class=\"mc-column content-text active-extra-styles \" data-block-type=\"unstyled\" data-block-weight=\"16\" data-block-id=\"6\">\n<p class=\" content-text__container \" data-track-category=\"Link no Texto\" data-track-links=\"\" data-mrf-recirculation=\"Mat\u00e9ria - Links no Texto\">Vargas reduziu a autonomia dos Estados do pa\u00eds e indicava interventores para govern\u00e1-los segundo seus interesses.<\/p>\n<\/div>\n<\/div>\n<div id=\"chunk-42fnq\">\n<div class=\"mc-column content-text active-extra-styles \" data-block-type=\"unstyled\" data-block-weight=\"44\" data-block-id=\"7\">\n<p class=\" content-text__container \" data-track-category=\"Link no Texto\" data-track-links=\"\" data-mrf-recirculation=\"Mat\u00e9ria - Links no Texto\">Com o apoio de grupos econ\u00f4micos e pol\u00edticos locais, o levante \u2014 que resultou no maior conflito militar do pa\u00eds no s\u00e9culo 20 \u2014 teve in\u00edcio em 9 de julho de 1932 e terminou com a rendi\u00e7\u00e3o do Ex\u00e9rcito Constitucionalista em 2 de outubro.<\/p>\n<\/div>\n<\/div>\n<div id=\"chunk-1ni7b\">\n<div class=\"mc-column content-text active-extra-styles \" data-block-type=\"unstyled\" data-block-weight=\"25\" data-block-id=\"9\">\n<p class=\" content-text__container \" data-track-category=\"Link no Texto\" data-track-links=\"\" data-mrf-recirculation=\"Mat\u00e9ria - Links no Texto\">Seu estopim foram as mortes de quatro jovens paulistas por tropas getulistas durante uma manifesta\u00e7\u00e3o no Centro de S\u00e3o Paulo, no dia 23 de maio.<\/p>\n<\/div>\n<\/div>\n<div id=\"chunk-9m06o\">\n<div class=\"mc-column content-text active-extra-styles \" data-block-type=\"unstyled\" data-block-weight=\"40\" data-block-id=\"10\">\n<p class=\" content-text__container \" data-track-category=\"Link no Texto\" data-track-links=\"\" data-mrf-recirculation=\"Mat\u00e9ria - Links no Texto\">Os confrontos entre constitucionalistas e tropas enviadas por Get\u00falio \u2014 que conseguiu articular uma resposta militar com apoio de todos os Estados, exceto Mato Grosso \u2014, no interior do Estado e na capital, deixaram 934 mortos, entre eles, 634 constitucionalistas.<\/p>\n<\/div>\n<\/div>\n<div id=\"chunk-6262p\">\n<div class=\"row medium-uncollapsed content-media content-photo\" data-block-type=\"backstage-photo\" data-block-id=\"11\">\n<div class=\" mc-column content-media__container\">\n<div class=\"content-media-container glb-skeleton-box\">\n<figure class=\"content-media-figure\"><img decoding=\"async\" class=\"i-amphtml-fill-content i-amphtml-replaced-content\" src=\"https:\/\/s2-g1.glbimg.com\/pN4evk-fPqSprxteTNjMJnLpSis=\/0x0:304x304\/984x0\/smart\/filters:strip_icc()\/i.s3.glbimg.com\/v1\/AUTH_59edd422c0c84a879bd37670ae4f538a\/internal_photos\/bs\/2025\/b\/B\/ZB1sStRByzj738GrOxkg\/2.png\" sizes=\"(max-width: 1600px) 648px, 100vw\" srcset=\"https:\/\/s2-g1.glbimg.com\/MKhKBJO00ts-elw312RJZ7428os=\/0x0:304x304\/1000x0\/smart\/filters:strip_icc()\/i.s3.glbimg.com\/v1\/AUTH_59edd422c0c84a879bd37670ae4f538a\/internal_photos\/bs\/2025\/b\/B\/ZB1sStRByzj738GrOxkg\/2.png 1000w, https:\/\/s2-g1.glbimg.com\/pN4evk-fPqSprxteTNjMJnLpSis=\/0x0:304x304\/984x0\/smart\/filters:strip_icc()\/i.s3.glbimg.com\/v1\/AUTH_59edd422c0c84a879bd37670ae4f538a\/internal_photos\/bs\/2025\/b\/B\/ZB1sStRByzj738GrOxkg\/2.png 984w, https:\/\/s2-g1.glbimg.com\/_Jlr_VEmZRjGovUM4c2tPcJ-21w=\/0x0:304x304\/640x0\/smart\/filters:strip_icc()\/i.s3.glbimg.com\/v1\/AUTH_59edd422c0c84a879bd37670ae4f538a\/internal_photos\/bs\/2025\/b\/B\/ZB1sStRByzj738GrOxkg\/2.png 640w, https:\/\/s2-g1.glbimg.com\/oHvZs_CdvvDwyk928dG81J14dYU=\/0x0:304x304\/600x0\/smart\/filters:strip_icc()\/i.s3.glbimg.com\/v1\/AUTH_59edd422c0c84a879bd37670ae4f538a\/internal_photos\/bs\/2025\/b\/B\/ZB1sStRByzj738GrOxkg\/2.png 600w\" alt=\"Moeda usada em S\u00e3o Paulo durante revolu\u00e7\u00e3o de 1932 \u2014 Foto: ACERVO RICARDO DELLA ROSA\" \/><\/figure>\n<\/div>\n<p class=\"content-media__description \">Moeda usada em S\u00e3o Paulo durante revolu\u00e7\u00e3o de 1932 \u2014 Foto: ACERVO RICARDO DELLA ROSA<\/p>\n<\/div>\n<\/div>\n<\/div>\n<div id=\"chunk-9mdeg\">\n<div class=\"mc-column content-text active-extra-styles\" data-block-type=\"raw\" data-block-weight=\"1\" data-block-id=\"12\">\n<div class=\"content-intertitle\">\n<h2>Legado<\/h2>\n<\/div>\n<\/div>\n<\/div>\n<div id=\"chunk-dtugq\">\n<div class=\"mc-column content-text active-extra-styles \" data-block-type=\"unstyled\" data-block-weight=\"15\" data-block-id=\"13\">\n<p class=\" content-text__container \" data-track-category=\"Link no Texto\" data-track-links=\"\" data-mrf-recirculation=\"Mat\u00e9ria - Links no Texto\">Historiadores pintam um quadro de &#8220;vit\u00f3ria ap\u00f3s a derrota&#8221; ao analisar o legado do movimento.<\/p>\n<\/div>\n<\/div>\n<div id=\"chunk-8pk0e\">\n<div class=\"mc-column content-text active-extra-styles \" data-block-type=\"unstyled\" data-block-weight=\"53\" data-block-id=\"14\">\n<p class=\" content-text__container \" data-track-category=\"Link no Texto\" data-track-links=\"\" data-mrf-recirculation=\"Mat\u00e9ria - Links no Texto\">&#8220;Em termos de curto prazo, foi a conquista de todas as bandeiras pelas quais o Estado se bateu em 1932&#8221;, aponta o jornalista Luiz Octavio de Lima, autor de\u00a0<em>1932: S\u00e3o Paulo em Chamas<\/em> (editora Planeta, 2018). &#8220;O governo getulista convocou uma Assembleia Constituinte, o Congresso foi reaberto, e foram convocadas elei\u00e7\u00f5es gerais.&#8221;<\/p>\n<\/div>\n<\/div>\n<div id=\"chunk-788t0\">\n<div class=\"mc-column content-text active-extra-styles \" data-block-type=\"unstyled\" data-block-weight=\"31\" data-block-id=\"16\">\n<p class=\" content-text__container \" data-track-category=\"Link no Texto\" data-track-links=\"\" data-mrf-recirculation=\"Mat\u00e9ria - Links no Texto\">Como legado de longo prazo, ele aponta para &#8220;a valoriza\u00e7\u00e3o dos preceitos democr\u00e1ticos e a participa\u00e7\u00e3o popular. O conceito de cidadania, assim como a vigil\u00e2ncia mais pr\u00f3xima de governados sobre governantes&#8221;.<\/p>\n<\/div>\n<\/div>\n<div id=\"chunk-mfcq\">\n<div class=\"mc-column content-text active-extra-styles \" data-block-type=\"unstyled\" data-block-weight=\"35\" data-block-id=\"17\">\n<p class=\" content-text__container \" data-track-category=\"Link no Texto\" data-track-links=\"\" data-mrf-recirculation=\"Mat\u00e9ria - Links no Texto\">O historiador Paulo Rezzutti v\u00ea fortes raz\u00f5es para as celebra\u00e7\u00f5es de 9 de Julho, &#8220;porque um Estado se levantou em armas por uma Constitui\u00e7\u00e3o e conseguiu, mesmo perdendo a revolu\u00e7\u00e3o, que a Constitui\u00e7\u00e3o fosse convocada&#8221;.<\/p>\n<\/div>\n<\/div>\n<div id=\"chunk-2jhdp\">\n<div class=\"cxm-video-block mc-column content-media content-video\" data-block-type=\"backstage-video\" data-block-id=\"18\">\n<div class=\"content-media__container content-media__container--codex-fallback\">\n<div class=\"content-video__bigger-player-description-fixer\">\n<article class=\"content-video\">\n<section class=\"content-video__video-container\">\n<div class=\"content-video__video\">\n<div class=\"content-video__placeholder\" data-video-id=\"12729503\"><img decoding=\"async\" class=\"content-video__placeholder__thumb\" title=\"9 de julho \u00e9 feriado ou ponto facultativo?\" src=\"https:\/\/s04.video.glbimg.com\/x240\/12729503.jpg\" alt=\"9 de julho \u00e9 feriado ou ponto facultativo?\" \/><\/div>\n<\/div>\n<\/section>\n<\/article>\n<\/div>\n<div class=\"bs-block-video__container\">\n<p class=\"codex-caption codex-caption--small\">9 de julho \u00e9 feriado ou ponto facultativo?<\/p>\n<\/div>\n<\/div>\n<\/div>\n<\/div>\n<div id=\"chunk-e1513\">\n<div class=\"mc-column content-text active-extra-styles \" data-block-type=\"unstyled\" data-block-weight=\"27\" data-block-id=\"19\">\n<p class=\" content-text__container \" data-track-category=\"Link no Texto\" data-track-links=\"\" data-mrf-recirculation=\"Mat\u00e9ria - Links no Texto\">&#8220;S\u00f3 isso j\u00e1 deveria ser comemorado. A Revolu\u00e7\u00e3o de 1932 foi, em parte, uma amostra do que o poder desse Estado era capaz de fazer se ignorado.&#8221;<\/p>\n<\/div>\n<\/div>\n<div id=\"chunk-fsne4\">\n<div class=\"mc-column content-text active-extra-styles \" data-block-type=\"unstyled\" data-block-weight=\"62\" data-block-id=\"20\">\n<p class=\" content-text__container \" data-track-category=\"Link no Texto\" data-track-links=\"\" data-mrf-recirculation=\"Mat\u00e9ria - Links no Texto\">Rezzutti tamb\u00e9m acha que o epis\u00f3dio n\u00e3o teve o destaque que merece na historiografia do pa\u00eds do s\u00e9culo 20. &#8220;Precisamos recordar que o governo de Get\u00falio Vargas, contra quem foi feito o levante, perdurou ainda por 13 anos, o que fez com que o assunto Revolu\u00e7\u00e3o Constitucionalista n\u00e3o pudesse ser mencionado na imprensa, discutido nas tribunas pol\u00edticas ou ensinado nas escolas&#8221;, pontua.<\/p>\n<\/div>\n<\/div>\n<div id=\"chunk-41f4b\">\n<div class=\"mc-column content-text active-extra-styles\" data-block-type=\"raw\" data-block-weight=\"65\" data-block-id=\"22\">\n<blockquote class=\"content-blockquote theme-border-color-primary-before\"><p>&#8220;A narrativa dessa guerra civil foi encampada pelos vencedores e durante muito tempo prevaleceram teses como a de que o movimento teve um cunho separatista e antinacional, que S\u00e3o Paulo desprezava o restante do pa\u00eds, quando, na verdade, a revolta nem havia sido estritamente paulista na sua origem, tendo obtido apoios no Sul, em Mato Grosso e partes de Minas Gerais, Bahia e Amazonas&#8221;, explica.<\/p><\/blockquote>\n<\/div>\n<\/div>\n<div id=\"chunk-d6qhk\">\n<div class=\"mc-column content-text active-extra-styles \" data-block-type=\"unstyled\" data-block-weight=\"55\" data-block-id=\"23\">\n<p class=\" content-text__container \" data-track-category=\"Link no Texto\" data-track-links=\"\" data-mrf-recirculation=\"Mat\u00e9ria - Links no Texto\">&#8220;Tamb\u00e9m dizia-se que era motivada por um desejo da elite cafeicultora e industrial de S\u00e3o Paulo de recuperar privil\u00e9gios perdidos ap\u00f3s a Revolu\u00e7\u00e3o de 1930, teoricamente de inspira\u00e7\u00e3o mais popular. Esses fatores tornaram o epis\u00f3dio distante do interesse de parte dos acad\u00eamicos. Mas, a partir dos anos de 1980, esses conceitos come\u00e7aram a ser revistos.&#8221;<\/p>\n<\/div>\n<\/div>\n<div id=\"chunk-2dmlj\">\n<div class=\"mc-column content-text active-extra-styles \" data-block-type=\"unstyled\" data-block-weight=\"41\" data-block-id=\"24\">\n<p class=\" content-text__container \" data-track-category=\"Link no Texto\" data-track-links=\"\" data-mrf-recirculation=\"Mat\u00e9ria - Links no Texto\">Para o pesquisador e colecionador Ricardo Della Rosa, que \u00e9 neto de combatentes, &#8220;a Revolu\u00e7\u00e3o mostrou que \u00e9 poss\u00edvel lutar por uma causa e, ainda que n\u00e3o tenham vencido no campo de batalha, os paulistas se uniram at\u00e9 as \u00faltimas consequ\u00eancias&#8221;.<\/p>\n<\/div>\n<\/div>\n<div id=\"chunk-23st9\">\n<div class=\"mc-column content-text active-extra-styles\" data-block-type=\"raw\" data-block-weight=\"54\" data-block-id=\"25\">\n<blockquote class=\"content-blockquote theme-border-color-primary-before\"><p>&#8220;E foram em frente. Em um curto per\u00edodo de tempo, produziram armas, chegaram a cunhar uma moeda pr\u00f3pria, enfim, em tr\u00eas meses, fizeram mais do que em anos. A tristeza \u00e9 que esse legado acabou n\u00e3o sendo passado em lugar algum, n\u00e3o virou mat\u00e9ria escolar, nada&#8230; \u00c9 um per\u00edodo quase omitido em nossa hist\u00f3ria.&#8221;<\/p><\/blockquote>\n<\/div>\n<\/div>\n<div id=\"chunk-en43u\">\n<div class=\"row medium-uncollapsed content-media content-photo\" data-block-type=\"backstage-photo\" data-block-id=\"27\">\n<div class=\" mc-column content-media__container\">\n<div class=\"content-media-container glb-skeleton-box\">\n<figure class=\"content-media-figure\"><img decoding=\"async\" class=\"i-amphtml-fill-content i-amphtml-replaced-content\" src=\"https:\/\/s2-g1.glbimg.com\/l3vkXeZNooji6fSTB8O7aK9fn_4=\/0x0:800x450\/984x0\/smart\/filters:strip_icc()\/i.s3.glbimg.com\/v1\/AUTH_59edd422c0c84a879bd37670ae4f538a\/internal_photos\/bs\/2025\/V\/X\/yr1316SrCIOKWJb5HACA\/3.png\" sizes=\"(max-width: 1600px) 648px, 100vw\" srcset=\"https:\/\/s2-g1.glbimg.com\/XZeZGiDrjmPBKXtNLKEEHQh1Lik=\/0x0:800x450\/1000x0\/smart\/filters:strip_icc()\/i.s3.glbimg.com\/v1\/AUTH_59edd422c0c84a879bd37670ae4f538a\/internal_photos\/bs\/2025\/V\/X\/yr1316SrCIOKWJb5HACA\/3.png 1000w, https:\/\/s2-g1.glbimg.com\/l3vkXeZNooji6fSTB8O7aK9fn_4=\/0x0:800x450\/984x0\/smart\/filters:strip_icc()\/i.s3.glbimg.com\/v1\/AUTH_59edd422c0c84a879bd37670ae4f538a\/internal_photos\/bs\/2025\/V\/X\/yr1316SrCIOKWJb5HACA\/3.png 984w, https:\/\/s2-g1.glbimg.com\/FWtPTnu0X06I0ZdmV24dPFeTN2w=\/0x0:800x450\/640x0\/smart\/filters:strip_icc()\/i.s3.glbimg.com\/v1\/AUTH_59edd422c0c84a879bd37670ae4f538a\/internal_photos\/bs\/2025\/V\/X\/yr1316SrCIOKWJb5HACA\/3.png 640w, https:\/\/s2-g1.glbimg.com\/x7fuYfTVJnUIa_1j7REWU2aqxbo=\/0x0:800x450\/600x0\/smart\/filters:strip_icc()\/i.s3.glbimg.com\/v1\/AUTH_59edd422c0c84a879bd37670ae4f538a\/internal_photos\/bs\/2025\/V\/X\/yr1316SrCIOKWJb5HACA\/3.png 600w\" alt=\"O obelisco \u00e9 uma das homenagens \u00e0 Revolu\u00e7\u00e3o de 1932 ainda presentes em SP \u2014 Foto: PREFEITURA DE S\u00c3O PAULO\" \/><\/figure>\n<\/div>\n<p class=\"content-media__description \">O obelisco \u00e9 uma das homenagens \u00e0 Revolu\u00e7\u00e3o de 1932 ainda presentes em SP \u2014 Foto: PREFEITURA DE S\u00c3O PAULO<\/p>\n<\/div>\n<\/div>\n<\/div>\n<div id=\"chunk-ch1v1\">\n<div class=\"mc-column content-text active-extra-styles\" data-block-type=\"raw\" data-block-weight=\"2\" data-block-id=\"28\">\n<div class=\"content-intertitle\">\n<h2>Legado f\u00edsico<\/h2>\n<\/div>\n<\/div>\n<\/div>\n<div id=\"chunk-65b11\">\n<div class=\"mc-column content-text active-extra-styles \" data-block-type=\"unstyled\" data-block-weight=\"31\" data-block-id=\"29\">\n<p class=\" content-text__container \" data-track-category=\"Link no Texto\" data-track-links=\"\" data-mrf-recirculation=\"Mat\u00e9ria - Links no Texto\">Se teve pouco espa\u00e7o na hist\u00f3ria do pa\u00eds, a Revolu\u00e7\u00e3o de 32 est\u00e1 presente com for\u00e7a em v\u00e1rios endere\u00e7os conhecidos da capital paulista e em monumentos espalhados pelo interior do Estado.<\/p>\n<\/div>\n<\/div>\n<div id=\"chunk-42lug\">\n<div class=\"mc-column content-text active-extra-styles \" data-block-type=\"unstyled\" data-block-weight=\"75\" data-block-id=\"30\">\n<p class=\" content-text__container \" data-track-category=\"Link no Texto\" data-track-links=\"\" data-mrf-recirculation=\"Mat\u00e9ria - Links no Texto\">Rezzutti cita &#8220;as avenidas 23 de maio e 9 de julho, principais art\u00e9rias que cortam a cidade de S\u00e3o Paulo; o Obelisco, o grande mausol\u00e9u dos combatentes de 1932, no Ibirapuera; os monumentos em todas as cidades do Vale do Para\u00edba onde houve combates; os monumentos nas faculdades que depois comporiam a Universidade de S\u00e3o Paulo (a Polit\u00e9cnica, o Largo do S\u00e3o Francisco e a Faculdade de Medicina), de onde partiram estudantes para a revolu\u00e7\u00e3o&#8221;.<\/p>\n<\/div>\n<\/div>\n<div id=\"chunk-1ohj0\">\n<div class=\"mc-column content-text active-extra-styles \" data-block-type=\"unstyled\" data-block-weight=\"35\" data-block-id=\"32\">\n<p class=\" content-text__container \" data-track-category=\"Link no Texto\" data-track-links=\"\" data-mrf-recirculation=\"Mat\u00e9ria - Links no Texto\">Tamb\u00e9m \u00e9 lembrada a rua MMDC, no Butant\u00e3, que alude ao acr\u00f4nimo Martins, Miragaia, Dr\u00e1usio e Camargo, como eram conhecidos os quatro jovens manifestantes paulistas mortos por tropas getulistas em 23 de maio de 1932.<\/p>\n<\/div>\n<\/div>\n<div id=\"chunk-8v3v5\">\n<div class=\"mc-column content-text active-extra-styles \" data-block-type=\"unstyled\" data-block-weight=\"59\" data-block-id=\"33\">\n<p class=\" content-text__container \" data-track-category=\"Link no Texto\" data-track-links=\"\" data-mrf-recirculation=\"Mat\u00e9ria - Links no Texto\">Outras figuras hist\u00f3ricas do movimento tamb\u00e9m acabaram eternizadas pela malha vi\u00e1ria paulistana. Na Vila Clementino, a rua Pedro de Toledo homenageia o interventor de Vargas que aderiu \u00e0 causa e foi aclamado governador paulista, rompendo com o governo federal. No Mandaqui, h\u00e1 a pra\u00e7a General Bertholdo Klinger. General Isidoro Dias Lopes emprestou seu nome a uma rua de Santana.<\/p>\n<\/div>\n<\/div>\n<div id=\"chunk-8gqia\">\n<div class=\"mc-column content-text active-extra-styles \" data-block-type=\"unstyled\" data-block-weight=\"61\" data-block-id=\"34\">\n<p class=\" content-text__container \" data-track-category=\"Link no Texto\" data-track-links=\"\" data-mrf-recirculation=\"Mat\u00e9ria - Links no Texto\">Mas n\u00e3o \u00e9 s\u00f3 isso. A joia da coroa desse levante \u00e9 um monumento erguido pr\u00f3ximo ao Parque Ibirapuera, oficialmente chamado de Obelisco Mausol\u00e9u ao Soldado Constitucionalista de 1932, mas conhecido popularmente apenas como Obelisco. O monumento ficou 12 anos fechado ao p\u00fablico e foi reaberto em 2014. As obras de restauro custaram R$ 11,4 milh\u00f5es aos cofres p\u00fablicos.<\/p>\n<\/div>\n<\/div>\n<div id=\"chunk-d59d6\">\n<div class=\"row medium-uncollapsed content-media content-photo\" data-block-type=\"backstage-photo\" data-block-id=\"35\">\n<div class=\" mc-column content-media__container\">\n<div class=\"content-media-container glb-skeleton-box\">\n<figure class=\"content-media-figure\"><img decoding=\"async\" class=\"i-amphtml-fill-content i-amphtml-replaced-content\" src=\"https:\/\/s2-g1.glbimg.com\/cXW23nveq4iSEJ0Na8_giy5mZdM=\/0x0:412x549\/984x0\/smart\/filters:strip_icc()\/i.s3.glbimg.com\/v1\/AUTH_59edd422c0c84a879bd37670ae4f538a\/internal_photos\/bs\/2025\/L\/U\/7ljM3sSc6LTy8BArakCA\/4.png\" sizes=\"(max-width: 1600px) 648px, 100vw\" srcset=\"https:\/\/s2-g1.glbimg.com\/RxioQGsyiw0EPyFQp_bQDi78NpE=\/0x0:412x549\/1000x0\/smart\/filters:strip_icc()\/i.s3.glbimg.com\/v1\/AUTH_59edd422c0c84a879bd37670ae4f538a\/internal_photos\/bs\/2025\/L\/U\/7ljM3sSc6LTy8BArakCA\/4.png 1000w, https:\/\/s2-g1.glbimg.com\/cXW23nveq4iSEJ0Na8_giy5mZdM=\/0x0:412x549\/984x0\/smart\/filters:strip_icc()\/i.s3.glbimg.com\/v1\/AUTH_59edd422c0c84a879bd37670ae4f538a\/internal_photos\/bs\/2025\/L\/U\/7ljM3sSc6LTy8BArakCA\/4.png 984w, https:\/\/s2-g1.glbimg.com\/ISntofJlmMrFBOwbKYfAYQR_XaQ=\/0x0:412x549\/640x0\/smart\/filters:strip_icc()\/i.s3.glbimg.com\/v1\/AUTH_59edd422c0c84a879bd37670ae4f538a\/internal_photos\/bs\/2025\/L\/U\/7ljM3sSc6LTy8BArakCA\/4.png 640w, https:\/\/s2-g1.glbimg.com\/l_RbAt6befakC4vzcG98SUfYg-k=\/0x0:412x549\/600x0\/smart\/filters:strip_icc()\/i.s3.glbimg.com\/v1\/AUTH_59edd422c0c84a879bd37670ae4f538a\/internal_photos\/bs\/2025\/L\/U\/7ljM3sSc6LTy8BArakCA\/4.png 600w\" alt=\"Cartaz eleitoral distribu\u00eddo durante pleito que elegeu Get\u00falio Vargas, em 1930 \u2014 Foto: ACERVO RICARDO DELLA ROSA\" \/><\/figure>\n<\/div>\n<p class=\"content-media__description \">Cartaz eleitoral distribu\u00eddo durante pleito que elegeu Get\u00falio Vargas, em 1930 \u2014 Foto: ACERVO RICARDO DELLA ROSA<\/p>\n<\/div>\n<\/div>\n<\/div>\n<div id=\"chunk-cjk1i\">\n<div class=\"row medium-uncollapsed content-media content-photo\" data-block-type=\"backstage-photo\" data-block-id=\"37\">\n<div class=\" mc-column content-media__container\">\n<div class=\"content-media-container glb-skeleton-box\">\n<figure class=\"content-media-figure\"><img decoding=\"async\" class=\"i-amphtml-fill-content i-amphtml-replaced-content\" src=\"https:\/\/s2-g1.glbimg.com\/sZSou6LFOfOQVfrbdF_EFbdttAo=\/0x0:800x450\/984x0\/smart\/filters:strip_icc()\/i.s3.glbimg.com\/v1\/AUTH_59edd422c0c84a879bd37670ae4f538a\/internal_photos\/bs\/2025\/4\/f\/y7BSAkRv6PAlvcA0fn0w\/5.png\" sizes=\"(max-width: 1600px) 648px, 100vw\" srcset=\"https:\/\/s2-g1.glbimg.com\/Ay1hd1xN8PYdnAU-OcMOD4RYU5w=\/0x0:800x450\/1000x0\/smart\/filters:strip_icc()\/i.s3.glbimg.com\/v1\/AUTH_59edd422c0c84a879bd37670ae4f538a\/internal_photos\/bs\/2025\/4\/f\/y7BSAkRv6PAlvcA0fn0w\/5.png 1000w, https:\/\/s2-g1.glbimg.com\/sZSou6LFOfOQVfrbdF_EFbdttAo=\/0x0:800x450\/984x0\/smart\/filters:strip_icc()\/i.s3.glbimg.com\/v1\/AUTH_59edd422c0c84a879bd37670ae4f538a\/internal_photos\/bs\/2025\/4\/f\/y7BSAkRv6PAlvcA0fn0w\/5.png 984w, https:\/\/s2-g1.glbimg.com\/H2WDlECGT1Jf2OgfQKe24O9r7ZI=\/0x0:800x450\/640x0\/smart\/filters:strip_icc()\/i.s3.glbimg.com\/v1\/AUTH_59edd422c0c84a879bd37670ae4f538a\/internal_photos\/bs\/2025\/4\/f\/y7BSAkRv6PAlvcA0fn0w\/5.png 640w, https:\/\/s2-g1.glbimg.com\/o8oIXDCcl07WtUJv8EFkgIDPfZs=\/0x0:800x450\/600x0\/smart\/filters:strip_icc()\/i.s3.glbimg.com\/v1\/AUTH_59edd422c0c84a879bd37670ae4f538a\/internal_photos\/bs\/2025\/4\/f\/y7BSAkRv6PAlvcA0fn0w\/5.png 600w\" alt=\"Uma das principais vias de S\u00e3o Paulo, a avenida 9 de Julho tem esse nome por causa da Revolu\u00e7\u00e3o de 1932 \u2014 Foto: PREFEITURA DE S\u00c3O PAULO\" \/><\/figure>\n<\/div>\n<p class=\"content-media__description \">Uma das principais vias de S\u00e3o Paulo, a avenida 9 de Julho tem esse nome por causa da Revolu\u00e7\u00e3o de 1932 \u2014 Foto: PREFEITURA DE S\u00c3O PAULO<\/p>\n<\/div>\n<\/div>\n<\/div>\n<div id=\"chunk-1c60e\">\n<div class=\"mc-column content-text active-extra-styles \" data-block-type=\"unstyled\" data-block-weight=\"60\" data-block-id=\"38\">\n<p class=\" content-text__container \" data-track-category=\"Link no Texto\" data-track-links=\"\" data-mrf-recirculation=\"Mat\u00e9ria - Links no Texto\">O conjunto art\u00edstico foi concebido pelo artista Galileo Emendabili (1898-1974). Ali no mausol\u00e9u jazem os restos mortais dos quatro MMDC, do jornalista Guilherme de Almeida \u2014 conhecido como o &#8220;poeta de 32&#8221; \u2014, do jurista Ibrahim de Almeida Nobre \u2014 o &#8220;tribuno de 32&#8221; \u2014, do agricultor Paulo Virg\u00ednio \u2014 o &#8220;her\u00f3i de Cunha&#8221; \u2014 e de outros 713 combatentes.<\/p>\n<\/div>\n<\/div>\n<div id=\"chunk-1u6g3\">\n<div class=\"mc-column content-text active-extra-styles \" data-block-type=\"unstyled\" data-block-weight=\"68\" data-block-id=\"39\">\n<p class=\" content-text__container \" data-track-category=\"Link no Texto\" data-track-links=\"\" data-mrf-recirculation=\"Mat\u00e9ria - Links no Texto\">Guilherme de Almeida tem um espa\u00e7o dedicado a sua mem\u00f3ria em S\u00e3o Paulo. Trata-se da Casa Guilherme de Almeida, no bairro do Pacaembu. O sobrado, onde o poeta, advogado, jornalista, cr\u00edtico de cinema, ensa\u00edsta e tradutor viveu de 1946 at\u00e9 sua morte, em 1969, guarda muitos de seus objetos pessoais, inclusive aquelas pe\u00e7as que aludem ao movimento de 1932, como a arma que ele usou e seu capacete.<\/p>\n<\/div>\n<\/div>\n<div id=\"chunk-7eja6\">\n<div class=\"mc-column content-text active-extra-styles \" data-block-type=\"unstyled\" data-block-weight=\"75\" data-block-id=\"41\">\n<p class=\" content-text__container \" data-track-category=\"Link no Texto\" data-track-links=\"\" data-mrf-recirculation=\"Mat\u00e9ria - Links no Texto\">Mas fica no Centro da cidade, na rua \u00c1lvares Penteado, aquele que certamente \u00e9 o mais curioso pr\u00e9dio referente a esse epis\u00f3dio hist\u00f3rico: o edif\u00edcio Ouro Para o Bem de S\u00e3o Paulo. Inaugurado em 1939, o pr\u00e9dio foi constru\u00eddo com o dinheiro das joias e alian\u00e7as que paulistas doaram \u00e0 causa constitucionalista. Isto porque, para sustentar a causa, a Associa\u00e7\u00e3o Comercial de S\u00e3o Paulo acabou criando a campanha Ouro Para o Bem de S\u00e3o Paulo.<\/p>\n<\/div>\n<\/div>\n<div id=\"chunk-43nld\">\n<div class=\"mc-column content-text active-extra-styles \" data-block-type=\"unstyled\" data-block-weight=\"43\" data-block-id=\"42\">\n<p class=\" content-text__container \" data-track-category=\"Link no Texto\" data-track-links=\"\" data-mrf-recirculation=\"Mat\u00e9ria - Links no Texto\">Com o fim da revolu\u00e7\u00e3o, diante da iminente derrota, a associa\u00e7\u00e3o temia que esses valores acabassem confiscados pelo governo federal. Ent\u00e3o, tudo foi doado para a Santa Casa de Miseric\u00f3rdia de S\u00e3o Paulo \u2014 que decidiu investir na constru\u00e7\u00e3o de edif\u00edcios, inclusive este.<\/p>\n<\/div>\n<\/div>\n<div id=\"chunk-f0tai\">\n<div class=\"mc-column content-text active-extra-styles \" data-block-type=\"unstyled\" data-block-weight=\"31\" data-block-id=\"43\">\n<p class=\" content-text__container \" data-track-category=\"Link no Texto\" data-track-links=\"\" data-mrf-recirculation=\"Mat\u00e9ria - Links no Texto\">Ele \u00e9 dotado de uma arquitetura muito peculiar. Em estilo\u00a0<em>art d\u00e9co<\/em>, sua fachada representa a bandeira paulista: cada um de seus andares corresponde a uma das 13 listras da fl\u00e2mula.<\/p>\n<\/div>\n<\/div>\n<div id=\"chunk-1vkms\">\n<div class=\"mc-column content-text active-extra-styles \" data-block-type=\"unstyled\" data-block-weight=\"74\" data-block-id=\"44\">\n<p class=\" content-text__container \" data-track-category=\"Link no Texto\" data-track-links=\"\" data-mrf-recirculation=\"Mat\u00e9ria - Links no Texto\">Outro marco \u00e9 da Universidade de S\u00e3o Paulo. Trata-se de escultura feita por Adriana Janac\u00f3pulos, instalada no p\u00e1tio interno da Faculdade de Direito do Largo S\u00e3o Francisco, em homenagem aos estudantes mortos em combate. \u00c9 um busto de um jovem no momento em que recebe uma bala. Logo abaixo, em um granito negro, l\u00ea-se a triste quadra em vermelho: &#8220;Quando se sente bater\/no peito heroica pancada\/ deixa-se a folha dobrada\/ enquanto se vai morrer.&#8221;<\/p>\n<\/div>\n<\/div>\n<div id=\"chunk-86mse\">\n<div class=\"content-ads content-ads--reveal\" data-block-type=\"ads\" data-block-id=\"45\">\n<div id=\"banner_materia__f006e42b-6de6-402c-b5da-d43432fac77b\">\n<div id=\"google_ads_iframe_\/95377733\/tvg_G1\/Sua_Regiao&gt;Sudeste&gt;Sao_Paulo_10__container__\"><\/div>\n<\/div>\n<\/div>\n<\/div>\n<div id=\"chunk-8e3as\">\n<div class=\"mc-column content-text active-extra-styles \" data-block-type=\"unstyled\" data-block-weight=\"57\" data-block-id=\"46\">\n<p class=\" content-text__container \" data-track-category=\"Link no Texto\" data-track-links=\"\" data-mrf-recirculation=\"Mat\u00e9ria - Links no Texto\">Se as batalhas se espalharam por v\u00e1rias frentes no interior paulista, a capital acabou sendo epicentro das manifesta\u00e7\u00f5es que desencadearam a revolu\u00e7\u00e3o. Foi na esquina da rua Bar\u00e3o de Itapetininga com a pra\u00e7a da Rep\u00fablica, por exemplo, que ocorreu o c\u00e9lebre evento de 23 de maio de 1932, aquele que terminaria com quatro mortos, os estudantes MMDC.<\/p>\n<\/div>\n<\/div>\n<div id=\"chunk-8erv5\">\n<div class=\"mc-column content-text active-extra-styles \" data-block-type=\"unstyled\" data-block-weight=\"53\" data-block-id=\"47\">\n<p class=\" content-text__container \" data-track-category=\"Link no Texto\" data-track-links=\"\" data-mrf-recirculation=\"Mat\u00e9ria - Links no Texto\">No dia seguinte, os revoltosos acabaram se reunindo na pra\u00e7a do Patriarca, para um grande com\u00edcio contra o governo federal. &#8220;Dos estudantes ao povo de S\u00e3o Paulo. Depois dos acontecimentos de ontem, nenhum paulista pode deixar de atender ao apelo de S\u00e3o Paulo. Viva S\u00e3o Paulo livre!&#8221;, diziam os panfletos espalhados pela cidade.<\/p>\n<\/div>\n<\/div>\n<div id=\"chunk-a7l38\">\n<div class=\"mc-column content-text active-extra-styles \" data-block-type=\"unstyled\" data-block-weight=\"26\" data-block-id=\"48\">\n<p class=\" content-text__container \" data-track-category=\"Link no Texto\" data-track-links=\"\" data-mrf-recirculation=\"Mat\u00e9ria - Links no Texto\">A rea\u00e7\u00e3o tamb\u00e9m veio por panfletos, conforme contou o escritor e memorialista Hern\u00e2ni Donato em seu livro\u00a0<em>Hist\u00f3ria da Revolu\u00e7\u00e3o de 32<\/em>\u00a0(editora Ibrasa, 2022).<\/p>\n<\/div>\n<\/div>\n<div id=\"chunk-8rrdn\">\n<div class=\"mc-column content-text active-extra-styles \" data-block-type=\"unstyled\" data-block-weight=\"61\" data-block-id=\"49\">\n<p class=\" content-text__container \" data-track-category=\"Link no Texto\" data-track-links=\"\" data-mrf-recirculation=\"Mat\u00e9ria - Links no Texto\">&#8220;De um avi\u00e3o voando perigosamente \u00e0 baixa altura descem c\u00f3pias do manifesto do coronel \u00c1vila Lins, comandante interino da 2\u00aa Regi\u00e3o Militar&#8221;, escreveu. &#8220;O pronunciamento \u00e9 t\u00e3o evasivo quanto os discursos dos outros chefes militares: as tropas federais &#8216;n\u00e3o permitem que elementos quaisquer perturbem a a\u00e7\u00e3o en\u00e9rgica e patri\u00f3tica do Governo Revolucion\u00e1rio em prol da manuten\u00e7\u00e3o e organiza\u00e7\u00e3o do Governo Paulista&#8217;.&#8221;<\/p>\n<\/div>\n<\/div>\n<div id=\"chunk-d7lm3\">\n<div class=\"mc-column content-text active-extra-styles \" data-block-type=\"unstyled\" data-block-weight=\"35\" data-block-id=\"50\">\n<p class=\" content-text__container \" data-track-category=\"Link no Texto\" data-track-links=\"\" data-mrf-recirculation=\"Mat\u00e9ria - Links no Texto\">No dia 9 de julho, o Pal\u00e1cio dos Campos El\u00edseos se tornou o centro da hist\u00f3ria. Foi ali que Pedro de Toledo aderiu \u00e0 causa e foi aclamado governador paulista, praticamente dando in\u00edcio ao conflito.<\/p>\n<\/div>\n<\/div>\n<div id=\"chunk-4funf\">\n<div class=\"content-ads content-ads--reveal\" data-block-type=\"ads\" data-block-id=\"51\">\n<div id=\"banner_materia__2153a74f-db47-40c5-a23b-e3562f3083d3\">\n<div id=\"google_ads_iframe_\/95377733\/tvg_G1\/Sua_Regiao&gt;Sudeste&gt;Sao_Paulo_11__container__\"><\/div>\n<\/div>\n<\/div>\n<\/div>\n<div id=\"chunk-4g4ih\">\n<div class=\"row medium-uncollapsed content-media content-photo\" data-block-type=\"backstage-photo\" data-block-id=\"52\">\n<div class=\" mc-column content-media__container\">\n<div class=\"content-media-container glb-skeleton-box\">\n<figure class=\"content-media-figure\"><img decoding=\"async\" class=\"i-amphtml-fill-content i-amphtml-replaced-content\" src=\"https:\/\/s2-g1.glbimg.com\/KyTGpgeeqXipI7Zid8ADZXAg_0M=\/0x0:412x549\/984x0\/smart\/filters:strip_icc()\/i.s3.glbimg.com\/v1\/AUTH_59edd422c0c84a879bd37670ae4f538a\/internal_photos\/bs\/2025\/1\/q\/ZMvUrNQOW5rbInEwLtTQ\/6.png\" sizes=\"(max-width: 1600px) 648px, 100vw\" srcset=\"https:\/\/s2-g1.glbimg.com\/Voh7MulfvDotxQljMRjVtHSN7EQ=\/0x0:412x549\/1000x0\/smart\/filters:strip_icc()\/i.s3.glbimg.com\/v1\/AUTH_59edd422c0c84a879bd37670ae4f538a\/internal_photos\/bs\/2025\/1\/q\/ZMvUrNQOW5rbInEwLtTQ\/6.png 1000w, https:\/\/s2-g1.glbimg.com\/KyTGpgeeqXipI7Zid8ADZXAg_0M=\/0x0:412x549\/984x0\/smart\/filters:strip_icc()\/i.s3.glbimg.com\/v1\/AUTH_59edd422c0c84a879bd37670ae4f538a\/internal_photos\/bs\/2025\/1\/q\/ZMvUrNQOW5rbInEwLtTQ\/6.png 984w, https:\/\/s2-g1.glbimg.com\/3FhiZo18zfVdYu17Zl-GYo-6SpY=\/0x0:412x549\/640x0\/smart\/filters:strip_icc()\/i.s3.glbimg.com\/v1\/AUTH_59edd422c0c84a879bd37670ae4f538a\/internal_photos\/bs\/2025\/1\/q\/ZMvUrNQOW5rbInEwLtTQ\/6.png 640w, https:\/\/s2-g1.glbimg.com\/ktrfb0UO4RWHP9zQ6OOp5pEh774=\/0x0:412x549\/600x0\/smart\/filters:strip_icc()\/i.s3.glbimg.com\/v1\/AUTH_59edd422c0c84a879bd37670ae4f538a\/internal_photos\/bs\/2025\/1\/q\/ZMvUrNQOW5rbInEwLtTQ\/6.png 600w\" alt=\"Capacete usado por soldados paulistas durante Revolu\u00e7\u00e3o de 1932 \u2014 Foto: ACERVO RICARDO DELLA ROSA\" \/><\/figure>\n<\/div>\n<p class=\"content-media__description \">Capacete usado por soldados paulistas durante Revolu\u00e7\u00e3o de 1932 \u2014 Foto: ACERVO RICARDO DELLA ROSA<\/p>\n<\/div>\n<\/div>\n<\/div>\n<div data-track-category=\"multicontent\" data-track-action=\"multicontent\" data-track-noninteraction=\"false\" data-track-scroll=\"ultimo chunk conteudo\" data-track-value=\"view\">\n<div id=\"chunk-rsb6\">\n<div class=\"mc-column content-text active-extra-styles \" data-block-type=\"unstyled\" data-block-weight=\"11\" data-block-id=\"53\">\n<p class=\" content-text__container \" data-track-category=\"Link no Texto\" data-track-links=\"\" data-mrf-recirculation=\"Mat\u00e9ria - Links no Texto\"><em>*Esta reportagem foi publicada originalmente em 9 de julho de 2018<br \/>\n<\/em>Fonte: G1<\/p>\n<\/div>\n<\/div>\n<\/div>\n<\/div>\n<\/article>\n<\/div>\n","protected":false},"excerpt":{"rendered":"<p>9 de julho: as marcas em S\u00e3o Paulo da revolu\u00e7\u00e3o por tr\u00e1s do feriado Embate entre tropas paulistas e federais<\/p>\n","protected":false},"author":1,"featured_media":9640,"comment_status":"open","ping_status":"open","sticky":false,"template":"","format":"standard","meta":{"colormag_page_container_layout":"default_layout","colormag_page_sidebar_layout":"default_layout","footnotes":""},"categories":[1],"tags":[],"class_list":["post-9626","post","type-post","status-publish","format-standard","has-post-thumbnail","hentry","category-geral"],"_links":{"self":[{"href":"http:\/\/metropoleemfoco.com.br\/index.php?rest_route=\/wp\/v2\/posts\/9626","targetHints":{"allow":["GET"]}}],"collection":[{"href":"http:\/\/metropoleemfoco.com.br\/index.php?rest_route=\/wp\/v2\/posts"}],"about":[{"href":"http:\/\/metropoleemfoco.com.br\/index.php?rest_route=\/wp\/v2\/types\/post"}],"author":[{"embeddable":true,"href":"http:\/\/metropoleemfoco.com.br\/index.php?rest_route=\/wp\/v2\/users\/1"}],"replies":[{"embeddable":true,"href":"http:\/\/metropoleemfoco.com.br\/index.php?rest_route=%2Fwp%2Fv2%2Fcomments&post=9626"}],"version-history":[{"count":1,"href":"http:\/\/metropoleemfoco.com.br\/index.php?rest_route=\/wp\/v2\/posts\/9626\/revisions"}],"predecessor-version":[{"id":9641,"href":"http:\/\/metropoleemfoco.com.br\/index.php?rest_route=\/wp\/v2\/posts\/9626\/revisions\/9641"}],"wp:featuredmedia":[{"embeddable":true,"href":"http:\/\/metropoleemfoco.com.br\/index.php?rest_route=\/wp\/v2\/media\/9640"}],"wp:attachment":[{"href":"http:\/\/metropoleemfoco.com.br\/index.php?rest_route=%2Fwp%2Fv2%2Fmedia&parent=9626"}],"wp:term":[{"taxonomy":"category","embeddable":true,"href":"http:\/\/metropoleemfoco.com.br\/index.php?rest_route=%2Fwp%2Fv2%2Fcategories&post=9626"},{"taxonomy":"post_tag","embeddable":true,"href":"http:\/\/metropoleemfoco.com.br\/index.php?rest_route=%2Fwp%2Fv2%2Ftags&post=9626"}],"curies":[{"name":"wp","href":"https:\/\/api.w.org\/{rel}","templated":true}]}}