{"id":9625,"date":"2025-07-08T11:52:50","date_gmt":"2025-07-08T14:52:50","guid":{"rendered":"https:\/\/metropoleemfoco.com.br\/?p=9625"},"modified":"2025-07-08T11:54:18","modified_gmt":"2025-07-08T14:54:18","slug":"homem-e-encontrado-morto-com-golpes-de-faca-dentro-de-apartamento-no-centro-de-sp","status":"publish","type":"post","link":"http:\/\/metropoleemfoco.com.br\/?p=9625","title":{"rendered":"Homem \u00e9 encontrado morto com golpes de faca dentro de apartamento no Centro de SP"},"content":{"rendered":"<div class=\"mc-article-header\">\n<div class=\"row content-head mc-column non-featured \">\n<div class=\"title\" data-block-type=\"title\" data-block-id=\"0\">\n<h1 class=\"content-head__title\">Homem \u00e9 encontrado morto com golpes de faca dentro de apartamento no Centro de SP<\/h1>\n<\/div>\n<div class=\"medium-centered subtitle\">\n<h2 class=\"content-head__subtitle\">De acordo com o boletim de ocorr\u00eancia do caso, a Pol\u00edcia Militar foi acionada por uma amiga da v\u00edtima, que n\u00e3o tinha not\u00edcias dele havia dois dias. V\u00edtima de 32 anos foi encontrada no domingo (6), no bairro da Rep\u00fablica.<\/h2>\n<\/div>\n<\/div>\n<div><\/div>\n<div class=\"content__signa-share mc-column\">\n<div class=\"content__signature\">\n<div class=\"content-publication-data\">\n<div class=\"content-publication-data__text\">\n<p class=\"content-publication-data__from\" title=\"Leonardo Rinaldi\">Por\u00a0<a class=\"multi_signatures\" href=\"https:\/\/g1.globo.com\/autores\/leonardo-rinaldi\/\">Leonardo Rinaldi<\/a>, TV Globo e g1 SP\u00a0\u2014 S\u00e3o Paulo<\/p>\n<\/div>\n<\/div>\n<\/div>\n<\/div>\n<div class=\"glb-share-bar content__share-bar\">\n<div class=\"glb-share-bar_icons\">\n<div class=\"glb-share-bar_button-img\"><\/div>\n<\/div>\n<\/div>\n<\/div>\n<div class=\"mc-article-body\">\n<article>\n<div id=\"chunk-8g8om\">\n<div class=\"row medium-uncollapsed content-media content-photo\" data-block-type=\"backstage-photo\" data-block-id=\"2\">\n<div class=\" mc-column content-media__container\">\n<div class=\"content-media-container glb-skeleton-box\">\n<figure class=\"content-media-figure\"><img decoding=\"async\" class=\"i-amphtml-fill-content i-amphtml-replaced-content\" src=\"https:\/\/s2-g1.glbimg.com\/Q2yMs6t2Gxdr7UBCWAg3Ikbaluo=\/0x0:2200x1467\/984x0\/smart\/filters:strip_icc()\/i.s3.glbimg.com\/v1\/AUTH_59edd422c0c84a879bd37670ae4f538a\/internal_photos\/bs\/2020\/g\/1\/Z3S94pQpOOJVRpfYSVUw\/republica-coronavirus-sp-23-03-2020-g1-02298-marcelo-brandt-.jpg\" sizes=\"(max-width: 1600px) 648px, 100vw\" srcset=\"https:\/\/s2-g1.glbimg.com\/P9Lq9lyHrgwStKWkKwhN_BEgjY8=\/0x0:2200x1467\/1000x0\/smart\/filters:strip_icc()\/i.s3.glbimg.com\/v1\/AUTH_59edd422c0c84a879bd37670ae4f538a\/internal_photos\/bs\/2020\/g\/1\/Z3S94pQpOOJVRpfYSVUw\/republica-coronavirus-sp-23-03-2020-g1-02298-marcelo-brandt-.jpg 1000w, https:\/\/s2-g1.glbimg.com\/Q2yMs6t2Gxdr7UBCWAg3Ikbaluo=\/0x0:2200x1467\/984x0\/smart\/filters:strip_icc()\/i.s3.glbimg.com\/v1\/AUTH_59edd422c0c84a879bd37670ae4f538a\/internal_photos\/bs\/2020\/g\/1\/Z3S94pQpOOJVRpfYSVUw\/republica-coronavirus-sp-23-03-2020-g1-02298-marcelo-brandt-.jpg 984w, https:\/\/s2-g1.glbimg.com\/9EzOQWEBSnzFmMmNUZZnfGpdK0I=\/0x0:2200x1467\/640x0\/smart\/filters:strip_icc()\/i.s3.glbimg.com\/v1\/AUTH_59edd422c0c84a879bd37670ae4f538a\/internal_photos\/bs\/2020\/g\/1\/Z3S94pQpOOJVRpfYSVUw\/republica-coronavirus-sp-23-03-2020-g1-02298-marcelo-brandt-.jpg 640w, https:\/\/s2-g1.glbimg.com\/S0KC7QqJxdPahSQEbm8Zt_Ye7iI=\/0x0:2200x1467\/600x0\/smart\/filters:strip_icc()\/i.s3.glbimg.com\/v1\/AUTH_59edd422c0c84a879bd37670ae4f538a\/internal_photos\/bs\/2020\/g\/1\/Z3S94pQpOOJVRpfYSVUw\/republica-coronavirus-sp-23-03-2020-g1-02298-marcelo-brandt-.jpg 600w\" alt=\"Pessoas caminham pelo bairro da Rep\u00fablica, em S\u00e3o Paulo, com o com\u00e9rcio fechado nesta segunda-feira (23) \u2014 Foto: Marcelo Brandt\/G1\" \/><\/figure>\n<\/div>\n<p class=\"content-media__description \">Pessoas caminham pelo bairro da Rep\u00fablica, em S\u00e3o Paulo, com o com\u00e9rcio fechado nesta segunda-feira (23) \u2014 Foto: Marcelo Brandt\/G1<\/p>\n<\/div>\n<\/div>\n<\/div>\n<div id=\"chunk-9b159\">\n<div class=\"mc-column content-text active-extra-styles \" data-block-type=\"unstyled\" data-block-weight=\"45\" data-block-id=\"3\">\n<p class=\" content-text__container \" data-track-category=\"Link no Texto\" data-track-links=\"\" data-mrf-recirculation=\"Mat\u00e9ria - Links no Texto\">Um homem de 32 anos foi encontrado morto com ferimentos causados por golpes de faca dentro do pr\u00f3prio apartamento na Rep\u00fablica, regi\u00e3o central de S\u00e3o Paulo, no domingo (6). Segundo o boletim de ocorr\u00eancia, o caso \u00e9 investigado como homic\u00eddio doloso, com autoria ainda desconhecida.<\/p>\n<\/div>\n<\/div>\n<div class=\"wall protected-content\">\n<div id=\"chunk-544pg\">\n<div class=\"mc-column content-text active-extra-styles \" data-block-type=\"unstyled\" data-block-weight=\"42\" data-block-id=\"5\">\n<p class=\" content-text__container \" data-track-category=\"Link no Texto\" data-track-links=\"\" data-mrf-recirculation=\"Mat\u00e9ria - Links no Texto\">De acordo com o documento, a Pol\u00edcia Militar foi acionada por uma amiga da v\u00edtima, que n\u00e3o tinha not\u00edcias dele h\u00e1 dois dias. Ela relatou que tentou contato por telefone e chegou a solicitar a outra vizinha que fosse at\u00e9 o apartamento.<\/p>\n<\/div>\n<\/div>\n<div id=\"chunk-9eh25\">\n<div class=\"mc-column content-text active-extra-styles \" data-block-type=\"unstyled\" data-block-weight=\"27\" data-block-id=\"6\">\n<p class=\" content-text__container \" data-track-category=\"Link no Texto\" data-track-links=\"\" data-mrf-recirculation=\"Mat\u00e9ria - Links no Texto\">Apesar de as luzes do quarto e do banheiro estarem acesas, ningu\u00e9m atendeu \u00e0 porta. Com autoriza\u00e7\u00e3o da s\u00edndica, um chaveiro foi chamado para abrir o im\u00f3vel.<\/p>\n<\/div>\n<\/div>\n<div id=\"chunk-5gijc\">\n<div class=\"mc-column content-text active-extra-styles \" data-block-type=\"unstyled\" data-block-weight=\"39\" data-block-id=\"8\">\n<p class=\" content-text__container \" data-track-category=\"Link no Texto\" data-track-links=\"\" data-mrf-recirculation=\"Mat\u00e9ria - Links no Texto\">Ainda do lado de fora do apartamento, um morador do pr\u00e9dio notou vest\u00edgios de sangue no interior e acionou a PM. Os policiais encontraram o corpo do morador enrolado em um cobertor, com parte do tecido em sua boca.<\/p>\n<\/div>\n<\/div>\n<div id=\"chunk-6bnp\">\n<div class=\"mc-column content-text active-extra-styles \" data-block-type=\"unstyled\" data-block-weight=\"29\" data-block-id=\"9\">\n<p class=\" content-text__container \" data-track-category=\"Link no Texto\" data-track-links=\"\" data-mrf-recirculation=\"Mat\u00e9ria - Links no Texto\">A per\u00edcia preliminar identificou diversos ferimentos compat\u00edveis com golpes de faca no t\u00f3rax, na regi\u00e3o cervical e nas costas, al\u00e9m de hematomas no olho e na orelha da v\u00edtima.<\/p>\n<\/div>\n<\/div>\n<div id=\"chunk-3q1nj\">\n<div class=\"mc-column content-text active-extra-styles \" data-block-type=\"unstyled\" data-block-weight=\"34\" data-block-id=\"10\">\n<p class=\" content-text__container \" data-track-category=\"Link no Texto\" data-track-links=\"\" data-mrf-recirculation=\"Mat\u00e9ria - Links no Texto\">No local do crime, a equipe do Departamento de Homic\u00eddios e de Prote\u00e7\u00e3o \u00e0 Pessoa (DHPP) recolheu uma faca e outros objetos. Nem o celular do rapaz nem as chaves do apartamento foram encontrados.<\/p>\n<\/div>\n<\/div>\n<div id=\"chunk-bd9bs\">\n<div class=\"mc-column content-text active-extra-styles \" data-block-type=\"unstyled\" data-block-weight=\"23\" data-block-id=\"11\">\n<p class=\" content-text__container \" data-track-category=\"Link no Texto\" data-track-links=\"\" data-mrf-recirculation=\"Mat\u00e9ria - Links no Texto\">Segundo o BO, a \u00faltima movimenta\u00e7\u00e3o registrada do morador foi a entrada no pr\u00e9dio por volta das 7h da manh\u00e3 de s\u00e1bado (5).<\/p>\n<\/div>\n<\/div>\n<div id=\"chunk-8rsip\">\n<div class=\"mc-column content-text active-extra-styles \" data-block-type=\"unstyled\" data-block-weight=\"21\" data-block-id=\"12\">\n<p class=\" content-text__container \" data-track-category=\"Link no Texto\" data-track-links=\"\" data-mrf-recirculation=\"Mat\u00e9ria - Links no Texto\">O corpo foi encaminhado ao Instituto M\u00e9dico Legal (IML), onde exames dever\u00e3o apontar a causa da morte com mais precis\u00e3o.<\/p>\n<\/div>\n<\/div>\n<div id=\"chunk-ckh7c\">\n<div class=\"mc-column content-text active-extra-styles \" data-block-type=\"unstyled\" data-block-weight=\"26\" data-block-id=\"13\">\n<p class=\" content-text__container \" data-track-category=\"Link no Texto\" data-track-links=\"\" data-mrf-recirculation=\"Mat\u00e9ria - Links no Texto\">A Secretaria da Seguran\u00e7a P\u00fablica (SSP) disse que o caso foi registrado como homic\u00eddio no 2\u00b0 DP (Bom Retiro), que requisitou per\u00edcia e assessoramento ao DHPP.<\/p>\n<p>Fonte: G1<\/p>\n<\/div>\n<\/div>\n<\/div>\n<\/article>\n<\/div>\n","protected":false},"excerpt":{"rendered":"<p>Homem \u00e9 encontrado morto com golpes de faca dentro de apartamento no Centro de SP De acordo com o boletim<\/p>\n","protected":false},"author":1,"featured_media":9637,"comment_status":"open","ping_status":"open","sticky":false,"template":"","format":"standard","meta":{"colormag_page_container_layout":"default_layout","colormag_page_sidebar_layout":"default_layout","footnotes":""},"categories":[1],"tags":[],"class_list":["post-9625","post","type-post","status-publish","format-standard","has-post-thumbnail","hentry","category-geral"],"_links":{"self":[{"href":"http:\/\/metropoleemfoco.com.br\/index.php?rest_route=\/wp\/v2\/posts\/9625","targetHints":{"allow":["GET"]}}],"collection":[{"href":"http:\/\/metropoleemfoco.com.br\/index.php?rest_route=\/wp\/v2\/posts"}],"about":[{"href":"http:\/\/metropoleemfoco.com.br\/index.php?rest_route=\/wp\/v2\/types\/post"}],"author":[{"embeddable":true,"href":"http:\/\/metropoleemfoco.com.br\/index.php?rest_route=\/wp\/v2\/users\/1"}],"replies":[{"embeddable":true,"href":"http:\/\/metropoleemfoco.com.br\/index.php?rest_route=%2Fwp%2Fv2%2Fcomments&post=9625"}],"version-history":[{"count":2,"href":"http:\/\/metropoleemfoco.com.br\/index.php?rest_route=\/wp\/v2\/posts\/9625\/revisions"}],"predecessor-version":[{"id":9638,"href":"http:\/\/metropoleemfoco.com.br\/index.php?rest_route=\/wp\/v2\/posts\/9625\/revisions\/9638"}],"wp:featuredmedia":[{"embeddable":true,"href":"http:\/\/metropoleemfoco.com.br\/index.php?rest_route=\/wp\/v2\/media\/9637"}],"wp:attachment":[{"href":"http:\/\/metropoleemfoco.com.br\/index.php?rest_route=%2Fwp%2Fv2%2Fmedia&parent=9625"}],"wp:term":[{"taxonomy":"category","embeddable":true,"href":"http:\/\/metropoleemfoco.com.br\/index.php?rest_route=%2Fwp%2Fv2%2Fcategories&post=9625"},{"taxonomy":"post_tag","embeddable":true,"href":"http:\/\/metropoleemfoco.com.br\/index.php?rest_route=%2Fwp%2Fv2%2Ftags&post=9625"}],"curies":[{"name":"wp","href":"https:\/\/api.w.org\/{rel}","templated":true}]}}