{"id":9624,"date":"2025-07-08T11:50:41","date_gmt":"2025-07-08T14:50:41","guid":{"rendered":"https:\/\/metropoleemfoco.com.br\/?p=9624"},"modified":"2025-07-08T11:51:16","modified_gmt":"2025-07-08T14:51:16","slug":"governo-de-sao-paulo-lanca-novo-portal-de-emprego-para-conectar-profissionais-e-empresas","status":"publish","type":"post","link":"http:\/\/metropoleemfoco.com.br\/?p=9624","title":{"rendered":"Governo de S\u00e3o Paulo lan\u00e7a novo portal de emprego para conectar profissionais e empresas"},"content":{"rendered":"<div class=\"mc-article-header\">\n<div class=\"row content-head mc-column non-featured \">\n<div class=\"title\" data-block-type=\"title\" data-block-id=\"0\">\n<h1 class=\"content-head__title\">Governo de S\u00e3o Paulo lan\u00e7a novo portal de emprego para conectar profissionais e empresas<\/h1>\n<\/div>\n<div class=\"medium-centered subtitle\">\n<h2 class=\"content-head__subtitle\">Plataforma Trampolim tem acesso gratuito \u00e0 capacita\u00e7\u00e3o, orienta\u00e7\u00e3o de carreira e servi\u00e7os de apoio. 6.785 vagas j\u00e1 est\u00e3o dispon\u00edveis na plataforma.<\/h2>\n<\/div>\n<\/div>\n<div><\/div>\n<div class=\"content__signa-share mc-column\">\n<div class=\"content__signature\">\n<div class=\"content-publication-data\">\n<div class=\"content-publication-data__text\">\n<p class=\"content-publication-data__from\" title=\"Reda\u00e7\u00e3o TV Globo e g1 SP\">Por\u00a0<a class=\"multi_signatures\" href=\"https:\/\/g1.globo.com\/autores\/redacao-tv-globo-e-g1-sp\/\">Reda\u00e7\u00e3o TV Globo e g1 SP<\/a><\/p>\n<\/div>\n<\/div>\n<\/div>\n<\/div>\n<div class=\"glb-share-bar content__share-bar\">\n<div class=\"glb-share-bar_icons\">\n<div class=\"glb-share-bar_button-img\"><\/div>\n<div class=\"glb-share-bar_button-img\"><\/div>\n<\/div>\n<\/div>\n<\/div>\n<div class=\"mc-article-body\">\n<article>\n<div id=\"chunk-528vg\">\n<div class=\"row medium-uncollapsed content-media content-photo\" data-block-type=\"backstage-photo\" data-block-id=\"2\">\n<div class=\" mc-column content-media__container\">\n<div class=\"content-media-container glb-skeleton-box\">\n<figure class=\"content-media-figure\"><img decoding=\"async\" class=\"i-amphtml-fill-content i-amphtml-replaced-content\" src=\"https:\/\/s2-g1.glbimg.com\/TLOuwW56hrpuwr-_mYR9FtDsRos=\/0x0:1278x696\/984x0\/smart\/filters:strip_icc()\/i.s3.glbimg.com\/v1\/AUTH_59edd422c0c84a879bd37670ae4f538a\/internal_photos\/bs\/2025\/4\/Z\/IGz5BSQ6yq5BfwGcIMng\/trampolim.jpg\" sizes=\"(max-width: 1600px) 648px, 100vw\" srcset=\"https:\/\/s2-g1.glbimg.com\/s1hH8Si4SGLamcxuCYLdmfu1Xvo=\/0x0:1278x696\/1000x0\/smart\/filters:strip_icc()\/i.s3.glbimg.com\/v1\/AUTH_59edd422c0c84a879bd37670ae4f538a\/internal_photos\/bs\/2025\/4\/Z\/IGz5BSQ6yq5BfwGcIMng\/trampolim.jpg 1000w, https:\/\/s2-g1.glbimg.com\/TLOuwW56hrpuwr-_mYR9FtDsRos=\/0x0:1278x696\/984x0\/smart\/filters:strip_icc()\/i.s3.glbimg.com\/v1\/AUTH_59edd422c0c84a879bd37670ae4f538a\/internal_photos\/bs\/2025\/4\/Z\/IGz5BSQ6yq5BfwGcIMng\/trampolim.jpg 984w, https:\/\/s2-g1.glbimg.com\/GlfJvH6oo01eUwg3218DbaO1DuU=\/0x0:1278x696\/640x0\/smart\/filters:strip_icc()\/i.s3.glbimg.com\/v1\/AUTH_59edd422c0c84a879bd37670ae4f538a\/internal_photos\/bs\/2025\/4\/Z\/IGz5BSQ6yq5BfwGcIMng\/trampolim.jpg 640w, https:\/\/s2-g1.glbimg.com\/_FMF2_ZPRlwahgfH12_cSL4rnCA=\/0x0:1278x696\/600x0\/smart\/filters:strip_icc()\/i.s3.glbimg.com\/v1\/AUTH_59edd422c0c84a879bd37670ae4f538a\/internal_photos\/bs\/2025\/4\/Z\/IGz5BSQ6yq5BfwGcIMng\/trampolim.jpg 600w\" alt=\"Governo de S\u00e3o Paulo lan\u00e7a novo portal de emprego para conectar profissionais e empresas \u2014 Foto: Reprodu\u00e7\u00e3o\" \/><\/figure>\n<\/div>\n<p class=\"content-media__description \">Governo de S\u00e3o Paulo lan\u00e7a novo portal de emprego para conectar profissionais e empresas \u2014 Foto: Reprodu\u00e7\u00e3o<\/p>\n<\/div>\n<\/div>\n<\/div>\n<div id=\"chunk-3qrrl\">\n<div class=\"mc-column content-text active-extra-styles \" data-block-type=\"unstyled\" data-block-weight=\"16\" data-block-id=\"3\">\n<p class=\" content-text__container \" data-track-category=\"Link no Texto\" data-track-links=\"\" data-mrf-recirculation=\"Mat\u00e9ria - Links no Texto\">O governo de\u00a0<a class=\"\" href=\"https:\/\/g1.globo.com\/sp\/sao-paulo\/cidade\/sao-paulo\/\" data-mrf-link=\"https:\/\/g1.globo.com\/sp\/sao-paulo\/cidade\/sao-paulo\/\">S\u00e3o Paulo<\/a>\u00a0lan\u00e7ou um novo portal de emprego para conectar profissionais e empresas.<\/p>\n<\/div>\n<\/div>\n<div class=\"wall protected-content\">\n<div id=\"chunk-ck0mq\">\n<div class=\"mc-column content-text active-extra-styles \" data-block-type=\"unstyled\" data-block-weight=\"24\" data-block-id=\"5\">\n<p class=\" content-text__container \" data-track-category=\"Link no Texto\" data-track-links=\"\" data-mrf-recirculation=\"Mat\u00e9ria - Links no Texto\">O Programa Trampolim, lan\u00e7ado nesta ter\u00e7a-feira (8), \u00e9 uma\u00a0<strong>ferramenta online que oferece acesso gratuito \u00e0 capacita\u00e7\u00e3o, orienta\u00e7\u00e3o de carreira e servi\u00e7os de apoio<\/strong>.<\/p>\n<\/div>\n<\/div>\n<div id=\"chunk-2kjju\">\n<div class=\"mc-column content-text active-extra-styles\" data-block-type=\"raw\" data-block-weight=\"20\" data-block-id=\"6\">\n<blockquote class=\"content-blockquote theme-border-color-primary-before\"><p>Para facilitar a busca, o candidato pode selecionar vagas de cursos ou emprego a partir do CEP de onde mora.<\/p><\/blockquote>\n<\/div>\n<\/div>\n<div id=\"chunk-fqjc5\">\n<div class=\"mc-column content-text active-extra-styles \" data-block-type=\"unstyled\" data-block-weight=\"30\" data-block-id=\"7\">\n<p class=\" content-text__container \" data-track-category=\"Link no Texto\" data-track-links=\"\" data-mrf-recirculation=\"Mat\u00e9ria - Links no Texto\">O site vai centralizar cursos de qualifica\u00e7\u00e3o profissional do QualificaSP e de institui\u00e7\u00f5es parceiras, vagas de trabalho, orienta\u00e7\u00e3o de carreira, elabora\u00e7\u00e3o de curr\u00edculos e, prepara\u00e7\u00e3o para entrevistas, entre outros servi\u00e7os.<\/p>\n<\/div>\n<\/div>\n<div id=\"chunk-4de33\">\n<div class=\"mc-column content-text active-extra-styles\" data-block-type=\"raw\" data-block-weight=\"28\" data-block-id=\"8\">\n<ul class=\"content-unordered-list\">\n<li><strong>6.785 vagas em cursos gratuitos de qualifica\u00e7\u00e3o profissional<\/strong>\u00a0j\u00e1 est\u00e3o dispon\u00edveis na plataforma.<\/li>\n<li>As forma\u00e7\u00f5es s\u00e3o oferecidas nas\u00a0<strong>modalidades presencial e remota<\/strong>, em todas as regi\u00f5es do estado.<\/li>\n<\/ul>\n<\/div>\n<\/div>\n<div id=\"chunk-6s3gj\">\n<div class=\"mc-column content-text active-extra-styles \" data-block-type=\"unstyled\" data-block-weight=\"23\" data-block-id=\"10\">\n<p class=\" content-text__container \" data-track-category=\"Link no Texto\" data-track-links=\"\" data-mrf-recirculation=\"Mat\u00e9ria - Links no Texto\">As empresas cadastradas podem divulgar vagas gratuitamente, definir os perfis desejados e ter acesso a uma base de profissionais qualificados e em desenvolvimento.<\/p>\n<\/div>\n<\/div>\n<div id=\"chunk-9d4hp\">\n<div class=\"mc-column content-text active-extra-styles\" data-block-type=\"raw\" data-block-weight=\"4\" data-block-id=\"11\">\n<blockquote class=\"content-blockquote theme-border-color-primary-before\"><p>O site \u00e9:\u00a0<a class=\"\" href=\"https:\/\/www.trampolim.sp.gov.br\/pt\/\" target=\"_blank\" rel=\"noopener\">www.trampolim.sp.gov.br<\/a><\/p><\/blockquote>\n<\/div>\n<p>Fonte: G1<\/p>\n<\/div>\n<\/div>\n<\/article>\n<\/div>\n","protected":false},"excerpt":{"rendered":"<p>Governo de S\u00e3o Paulo lan\u00e7a novo portal de emprego para conectar profissionais e empresas Plataforma Trampolim tem acesso gratuito \u00e0<\/p>\n","protected":false},"author":1,"featured_media":9633,"comment_status":"open","ping_status":"open","sticky":false,"template":"","format":"standard","meta":{"colormag_page_container_layout":"default_layout","colormag_page_sidebar_layout":"default_layout","footnotes":""},"categories":[1],"tags":[],"class_list":["post-9624","post","type-post","status-publish","format-standard","has-post-thumbnail","hentry","category-geral"],"_links":{"self":[{"href":"http:\/\/metropoleemfoco.com.br\/index.php?rest_route=\/wp\/v2\/posts\/9624","targetHints":{"allow":["GET"]}}],"collection":[{"href":"http:\/\/metropoleemfoco.com.br\/index.php?rest_route=\/wp\/v2\/posts"}],"about":[{"href":"http:\/\/metropoleemfoco.com.br\/index.php?rest_route=\/wp\/v2\/types\/post"}],"author":[{"embeddable":true,"href":"http:\/\/metropoleemfoco.com.br\/index.php?rest_route=\/wp\/v2\/users\/1"}],"replies":[{"embeddable":true,"href":"http:\/\/metropoleemfoco.com.br\/index.php?rest_route=%2Fwp%2Fv2%2Fcomments&post=9624"}],"version-history":[{"count":2,"href":"http:\/\/metropoleemfoco.com.br\/index.php?rest_route=\/wp\/v2\/posts\/9624\/revisions"}],"predecessor-version":[{"id":9634,"href":"http:\/\/metropoleemfoco.com.br\/index.php?rest_route=\/wp\/v2\/posts\/9624\/revisions\/9634"}],"wp:featuredmedia":[{"embeddable":true,"href":"http:\/\/metropoleemfoco.com.br\/index.php?rest_route=\/wp\/v2\/media\/9633"}],"wp:attachment":[{"href":"http:\/\/metropoleemfoco.com.br\/index.php?rest_route=%2Fwp%2Fv2%2Fmedia&parent=9624"}],"wp:term":[{"taxonomy":"category","embeddable":true,"href":"http:\/\/metropoleemfoco.com.br\/index.php?rest_route=%2Fwp%2Fv2%2Fcategories&post=9624"},{"taxonomy":"post_tag","embeddable":true,"href":"http:\/\/metropoleemfoco.com.br\/index.php?rest_route=%2Fwp%2Fv2%2Ftags&post=9624"}],"curies":[{"name":"wp","href":"https:\/\/api.w.org\/{rel}","templated":true}]}}