{"id":9606,"date":"2025-07-01T14:09:25","date_gmt":"2025-07-01T17:09:25","guid":{"rendered":"https:\/\/metropoleemfoco.com.br\/?p=9606"},"modified":"2025-07-01T14:09:34","modified_gmt":"2025-07-01T17:09:34","slug":"por-que-paulinho-foi-substituido-apos-fazer-gol-contra-o-botafogo-entenda-a-lesao-do-atacante","status":"publish","type":"post","link":"http:\/\/metropoleemfoco.com.br\/?p=9606","title":{"rendered":"Por que Paulinho foi substitu\u00eddo ap\u00f3s fazer gol contra o Botafogo? Entenda a les\u00e3o do atacante"},"content":{"rendered":"<div class=\"row content-head non-featured \">\n<div class=\"title\" data-block-type=\"title\" data-block-id=\"0\">\n<h1 class=\"content-head__title\">Por que Paulinho foi substitu\u00eddo ap\u00f3s fazer gol contra o Botafogo? Entenda a les\u00e3o do atacante<\/h1>\n<\/div>\n<div class=\"medium-centered subtitle\">\n<h2 class=\"content-head__subtitle\">Jogador do Palmeiras lida com uma fratura por estresse na t\u00edbia desde o ano passado, tem jogado poucos minutos e precisar\u00e1 passar por nova cirurgia ap\u00f3s a Copa do Mundo de Clubes<\/h2>\n<\/div>\n<\/div>\n<div><\/div>\n<div class=\"content__signa-share\">\n<div class=\"content__signature\">\n<div class=\"content-publication-data\">\n<div class=\"content-publication-data__text\">\n<p class=\"content-publication-data__from\" title=\"Reda\u00e7\u00e3o do EU Atleta\">Por Reda\u00e7\u00e3o do EU Atleta\u00a0\u2014 S\u00e3o Paulo, SP<\/p>\n<\/div>\n<\/div>\n<\/div>\n<div class=\"content__share-bar content__share-bar--cloned\" data-position=\"upper\"><\/div>\n<\/div>\n<hr class=\"content__divider \" \/>\n<div class=\"summary-section\"><\/div>\n<div class=\"mc-article-body\">\n<article>\n<div id=\"chunk-di2g7\">\n<div class=\"cxm-video-block mc-column content-media content-video\" data-block-type=\"backstage-video\" data-block-id=\"1\">\n<div class=\"content-media__container\">\n<div class=\"content-video__bigger-player-description-fixer\">\n<article class=\"content-video\">\n<section class=\"content-video__video-container\">\n<div class=\"content-video__video\">\n<div class=\"content-video__placeholder\" data-video-id=\"13718099\"><img decoding=\"async\" class=\"content-video__placeholder__thumb\" title=\"Abel Ferreira confirma cirurgia de Paulinho ap\u00f3s a Copa do Mundo de Clubes\" src=\"https:\/\/s04.video.glbimg.com\/x240\/13718099.jpg\" alt=\"Abel Ferreira confirma cirurgia de Paulinho ap\u00f3s a Copa do Mundo de Clubes\" \/><\/div>\n<\/div>\n<\/section>\n<\/article>\n<\/div>\n<div class=\"bs-block-video__container\">\n<p class=\"codex-caption codex-caption--small\">Abel Ferreira confirma cirurgia de Paulinho ap\u00f3s a Copa do Mundo de Clubes<\/p>\n<\/div>\n<\/div>\n<\/div>\n<\/div>\n<div id=\"chunk-audvh\">\n<div class=\"mc-column content-text active-extra-styles \" data-block-type=\"unstyled\" data-block-weight=\"85\" data-block-id=\"3\">\n<p class=\" content-text__container \" data-track-category=\"Link no Texto\" data-track-links=\"\" data-mrf-recirculation=\"Artigo - Link no Texto\"><a class=\"\" href=\"https:\/\/ge.globo.com\/futebol\/times\/palmeiras\/noticia\/2025\/06\/28\/heroi-em-46-minutos-paulinho-entra-faz-golaco-decide-para-o-palmeiras-e-e-substituido.ghtml\" data-mrf-link=\"https:\/\/ge.globo.com\/futebol\/times\/palmeiras\/noticia\/2025\/06\/28\/heroi-em-46-minutos-paulinho-entra-faz-golaco-decide-para-o-palmeiras-e-e-substituido.ghtml\"><strong>Paulinho foi o her\u00f3i do Palmeiras na classifica\u00e7\u00e3o da equipe para as quartas de final da Copa do Mundo de Clubes<\/strong><\/a>, ao marcar o \u00fanico gol na vit\u00f3ria sobre o Botafogo, neste s\u00e1bado (28). Apesar de decisivo, ele precisou ser substitu\u00eddo logo ap\u00f3s balan\u00e7ar as redes, durante a prorroga\u00e7\u00e3o. O atacante lida com uma fratura por estresse na t\u00edbia da perna direita desde o ano passado, o que tem limitado seus minutos em campo. Nesta mat\u00e9ria do\u00a0<a class=\"\" href=\"https:\/\/ge.globo.com\/eu-atleta\/\" data-mrf-link=\"https:\/\/ge.globo.com\/eu-atleta\/\"><strong>EU Atleta<\/strong><\/a>, voc\u00ea entende mais sobre a les\u00e3o.<\/p>\n<\/div>\n<\/div>\n<div class=\"wall protected-content\">\n<div id=\"chunk-67idg\">\n<div class=\"mc-column content-text active-extra-styles \" data-block-type=\"unstyled\" data-block-weight=\"23\" data-block-id=\"6\">\n<p class=\" content-text__container \" data-track-category=\"Link no Texto\" data-track-links=\"\" data-mrf-recirculation=\"Artigo - Link no Texto\">&#8212; \u00c9 muito dif\u00edcil, uma les\u00e3o incomum. Quanto mais corre, mais estressa e mais machuca &#8212; disse Paulinho logo ap\u00f3s a partida.<\/p>\n<\/div>\n<\/div>\n<div id=\"chunk-7s3db\">\n<div class=\"row medium-uncollapsed content-media content-photo\" data-block-type=\"backstage-photo\" data-block-id=\"7\">\n<div class=\"mc-column content-media__container\">\n<div class=\"content-media-container glb-skeleton-box\">\n<figure class=\"content-media-figure\"><img decoding=\"async\" class=\"i-amphtml-fill-content i-amphtml-replaced-content\" src=\"https:\/\/s2-ge.glbimg.com\/fejG9RvRsa2e1mEHFiWSRhq949c=\/0x0:1024x712\/984x0\/smart\/filters:strip_icc()\/i.s3.glbimg.com\/v1\/AUTH_bc8228b6673f488aa253bbcb03c80ec5\/internal_photos\/bs\/2025\/B\/O\/h4fPmRSpWvyepwR1s6Iw\/gettyimages-2222660153.jpg\" sizes=\"(max-width: 1440px) 648px, 100vw\" srcset=\"https:\/\/s2-ge.glbimg.com\/3AbyZCk1JYHNZx1XxcvFaDrNuVs=\/0x0:1024x712\/1000x0\/smart\/filters:strip_icc()\/i.s3.glbimg.com\/v1\/AUTH_bc8228b6673f488aa253bbcb03c80ec5\/internal_photos\/bs\/2025\/B\/O\/h4fPmRSpWvyepwR1s6Iw\/gettyimages-2222660153.jpg 1000w, https:\/\/s2-ge.glbimg.com\/fejG9RvRsa2e1mEHFiWSRhq949c=\/0x0:1024x712\/984x0\/smart\/filters:strip_icc()\/i.s3.glbimg.com\/v1\/AUTH_bc8228b6673f488aa253bbcb03c80ec5\/internal_photos\/bs\/2025\/B\/O\/h4fPmRSpWvyepwR1s6Iw\/gettyimages-2222660153.jpg 984w, https:\/\/s2-ge.glbimg.com\/ZmndaVXYH-3K8oHFcmjazxmlUZU=\/0x0:1024x712\/640x0\/smart\/filters:strip_icc()\/i.s3.glbimg.com\/v1\/AUTH_bc8228b6673f488aa253bbcb03c80ec5\/internal_photos\/bs\/2025\/B\/O\/h4fPmRSpWvyepwR1s6Iw\/gettyimages-2222660153.jpg 640w, https:\/\/s2-ge.glbimg.com\/IpO-mEZug8p6kXGUEpWxO1MjzkE=\/0x0:1024x712\/600x0\/smart\/filters:strip_icc()\/i.s3.glbimg.com\/v1\/AUTH_bc8228b6673f488aa253bbcb03c80ec5\/internal_photos\/bs\/2025\/B\/O\/h4fPmRSpWvyepwR1s6Iw\/gettyimages-2222660153.jpg 600w\" alt=\"Paulinho em partida entre Palmeiras e Botafogo na Copa do Mundo de Clubes \u2014 Foto: Francois Nel\/Getty Images\" \/><\/figure>\n<\/div>\n<p class=\"codex-caption \">Paulinho em partida entre Palmeiras e Botafogo na Copa do Mundo de Clubes \u2014 Foto: Francois Nel\/Getty Images<\/p>\n<\/div>\n<\/div>\n<\/div>\n<div id=\"chunk-bjgum\">\n<div class=\"mc-column content-text active-extra-styles \" data-block-type=\"unstyled\" data-block-weight=\"72\" data-block-id=\"8\">\n<p class=\" content-text__container \" data-track-category=\"Link no Texto\" data-track-links=\"\" data-mrf-recirculation=\"Artigo - Link no Texto\">O jogador foi diagnosticado com a fratura por estresse na t\u00edbia no primeiro semestre de 2024, quando ainda era jogador do Atl\u00e9tico-MG. Entretanto, ele n\u00e3o se afastou dos gramados para tratar a les\u00e3o e seguiu jogando, chegando a atuar \u00e0 base de inje\u00e7\u00f5es para lidar com as dores.\u00a0<a class=\"\" href=\"https:\/\/ge.globo.com\/futebol\/times\/palmeiras\/noticia\/2024\/12\/20\/entenda-por-que-cirurgia-de-paulinho-nao-e-empecilho-para-palmeiras-contrata-lo.ghtml\" data-mrf-link=\"https:\/\/ge.globo.com\/futebol\/times\/palmeiras\/noticia\/2024\/12\/20\/entenda-por-que-cirurgia-de-paulinho-nao-e-empecilho-para-palmeiras-contrata-lo.ghtml\"><strong>Em dezembro do ano passado, passou por cirurgia<\/strong><\/a>\u00a0e ficou quatro meses afastado antes de fazer sua\u00a0<a class=\"\" href=\"https:\/\/ge.globo.com\/futebol\/times\/palmeiras\/noticia\/2025\/04\/12\/paulinho-comemora-recuperacao-e-estreia-pelo-palmeiras-joguei-oito-meses-machucado.ghtml\" data-mrf-link=\"https:\/\/ge.globo.com\/futebol\/times\/palmeiras\/noticia\/2025\/04\/12\/paulinho-comemora-recuperacao-e-estreia-pelo-palmeiras-joguei-oito-meses-machucado.ghtml\"><strong>estreia pelo Palmeiras<\/strong><\/a>, em abril deste ano.<\/p>\n<\/div>\n<\/div>\n<div id=\"chunk-eikng\">\n<div class=\"mc-column content-text active-extra-styles \" data-block-type=\"unstyled\" data-block-weight=\"69\" data-block-id=\"9\">\n<p class=\" content-text__container \" data-track-category=\"Link no Texto\" data-track-links=\"\" data-mrf-recirculation=\"Artigo - Link no Texto\">Apesar do procedimento cir\u00fargico, Paulinho n\u00e3o se recuperou completamente e ainda sente dores na canela. Ele disputou 15 partidas com a camisa do Verd\u00e3o, mas apenas uma como titular, e tem m\u00e9dia de pouco mais de 27 minutos por jogo. A comiss\u00e3o m\u00e9dica da equipe trata seu caso com cautela e recomendou que o atacante jogasse cerca de 30 minutos por jogo durante a Copa do Mundo de Clubes.<\/p>\n<\/div>\n<\/div>\n<div id=\"chunk-ditqp\">\n<div class=\"mc-column content-text active-extra-styles \" data-block-type=\"unstyled\" data-block-weight=\"68\" data-block-id=\"11\">\n<p class=\" content-text__container \" data-track-category=\"Link no Texto\" data-track-links=\"\" data-mrf-recirculation=\"Artigo - Link no Texto\">Contra o Botafogo, Paulinho entrou aos 17 minutos do segundo tempo, substituindo Est\u00eav\u00e3o. A ideia \u00e9 que ele ficasse em campo at\u00e9 o final da partida, mas como o duelo foi para a prorroga\u00e7\u00e3o, o camisa 10 estendeu sua minutagem em campo. No primeiro tempo da prorroga\u00e7\u00e3o, marcou um belo gol, comemorou e, logo em seguida, foi substitu\u00eddo pelo zagueiro Micael. Ele ficou aproximadamente 46 minutos em campo.<\/p>\n<\/div>\n<\/div>\n<div id=\"chunk-c9st9\">\n<div class=\"mc-column content-text active-extra-styles \" data-block-type=\"unstyled\" data-block-weight=\"73\" data-block-id=\"12\">\n<p class=\" content-text__container \" data-track-category=\"Link no Texto\" data-track-links=\"\" data-mrf-recirculation=\"Artigo - Link no Texto\">&#8212; Estou passando por um momento dif\u00edcil por conta da les\u00e3o. Ainda sinto bastante dor, est\u00e1 sendo dif\u00edcil &#8211; falou o atacante. &#8212; N\u00e3o tem muito mist\u00e9rio. A gente tem que tirar um pouco a carga, saber dosar os impactos, porque \u00e9 uma les\u00e3o que estressa a regi\u00e3o e acaba dando atrito e machucando. \u00c9 o descanso, saber o momento certo para eu poder mostrar e produzir tudo aquilo que eu sei.<\/p>\n<\/div>\n<\/div>\n<div id=\"chunk-4ecmr\">\n<div class=\"mc-column content-text active-extra-styles\" data-block-type=\"raw\" data-block-weight=\"9\" data-block-id=\"13\">\n<div class=\"content-intertitle\">\n<h2>O que \u00e9 a fratura por estresse na t\u00edbia?<\/h2>\n<\/div>\n<\/div>\n<\/div>\n<div id=\"chunk-8ufim\">\n<div class=\"mc-column content-text active-extra-styles \" data-block-type=\"unstyled\" data-block-weight=\"57\" data-block-id=\"14\">\n<p class=\" content-text__container \" data-track-category=\"Link no Texto\" data-track-links=\"\" data-mrf-recirculation=\"Artigo - Link no Texto\">A t\u00edbia \u00e9 o maior osso da perna, conhecido como osso da canela. Ela fica na parte interna da perna, entre o joelho e o tornozelo. \u00c9 uma estrutura longa, respons\u00e1vel pelo suporte do peso corporal e da movimenta\u00e7\u00e3o. Ela est\u00e1 associada \u00e0 realiza\u00e7\u00e3o de atividades como andar, correr e saltar, sendo essencial para um atleta.<\/p>\n<\/div>\n<\/div>\n<div id=\"chunk-f6d52\">\n<div class=\"row medium-uncollapsed content-media content-photo\" data-block-type=\"backstage-photo\" data-block-id=\"16\">\n<div class=\"mc-column content-media__container\">\n<div class=\"content-media-container glb-skeleton-box\">\n<figure class=\"content-media-figure\"><img decoding=\"async\" class=\"i-amphtml-fill-content i-amphtml-replaced-content\" src=\"https:\/\/s2-ge.glbimg.com\/liDgr2wYqX2uj5p9tx67eZERCrY=\/0x0:887x1182\/984x0\/smart\/filters:strip_icc()\/i.s3.glbimg.com\/v1\/AUTH_bc8228b6673f488aa253bbcb03c80ec5\/internal_photos\/bs\/2021\/c\/u\/P3eW07R0etatXZKyNQ7g\/fraturas-haste-tibia.jpg\" sizes=\"(max-width: 1440px) 648px, 100vw\" srcset=\"https:\/\/s2-ge.glbimg.com\/O-V9fc1uT096fTrHxvV5l8jsw4A=\/0x0:887x1182\/1000x0\/smart\/filters:strip_icc()\/i.s3.glbimg.com\/v1\/AUTH_bc8228b6673f488aa253bbcb03c80ec5\/internal_photos\/bs\/2021\/c\/u\/P3eW07R0etatXZKyNQ7g\/fraturas-haste-tibia.jpg 1000w, https:\/\/s2-ge.glbimg.com\/liDgr2wYqX2uj5p9tx67eZERCrY=\/0x0:887x1182\/984x0\/smart\/filters:strip_icc()\/i.s3.glbimg.com\/v1\/AUTH_bc8228b6673f488aa253bbcb03c80ec5\/internal_photos\/bs\/2021\/c\/u\/P3eW07R0etatXZKyNQ7g\/fraturas-haste-tibia.jpg 984w, https:\/\/s2-ge.glbimg.com\/lmKc7rBhdmarag0Pkw12zzFv58k=\/0x0:887x1182\/640x0\/smart\/filters:strip_icc()\/i.s3.glbimg.com\/v1\/AUTH_bc8228b6673f488aa253bbcb03c80ec5\/internal_photos\/bs\/2021\/c\/u\/P3eW07R0etatXZKyNQ7g\/fraturas-haste-tibia.jpg 640w, https:\/\/s2-ge.glbimg.com\/eFcjz62Lfswme0cqs3TPtbwgneA=\/0x0:887x1182\/600x0\/smart\/filters:strip_icc()\/i.s3.glbimg.com\/v1\/AUTH_bc8228b6673f488aa253bbcb03c80ec5\/internal_photos\/bs\/2021\/c\/u\/P3eW07R0etatXZKyNQ7g\/fraturas-haste-tibia.jpg 600w\" alt=\"Fraturas na t\u00edbia: tratamento com hastes e pinos eu atleta \u2014 Foto: Istock Getty Images\" \/><\/figure>\n<\/div>\n<p class=\"codex-caption \">Fraturas na t\u00edbia: tratamento com hastes e pinos eu atleta \u2014 Foto: Istock Getty Images<\/p>\n<\/div>\n<\/div>\n<\/div>\n<div id=\"chunk-1gue4\">\n<div class=\"mc-column content-text active-extra-styles \" data-block-type=\"unstyled\" data-block-weight=\"57\" data-block-id=\"17\">\n<p class=\" content-text__container \" data-track-category=\"Link no Texto\" data-track-links=\"\" data-mrf-recirculation=\"Artigo - Link no Texto\">Como explica o m\u00e9dico ortopedista e traumatologista do esporte Adriano Leonardi, a fratura por estresse na t\u00edbia \u00e9 uma microfratura \u00f3ssea causada por sobrecarga repetitiva, sendo muito comum em atletas de esportes de impacto, como corrida e futebol. Ela acontece porque o osso n\u00e3o consegue se regenerar na mesma velocidade em que pequenas les\u00f5es v\u00e3o se acumulando.<\/p>\n<\/div>\n<\/div>\n<div id=\"chunk-epd5q\">\n<div class=\"mc-column content-text active-extra-styles \" data-block-type=\"unstyled\" data-block-weight=\"10\" data-block-id=\"18\">\n<p class=\" content-text__container \" data-track-category=\"Link no Texto\" data-track-links=\"\" data-mrf-recirculation=\"Artigo - Link no Texto\">De acordo com ele, as principais caracter\u00edsticas dessa fratura s\u00e3o:<\/p>\n<\/div>\n<\/div>\n<div id=\"chunk-ee9jp\">\n<div class=\"mc-column content-text active-extra-styles\" data-block-type=\"raw\" data-block-weight=\"41\" data-block-id=\"19\">\n<ul class=\"content-unordered-list\">\n<li>Dor progressiva na regi\u00e3o da canela, que inicialmente melhora com repouso, mas, com o tempo, passa a ocorrer mesmo em atividades leves;<\/li>\n<li>Edema (incha\u00e7o) discreto, sensibilidade local;<\/li>\n<li>Resson\u00e2ncia magn\u00e9tica constata edema \u00f3sseo e, em est\u00e1gios avan\u00e7ados, a linha de fratura cortical.<\/li>\n<\/ul>\n<\/div>\n<\/div>\n<div id=\"chunk-11mr7\">\n<div class=\"mc-column content-text active-extra-styles \" data-block-type=\"unstyled\" data-block-weight=\"30\" data-block-id=\"21\">\n<p class=\" content-text__container \" data-track-category=\"Link no Texto\" data-track-links=\"\" data-mrf-recirculation=\"Artigo - Link no Texto\">&#8212; Em atletas profissionais, \u00e9 uma les\u00e3o cr\u00edtica porque pode evoluir de uma simples rea\u00e7\u00e3o de estresse para uma fratura completa se n\u00e3o tratada corretamente &#8212; explica Adriano Leonardi.<\/p>\n<\/div>\n<\/div>\n<div id=\"chunk-5kuv7\">\n<div class=\"mc-column content-text active-extra-styles\" data-block-type=\"raw\" data-block-weight=\"3\" data-block-id=\"23\">\n<div class=\"content-intertitle\">\n<h2>Tratamento e recupera\u00e7\u00e3o<\/h2>\n<\/div>\n<\/div>\n<\/div>\n<div id=\"chunk-12ek4\">\n<div class=\"mc-column content-text active-extra-styles \" data-block-type=\"unstyled\" data-block-weight=\"47\" data-block-id=\"24\">\n<p class=\" content-text__container \" data-track-category=\"Link no Texto\" data-track-links=\"\" data-mrf-recirculation=\"Artigo - Link no Texto\">O tratamento inicial de casos de fratura por estresse na t\u00edbia n\u00e3o envolve cirurgia. Recomenda-se, essencialmente, o afastamento de atividades que geram impacto; modifica\u00e7\u00e3o da carga de treino e reabilita\u00e7\u00e3o fisioter\u00e1pica; eventualmente uso de muletas e restri\u00e7\u00e3o de apoio parcial; e suplementa\u00e7\u00e3o nutricional (vitamina D, c\u00e1lcio).<\/p>\n<\/div>\n<\/div>\n<div id=\"chunk-8rllo\">\n<div class=\"mc-column content-text active-extra-styles \" data-block-type=\"unstyled\" data-block-weight=\"47\" data-block-id=\"25\">\n<p class=\" content-text__container \" data-track-category=\"Link no Texto\" data-track-links=\"\" data-mrf-recirculation=\"Artigo - Link no Texto\">Por conta da manuten\u00e7\u00e3o das dores ao longo dos meses, Paulinho precisou passar por cirurgia, que \u00e9 um est\u00e1gio &#8220;avan\u00e7ado&#8221; do tratamento. No procedimento, costuma haver a fixa\u00e7\u00e3o interna com placa e parafusos ou haste intramedular. Essa interven\u00e7\u00e3o cir\u00fargica s\u00f3 \u00e9 indicada em situa\u00e7\u00f5es espec\u00edficas, como quando:<\/p>\n<\/div>\n<\/div>\n<div id=\"chunk-9c34d\">\n<div class=\"mc-column content-text active-extra-styles\" data-block-type=\"raw\" data-block-weight=\"48\" data-block-id=\"26\">\n<ul class=\"content-unordered-list\">\n<li>A fratura n\u00e3o cicatriza ap\u00f3s pelo menos 3-6 meses de tratamento conservador;<\/li>\n<li>H\u00e1 progress\u00e3o para fratura completa;<\/li>\n<li>Existe risco elevado de n\u00e3o uni\u00e3o (fraturas por estresse do lado anterior da t\u00edbia s\u00e3o notoriamente dif\u00edceis de consolidar);<\/li>\n<li>O atleta tem necessidade de retorno precoce ao esporte de alto rendimento.<\/li>\n<\/ul>\n<\/div>\n<\/div>\n<div id=\"chunk-btf7a\">\n<div class=\"mc-column content-text active-extra-styles \" data-block-type=\"unstyled\" data-block-weight=\"56\" data-block-id=\"27\">\n<p class=\" content-text__container \" data-track-category=\"Link no Texto\" data-track-links=\"\" data-mrf-recirculation=\"Artigo - Link no Texto\">Normalmente, o tempo de recupera\u00e7\u00e3o do tratamento conservador varia de oito a 16 semanas para fraturas por estresse grau 2-3 (sem linha de fratura). Em casos em que h\u00e1 cirurgia, h\u00e1 uma m\u00e9dia de quatro a seis meses at\u00e9 o retorno gradual aos treinos e jogos, podendo chegar a oito meses em caso de consolida\u00e7\u00e3o demorada.<\/p>\n<\/div>\n<\/div>\n<div id=\"chunk-6d64u\">\n<div class=\"mc-column content-text active-extra-styles\" data-block-type=\"raw\" data-block-weight=\"4\" data-block-id=\"29\">\n<div class=\"content-intertitle\">\n<h2>O caso de Paulinho<\/h2>\n<\/div>\n<\/div>\n<\/div>\n<div id=\"chunk-a1uda\">\n<div class=\"row medium-uncollapsed content-media content-photo\" data-block-type=\"backstage-photo\" data-block-id=\"30\">\n<div class=\"mc-column content-media__container\">\n<div class=\"content-media-container glb-skeleton-box\">\n<figure class=\"content-media-figure\"><img decoding=\"async\" class=\"i-amphtml-fill-content i-amphtml-replaced-content\" src=\"https:\/\/s2-ge.glbimg.com\/KO8ob9KH2C3y9o4D_N6H12Z7Crc=\/0x0:1500x844\/984x0\/smart\/filters:strip_icc()\/i.s3.glbimg.com\/v1\/AUTH_bc8228b6673f488aa253bbcb03c80ec5\/internal_photos\/bs\/2025\/H\/w\/a0pxMjRUmdzULRf1VPJw\/54620051743-726b89462d-h.jpg\" sizes=\"(max-width: 1440px) 648px, 100vw\" srcset=\"https:\/\/s2-ge.glbimg.com\/iA6xj2GL68yftavWyRYzOf2-VBU=\/0x0:1500x844\/1000x0\/smart\/filters:strip_icc()\/i.s3.glbimg.com\/v1\/AUTH_bc8228b6673f488aa253bbcb03c80ec5\/internal_photos\/bs\/2025\/H\/w\/a0pxMjRUmdzULRf1VPJw\/54620051743-726b89462d-h.jpg 1000w, https:\/\/s2-ge.glbimg.com\/KO8ob9KH2C3y9o4D_N6H12Z7Crc=\/0x0:1500x844\/984x0\/smart\/filters:strip_icc()\/i.s3.glbimg.com\/v1\/AUTH_bc8228b6673f488aa253bbcb03c80ec5\/internal_photos\/bs\/2025\/H\/w\/a0pxMjRUmdzULRf1VPJw\/54620051743-726b89462d-h.jpg 984w, https:\/\/s2-ge.glbimg.com\/oMerU4pJJMoDiSeA2tzcg5iVYaY=\/0x0:1500x844\/640x0\/smart\/filters:strip_icc()\/i.s3.glbimg.com\/v1\/AUTH_bc8228b6673f488aa253bbcb03c80ec5\/internal_photos\/bs\/2025\/H\/w\/a0pxMjRUmdzULRf1VPJw\/54620051743-726b89462d-h.jpg 640w, https:\/\/s2-ge.glbimg.com\/6L-fZdcwlX1YrIKZjbH_9FqD9r0=\/0x0:1500x844\/600x0\/smart\/filters:strip_icc()\/i.s3.glbimg.com\/v1\/AUTH_bc8228b6673f488aa253bbcb03c80ec5\/internal_photos\/bs\/2025\/H\/w\/a0pxMjRUmdzULRf1VPJw\/54620051743-726b89462d-h.jpg 600w\" alt=\"Paulinho comemora gol da vit\u00f3ria do Palmeiras sobre o Botafogo na Copa do Mundo de Clubes \u2014 Foto: Cesar Greco\/Palmeiras\" \/><\/figure>\n<\/div>\n<p class=\"codex-caption \">Paulinho comemora gol da vit\u00f3ria do Palmeiras sobre o Botafogo na Copa do Mundo de Clubes \u2014 Foto: Cesar Greco\/Palmeiras<\/p>\n<\/div>\n<\/div>\n<\/div>\n<div id=\"chunk-bqb4h\">\n<div class=\"mc-column content-text active-extra-styles \" data-block-type=\"unstyled\" data-block-weight=\"77\" data-block-id=\"31\">\n<p class=\" content-text__container \" data-track-category=\"Link no Texto\" data-track-links=\"\" data-mrf-recirculation=\"Artigo - Link no Texto\">Paulinho n\u00e3o ficou afastado dos gramados ap\u00f3s ter a les\u00e3o detectada e jogou ao longo de 2024 com muitas dores. No fim do ano, realizou a cirurgia e ficou cerca de quatro meses parado, retornando em abril de 2025. Apesar disso, o atleta segue lidando com muitas dores, e precisar\u00e1 passar por nova cirurgia ao final da Copa do Mundo de Clubes &#8212;\u00a0<a class=\"\" href=\"https:\/\/ge.globo.com\/futebol\/times\/palmeiras\/noticia\/2025\/06\/28\/abel-diz-que-paulinho-vai-precisar-de-nova-cirurgia-e-elogia-heroi-da-classificacao-do-palmeiras.ghtml\" data-mrf-link=\"https:\/\/ge.globo.com\/futebol\/times\/palmeiras\/noticia\/2025\/06\/28\/abel-diz-que-paulinho-vai-precisar-de-nova-cirurgia-e-elogia-heroi-da-classificacao-do-palmeiras.ghtml\"><strong>confirmada pelo t\u00e9cnico Abel Ferreira em entrevista coletiva ap\u00f3s o jogo contra o Botafogo<\/strong><\/a>.<\/p>\n<\/div>\n<\/div>\n<div id=\"chunk-fj3hr\">\n<div class=\"mc-column content-text active-extra-styles \" data-block-type=\"unstyled\" data-block-weight=\"76\" data-block-id=\"32\">\n<p class=\" content-text__container \" data-track-category=\"Link no Texto\" data-track-links=\"\" data-mrf-recirculation=\"Artigo - Link no Texto\">&#8212; O caso do Paulinho \u00e9 complexo e delicado, mas infelizmente n\u00e3o raro em atletas de elite. O fato de ele n\u00e3o ter sido afastado logo no in\u00edcio e ter continuado treinando e jogando com dor provavelmente contribuiu muito para: a evolu\u00e7\u00e3o da les\u00e3o de grau leve para uma fratura mais avan\u00e7ada; a atraso na consolida\u00e7\u00e3o \u00f3ssea; e a necessidade de uma primeira cirurgia e agora de uma nova interven\u00e7\u00e3o &#8212; avalia o ortopedista Adriano Leonardi.<\/p>\n<\/div>\n<\/div>\n<div id=\"chunk-ac77r\">\n<div class=\"mc-column content-text active-extra-styles \" data-block-type=\"unstyled\" data-block-weight=\"37\" data-block-id=\"34\">\n<p class=\" content-text__container \" data-track-category=\"Link no Texto\" data-track-links=\"\" data-mrf-recirculation=\"Artigo - Link no Texto\">&#8212; Na pr\u00e1tica esportiva de alto rendimento, h\u00e1 grande press\u00e3o para retorno precoce, mas esse \u00e9 o t\u00edpico exemplo de como isso pode comprometer a evolu\u00e7\u00e3o e prolongar o tempo de afastamento total &#8212; comenta o m\u00e9dico.<\/p>\n<\/div>\n<\/div>\n<div id=\"chunk-306gg\">\n<div class=\"mc-column content-text active-extra-styles \" data-block-type=\"unstyled\" data-block-weight=\"16\" data-block-id=\"35\">\n<p class=\" content-text__container \" data-track-category=\"Link no Texto\" data-track-links=\"\" data-mrf-recirculation=\"Artigo - Link no Texto\">Leonardi explica que existem algumas raz\u00f5es frequentes para nova interven\u00e7\u00e3o cir\u00fargica em fraturas por estresse tibial.<\/p>\n<\/div>\n<\/div>\n<div id=\"chunk-bsdi4\">\n<div class=\"mc-column content-text active-extra-styles\" data-block-type=\"raw\" data-block-weight=\"38\" data-block-id=\"36\">\n<ul class=\"content-unordered-list\">\n<li><strong>Pseudoartrose (n\u00e3o uni\u00e3o):<\/strong>\u00a0quando a fratura n\u00e3o consolida;<\/li>\n<li><strong>Retardo de consolida\u00e7\u00e3o importante<\/strong>: h\u00e1 ind\u00edcios de reparo parcial, mas com dor persistente e incapacitante;<\/li>\n<li><strong>Eventualmente necessidade de remo\u00e7\u00e3o e troca do material de s\u00edntese<\/strong>\u00a0ou complementa\u00e7\u00e3o com enxerto \u00f3sseo.<\/li>\n<\/ul>\n<\/div>\n<\/div>\n<div id=\"chunk-88cen\">\n<div class=\"mc-column content-text active-extra-styles \" data-block-type=\"unstyled\" data-block-weight=\"23\" data-block-id=\"37\">\n<p class=\" content-text__container \" data-track-category=\"Link no Texto\" data-track-links=\"\" data-mrf-recirculation=\"Artigo - Link no Texto\">&#8212; \u00c9 prov\u00e1vel que o Paulinho tenha tido uma consolida\u00e7\u00e3o incompleta e dor cr\u00f4nica que inviabilizam o alto rendimento &#8212; opina o m\u00e9dico.<\/p>\n<\/div>\n<\/div>\n<div id=\"chunk-6vgsm\">\n<div class=\"mc-column content-text active-extra-styles \" data-block-type=\"unstyled\" data-block-weight=\"44\" data-block-id=\"38\">\n<p class=\" content-text__container \" data-track-category=\"Link no Texto\" data-track-links=\"\" data-mrf-recirculation=\"Artigo - Link no Texto\"><span class=\"highlight highlighted\">Ap\u00f3s a nova cirurgia, que acontecer\u00e1 depois do Mundial, a expectativa \u00e9 que Paulinho fa\u00e7a um retorno progressivo ao treino f\u00edsico entre tr\u00eas e quatro meses. O retorno ao esporte competitivo de alto n\u00edvel \u00e9 estimado em um per\u00edodo de seis a oito meses<\/span>.<\/p>\n<\/div>\n<\/div>\n<div id=\"chunk-9kkhd\">\n<div class=\"mc-column content-text active-extra-styles \" data-block-type=\"unstyled\" data-block-weight=\"46\" data-block-id=\"39\">\n<p class=\" content-text__container \" data-track-category=\"Link no Texto\" data-track-links=\"\" data-mrf-recirculation=\"Artigo - Link no Texto\">Esses prazos, por\u00e9m, dependem de fatores como grau de consolida\u00e7\u00e3o pr\u00e9via, uso de enxerto \u00f3sseo, qualidade \u00f3ssea do paciente e manejo da carga de treinamento na reabilita\u00e7\u00e3o. Ap\u00f3s a cirurgia, ainda \u00e9 importante que o atleta tenha um acompanhamento multidisciplinar rigoroso para evitar novos problemas.<\/p>\n<\/div>\n<\/div>\n<div id=\"chunk-6o374\">\n<div class=\"mc-column content-text active-extra-styles \" data-block-type=\"unstyled\" data-block-weight=\"1\" data-block-id=\"41\">\n<p class=\" content-text__container \" data-track-category=\"Link no Texto\" data-track-links=\"\" data-mrf-recirculation=\"Artigo - Link no Texto\"><strong>Fonte: <\/strong><strong><em>Adriano Leonardi\u00a0<\/em><\/strong><em>\u00e9 m\u00e9dico ortopedista e traumatologista do esporte, especialista em joelho e colunista do EU <\/em><\/p>\n<p class=\" content-text__container \" data-track-category=\"Link no Texto\" data-track-links=\"\" data-mrf-recirculation=\"Artigo - Link no Texto\"><em>Atleta.<\/em><\/p>\n<\/div>\n<\/div>\n<div data-track-category=\"multicontent\" data-track-action=\"multicontent\" data-track-noninteraction=\"false\" data-track-scroll=\"ultimo chunk conteudo\" data-track-value=\"view\" data-mrf-recirculation=\"Artigo - Multicontent\">\n<div id=\"chunk-1gpue\">\n<div class=\"mc-column content-text active-extra-styles \" data-block-type=\"unstyled\" data-block-weight=\"17\" data-block-id=\"42\">\n<p class=\" content-text__container \" data-track-category=\"Link no Texto\" data-track-links=\"\" data-mrf-recirculation=\"Artigo - Link no Texto\"><em><br \/>\n<\/em>Fonte: Ge<\/p>\n<\/div>\n<\/div>\n<\/div>\n<\/div>\n<\/article>\n<\/div>\n","protected":false},"excerpt":{"rendered":"<p>Por que Paulinho foi substitu\u00eddo ap\u00f3s fazer gol contra o Botafogo? Entenda a les\u00e3o do atacante Jogador do Palmeiras lida<\/p>\n","protected":false},"author":1,"featured_media":9621,"comment_status":"open","ping_status":"open","sticky":false,"template":"","format":"standard","meta":{"colormag_page_container_layout":"default_layout","colormag_page_sidebar_layout":"default_layout","footnotes":""},"categories":[1],"tags":[],"class_list":["post-9606","post","type-post","status-publish","format-standard","has-post-thumbnail","hentry","category-geral"],"_links":{"self":[{"href":"http:\/\/metropoleemfoco.com.br\/index.php?rest_route=\/wp\/v2\/posts\/9606","targetHints":{"allow":["GET"]}}],"collection":[{"href":"http:\/\/metropoleemfoco.com.br\/index.php?rest_route=\/wp\/v2\/posts"}],"about":[{"href":"http:\/\/metropoleemfoco.com.br\/index.php?rest_route=\/wp\/v2\/types\/post"}],"author":[{"embeddable":true,"href":"http:\/\/metropoleemfoco.com.br\/index.php?rest_route=\/wp\/v2\/users\/1"}],"replies":[{"embeddable":true,"href":"http:\/\/metropoleemfoco.com.br\/index.php?rest_route=%2Fwp%2Fv2%2Fcomments&post=9606"}],"version-history":[{"count":1,"href":"http:\/\/metropoleemfoco.com.br\/index.php?rest_route=\/wp\/v2\/posts\/9606\/revisions"}],"predecessor-version":[{"id":9622,"href":"http:\/\/metropoleemfoco.com.br\/index.php?rest_route=\/wp\/v2\/posts\/9606\/revisions\/9622"}],"wp:featuredmedia":[{"embeddable":true,"href":"http:\/\/metropoleemfoco.com.br\/index.php?rest_route=\/wp\/v2\/media\/9621"}],"wp:attachment":[{"href":"http:\/\/metropoleemfoco.com.br\/index.php?rest_route=%2Fwp%2Fv2%2Fmedia&parent=9606"}],"wp:term":[{"taxonomy":"category","embeddable":true,"href":"http:\/\/metropoleemfoco.com.br\/index.php?rest_route=%2Fwp%2Fv2%2Fcategories&post=9606"},{"taxonomy":"post_tag","embeddable":true,"href":"http:\/\/metropoleemfoco.com.br\/index.php?rest_route=%2Fwp%2Fv2%2Ftags&post=9606"}],"curies":[{"name":"wp","href":"https:\/\/api.w.org\/{rel}","templated":true}]}}