{"id":9356,"date":"2025-06-07T12:30:04","date_gmt":"2025-06-07T15:30:04","guid":{"rendered":"https:\/\/metropoleemfoco.com.br\/?p=9356"},"modified":"2025-06-07T12:30:04","modified_gmt":"2025-06-07T15:30:04","slug":"neymar-pede-ao-santos-para-ficar-fora-de-treino-e-vai-a-consulado-dos-estados-unidos-no-rio-de-janeiro","status":"publish","type":"post","link":"http:\/\/metropoleemfoco.com.br\/?p=9356","title":{"rendered":"Neymar pede ao Santos para ficar fora de treino e vai a consulado dos Estados Unidos no Rio de Janeiro"},"content":{"rendered":"<div class=\"row content-head non-featured \">\n<div class=\"title\" data-block-type=\"title\" data-block-id=\"0\">\n<h1 class=\"content-head__title\">Neymar pede ao Santos para ficar fora de treino e vai a consulado dos Estados Unidos no Rio de Janeiro<\/h1>\n<\/div>\n<div class=\"medium-centered subtitle\">\n<h2 class=\"content-head__subtitle\">Camisa 10 tem retorno previsto para a tarde desta quinta-feira, quando deve treinar no CT Rei Pel\u00e9<\/h2>\n<\/div>\n<\/div>\n<div><\/div>\n<div class=\"content__signa-share\">\n<div class=\"content__signature\">\n<div class=\"content-publication-data\">\n<div class=\"content-publication-data__text\">\n<p class=\"content-publication-data__from\" title=\"Ana Canhedo\">Por Ana Canhedo\u00a0\u2014 Santos, SP<\/p>\n<\/div>\n<\/div>\n<\/div>\n<div class=\"content__share-bar content__share-bar--cloned\" data-position=\"upper\"><\/div>\n<\/div>\n<hr class=\"content__divider \" \/>\n<div class=\"summary-section\"><\/div>\n<div class=\"mc-article-body\">\n<article>\n<div id=\"chunk-a6gnf\">\n<div class=\"cxm-video-block mc-column  content-media content-video\" data-block-type=\"backstage-video\" data-block-id=\"1\">\n<div class=\"content-media__container\">\n<div class=\"content-video__bigger-player-description-fixer\">\n<article class=\"content-video\">\n<section class=\"content-video__video-container\">\n<div class=\"content-video__video\">\n<div class=\"content-video__placeholder\" data-video-id=\"13652193\"><img decoding=\"async\" class=\"content-video__placeholder__thumb\" title=\"&quot;Santos entende que o primeiro passo deve ser dado por Neymar&quot;, esclarece a setorista Ana Canhedo\" src=\"https:\/\/s02.video.glbimg.com\/x240\/13652193.jpg\" alt=\"&quot;Santos entende que o primeiro passo deve ser dado por Neymar&quot;, esclarece a setorista Ana Canhedo\" \/><\/div>\n<\/div>\n<\/section>\n<\/article>\n<\/div>\n<div class=\"bs-block-video__container\">\n<p class=\"codex-caption codex-caption--small\">&#8220;Santos entende que o primeiro passo deve ser dado por Neymar&#8221;, esclarece a setorista Ana Canhedo<\/p>\n<\/div>\n<\/div>\n<\/div>\n<\/div>\n<div id=\"chunk-196t6\">\n<div class=\"mc-column mc-side-item__container\" data-block-type=\"ads\" data-block-id=\"2\">\n<div class=\"mc-side-item mc-side-item--right content-ads content-ads--side-ad\"><\/div>\n<\/div>\n<\/div>\n<div id=\"chunk-avv7q\">\n<div class=\"mc-column content-text active-extra-styles \" data-block-type=\"unstyled\" data-block-weight=\"48\" data-block-id=\"3\">\n<p class=\" content-text__container \" data-track-category=\"Link no Texto\" data-track-links=\"\" data-mrf-recirculation=\"Artigo - Link no Texto\">Neymar pediu ao Santos para ficar fora do treino desta manh\u00e3, no CT Rei Pel\u00e9, e trocar sua atividade para o per\u00edodo da tarde. O motivo: o camisa 10 foi ao consulado americano no Rio de Janeiro para os tr\u00e2mites necess\u00e1rios de visto para entrar nos Estados Unidos.<\/p>\n<\/div>\n<\/div>\n<div class=\"wall protected-content\">\n<div id=\"chunk-4pf2p\">\n<div class=\"mc-column content-text active-extra-styles \" data-block-type=\"unstyled\" data-block-weight=\"8\" data-block-id=\"4\">\n<p class=\" content-text__container \" data-track-category=\"Link no Texto\" data-track-links=\"\" data-mrf-recirculation=\"Artigo - Link no Texto\"><a class=\"\" href=\"https:\/\/www.whatsapp.com\/channel\/0029Va4ZMHb545um8s7JGm0A\" target=\"_blank\" rel=\"noopener\" data-mrf-link=\"https:\/\/www.whatsapp.com\/channel\/0029Va4ZMHb545um8s7JGm0A\">+ Siga o canal ge Santos no WhatsApp!<\/a><\/p>\n<\/div>\n<\/div>\n<div id=\"chunk-cpo4f\">\n<div class=\"mc-column content-text active-extra-styles \" data-block-type=\"unstyled\" data-block-weight=\"32\" data-block-id=\"5\">\n<p class=\" content-text__container \" data-track-category=\"Link no Texto\" data-track-links=\"\" data-mrf-recirculation=\"Artigo - Link no Texto\">O atacante foi ao Rio de Janeiro em sua aeronave particular e pousou no Aeroporto Santos Dumont, de onde partiu para o atendimento no consulado. O retorno est\u00e1 previsto para essa tarde<\/p>\n<\/div>\n<\/div>\n<div id=\"chunk-1oeo8\">\n<div class=\"row medium-uncollapsed content-media content-photo\" data-block-type=\"backstage-photo\" data-block-id=\"8\">\n<div class=\"mc-column content-media__container\">\n<div class=\"content-media-container glb-skeleton-box\">\n<figure class=\"content-media-figure\"><img decoding=\"async\" class=\"i-amphtml-fill-content i-amphtml-replaced-content\" src=\"https:\/\/s2-ge.glbimg.com\/EFG1fgvzekX5Hb7ZZAe0oLwYFpk=\/0x0:640x800\/984x0\/smart\/filters:strip_icc()\/i.s3.glbimg.com\/v1\/AUTH_bc8228b6673f488aa253bbcb03c80ec5\/internal_photos\/bs\/2025\/u\/l\/RpvxyzQF2UNNag0OckVw\/54552790551-f538211617-c.jpg\" sizes=\"(max-width: 1440px) 648px, 100vw\" srcset=\"https:\/\/s2-ge.glbimg.com\/hp2NF8siz3Vs7ya0FY4M_cPPL3Y=\/0x0:640x800\/1000x0\/smart\/filters:strip_icc()\/i.s3.glbimg.com\/v1\/AUTH_bc8228b6673f488aa253bbcb03c80ec5\/internal_photos\/bs\/2025\/u\/l\/RpvxyzQF2UNNag0OckVw\/54552790551-f538211617-c.jpg 1000w, https:\/\/s2-ge.glbimg.com\/EFG1fgvzekX5Hb7ZZAe0oLwYFpk=\/0x0:640x800\/984x0\/smart\/filters:strip_icc()\/i.s3.glbimg.com\/v1\/AUTH_bc8228b6673f488aa253bbcb03c80ec5\/internal_photos\/bs\/2025\/u\/l\/RpvxyzQF2UNNag0OckVw\/54552790551-f538211617-c.jpg 984w, https:\/\/s2-ge.glbimg.com\/WascTBq8FbRNOHpP_2CQsxwx3Rw=\/0x0:640x800\/640x0\/smart\/filters:strip_icc()\/i.s3.glbimg.com\/v1\/AUTH_bc8228b6673f488aa253bbcb03c80ec5\/internal_photos\/bs\/2025\/u\/l\/RpvxyzQF2UNNag0OckVw\/54552790551-f538211617-c.jpg 640w, https:\/\/s2-ge.glbimg.com\/RzDxipv9TosMj_AkfC2Qy40Wzeg=\/0x0:640x800\/600x0\/smart\/filters:strip_icc()\/i.s3.glbimg.com\/v1\/AUTH_bc8228b6673f488aa253bbcb03c80ec5\/internal_photos\/bs\/2025\/u\/l\/RpvxyzQF2UNNag0OckVw\/54552790551-f538211617-c.jpg 600w\" alt=\"Neymar antes de jogo entre Santos e RB Leipzig, da Alemanha \u2014 Foto: Raul Baretta\/ Santos FC\" \/><\/figure>\n<\/div>\n<p class=\"codex-caption \">Neymar antes de jogo entre Santos e RB Leipzig, da Alemanha \u2014 Foto: Raul Baretta\/ Santos FC<\/p>\n<\/div>\n<\/div>\n<\/div>\n<div id=\"chunk-fhkdh\">\n<div class=\"mc-column content-text active-extra-styles \" data-block-type=\"unstyled\" data-block-weight=\"29\" data-block-id=\"9\">\n<p class=\" content-text__container \" data-track-category=\"Link no Texto\" data-track-links=\"\" data-mrf-recirculation=\"Artigo - Link no Texto\">Neymar tem contrato com o Santos at\u00e9 o dia 30 deste m\u00eas. O Peixe est\u00e1 cauteloso neste come\u00e7o de conversa em rela\u00e7\u00e3o \u00e0 renova\u00e7\u00e3o do v\u00ednculo do jogador.<\/p>\n<\/div>\n<\/div>\n<div id=\"chunk-5u6es\">\n<div class=\"mc-column content-text active-extra-styles \" data-block-type=\"unstyled\" data-block-weight=\"42\" data-block-id=\"10\">\n<p class=\" content-text__container \" data-track-category=\"Link no Texto\" data-track-links=\"\" data-mrf-recirculation=\"Artigo - Link no Texto\">O clube entende ter feito um grande esfor\u00e7o para t\u00ea-lo no primeiro semestre no Brasil, custeando um alto sal\u00e1rio, com uma contrapartida esportiva abaixo da esperada, e quer um sinal contundente do camisa 10 de que h\u00e1 inten\u00e7\u00e3o pela continuidade do projeto.<\/p>\n<\/div>\n<\/div>\n<div id=\"chunk-erm42\">\n<div class=\"cxm-video-block mc-column  content-media content-video\" data-block-type=\"backstage-video\" data-block-id=\"11\">\n<div class=\"content-media__container\">\n<div class=\"content-video__bigger-player-description-fixer\">\n<article class=\"content-video\">\n<section class=\"content-video__video-container\">\n<div class=\"content-video__video\">\n<div class=\"content-video__placeholder\" data-video-id=\"13657562\"><img decoding=\"async\" class=\"content-video__placeholder__thumb\" title=\"Presidente do Santos sobre renova\u00e7\u00e3o com Neymar: &quot;N\u00e3o tem nada definido, mas tem avan\u00e7os&quot;\" src=\"https:\/\/s03.video.glbimg.com\/x240\/13657562.jpg\" alt=\"Presidente do Santos sobre renova\u00e7\u00e3o com Neymar: &quot;N\u00e3o tem nada definido, mas tem avan\u00e7os&quot;\" \/><\/p>\n<div>\n<div id=\"wp3-player-2\" class=\"clappr-player\" tabindex=\"9999\" data-player=\"\">\n<div class=\"media-control media-control-hide h720 w960\">\n<div class=\"media-control-panel\">\n<div class=\"media-control-panel__modal\"><\/div>\n<\/div>\n<\/div>\n<\/div>\n<\/div>\n<\/div>\n<\/div>\n<\/section>\n<\/article>\n<\/div>\n<div class=\"bs-block-video__container\">\n<p class=\"codex-caption codex-caption--small\">Presidente do Santos sobre renova\u00e7\u00e3o com Neymar: &#8220;N\u00e3o tem nada definido, mas tem avan\u00e7os&#8221;<\/p>\n<\/div>\n<\/div>\n<\/div>\n<\/div>\n<div id=\"chunk-5s3lh\">\n<div class=\"mc-column content-text active-extra-styles \" data-block-type=\"unstyled\" data-block-weight=\"38\" data-block-id=\"13\">\n<p class=\" content-text__container \" data-track-category=\"Link no Texto\" data-track-links=\"\" data-mrf-recirculation=\"Artigo - Link no Texto\">As conversas j\u00e1 come\u00e7aram, com reuni\u00f5es feitas e tamb\u00e9m marcadas, mas ainda h\u00e1 pouca clareza sobre o futuro. O pr\u00f3prio estafe do jogador entende que tudo ainda est\u00e1 &#8220;nebuloso&#8221; e vai se desenrolar apenas nas pr\u00f3ximas semanas.<\/p>\n<\/div>\n<\/div>\n<div id=\"chunk-d99q0\">\n<div class=\"mc-column content-text active-extra-styles \" data-block-type=\"unstyled\" data-block-weight=\"9\" data-block-id=\"14\">\n<p class=\" content-text__container \" data-track-category=\"Link no Texto\" data-track-links=\"\" data-mrf-recirculation=\"Artigo - Link no Texto\"><a class=\"\" href=\"https:\/\/ge.globo.com\/sp\/santos-e-regiao\/futebol\/times\/santos\/\" data-mrf-link=\"https:\/\/ge.globo.com\/sp\/santos-e-regiao\/futebol\/times\/santos\/\">+ Clique aqui e saiba tudo sobre o Santos<\/a><\/p>\n<\/div>\n<\/div>\n<div id=\"chunk-f5s20\">\n<div class=\"mc-column content-text active-extra-styles \" data-block-type=\"unstyled\" data-block-weight=\"48\" data-block-id=\"15\">\n<p class=\" content-text__container \" data-track-category=\"Link no Texto\" data-track-links=\"\" data-mrf-recirculation=\"Artigo - Link no Texto\">Paralelo a isso, o Alvinegro contraiu uma d\u00edvida de R$ 85 milh\u00f5es com a NR Sports pela explora\u00e7\u00e3o de imagem do jogador pelos cinco meses acordados no contrato, de fevereiro a junho. A ideia \u00e9 alongar esse pagamento ao menos at\u00e9 dezembro, sem reajustar o valor na renova\u00e7\u00e3o.<\/p>\n<\/div>\n<\/div>\n<div id=\"chunk-e738i\">\n<div class=\"cxm-video-block mc-column  content-media content-video\" data-block-type=\"backstage-video\" data-block-id=\"16\">\n<div class=\"content-media__container\">\n<div class=\"content-video__bigger-player-description-fixer\">\n<article class=\"content-video\">\n<section class=\"content-video__video-container\">\n<div class=\"content-video__video\">\n<div class=\"content-video__placeholder\" data-video-id=\"13652189\"><img decoding=\"async\" class=\"content-video__placeholder__thumb\" title=\"Neymar fica no Santos? Ana Canhedo traz os detalhes sobre negocia\u00e7\u00f5es envolvendo o jogador\" src=\"https:\/\/s02.video.glbimg.com\/x240\/13652189.jpg\" alt=\"Neymar fica no Santos? Ana Canhedo traz os detalhes sobre negocia\u00e7\u00f5es envolvendo o jogador\" \/><\/div>\n<\/div>\n<\/section>\n<\/article>\n<\/div>\n<div class=\"bs-block-video__container\">\n<p class=\"codex-caption codex-caption--small\">Neymar fica no Santos? Ana Canhedo traz os detalhes sobre negocia\u00e7\u00f5es envolvendo o jogador<\/p>\n<\/div>\n<\/div>\n<\/div>\n<\/div>\n<div id=\"chunk-3gtpb\">\n<div class=\"mc-column content-text active-extra-styles \" data-block-type=\"unstyled\" data-block-weight=\"23\" data-block-id=\"17\">\n<p class=\" content-text__container \" data-track-category=\"Link no Texto\" data-track-links=\"\" data-mrf-recirculation=\"Artigo - Link no Texto\">Recentemente, o presidente do Fluminense, M\u00e1rio Bittencourt, revelou que tentou contratar Neymar para jogar a Copa do Mundo de Clubes no Tricolor.<\/p>\n<\/div>\n<\/div>\n<div id=\"chunk-q8tu\">\n<div class=\"mc-column content-text active-extra-styles \" data-block-type=\"unstyled\" data-block-weight=\"58\" data-block-id=\"19\">\n<p class=\" content-text__container \" data-track-category=\"Link no Texto\" data-track-links=\"\" data-mrf-recirculation=\"Artigo - Link no Texto\">O dirigente explicou que o plano n\u00e3o era tirar o craque do Santos, e sim fazer uma parceria onde o craque seria liberado para disputar a Copa do Mundo de Clubes, e depois retornaria ao Peixe, caso renovasse o contrato com o clube. Mas o jogador decidiu que usar\u00e1 o per\u00edodo para se recuperar fisicamente ap\u00f3s a les\u00e3o.<\/p>\n<p>Fonte: Ge<\/p>\n<\/div>\n<\/div>\n<\/div>\n<\/article>\n<\/div>\n","protected":false},"excerpt":{"rendered":"<p>Neymar pede ao Santos para ficar fora de treino e vai a consulado dos Estados Unidos no Rio de Janeiro<\/p>\n","protected":false},"author":1,"featured_media":0,"comment_status":"open","ping_status":"open","sticky":false,"template":"","format":"standard","meta":{"colormag_page_container_layout":"default_layout","colormag_page_sidebar_layout":"default_layout","footnotes":""},"categories":[1],"tags":[],"class_list":["post-9356","post","type-post","status-publish","format-standard","hentry","category-geral"],"_links":{"self":[{"href":"http:\/\/metropoleemfoco.com.br\/index.php?rest_route=\/wp\/v2\/posts\/9356","targetHints":{"allow":["GET"]}}],"collection":[{"href":"http:\/\/metropoleemfoco.com.br\/index.php?rest_route=\/wp\/v2\/posts"}],"about":[{"href":"http:\/\/metropoleemfoco.com.br\/index.php?rest_route=\/wp\/v2\/types\/post"}],"author":[{"embeddable":true,"href":"http:\/\/metropoleemfoco.com.br\/index.php?rest_route=\/wp\/v2\/users\/1"}],"replies":[{"embeddable":true,"href":"http:\/\/metropoleemfoco.com.br\/index.php?rest_route=%2Fwp%2Fv2%2Fcomments&post=9356"}],"version-history":[{"count":1,"href":"http:\/\/metropoleemfoco.com.br\/index.php?rest_route=\/wp\/v2\/posts\/9356\/revisions"}],"predecessor-version":[{"id":9371,"href":"http:\/\/metropoleemfoco.com.br\/index.php?rest_route=\/wp\/v2\/posts\/9356\/revisions\/9371"}],"wp:attachment":[{"href":"http:\/\/metropoleemfoco.com.br\/index.php?rest_route=%2Fwp%2Fv2%2Fmedia&parent=9356"}],"wp:term":[{"taxonomy":"category","embeddable":true,"href":"http:\/\/metropoleemfoco.com.br\/index.php?rest_route=%2Fwp%2Fv2%2Fcategories&post=9356"},{"taxonomy":"post_tag","embeddable":true,"href":"http:\/\/metropoleemfoco.com.br\/index.php?rest_route=%2Fwp%2Fv2%2Ftags&post=9356"}],"curies":[{"name":"wp","href":"https:\/\/api.w.org\/{rel}","templated":true}]}}