{"id":9204,"date":"2024-08-05T14:50:14","date_gmt":"2024-08-05T17:50:14","guid":{"rendered":"http:\/\/metropoleemfoco.com.br\/?p=9204"},"modified":"2024-08-05T14:50:14","modified_gmt":"2024-08-05T17:50:14","slug":"adolescente-de-16-anos-morre-apos-ser-baleado-na-cabeca-durante-dispersao-de-baile-funk-em-guarulhos","status":"publish","type":"post","link":"http:\/\/metropoleemfoco.com.br\/?p=9204","title":{"rendered":"Adolescente de 16 anos morre ap\u00f3s ser baleado na cabe\u00e7a durante dispers\u00e3o de baile funk em Guarulhos"},"content":{"rendered":"<div class=\"mc-article-header\">\n<div class=\"row content-head mc-column non-featured \">\n<div class=\"title\" data-block-type=\"title\" data-block-id=\"0\">\n<h1 class=\"content-head__title\">Adolescente de 16 anos morre ap\u00f3s ser baleado na cabe\u00e7a durante dispers\u00e3o de baile funk em Guarulhos<\/h1>\n<\/div>\n<div class=\"medium-centered subtitle\">\n<h2 class=\"content-head__subtitle\">Kleyton Diogo Ferreira Alves estava internado na UTI do Hospital Municipal Pimentas-Bonsucesso desde 28 de julho. Segundo fam\u00edlia, garoto foi um dos quatro feridos em a\u00e7\u00e3o da Guarda Civil Metropolitana. Jovem era jogador de futebol mirim e tentava a profissionaliza\u00e7\u00e3o.<\/h2>\n<\/div>\n<\/div>\n<div class=\"content__signa-share mc-column\">\n<div class=\"content__signature\">\n<div class=\"content-publication-data\">\n<div class=\"content-publication-data__text\">\n<p class=\"content-publication-data__from\" title=\"g1 SP \" data-mrf-recirculation=\"Autor\">Por g1 SP\u00a0\u2014 S\u00e3o Paulo<\/p>\n<\/div>\n<\/div>\n<\/div>\n<\/div>\n<div class=\"glb-share-bar\">\n<div class=\"glb-share-bar_icons\">\n<div class=\"glb-share-bar_button-img\"><\/div>\n<div class=\"glb-share-bar_button-img\"><\/div>\n<\/div>\n<\/div>\n<\/div>\n<div class=\"mc-article-body\">\n<article>\n<div id=\"chunk-32lcg\">\n<div class=\"bs-video-block mc-column   content-media content-video\" data-block-type=\"backstage-video\" data-block-id=\"1\">\n<div class=\"content-media__container\">\n<div class=\"content-video__bigger-player-description-fixer\">\n<article class=\"content-video\" data-ts-view=\"1722880092944\">\n<section class=\"content-video__video-container\">\n<div class=\"content-video__video\">\n<div id=\"wp3-player-1\" class=\"clappr-player\" tabindex=\"9999\" data-player=\"\">\n<div class=\"media-control media-control-hide h720 w960\">\n<div class=\"media-control-panel\">\n<div class=\"media-control-panel__modal\"><\/div>\n<\/div>\n<\/div>\n<\/div>\n<\/div>\n<\/section>\n<\/article>\n<\/div>\n<p class=\"content-media__description\">Dispers\u00e3o de baile funk acaba com 2 baleados em Guarulhos<\/p>\n<\/div>\n<\/div>\n<\/div>\n<div id=\"chunk-1ppj\">\n<div class=\"mc-column mc-side-item__container\" data-block-type=\"ads\" data-block-id=\"2\">\n<div class=\"mc-side-item mc-side-item--right content-ads content-ads--side-ad\"><\/div>\n<\/div>\n<\/div>\n<div id=\"chunk-4d4cd\">\n<div class=\"mc-column content-text active-extra-styles \" data-block-type=\"unstyled\" data-block-weight=\"36\" data-block-id=\"3\">\n<p class=\" content-text__container \" data-track-category=\"Link no Texto\" data-track-links=\"\" data-mrf-recirculation=\"Article links\">O adolescente de 16 anos que\u00a0<a class=\"\" href=\"https:\/\/g1.globo.com\/sp\/sao-paulo\/noticia\/2024\/07\/29\/adolescente-de-15-anos-e-baleado-na-cabeca-durante-dispersao-de-baile-funk-em-guarulhos-na-grande-sp.ghtml\" data-mrf-link=\"https:\/\/g1.globo.com\/sp\/sao-paulo\/noticia\/2024\/07\/29\/adolescente-de-15-anos-e-baleado-na-cabeca-durante-dispersao-de-baile-funk-em-guarulhos-na-grande-sp.ghtml\">foi baleado na cabe\u00e7a durante dispers\u00e3o de um baile funk\u00a0<\/a>no bairro dos Pimentas, em\u00a0<a class=\"\" href=\"https:\/\/g1.globo.com\/sp\/sao-paulo\/cidade\/guarulhos\/\" data-mrf-link=\"https:\/\/g1.globo.com\/sp\/sao-paulo\/cidade\/guarulhos\/\">Guarulhos<\/a>, Grande\u00a0<a class=\"\" href=\"https:\/\/g1.globo.com\/sp\/sao-paulo\/cidade\/sao-paulo\/\" data-mrf-link=\"https:\/\/g1.globo.com\/sp\/sao-paulo\/cidade\/sao-paulo\/\">S\u00e3o Paulo<\/a>, n\u00e3o resistiu aos ferimentos e morreu no \u00faltimo s\u00e1bado (3).<\/p>\n<\/div>\n<\/div>\n<div class=\"wall protected-content\">\n<div id=\"chunk-6g501\">\n<div class=\"mc-column content-text active-extra-styles \" data-block-type=\"unstyled\" data-block-weight=\"11\" data-block-id=\"4\">\n<p class=\" content-text__container \" data-track-category=\"Link no Texto\" data-track-links=\"\" data-mrf-recirculation=\"Article links\">A informa\u00e7\u00e3o foi confirmada ao\u00a0<strong>g1<\/strong>\u00a0nesta segunda-feira (5) pela prefeitura.<\/p>\n<\/div>\n<\/div>\n<div id=\"chunk-81dn5\">\n<div class=\"mc-column content-text active-extra-styles \" data-block-type=\"unstyled\" data-block-weight=\"34\" data-block-id=\"5\">\n<p class=\" content-text__container \" data-track-category=\"Link no Texto\" data-track-links=\"\" data-mrf-recirculation=\"Article links\">Kleyton Diogo Ferreira Alves estava internado na UTI do Hospital Municipal Pimentas-Bonsucesso (HMPB) desde o dia 28 de julho. Em nota, a prefeitura de Guarulhos ainda informou que o jovem teve morte cerebral.<\/p>\n<\/div>\n<\/div>\n<div id=\"chunk-9qbp6\">\n<div class=\"mc-column content-text active-extra-styles \" data-block-type=\"unstyled\" data-block-weight=\"13\" data-block-id=\"6\">\n<p class=\" content-text__container \" data-track-category=\"Link no Texto\" data-track-links=\"\" data-mrf-recirculation=\"Article links\">\u2705\u00a0<a class=\"\" href=\"https:\/\/www.whatsapp.com\/channel\/0029Va35aSbIiRopSCj8Ys1v\" target=\"_blank\" rel=\"noopener\" data-mrf-link=\"https:\/\/www.whatsapp.com\/channel\/0029Va35aSbIiRopSCj8Ys1v\"><strong>Clique aqui para se inscrever no canal do g1 SP no WhatsApp<\/strong><\/a><\/p>\n<\/div>\n<\/div>\n<div id=\"chunk-65jrt\">\n<div class=\"mc-column content-text active-extra-styles \" data-block-type=\"unstyled\" data-block-weight=\"27\" data-block-id=\"7\">\n<p class=\" content-text__container \" data-track-category=\"Link no Texto\" data-track-links=\"\" data-mrf-recirculation=\"Article links\">O adolescente foi atingido na cabe\u00e7a durante uma confus\u00e3o envolvendo a Guarda Civil Metropolitana na Rua Feira Nova<strong><em>\u00a0(veja v\u00eddeo acima).\u00a0<\/em><\/strong>Outras tr\u00eas pessoas tamb\u00e9m foram baleadas<\/p>\n<\/div>\n<\/div>\n<div id=\"chunk-2ilv0\">\n<div class=\"content-ads content-ads--reveal\" data-block-type=\"ads\" data-block-id=\"8\"><\/div>\n<\/div>\n<div id=\"chunk-fpkec\">\n<div class=\"mc-column content-text active-extra-styles \" data-block-type=\"unstyled\" data-block-weight=\"41\" data-block-id=\"9\">\n<p class=\" content-text__container \" data-track-category=\"Link no Texto\" data-track-links=\"\" data-mrf-recirculation=\"Article links\">No \u00e9poca, a Prefeitura de Guarulhos afirmou que os GCMs foram recebidos com hostilidade no baile funk e s\u00f3 ficaram sabendo sobre o adolescente baleado na cabe\u00e7a quando levaram outra v\u00edtima, que foi atingida por um tiro na perna, ao hospital.<\/p>\n<\/div>\n<\/div>\n<div id=\"chunk-2ioed\">\n<div class=\"mc-column content-text active-extra-styles \" data-block-type=\"unstyled\" data-block-weight=\"19\" data-block-id=\"10\">\n<p class=\" content-text__container \" data-track-category=\"Link no Texto\" data-track-links=\"\" data-mrf-recirculation=\"Article links\">Ao\u00a0<strong>g1<\/strong>, O advogado da fam\u00edlia informou que Kleyton era jogador de futebol mirim e tentava a profissionaliza\u00e7\u00e3o.<\/p>\n<\/div>\n<\/div>\n<div id=\"chunk-dv77i\">\n<div class=\"mc-column content-text active-extra-styles \" data-block-type=\"unstyled\" data-block-weight=\"28\" data-block-id=\"11\">\n<p class=\" content-text__container \" data-track-category=\"Link no Texto\" data-track-links=\"\" data-mrf-recirculation=\"Article links\">Na sexta-feira (26), dois dias antes de ser baleado, ele chegou a fazer exames para se apresentar ao time juvenil do Juventus da Mooca, na Zona Leste.<\/p>\n<\/div>\n<\/div>\n<div id=\"chunk-c7ku\">\n<div class=\"row medium-uncollapsed content-media content-photo\" data-block-type=\"backstage-photo\" data-block-id=\"12\">\n<div class=\" mc-column  content-media__container\">\n<div class=\"content-media-container glb-skeleton-box\">\n<figure class=\"content-media-figure\"><img decoding=\"async\" class=\"i-amphtml-fill-content i-amphtml-replaced-content\" src=\"https:\/\/s2-g1.glbimg.com\/MMqbzWHzHU5z7lia2QadtL3Eo8c=\/0x0:887x616\/984x0\/smart\/filters:strip_icc()\/i.s3.glbimg.com\/v1\/AUTH_59edd422c0c84a879bd37670ae4f538a\/internal_photos\/bs\/2024\/D\/7\/huJPiSRlCfpCHxlfwxPw\/172233307321276.jpg\" sizes=\"(max-width: 984px) 927px, 100vw\" srcset=\"https:\/\/s2-g1.glbimg.com\/w4jRMLgks2B_NFwqUj49l3IQ1Ro=\/0x0:887x616\/1000x0\/smart\/filters:strip_icc()\/i.s3.glbimg.com\/v1\/AUTH_59edd422c0c84a879bd37670ae4f538a\/internal_photos\/bs\/2024\/D\/7\/huJPiSRlCfpCHxlfwxPw\/172233307321276.jpg 1000w, https:\/\/s2-g1.glbimg.com\/MMqbzWHzHU5z7lia2QadtL3Eo8c=\/0x0:887x616\/984x0\/smart\/filters:strip_icc()\/i.s3.glbimg.com\/v1\/AUTH_59edd422c0c84a879bd37670ae4f538a\/internal_photos\/bs\/2024\/D\/7\/huJPiSRlCfpCHxlfwxPw\/172233307321276.jpg 984w, https:\/\/s2-g1.glbimg.com\/Bb_BfThXy3tIzT5DZEtE4nCCxQI=\/0x0:887x616\/640x0\/smart\/filters:strip_icc()\/i.s3.glbimg.com\/v1\/AUTH_59edd422c0c84a879bd37670ae4f538a\/internal_photos\/bs\/2024\/D\/7\/huJPiSRlCfpCHxlfwxPw\/172233307321276.jpg 640w, https:\/\/s2-g1.glbimg.com\/BD97prJDvVQbsEBc2vYkRnVLcpU=\/0x0:887x616\/600x0\/smart\/filters:strip_icc()\/i.s3.glbimg.com\/v1\/AUTH_59edd422c0c84a879bd37670ae4f538a\/internal_photos\/bs\/2024\/D\/7\/huJPiSRlCfpCHxlfwxPw\/172233307321276.jpg 600w\" alt=\"Adolescente de 16 anos atingido por tiro na cabe\u00e7a durante dispers\u00e3o de baile funk no bairro dos Pimentas, em Guarulhos. \u2014 Foto: Reprodu\u00e7\u00e3o\/TV Globo\" \/><\/figure>\n<\/div>\n<p class=\"content-media__description  \">Adolescente de 16 anos atingido por tiro na cabe\u00e7a durante dispers\u00e3o de baile funk no bairro dos Pimentas, em Guarulhos. \u2014 Foto: Reprodu\u00e7\u00e3o\/TV Globo<\/p>\n<\/div>\n<\/div>\n<\/div>\n<div id=\"chunk-2gfm7\">\n<div class=\"mc-column content-text active-extra-styles\" data-block-type=\"raw\" data-block-weight=\"1\" data-block-id=\"13\">\n<p class=\"content-text__container\" data-mrf-recirculation=\"Article links\">\n<div class=\"content-intertitle\">\n<h2>Confus\u00e3o<\/h2>\n<\/div>\n<p>&nbsp;<\/p>\n<\/div>\n<\/div>\n<div id=\"chunk-3h0no\">\n<div class=\"mc-column content-text active-extra-styles \" data-block-type=\"unstyled\" data-block-weight=\"27\" data-block-id=\"14\">\n<p class=\" content-text__container \" data-track-category=\"Link no Texto\" data-track-links=\"\" data-mrf-recirculation=\"Article links\">Imagens que circulam nas redes sociais mostram a confus\u00e3o ap\u00f3s a chegada da GCM, com uso de g\u00e1s lacrimog\u00eaneo e muita correria no local\u00a0<strong>(veja abaixo).<\/strong><\/p>\n<\/div>\n<\/div>\n<div id=\"chunk-296j9\">\n<div class=\"mc-column content-text active-extra-styles \" data-block-type=\"unstyled\" data-block-weight=\"20\" data-block-id=\"16\">\n<p class=\" content-text__container \" data-track-category=\"Link no Texto\" data-track-links=\"\" data-mrf-recirculation=\"Article links\">Testemunhas afirmaram que os agentes chegaram pelos dois lados da rua jogando bombas e dificultando a dispers\u00e3o do baile.<\/p>\n<\/div>\n<\/div>\n<div id=\"chunk-beqnv\">\n<div class=\"mc-column content-text active-extra-styles \" data-block-type=\"unstyled\" data-block-weight=\"40\" data-block-id=\"17\">\n<p class=\" content-text__container \" data-track-category=\"Link no Texto\" data-track-links=\"\" data-mrf-recirculation=\"Article links\">Os v\u00eddeos feitos do momento da a\u00e7\u00e3o, e divulgado nas redes sociais, mostram os agentes em confronto com os frequentadores do pancad\u00e3o. Ainda de acordo com o relato das testemunhas, ao total quatro pessoas foram baleadas no local do baile.<\/p>\n<\/div>\n<\/div>\n<div id=\"chunk-4ge17\">\n<div class=\"bs-video-block mc-column   content-media content-video\" data-block-type=\"backstage-video\" data-block-id=\"18\">\n<div class=\"content-media__container\">\n<div class=\"content-video__bigger-player-description-fixer\">\n<article class=\"content-video\" data-ts-view=\"1722880094597\">\n<section class=\"content-video__video-container\">\n<div class=\"content-video__video\">\n<div id=\"wp3-player-2\" class=\"clappr-player\" tabindex=\"9999\" data-player=\"\">\n<div class=\"media-control media-control-hide h720 w960\">\n<div class=\"media-control-panel\">\n<div class=\"media-control-panel__modal\"><\/div>\n<\/div>\n<\/div>\n<\/div>\n<\/div>\n<\/section>\n<\/article>\n<\/div>\n<p class=\"content-media__description\">Dispers\u00e3o de baile funk em Guarulhos termina com adolescente baleado na cabe\u00e7a<\/p>\n<\/div>\n<\/div>\n<\/div>\n<div id=\"chunk-fkmf\">\n<div class=\"mc-column content-text active-extra-styles \" data-block-type=\"unstyled\" data-block-weight=\"38\" data-block-id=\"19\">\n<p class=\" content-text__container \" data-track-category=\"Link no Texto\" data-track-links=\"\" data-mrf-recirculation=\"Article links\">Em nota, a prefeitura afirmou que a GCM foi acionada por moradores que reclamavam do som alto. Ao chegar no local, &#8220;os agentes foram recebidos com hostilidade pelos participantes, que arremessaram pedras e outros objetos contra eles&#8221;.<\/p>\n<\/div>\n<\/div>\n<div id=\"chunk-drmoa\">\n<div class=\"mc-column content-text active-extra-styles \" data-block-type=\"unstyled\" data-block-weight=\"16\" data-block-id=\"20\">\n<p class=\" content-text__container \" data-track-category=\"Link no Texto\" data-track-links=\"\" data-mrf-recirculation=\"Article links\">De acordo com a gest\u00e3o municipal, os guardas utilizaram somente armas com muni\u00e7\u00e3o n\u00e3o letal.<\/p>\n<\/div>\n<\/div>\n<div id=\"chunk-g0ju\">\n<div class=\"mc-column content-text active-extra-styles \" data-block-type=\"unstyled\" data-block-weight=\"48\" data-block-id=\"22\">\n<p class=\" content-text__container \" data-track-category=\"Link no Texto\" data-track-links=\"\" data-mrf-recirculation=\"Article links\">&#8220;Momentos depois, em uma mata longe do alcance da GCM, uma pessoa informou que havia sido baleada na perna, n\u00e3o sabendo explicar de onde partiu o tiro. Socorrida pelo Samu, ela foi levada ao Hospital Municipal Pimentas Bonsucesso com ferimentos leves, sem risco de vida&#8221;, disse a prefeitura.<\/p>\n<\/div>\n<\/div>\n<div id=\"chunk-22h53\">\n<div class=\"mc-column content-text active-extra-styles \" data-block-type=\"unstyled\" data-block-weight=\"48\" data-block-id=\"23\">\n<p class=\" content-text__container \" data-track-category=\"Link no Texto\" data-track-links=\"\" data-mrf-recirculation=\"Article links\">&#8220;Mais tarde a GCM foi informada que outra pessoa chegou ao mesmo hospital ap\u00f3s ter levado um tiro na cabe\u00e7a levada por populares, que n\u00e3o se identificaram, apenas deixaram o jovem no local e sa\u00edram. Essa v\u00edtima se encontra internada na UTI em estado grave&#8221;, informou, na \u00e9poca.<\/p>\n<\/div>\n<\/div>\n<div id=\"chunk-bq6a\">\n<div class=\"mc-column content-text active-extra-styles \" data-block-type=\"unstyled\" data-block-weight=\"24\" data-block-id=\"24\">\n<p class=\" content-text__container \" data-track-category=\"Link no Texto\" data-track-links=\"\" data-mrf-recirculation=\"Article links\">Em nota, a Secretaria da Sa\u00fade de Guarulhos confirmou que dois pacientes estavam internados por ferimento a bala no Hospital Municipal Pimentas-Bonsucesso (HMPB).<\/p>\n<\/div>\n<\/div>\n<div id=\"chunk-d1i3u\">\n<div class=\"mc-column content-text active-extra-styles \" data-block-type=\"unstyled\" data-block-weight=\"18\" data-block-id=\"25\">\n<p class=\" content-text__container \" data-track-category=\"Link no Texto\" data-track-links=\"\" data-mrf-recirculation=\"Article links\">O caso foi registrado como\u00a0<strong>les\u00e3o corporal\u00a0<\/strong>e\u00a0<strong>tentativa de homic\u00eddio<\/strong>\u00a0no 4\u00b0 Distrito Policial de Guarulhos.<\/p>\n<p>Fonte: G1<\/p>\n<\/div>\n<\/div>\n<\/div>\n<\/article>\n<\/div>\n","protected":false},"excerpt":{"rendered":"<p>Adolescente de 16 anos morre ap\u00f3s ser baleado na cabe\u00e7a durante dispers\u00e3o de baile funk em Guarulhos Kleyton Diogo Ferreira<\/p>\n","protected":false},"author":1,"featured_media":9216,"comment_status":"open","ping_status":"open","sticky":false,"template":"","format":"standard","meta":{"colormag_page_container_layout":"default_layout","colormag_page_sidebar_layout":"default_layout","footnotes":""},"categories":[1],"tags":[],"class_list":["post-9204","post","type-post","status-publish","format-standard","has-post-thumbnail","hentry","category-geral"],"_links":{"self":[{"href":"http:\/\/metropoleemfoco.com.br\/index.php?rest_route=\/wp\/v2\/posts\/9204","targetHints":{"allow":["GET"]}}],"collection":[{"href":"http:\/\/metropoleemfoco.com.br\/index.php?rest_route=\/wp\/v2\/posts"}],"about":[{"href":"http:\/\/metropoleemfoco.com.br\/index.php?rest_route=\/wp\/v2\/types\/post"}],"author":[{"embeddable":true,"href":"http:\/\/metropoleemfoco.com.br\/index.php?rest_route=\/wp\/v2\/users\/1"}],"replies":[{"embeddable":true,"href":"http:\/\/metropoleemfoco.com.br\/index.php?rest_route=%2Fwp%2Fv2%2Fcomments&post=9204"}],"version-history":[{"count":1,"href":"http:\/\/metropoleemfoco.com.br\/index.php?rest_route=\/wp\/v2\/posts\/9204\/revisions"}],"predecessor-version":[{"id":9217,"href":"http:\/\/metropoleemfoco.com.br\/index.php?rest_route=\/wp\/v2\/posts\/9204\/revisions\/9217"}],"wp:featuredmedia":[{"embeddable":true,"href":"http:\/\/metropoleemfoco.com.br\/index.php?rest_route=\/wp\/v2\/media\/9216"}],"wp:attachment":[{"href":"http:\/\/metropoleemfoco.com.br\/index.php?rest_route=%2Fwp%2Fv2%2Fmedia&parent=9204"}],"wp:term":[{"taxonomy":"category","embeddable":true,"href":"http:\/\/metropoleemfoco.com.br\/index.php?rest_route=%2Fwp%2Fv2%2Fcategories&post=9204"},{"taxonomy":"post_tag","embeddable":true,"href":"http:\/\/metropoleemfoco.com.br\/index.php?rest_route=%2Fwp%2Fv2%2Ftags&post=9204"}],"curies":[{"name":"wp","href":"https:\/\/api.w.org\/{rel}","templated":true}]}}