{"id":9063,"date":"2024-07-03T12:10:46","date_gmt":"2024-07-03T15:10:46","guid":{"rendered":"http:\/\/metropoleemfoco.com.br\/?p=9063"},"modified":"2024-07-03T12:10:46","modified_gmt":"2024-07-03T15:10:46","slug":"ciclista-de-27-anos-morre-apos-ser-agredido-em-briga-de-transito-na-zona-leste-de-sp","status":"publish","type":"post","link":"http:\/\/metropoleemfoco.com.br\/?p=9063","title":{"rendered":"Ciclista de 27 anos morre ap\u00f3s ser agredido em briga de tr\u00e2nsito na Zona Leste de SP"},"content":{"rendered":"<div class=\"mc-article-header\">\n<div class=\"row content-head mc-column non-featured \">\n<div class=\"title\" data-block-type=\"title\" data-block-id=\"0\">\n<h1 class=\"content-head__title\">Ciclista de 27 anos morre ap\u00f3s ser agredido em briga de tr\u00e2nsito na Zona Leste de SP<\/h1>\n<\/div>\n<div class=\"medium-centered subtitle\">\n<h2 class=\"content-head__subtitle\">V\u00edtima se envolveu em uma briga com motorista de um carro na rua Doutor Jos\u00e9 de Porci\u00fancula, Jardim Helena; condutor foi identificado e dever\u00e1 prestar depoimento.<\/h2>\n<\/div>\n<\/div>\n<div class=\"content__signa-share mc-column\">\n<div class=\"content__signature\">\n<div class=\"content-publication-data\">\n<div class=\"content-publication-data__text\">\n<p class=\"content-publication-data__updated\">\n<\/div>\n<\/div>\n<\/div>\n<\/div>\n<div class=\"glb-share-bar\">\n<div class=\"glb-share-bar_icons\">\n<div class=\"glb-share-bar_button-img\"><\/div>\n<div class=\"glb-share-bar_button-img\"><\/div>\n<\/div>\n<\/div>\n<\/div>\n<div class=\"mc-article-body\">\n<article>\n<div id=\"chunk-9bn76\">\n<div class=\"row medium-uncollapsed content-media content-photo\" data-block-type=\"backstage-photo\" data-block-id=\"1\">\n<div class=\" mc-column  content-media__container\">\n<div class=\"content-media-container glb-skeleton-box\">\n<figure class=\"content-media-figure\"><img decoding=\"async\" class=\"i-amphtml-fill-content i-amphtml-replaced-content\" src=\"https:\/\/s2-g1.glbimg.com\/YaXZ9KOQqwWh5p71RgG-GlGZO7A=\/0x0:1055x595\/984x0\/smart\/filters:strip_icc()\/i.s3.glbimg.com\/v1\/AUTH_59edd422c0c84a879bd37670ae4f538a\/internal_photos\/bs\/2024\/k\/V\/1RdAepT7aW2lhYGUcTxQ\/1720006474931499.jpg\" sizes=\"(max-width: 1094px) 648px, 100vw\" srcset=\"https:\/\/s2-g1.glbimg.com\/-tb-vGGQtucFl4d-EwI8_0Dv2Kg=\/0x0:1055x595\/1000x0\/smart\/filters:strip_icc()\/i.s3.glbimg.com\/v1\/AUTH_59edd422c0c84a879bd37670ae4f538a\/internal_photos\/bs\/2024\/k\/V\/1RdAepT7aW2lhYGUcTxQ\/1720006474931499.jpg 1000w, https:\/\/s2-g1.glbimg.com\/YaXZ9KOQqwWh5p71RgG-GlGZO7A=\/0x0:1055x595\/984x0\/smart\/filters:strip_icc()\/i.s3.glbimg.com\/v1\/AUTH_59edd422c0c84a879bd37670ae4f538a\/internal_photos\/bs\/2024\/k\/V\/1RdAepT7aW2lhYGUcTxQ\/1720006474931499.jpg 984w, https:\/\/s2-g1.glbimg.com\/aQUjIvPU6b25tyJ7unNvxjxRTlA=\/0x0:1055x595\/640x0\/smart\/filters:strip_icc()\/i.s3.glbimg.com\/v1\/AUTH_59edd422c0c84a879bd37670ae4f538a\/internal_photos\/bs\/2024\/k\/V\/1RdAepT7aW2lhYGUcTxQ\/1720006474931499.jpg 640w, https:\/\/s2-g1.glbimg.com\/BePRNydyvUrmFFNiGSav6VHKlDw=\/0x0:1055x595\/600x0\/smart\/filters:strip_icc()\/i.s3.glbimg.com\/v1\/AUTH_59edd422c0c84a879bd37670ae4f538a\/internal_photos\/bs\/2024\/k\/V\/1RdAepT7aW2lhYGUcTxQ\/1720006474931499.jpg 600w\" alt=\"Ciclista morre ap\u00f3s se envolver em briga de tr\u00e2nsito na Zona Leste de SP \u2014 Foto: Reprodu\u00e7\u00e3o\/C\u00e2mera de seguran\u00e7a\" \/><\/figure>\n<\/div>\n<p class=\"content-media__description  \">Ciclista morre ap\u00f3s se envolver em briga de tr\u00e2nsito na Zona Leste de SP \u2014 Foto: Reprodu\u00e7\u00e3o\/C\u00e2mera de seguran\u00e7a<\/p>\n<\/div>\n<\/div>\n<\/div>\n<div id=\"chunk-a4p8m\">\n<div class=\"mc-column content-text active-extra-styles \" data-block-type=\"unstyled\" data-block-weight=\"30\" data-block-id=\"2\">\n<p class=\" content-text__container \" data-track-category=\"Link no Texto\" data-track-links=\"\" data-mrf-recirculation=\"Article links\">Um ciclista de 27 anos morreu ap\u00f3s se envolver em uma briga de tr\u00e2nsito com o motorista de um carro no Jardim Helena, na Zona Leste de\u00a0<a class=\"\" href=\"https:\/\/g1.globo.com\/sp\/sao-paulo\/cidade\/sao-paulo\/\" data-mrf-link=\"https:\/\/g1.globo.com\/sp\/sao-paulo\/cidade\/sao-paulo\/\">S\u00e3o Paulo<\/a>.<\/p>\n<\/div>\n<\/div>\n<div class=\"wall protected-content\">\n<div id=\"chunk-3hujj\">\n<div class=\"mc-column content-text active-extra-styles \" data-block-type=\"unstyled\" data-block-weight=\"36\" data-block-id=\"4\">\n<p class=\" content-text__container \" data-track-category=\"Link no Texto\" data-track-links=\"\" data-mrf-recirculation=\"Article links\">Ronaldo Alves de Souza chegou a ser levado para uma Unidade de Pronto Atendimento, mas n\u00e3o resistiu aos ferimentos. Segundo a Pol\u00edcia Civil, o Instituto M\u00e9dico Legal informou que a v\u00edtima agredida sofreu um infarto.<\/p>\n<\/div>\n<\/div>\n<div id=\"chunk-9hh2j\">\n<div class=\"mc-column content-text active-extra-styles \" data-block-type=\"unstyled\" data-block-weight=\"20\" data-block-id=\"5\">\n<p class=\" content-text__container \" data-track-category=\"Link no Texto\" data-track-links=\"\" data-mrf-recirculation=\"Article links\">O crime foi registrado na \u00faltima sexta-feira (28) na rua Doutor Jos\u00e9 de Porci\u00fancula, na regi\u00e3o de S\u00e3o Miguel Paulista.<\/p>\n<\/div>\n<\/div>\n<div id=\"chunk-b43t5\">\n<div class=\"mc-column content-text active-extra-styles \" data-block-type=\"unstyled\" data-block-weight=\"38\" data-block-id=\"6\">\n<p class=\" content-text__container \" data-track-category=\"Link no Texto\" data-track-links=\"\" data-mrf-recirculation=\"Article links\">V\u00eddeos de c\u00e2meras de seguran\u00e7a registraram a discuss\u00e3o. Nas imagens, \u00e9 poss\u00edvel ver o momento em que o ciclista est\u00e1 ao lado de um carro preto, quando ele passa a se desentender com o motorista do ve\u00edculo.<\/p>\n<\/div>\n<\/div>\n<div id=\"chunk-c7lqk\">\n<div class=\"mc-column content-text active-extra-styles \" data-block-type=\"unstyled\" data-block-weight=\"21\" data-block-id=\"8\">\n<p class=\" content-text__container \" data-track-category=\"Link no Texto\" data-track-links=\"\" data-mrf-recirculation=\"Article links\">Na sequ\u00eancia, o homem desce do carro e os dois come\u00e7am a se agredir no meio da rua com socos.<strong><em>(veja abaixo).<\/em><\/strong><\/p>\n<\/div>\n<\/div>\n<div id=\"chunk-84d7\">\n<div class=\"bs-video-block mc-column   content-media content-video\" data-block-type=\"backstage-video\" data-block-id=\"9\">\n<div class=\"content-media__container\">\n<p class=\"content-media__description\">Ciclista morre ap\u00f3s briga de tr\u00e2nsito na Zona Leste de SP<\/p>\n<\/div>\n<\/div>\n<\/div>\n<div id=\"chunk-3esn6\">\n<div class=\"mc-column content-text active-extra-styles \" data-block-type=\"unstyled\" data-block-weight=\"30\" data-block-id=\"10\">\n<p class=\" content-text__container \" data-track-category=\"Link no Texto\" data-track-links=\"\" data-mrf-recirculation=\"Article links\">Ainda nas imagens \u00e9 poss\u00edvel ver que o ciclista cai na cal\u00e7ada inconsciente e o motorista continua o agredindo. Depois, o condutor vai embora e deixa a v\u00edtima no local.<\/p>\n<\/div>\n<\/div>\n<div id=\"chunk-di8ii\">\n<div class=\"mc-column content-text active-extra-styles \" data-block-type=\"unstyled\" data-block-weight=\"35\" data-block-id=\"11\">\n<p class=\" content-text__container \" data-track-category=\"Link no Texto\" data-track-links=\"\" data-mrf-recirculation=\"Article links\">O caso foi registrado no 59\u00ba Distrito Policial, no Jardim dos Ip\u00eas. Ainda n\u00e3o se sabe a motiva\u00e7\u00e3o da discuss\u00e3o. O motorista do carro foi identificado e deve prestar depoimento, informou a Pol\u00edcia Civil.<\/p>\n<p>Fonte: G1<\/p>\n<\/div>\n<\/div>\n<\/div>\n<\/article>\n<\/div>\n","protected":false},"excerpt":{"rendered":"<p>Ciclista de 27 anos morre ap\u00f3s ser agredido em briga de tr\u00e2nsito na Zona Leste de SP V\u00edtima se envolveu<\/p>\n","protected":false},"author":1,"featured_media":9071,"comment_status":"open","ping_status":"open","sticky":false,"template":"","format":"standard","meta":{"colormag_page_container_layout":"default_layout","colormag_page_sidebar_layout":"default_layout","footnotes":""},"categories":[3,20],"tags":[],"class_list":["post-9063","post","type-post","status-publish","format-standard","has-post-thumbnail","hentry","category-seu-bairro","category-zona-leste"],"_links":{"self":[{"href":"http:\/\/metropoleemfoco.com.br\/index.php?rest_route=\/wp\/v2\/posts\/9063","targetHints":{"allow":["GET"]}}],"collection":[{"href":"http:\/\/metropoleemfoco.com.br\/index.php?rest_route=\/wp\/v2\/posts"}],"about":[{"href":"http:\/\/metropoleemfoco.com.br\/index.php?rest_route=\/wp\/v2\/types\/post"}],"author":[{"embeddable":true,"href":"http:\/\/metropoleemfoco.com.br\/index.php?rest_route=\/wp\/v2\/users\/1"}],"replies":[{"embeddable":true,"href":"http:\/\/metropoleemfoco.com.br\/index.php?rest_route=%2Fwp%2Fv2%2Fcomments&post=9063"}],"version-history":[{"count":1,"href":"http:\/\/metropoleemfoco.com.br\/index.php?rest_route=\/wp\/v2\/posts\/9063\/revisions"}],"predecessor-version":[{"id":9072,"href":"http:\/\/metropoleemfoco.com.br\/index.php?rest_route=\/wp\/v2\/posts\/9063\/revisions\/9072"}],"wp:featuredmedia":[{"embeddable":true,"href":"http:\/\/metropoleemfoco.com.br\/index.php?rest_route=\/wp\/v2\/media\/9071"}],"wp:attachment":[{"href":"http:\/\/metropoleemfoco.com.br\/index.php?rest_route=%2Fwp%2Fv2%2Fmedia&parent=9063"}],"wp:term":[{"taxonomy":"category","embeddable":true,"href":"http:\/\/metropoleemfoco.com.br\/index.php?rest_route=%2Fwp%2Fv2%2Fcategories&post=9063"},{"taxonomy":"post_tag","embeddable":true,"href":"http:\/\/metropoleemfoco.com.br\/index.php?rest_route=%2Fwp%2Fv2%2Ftags&post=9063"}],"curies":[{"name":"wp","href":"https:\/\/api.w.org\/{rel}","templated":true}]}}