{"id":9045,"date":"2024-07-01T16:52:17","date_gmt":"2024-07-01T19:52:17","guid":{"rendered":"http:\/\/metropoleemfoco.com.br\/?p=9045"},"modified":"2024-07-01T16:52:17","modified_gmt":"2024-07-01T19:52:17","slug":"atletico-mg-espera-lyanco-para-assinar-contrato-veja-valores-e-forma-de-pagamento","status":"publish","type":"post","link":"http:\/\/metropoleemfoco.com.br\/?p=9045","title":{"rendered":"Atl\u00e9tico-MG espera Lyanco para assinar contrato; veja valores e forma de pagamento"},"content":{"rendered":"<div class=\"row content-head non-featured \">\n<div class=\"title\" data-block-type=\"title\" data-block-id=\"0\">\n<h1 class=\"content-head__title\">Atl\u00e9tico-MG espera Lyanco para assinar contrato; veja valores e forma de pagamento<\/h1>\n<\/div>\n<div class=\"medium-centered subtitle\">\n<h2 class=\"content-head__subtitle\">Galo vai comprar 50% dos direitos econ\u00f4micos do zagueiro em transa\u00e7\u00e3o milion\u00e1ria; entenda os n\u00fameros<\/h2>\n<\/div>\n<\/div>\n<div class=\"content__signa-share\">\n<div class=\"content__signature\">\n<div class=\"content-publication-data\">\n<div class=\"content-publication-data__text\">\n<p class=\"content-publication-data__updated\">\n<\/div>\n<\/div>\n<\/div>\n<div class=\"content__share-bar content__share-bar--cloned\" data-position=\"upper\"><\/div>\n<\/div>\n<hr class=\"content__divider \" \/>\n<div class=\"mc-article-body\">\n<article>\n<div id=\"chunk-1dm0k\">\n<div class=\"mc-column mc-side-item__container\" data-block-type=\"ads\" data-block-id=\"1\">\n<div class=\"mc-side-item mc-side-item--right content-ads content-ads--side-ad\">\n<div id=\"banner_materia1\" class=\"tag-manager-publicidade-container tag-manager-publicidade-banner_materia1 tag-manager-publicidade-container--carregado tag-manager-publicidade-container--visivel\" data-google-query-id=\"COetzdLOhocDFUwfuQYdTcAMtA\">\n<div id=\"google_ads_iframe_\/95377733\/tvg_GE\/Futebol\/Times\/Atletico_Mineiro_0__container__\"><\/div>\n<\/div>\n<\/div>\n<\/div>\n<\/div>\n<div id=\"chunk-5qm2n\">\n<div class=\"mc-column content-text active-extra-styles active-capital-letter\" data-block-type=\"unstyled\" data-block-weight=\"33\" data-block-id=\"2\">\n<p class=\" content-text__container theme-color-primary-first-letter\" data-track-category=\"Link no Texto\" data-track-links=\"\">O\u00a0<a class=\"\" href=\"https:\/\/globoesporte.globo.com\/futebol\/times\/atletico-mg\/\">Atl\u00e9tico-MG<\/a> est\u00e1 perto de anunciar mais um refor\u00e7o para a temporada. O zagueiro Lyanco, de 27 anos, desembarca em Confins neste come\u00e7o de semana para assinar contrato com o clube mineiro.<\/p>\n<\/div>\n<\/div>\n<div class=\"wall protected-content\">\n<div id=\"chunk-59a7m\">\n<div class=\"bs-video-block mc-column  content-media content-video\" data-block-type=\"backstage-video\" data-block-id=\"4\">\n<div class=\"content-media__container\">\n<p class=\"content-media__description\">Atl\u00e9tico-MG 1 x 1 Atl\u00e9tico-Go | Melhores momentos | 13\u00aa rodada do Brasileir\u00e3o<\/p>\n<\/div>\n<\/div>\n<\/div>\n<div id=\"chunk-fbest\">\n<div class=\"mc-column content-text active-extra-styles \" data-block-type=\"unstyled\" data-block-weight=\"40\" data-block-id=\"8\">\n<p class=\" content-text__container \" data-track-category=\"Link no Texto\" data-track-links=\"\">O zagueiro pertence ao Southampton, clube da Inglaterra. A diretoria do Galo vai adquirir 50% dos direitos econ\u00f4micos do jogador. O ge apurou que a SAF do Atl\u00e9tico vai desembolsar R$ 18 milh\u00f5es na negocia\u00e7\u00e3o, em um primeiro momento.<\/p>\n<\/div>\n<\/div>\n<div id=\"chunk-fp92r\">\n<div class=\"mc-column content-text active-extra-styles \" data-block-type=\"unstyled\" data-block-weight=\"48\" data-block-id=\"9\">\n<p class=\" content-text__container \" data-track-category=\"Link no Texto\" data-track-links=\"\">O pagamento ser\u00e1 feito de forma parcelada em tr\u00eas vezes. O contrato com o Atl\u00e9tico prev\u00ea ainda algumas metas. Caso o zagueiro cumpra o estabelecido, o Galo pode comprar outros 25% dos direitos de Lyanco por mais R$ 9 milh\u00f5es, totalizando a transa\u00e7\u00e3o em R$ 27 milh\u00f5es.<\/p>\n<\/div>\n<\/div>\n<div id=\"chunk-14utk\">\n<div class=\"row medium-uncollapsed content-media content-photo\" data-block-type=\"backstage-photo\" data-block-id=\"10\">\n<div class=\"mc-column content-media__container\">\n<div class=\"content-media-container glb-skeleton-box\">\n<figure class=\"content-media-figure\"><img decoding=\"async\" class=\"i-amphtml-fill-content i-amphtml-replaced-content\" src=\"https:\/\/s2-ge.glbimg.com\/TCF8b3pOQQ4JTm4QysKpRpA-PGQ=\/0x0:1440x810\/984x0\/smart\/filters:strip_icc()\/i.s3.glbimg.com\/v1\/AUTH_bc8228b6673f488aa253bbcb03c80ec5\/internal_photos\/bs\/2022\/9\/u\/xMfDjfThePtbYyprzyCg\/whatsapp-image-2022-07-05-at-14.21.02-1-1-.jpg\" sizes=\"(max-width: 1094px) 648px, 100vw\" srcset=\"https:\/\/s2-ge.glbimg.com\/odip2HX1hi99_TYJFR-nICLaxao=\/0x0:1440x810\/1000x0\/smart\/filters:strip_icc()\/i.s3.glbimg.com\/v1\/AUTH_bc8228b6673f488aa253bbcb03c80ec5\/internal_photos\/bs\/2022\/9\/u\/xMfDjfThePtbYyprzyCg\/whatsapp-image-2022-07-05-at-14.21.02-1-1-.jpg 1000w, https:\/\/s2-ge.glbimg.com\/TCF8b3pOQQ4JTm4QysKpRpA-PGQ=\/0x0:1440x810\/984x0\/smart\/filters:strip_icc()\/i.s3.glbimg.com\/v1\/AUTH_bc8228b6673f488aa253bbcb03c80ec5\/internal_photos\/bs\/2022\/9\/u\/xMfDjfThePtbYyprzyCg\/whatsapp-image-2022-07-05-at-14.21.02-1-1-.jpg 984w, https:\/\/s2-ge.glbimg.com\/WFNYpGgGEG2RHQm2-H7JJttk6-A=\/0x0:1440x810\/640x0\/smart\/filters:strip_icc()\/i.s3.glbimg.com\/v1\/AUTH_bc8228b6673f488aa253bbcb03c80ec5\/internal_photos\/bs\/2022\/9\/u\/xMfDjfThePtbYyprzyCg\/whatsapp-image-2022-07-05-at-14.21.02-1-1-.jpg 640w, https:\/\/s2-ge.glbimg.com\/8oRlSm3csyGlfUZ-YdcjHLOEDIM=\/0x0:1440x810\/600x0\/smart\/filters:strip_icc()\/i.s3.glbimg.com\/v1\/AUTH_bc8228b6673f488aa253bbcb03c80ec5\/internal_photos\/bs\/2022\/9\/u\/xMfDjfThePtbYyprzyCg\/whatsapp-image-2022-07-05-at-14.21.02-1-1-.jpg 600w\" alt=\"Zagueiro Lyanco atuando pelo Southampton \u2014 Foto: Southampton FC\" \/><\/figure>\n<\/div>\n<p class=\"codex-caption \">Zagueiro Lyanco atuando pelo Southampton \u2014 Foto: Southampton FC<\/p>\n<\/div>\n<\/div>\n<\/div>\n<div id=\"chunk-8ve26\">\n<div class=\"mc-column content-text active-extra-styles \" data-block-type=\"unstyled\" data-block-weight=\"46\" data-block-id=\"11\">\n<p class=\" content-text__container \" data-track-category=\"Link no Texto\" data-track-links=\"\">Caso seja aprovado nos exames, o zagueiro vai assinar com o Atl\u00e9tico at\u00e9 o fim de 2028. O zagueiro atuou na \u00faltima temporada no Al-Gharafa, do Catar, mas pertence ao clube ingl\u00eas. Brasileiro, mas com nacionalidade s\u00e9rvia, Lyanco vem de sete temporadas jogando fora do Brasil.<\/p>\n<\/div>\n<\/div>\n<div id=\"chunk-cvgga\">\n<div class=\"mc-column content-text active-extra-styles \" data-block-type=\"unstyled\" data-block-weight=\"50\" data-block-id=\"13\">\n<p class=\" content-text__container \" data-track-category=\"Link no Texto\" data-track-links=\"\">Neste meio de temporada, o Atl\u00e9tico trouxe o atacante Bernard e tamb\u00e9m negocia as contrata\u00e7\u00f5es do zagueiro Junior Alonso e do volante Fausto Vera. Caso confirme todos esses refor\u00e7os, eles s\u00f3 poder\u00e3o estrear ap\u00f3s a reabertura da janela de transfer\u00eancias no futebol brasileiro, programada para o dia 10 de julho.<\/p>\n<p>Fonte: Ge<\/p>\n<\/div>\n<\/div>\n<\/div>\n<\/article>\n<\/div>\n","protected":false},"excerpt":{"rendered":"<p>Atl\u00e9tico-MG espera Lyanco para assinar contrato; veja valores e forma de pagamento Galo vai comprar 50% dos direitos econ\u00f4micos do<\/p>\n","protected":false},"author":1,"featured_media":9060,"comment_status":"open","ping_status":"open","sticky":false,"template":"","format":"standard","meta":{"colormag_page_container_layout":"default_layout","colormag_page_sidebar_layout":"default_layout","footnotes":""},"categories":[1],"tags":[],"class_list":["post-9045","post","type-post","status-publish","format-standard","has-post-thumbnail","hentry","category-geral"],"_links":{"self":[{"href":"http:\/\/metropoleemfoco.com.br\/index.php?rest_route=\/wp\/v2\/posts\/9045","targetHints":{"allow":["GET"]}}],"collection":[{"href":"http:\/\/metropoleemfoco.com.br\/index.php?rest_route=\/wp\/v2\/posts"}],"about":[{"href":"http:\/\/metropoleemfoco.com.br\/index.php?rest_route=\/wp\/v2\/types\/post"}],"author":[{"embeddable":true,"href":"http:\/\/metropoleemfoco.com.br\/index.php?rest_route=\/wp\/v2\/users\/1"}],"replies":[{"embeddable":true,"href":"http:\/\/metropoleemfoco.com.br\/index.php?rest_route=%2Fwp%2Fv2%2Fcomments&post=9045"}],"version-history":[{"count":1,"href":"http:\/\/metropoleemfoco.com.br\/index.php?rest_route=\/wp\/v2\/posts\/9045\/revisions"}],"predecessor-version":[{"id":9061,"href":"http:\/\/metropoleemfoco.com.br\/index.php?rest_route=\/wp\/v2\/posts\/9045\/revisions\/9061"}],"wp:featuredmedia":[{"embeddable":true,"href":"http:\/\/metropoleemfoco.com.br\/index.php?rest_route=\/wp\/v2\/media\/9060"}],"wp:attachment":[{"href":"http:\/\/metropoleemfoco.com.br\/index.php?rest_route=%2Fwp%2Fv2%2Fmedia&parent=9045"}],"wp:term":[{"taxonomy":"category","embeddable":true,"href":"http:\/\/metropoleemfoco.com.br\/index.php?rest_route=%2Fwp%2Fv2%2Fcategories&post=9045"},{"taxonomy":"post_tag","embeddable":true,"href":"http:\/\/metropoleemfoco.com.br\/index.php?rest_route=%2Fwp%2Fv2%2Ftags&post=9045"}],"curies":[{"name":"wp","href":"https:\/\/api.w.org\/{rel}","templated":true}]}}