{"id":8550,"date":"2023-09-29T09:30:00","date_gmt":"2023-09-29T12:30:00","guid":{"rendered":"http:\/\/metropoleemfoco.com.br\/?p=8550"},"modified":"2023-09-29T09:30:00","modified_gmt":"2023-09-29T12:30:00","slug":"furto-de-cobre-pode-ter-eletrocutado-adolescente-que-encostou-em-poste-perto-da-arena-corinthians","status":"publish","type":"post","link":"http:\/\/metropoleemfoco.com.br\/?p=8550","title":{"rendered":"Furto de cobre pode ter eletrocutado adolescente que encostou em poste perto da Arena Corinthians"},"content":{"rendered":"<div class=\"mc-article-header\">\n<div class=\"row content-head non-featured \">\n<div class=\"title\" data-block-type=\"title\" data-block-id=\"0\">\n<p class=\"content-head__title\"><span style=\"font-size: 16px;\">Rafael Suman Brolezi, de 16 anos, tomou choque. Ele chegou a ser socorrido, mas n\u00e3o resistiu as ferimentos. Pol\u00edcia Cient\u00edfica afirma que furto ocorreu na malha de aterramento e pode ter deixado poste energizado.<\/span><\/p>\n<\/div>\n<\/div>\n<hr class=\"content__divider \" \/>\n<\/div>\n<div class=\"mc-article-body\">\n<article>\n<div data-block-type=\"ads\" data-block-id=\"1\">\n<div>\n<div id=\"banner_materia1\" data-google-query-id=\"CN_Do-voz4EDFRC0lQIdagwADw\">\n<div id=\"google_ads_iframe_\/95377733\/tvg_G1\/Sua_Regiao&gt;Sudeste&gt;Sao_Paulo_2__container__\"><\/div>\n<\/div>\n<\/div>\n<\/div>\n<div class=\"mc-column content-text active-extra-styles active-capital-letter\" data-block-type=\"unstyled\" data-block-weight=\"41\" data-block-id=\"2\">\n<p class=\" content-text__container theme-color-primary-first-letter\" data-track-category=\"Link no Texto\" data-track-links=\"\">Um furto de cobre pode ter provocado a morte do torcedor de 16 anos, eletrocutado perto da\u00a0<a class=\"\" href=\"https:\/\/g1.globo.com\/tudo-sobre\/arena-corinthians\/\">Arena Corinthians<\/a>, na Zona Leste de\u00a0<a class=\"\" href=\"https:\/\/g1.globo.com\/sp\/sao-paulo\/cidade\/sao-paulo\/\">S\u00e3o Paulo<\/a>, logo depois do jogo entre o clube paulista e o Fortaleza, pela Copa Sul-Americana.<\/p>\n<\/div>\n<div class=\"wall protected-content\">\n<div class=\"mc-column content-text active-extra-styles \" data-block-type=\"unstyled\" data-block-weight=\"50\" data-block-id=\"3\">\n<p class=\" content-text__container \" data-track-category=\"Link no Texto\" data-track-links=\"\">Segundo a Pol\u00edcia Cient\u00edfica, o furto correu na malha de aterramento do poste. Os laudos ainda est\u00e3o sendo elaborados e devem confirmar se foi depois disso que o poste ficou energizado, uma vez que o cobre tem a fun\u00e7\u00e3o de desviar a corrente el\u00e9trica e impedir que choques aconte\u00e7am.<\/p>\n<\/div>\n<div class=\"mc-column content-text active-extra-styles \" data-block-type=\"unstyled\" data-block-weight=\"33\" data-block-id=\"4\">\n<p class=\" content-text__container \" data-track-category=\"Link no Texto\" data-track-links=\"\">A Pol\u00edcia Civil disse que tamb\u00e9m est\u00e1 atr\u00e1s de testemunhas para esclarecer o caso. O corpo de Rafael brolezi foi enterrado na quinta-feira (29), em\u00a0<a class=\"\" href=\"https:\/\/g1.globo.com\/sp\/campinas-regiao\/cidade\/aguas-de-lindoia\/\">\u00c1guas de lind\u00f3ia<\/a>, no interior do estado.<\/p>\n<\/div>\n<div class=\"row medium-uncollapsed content-media content-photo\" data-block-type=\"backstage-photo\" data-block-id=\"5\">\n<div class=\" mc-column  content-media__container\">\n<div class=\"content-media-container glb-skeleton-box\">\n<figure class=\"content-media-figure\"><img decoding=\"async\" class=\"i-amphtml-fill-content i-amphtml-replaced-content\" src=\"https:\/\/s2-g1.glbimg.com\/zwcyV8A7iN_ua2zjMJlviZdes1E=\/0x0:1223x525\/984x0\/smart\/filters:strip_icc()\/i.s3.glbimg.com\/v1\/AUTH_59edd422c0c84a879bd37670ae4f538a\/internal_photos\/bs\/2023\/t\/d\/QqjQvbQZ2mMCKR2kRzqQ\/arena.jpg\" sizes=\"(max-width: 1366px) 648px, 100vw\" srcset=\"https:\/\/s2-g1.glbimg.com\/m6BnWz94AwBbQ7Vc3sU4feiqlD4=\/0x0:1223x525\/1000x0\/smart\/filters:strip_icc()\/i.s3.glbimg.com\/v1\/AUTH_59edd422c0c84a879bd37670ae4f538a\/internal_photos\/bs\/2023\/t\/d\/QqjQvbQZ2mMCKR2kRzqQ\/arena.jpg 1000w, https:\/\/s2-g1.glbimg.com\/zwcyV8A7iN_ua2zjMJlviZdes1E=\/0x0:1223x525\/984x0\/smart\/filters:strip_icc()\/i.s3.glbimg.com\/v1\/AUTH_59edd422c0c84a879bd37670ae4f538a\/internal_photos\/bs\/2023\/t\/d\/QqjQvbQZ2mMCKR2kRzqQ\/arena.jpg 984w, https:\/\/s2-g1.glbimg.com\/mUAbideWRU48uKnsRlJLOckV9j0=\/0x0:1223x525\/640x0\/smart\/filters:strip_icc()\/i.s3.glbimg.com\/v1\/AUTH_59edd422c0c84a879bd37670ae4f538a\/internal_photos\/bs\/2023\/t\/d\/QqjQvbQZ2mMCKR2kRzqQ\/arena.jpg 640w, https:\/\/s2-g1.glbimg.com\/HtqSuAhepVbRqCcTK2AENBoPIOk=\/0x0:1223x525\/600x0\/smart\/filters:strip_icc()\/i.s3.glbimg.com\/v1\/AUTH_59edd422c0c84a879bd37670ae4f538a\/internal_photos\/bs\/2023\/t\/d\/QqjQvbQZ2mMCKR2kRzqQ\/arena.jpg 600w\" alt=\"Rafael Suman Brolezi tinha 16 anos e esteve na Neo Qu\u00edmica Arena nesta ter\u00e7a-feira (26). \u2014 Foto: Reprodu\u00e7\u00e3o\" \/><\/figure>\n<\/div>\n<p class=\"content-media__description  \">Rafael Suman Brolezi tinha 16 anos e esteve na Neo Qu\u00edmica Arena nesta ter\u00e7a-feira (26). \u2014 Foto: Reprodu\u00e7\u00e3o<\/p>\n<\/div>\n<\/div>\n<div class=\"mc-column content-text active-extra-styles \" data-block-type=\"unstyled\" data-block-weight=\"38\" data-block-id=\"7\">\n<p class=\" content-text__container \" data-track-category=\"Link no Texto\" data-track-links=\"\">\u00c0 TV Globo, um outro torcedor que tamb\u00e9m sa\u00eda do jogo entre Corinthians e Fortaleza na noite da ter\u00e7a-feira (26),<a class=\"\" href=\"https:\/\/g1.globo.com\/sp\/sao-paulo\/noticia\/2023\/09\/27\/policia-civil-investiga-morte-de-torcedor-de-16-anos-que-levou-choque-apos-partida-no-estadio-do-corinthians.ghtml\">\u00a0relatou ter tomado choque ap\u00f3s encostar no mesmo poste\u00a0<\/a>em que Rafael Brolezi recebeu uma descarga el\u00e9trica.<\/p>\n<\/div>\n<div class=\"mc-column content-text active-extra-styles \" data-block-type=\"unstyled\" data-block-weight=\"38\" data-block-id=\"8\">\n<p class=\" content-text__container \" data-track-category=\"Link no Texto\" data-track-links=\"\">Davi Bittencourt contou que passou pelo local e viu Rafael sendo atendido nas imedia\u00e7\u00f5es da Neo Qu\u00edmica Arena, em Itaquera, Zona Leste da capital paulista. Davi disse que chegou a cair no ch\u00e3o ap\u00f3s levar o choque.<\/p>\n<\/div>\n<div class=\"mc-column content-text active-extra-styles \" data-block-type=\"unstyled\" data-block-weight=\"58\" data-block-id=\"9\">\n<p class=\" content-text__container \" data-track-category=\"Link no Texto\" data-track-links=\"\">\u201cEu tomei um choque forte, fiquei um pouco tonto, cambaleei, mas foi uma coisa muito r\u00e1pida. Eu ca\u00ed no ch\u00e3o e j\u00e1 me levantei. A\u00ed eu fui para casa, mostrei os ferimentos para minha m\u00e3e e a gente foi ao hospital. Fiz todos os exames, tomografia, eletrocardiograma e por um milagre de Deus n\u00e3o aconteceu nada comigo\u201d, conta.<\/p>\n<\/div>\n<div class=\"mc-column content-text active-extra-styles\" data-block-type=\"raw\" data-block-weight=\"1\" data-block-id=\"10\">\n<div class=\"content-intertitle\">\n<h2>Inqu\u00e9rito<\/h2>\n<\/div>\n<\/div>\n<div class=\"mc-column content-text active-extra-styles \" data-block-type=\"unstyled\" data-block-weight=\"42\" data-block-id=\"11\">\n<p class=\" content-text__container \" data-track-category=\"Link no Texto\" data-track-links=\"\">A Pol\u00edcia Civil abriu um inqu\u00e9rito para investigar a\u00a0<a class=\"\" href=\"https:\/\/g1.globo.com\/sp\/campinas-regiao\/noticia\/2023\/09\/27\/adolescente-de-16-anos-de-aguas-de-lindoia-morre-na-capital-paulista.ghtml\">morte do torcedor<\/a>. Segundo a pol\u00edcia, Rafael Suman Brolezi voltava com os amigos da Neo Qu\u00edmica Arena quando, ao atravessar a rua, encostou em um poste de ilumina\u00e7\u00e3o e recebeu uma descarga el\u00e9trica.<\/p>\n<\/div>\n<div class=\"mc-column content-text active-extra-styles \" data-block-type=\"unstyled\" data-block-weight=\"42\" data-block-id=\"12\">\n<p class=\" content-text__container \" data-track-category=\"Link no Texto\" data-track-links=\"\">Em nota, a Enel Distribui\u00e7\u00e3o S\u00e3o Paulo, empresa que fornece energia para a capital, informou que o acidente n\u00e3o envolveu a rede el\u00e9trica da distribuidora. &#8220;No local do acidente existem postes de ilumina\u00e7\u00e3o p\u00fablica, que n\u00e3o pertencem \u00e0 companhia&#8221;, informou a companhia.<\/p>\n<\/div>\n<div class=\"mc-column content-text active-extra-styles \" data-block-type=\"unstyled\" data-block-weight=\"28\" data-block-id=\"14\">\n<p class=\" content-text__container \" data-track-category=\"Link no Texto\" data-track-links=\"\">O adolescente chegou a ser atendido pelo Samu e levado primeiramente para a UPA de Itaquera. Na sequ\u00eancia, ele foi transferido para o Hospital Planalto, onde morreu.<\/p>\n<\/div>\n<div class=\"mc-column content-text active-extra-styles \" data-block-type=\"unstyled\" data-block-weight=\"33\" data-block-id=\"15\">\n<p class=\" content-text__container \" data-track-category=\"Link no Texto\" data-track-links=\"\">O caso foi registrado como morte suspeita no 24\u00b0 Distrito Policial da Ponte Rasa, mas o inqu\u00e9rito foi encaminhado ao 65\u00b0 DP de Artur Alvim, que realiza dilig\u00eancias para esclarecer os fatos.<\/p>\n<\/div>\n<div class=\"mc-column content-text active-extra-styles \" data-block-type=\"unstyled\" data-block-weight=\"32\" data-block-id=\"16\">\n<p class=\" content-text__container \" data-track-category=\"Link no Texto\" data-track-links=\"\">A Enel, por meio de nota, afirmou que &#8220;o acidente n\u00e3o envolveu a rede el\u00e9trica da distribuidora. No local do acidente existem postes de ilumina\u00e7\u00e3o p\u00fablica, que n\u00e3o pertencem \u00e0 companhia&#8221;.<\/p>\n<\/div>\n<div class=\"mc-column content-text active-extra-styles \" data-block-type=\"unstyled\" data-block-weight=\"18\" data-block-id=\"17\">\n<p class=\" content-text__container \" data-track-category=\"Link no Texto\" data-track-links=\"\">O\u00a0<a class=\"\" href=\"https:\/\/g1.globo.com\/\"><strong>g1<\/strong><\/a> procurou a Prefeitura de SP, mas n\u00e3o recebeu retorno at\u00e9 a \u00faltima atualiza\u00e7\u00e3o desta reportagem.<\/p>\n<\/div>\n<div class=\"mc-column content-text active-extra-styles\" data-block-type=\"raw\" data-block-weight=\"3\" data-block-id=\"18\">\n<div class=\"content-intertitle\">\n<h2>Clube emite nota<\/h2>\n<\/div>\n<\/div>\n<div class=\"row medium-uncollapsed content-media content-photo\" data-block-type=\"backstage-photo\" data-block-id=\"19\">\n<div class=\" mc-column  content-media__container\">\n<div class=\"content-media-container glb-skeleton-box\">\n<figure class=\"content-media-figure\"><img decoding=\"async\" class=\"i-amphtml-fill-content i-amphtml-replaced-content\" src=\"https:\/\/s2-g1.glbimg.com\/aaHRCebDzCoisyGordczPFH8JJM=\/0x0:4608x3456\/984x0\/smart\/filters:strip_icc()\/i.s3.glbimg.com\/v1\/AUTH_59edd422c0c84a879bd37670ae4f538a\/internal_photos\/bs\/2022\/1\/l\/RidA6zR8uGALhsXdXZiA\/img-20221121-143847119-hdr.jpg\" sizes=\"(max-width: 1366px) 648px, 100vw\" srcset=\"https:\/\/s2-g1.glbimg.com\/4LMzR1v_Sc2YtUfQaR8d0JzngU4=\/0x0:4608x3456\/1000x0\/smart\/filters:strip_icc()\/i.s3.glbimg.com\/v1\/AUTH_59edd422c0c84a879bd37670ae4f538a\/internal_photos\/bs\/2022\/1\/l\/RidA6zR8uGALhsXdXZiA\/img-20221121-143847119-hdr.jpg 1000w, https:\/\/s2-g1.glbimg.com\/aaHRCebDzCoisyGordczPFH8JJM=\/0x0:4608x3456\/984x0\/smart\/filters:strip_icc()\/i.s3.glbimg.com\/v1\/AUTH_59edd422c0c84a879bd37670ae4f538a\/internal_photos\/bs\/2022\/1\/l\/RidA6zR8uGALhsXdXZiA\/img-20221121-143847119-hdr.jpg 984w, https:\/\/s2-g1.glbimg.com\/k9L-q3lIUhoG8apppyAUEryt0CA=\/0x0:4608x3456\/640x0\/smart\/filters:strip_icc()\/i.s3.glbimg.com\/v1\/AUTH_59edd422c0c84a879bd37670ae4f538a\/internal_photos\/bs\/2022\/1\/l\/RidA6zR8uGALhsXdXZiA\/img-20221121-143847119-hdr.jpg 640w, https:\/\/s2-g1.glbimg.com\/dc45xWxo9Kgc0jzsRq7rWSn2BUY=\/0x0:4608x3456\/600x0\/smart\/filters:strip_icc()\/i.s3.glbimg.com\/v1\/AUTH_59edd422c0c84a879bd37670ae4f538a\/internal_photos\/bs\/2022\/1\/l\/RidA6zR8uGALhsXdXZiA\/img-20221121-143847119-hdr.jpg 600w\" alt=\" O g1 voltou \u00e0 regi\u00e3o da Arena Corinthians para saber como est\u00e1 a vida no entorno do bairro, ap\u00f3s 8 anos da inaugura\u00e7\u00e3o do est\u00e1dio na copa \u2014 Foto: Ana Fl\u00e1via Paula \/ g1\" \/><\/figure>\n<\/div>\n<p class=\"content-media__description  \">O g1 voltou \u00e0 regi\u00e3o da Arena Corinthians para saber como est\u00e1 a vida no entorno do bairro, ap\u00f3s 8 anos da inaugura\u00e7\u00e3o do est\u00e1dio na copa \u2014 Foto: Ana Fl\u00e1via Paula \/ g1<\/p>\n<\/div>\n<\/div>\n<div class=\"mc-column content-text active-extra-styles \" data-block-type=\"unstyled\" data-block-weight=\"36\" data-block-id=\"21\">\n<p class=\" content-text__container \" data-track-category=\"Link no Texto\" data-track-links=\"\">O Corinthians divulgou na tarde desta quarta-feira (27) uma nota lamentando a morte de Rafael Suman Brolezi,\u00a0<a class=\"\" href=\"https:\/\/g1.globo.com\/sp\/campinas-regiao\/noticia\/2023\/09\/27\/adolescente-de-16-anos-de-aguas-de-lindoia-morre-na-capital-paulista.ghtml\">torcedor de 16 anos que morreu ap\u00f3s levar um choque ao sair do est\u00e1dio na noite de ter\u00e7a (26)<\/a>.<\/p>\n<\/div>\n<div class=\"mc-column content-text active-extra-styles \" data-block-type=\"unstyled\" data-block-weight=\"41\" data-block-id=\"22\">\n<p class=\" content-text__container \" data-track-category=\"Link no Texto\" data-track-links=\"\">De acordo com o time, o fato ocorreu fora da Neo Qu\u00edmica Arena, na via p\u00fablica, aproximadamente meia hora ap\u00f3s o t\u00e9rmino do jogo. &#8220;Nossos bombeiros perceberam o movimento e foram ao local, sendo informados que j\u00e1 haviam chamado o resgate.&#8221;<\/p>\n<\/div>\n<div class=\"mc-column content-text active-extra-styles\" data-block-type=\"raw\" data-block-weight=\"80\" data-block-id=\"23\">\n<blockquote class=\"content-blockquote theme-border-color-primary-before\"><p><em>&#8220;O Sport Club Corinthians Paulista manifesta profundo pesar pelo falecimento de Rafael Suman Brolezi na noite desta ter\u00e7a-feira, 26 de setembro. O torcedor, que esteve no jogo contra o Fortaleza pela CONMEBOL Sudamericana, havia deixado a Neo Qu\u00edmica Arena e teve um acidente, envolvendo o equipamento urbano da ilumina\u00e7\u00e3o vi\u00e1ria. Ap\u00f3s o ocorrido, Rafael foi levado ao Hospital Planalto, onde veio a falecer. O Corinthians se solidariza aos familiares e amigos, desejando paz e for\u00e7a neste momento de grande dor&#8221;.<\/em><\/p><\/blockquote>\n<\/div>\n<div class=\"mc-column content-text active-extra-styles\" data-block-type=\"raw\" data-block-weight=\"5\" data-block-id=\"24\">\n<div class=\"content-intertitle\">\n<h2>Morava em \u00c1guas de Lind\u00f3ia<\/h2>\n<\/div>\n<\/div>\n<div class=\"mc-column content-text active-extra-styles \" data-block-type=\"unstyled\" data-block-weight=\"44\" data-block-id=\"25\">\n<p class=\" content-text__container \" data-track-category=\"Link no Texto\" data-track-links=\"\">Rafael \u00e9 de \u00c1guas de Lind\u00f3ia (SP) e enteado do vereador Valmir Franco. O prefeito Gil Helou (PDT) publicou uma nota de pesar nas redes sociais. &#8220;Um rapaz novo, alegre e que era apaixonado pelo time de cora\u00e7\u00e3o, o Corinthians. Uma perda irrepar\u00e1vel&#8221;, afirma.<\/p>\n<\/div>\n<div id=\"chunk-b27qc\">\n<div class=\"mc-column content-text active-extra-styles \" data-block-type=\"unstyled\" data-block-weight=\"48\" data-block-id=\"27\">\n<p class=\" content-text__container \" data-track-category=\"Link no Texto\" data-track-links=\"\">&#8220;Deixo aqui meu sincero pesar e as nossas ora\u00e7\u00f5es e pensamentos para a Daniela, para o pai do Rafael, Marcelo Brolezi, tamb\u00e9m para o Valmir e para todos os amigos e familiares. Que Deus possa dar o conforto que as palavras n\u00e3o conseguem neste momento t\u00e3o dif\u00edcil&#8221;, completou.<\/p>\n<p>Fonte: G1<\/p>\n<\/div>\n<\/div>\n<\/div>\n<\/article>\n<\/div>\n","protected":false},"excerpt":{"rendered":"<p>Rafael Suman Brolezi, de 16 anos, tomou choque. Ele chegou a ser socorrido, mas n\u00e3o resistiu as ferimentos. Pol\u00edcia Cient\u00edfica<\/p>\n","protected":false},"author":1,"featured_media":8558,"comment_status":"open","ping_status":"open","sticky":false,"template":"","format":"standard","meta":{"colormag_page_container_layout":"default_layout","colormag_page_sidebar_layout":"default_layout","footnotes":""},"categories":[1],"tags":[],"class_list":["post-8550","post","type-post","status-publish","format-standard","has-post-thumbnail","hentry","category-geral"],"_links":{"self":[{"href":"http:\/\/metropoleemfoco.com.br\/index.php?rest_route=\/wp\/v2\/posts\/8550","targetHints":{"allow":["GET"]}}],"collection":[{"href":"http:\/\/metropoleemfoco.com.br\/index.php?rest_route=\/wp\/v2\/posts"}],"about":[{"href":"http:\/\/metropoleemfoco.com.br\/index.php?rest_route=\/wp\/v2\/types\/post"}],"author":[{"embeddable":true,"href":"http:\/\/metropoleemfoco.com.br\/index.php?rest_route=\/wp\/v2\/users\/1"}],"replies":[{"embeddable":true,"href":"http:\/\/metropoleemfoco.com.br\/index.php?rest_route=%2Fwp%2Fv2%2Fcomments&post=8550"}],"version-history":[{"count":1,"href":"http:\/\/metropoleemfoco.com.br\/index.php?rest_route=\/wp\/v2\/posts\/8550\/revisions"}],"predecessor-version":[{"id":8559,"href":"http:\/\/metropoleemfoco.com.br\/index.php?rest_route=\/wp\/v2\/posts\/8550\/revisions\/8559"}],"wp:featuredmedia":[{"embeddable":true,"href":"http:\/\/metropoleemfoco.com.br\/index.php?rest_route=\/wp\/v2\/media\/8558"}],"wp:attachment":[{"href":"http:\/\/metropoleemfoco.com.br\/index.php?rest_route=%2Fwp%2Fv2%2Fmedia&parent=8550"}],"wp:term":[{"taxonomy":"category","embeddable":true,"href":"http:\/\/metropoleemfoco.com.br\/index.php?rest_route=%2Fwp%2Fv2%2Fcategories&post=8550"},{"taxonomy":"post_tag","embeddable":true,"href":"http:\/\/metropoleemfoco.com.br\/index.php?rest_route=%2Fwp%2Fv2%2Ftags&post=8550"}],"curies":[{"name":"wp","href":"https:\/\/api.w.org\/{rel}","templated":true}]}}