{"id":8524,"date":"2023-09-26T11:12:44","date_gmt":"2023-09-26T14:12:44","guid":{"rendered":"http:\/\/metropoleemfoco.com.br\/?p=8524"},"modified":"2023-09-26T11:12:44","modified_gmt":"2023-09-26T14:12:44","slug":"comissao-aprova-projeto-que-preve-renegociacao-do-fies-para-quem-estava-em-dia-ate-2021","status":"publish","type":"post","link":"http:\/\/metropoleemfoco.com.br\/?p=8524","title":{"rendered":"Comiss\u00e3o aprova projeto que prev\u00ea renegocia\u00e7\u00e3o do Fies para quem estava em dia at\u00e9 2021"},"content":{"rendered":"<p class=\"g-artigo__descricao\">Proposta ser\u00e1 analisada por outras duas comiss\u00f5es da C\u00e2mara<\/p>\n<div class=\"g-artigo__texto-principal\">\n<div class=\"js-article-read-more\">\n<div>\n<p>A Comiss\u00e3o de Educa\u00e7\u00e3o da C\u00e2mara dos Deputados aprovou projeto de lei que abre a possibilidade de renegocia\u00e7\u00e3o dos contratos do Fundo de Financiamento Estudantil (Fies) para quem estava em dia at\u00e9 30 de dezembro de 2021 e ainda tinha parcelas a vencer. O texto insere o dispositivo na Lei do Fies (<a class=\"linkLegislacao\" href=\"https:\/\/www2.camara.gov.br\/legin\/fed\/lei\/2001\/lei-10260-12-julho-2001-329619-norma-pl.html\">Lei 10.260\/01<\/a>).<\/p>\n<p>Foi aprovado o <span id=\"4098\" class=\"termoGlossario\" title=\"\" contenteditable=\"false\" data-toggle=\"tooltip\" data-placement=\"top\" data-original-title=\"Nome que se d\u00e1 ao texto que altera substancialmente o conte\u00fado original da proposta. O substitutivo \u00e9 apresentado pelo relator e tem prefer\u00eancia na vota\u00e7\u00e3o sobre o projeto original.\">substitutivo<\/span> elaborado pelo relator, deputado Prof. Reginaldo Veras (PV-DF), para o <a class=\"linkProposicao\" href=\"https:\/\/www.camara.leg.br\/noticias\/1001418-proposta-preve-renegociacao-para-quem-estava-em-dia-com-o-fies\">Projeto de Lei 1200\/22<\/a>, do deputado Jos\u00e9 Nelto (PP-GO). <a href=\"https:\/\/draftable.com\/compare\/SaYjSyxtXLCi\">O relator fez ajustes no texto<\/a>, mantendo a ideia de estender os benef\u00edcios criados pela <a class=\"linkLegislacao\" href=\"https:\/\/www2.camara.gov.br\/legin\/fed\/lei\/2022\/lei-14375-21-junho-2022-792853-norma-pl.html\">Lei 14.375\/22<\/a> aos estudantes com d\u00edvidas e atrasados com o Fies at\u00e9 2021.<\/p>\n<p>\u201cOs contratantes adimplentes, que cumpriram regularmente com as obriga\u00e7\u00f5es, n\u00e3o foram contemplados com nenhum benef\u00edcio, gerando situa\u00e7\u00e3o indesej\u00e1vel\u201d, afirmou Prof. Reginaldo Veras no parecer. \u201c\u00c9 preciso tamb\u00e9m oferecer a eles condi\u00e7\u00f5es igualmente favor\u00e1veis para liquida\u00e7\u00e3o dos valores a vencer\u201d, disse.<\/p>\n<div id=\"image-container-1001523\" class=\"image-container\" data-midia=\"1001523\">\n<div class=\"midia-creditos\"><em>Zeca Ribeiro \/ C\u00e2mara dos Deputados<\/em><\/div>\n<div class=\"media-wrapper\"><img decoding=\"async\" src=\"https:\/\/www.camara.leg.br\/midias\/image\/2023\/09\/img20230830212047918-1-768x473.jpg\" alt=\"Discuss\u00e3o e vota\u00e7\u00e3o de propostas. Dep. Prof. Reginaldo Veras (PV - DF)\" \/><\/div>\n<div class=\"midia-legenda\">Texto aprovado \u00e9 substitutivo do deputado Prof. Reginaldo Veras<\/div>\n<\/div>\n<p>A Lei 14.375\/22, oriunda da Medida Provis\u00f3ria 1090\/21, j\u00e1 prev\u00ea a renegocia\u00e7\u00e3o para quem estava com parcelas atrasadas h\u00e1 pelo menos 90 dias. Descontos para quita\u00e7\u00e3o das d\u00edvidas variam \u2013 podem chegar at\u00e9 a 99% para estudantes inclu\u00eddos no Cadastro \u00danico para Programas Sociais do Governo Federal (Cad\u00danico).<\/p>\n<p>\u201cEssa regra, como formulada, acaba por representar parcial injusti\u00e7a, pois beneficia t\u00e3o somente os inadimplentes, em detrimento daqueles que, por vezes, realizaram verdadeiro malabarismo para conseguirem manter o contrato em dia\u201d, disse o autor da proposta, deputado Jos\u00e9 Nelto, ao defender a mudan\u00e7a.<\/p>\n<p>O Fies \u00e9 um programa criado em 1999 por meio do qual o governo federal paga as mensalidades de estudantes de gradua\u00e7\u00e3o em institui\u00e7\u00f5es privadas de ensino superior. O estudante deve quitar a d\u00edvida depois de formado. Para a renegocia\u00e7\u00e3o, o interessado precisa buscar os canais de atendimento oferecidos pelos bancos.<\/p>\n<p><strong>Tramita\u00e7\u00e3o<\/strong><br \/>\nO projeto tramita em <span id=\"4322\" class=\"termoGlossario\" title=\"\" contenteditable=\"false\" data-toggle=\"tooltip\" data-placement=\"top\" data-original-title=\"Rito de tramita\u00e7\u00e3o pelo qual o projeto \u00e9 votado apenas pelas comiss\u00f5es designadas para analis\u00e1-lo, dispensada a delibera\u00e7\u00e3o do Plen\u00e1rio. O projeto perde o car\u00e1ter conclusivo se houver decis\u00e3o divergente entre as comiss\u00f5es ou se, independentemente de ser aprovado ou rejeitado, houver recurso assinado por 52 deputados para a aprecia\u00e7\u00e3o da mat\u00e9ria no Plen\u00e1rio.\">car\u00e1ter conclusivo<\/span> e ser\u00e1 analisado pelas comiss\u00f5es de Finan\u00e7as e Tributa\u00e7\u00e3o; e de Constitui\u00e7\u00e3o e Justi\u00e7a e de Cidadania.<\/p>\n<\/div>\n<\/div>\n<\/div>\n<p>Fonte: Ag\u00eancia C\u00e2mara de Not\u00edcias<\/p>\n","protected":false},"excerpt":{"rendered":"<p>Proposta ser\u00e1 analisada por outras duas comiss\u00f5es da C\u00e2mara A Comiss\u00e3o de Educa\u00e7\u00e3o da C\u00e2mara dos Deputados aprovou projeto de<\/p>\n","protected":false},"author":1,"featured_media":8533,"comment_status":"open","ping_status":"open","sticky":false,"template":"","format":"standard","meta":{"colormag_page_container_layout":"default_layout","colormag_page_sidebar_layout":"default_layout","footnotes":""},"categories":[1],"tags":[],"class_list":["post-8524","post","type-post","status-publish","format-standard","has-post-thumbnail","hentry","category-geral"],"_links":{"self":[{"href":"http:\/\/metropoleemfoco.com.br\/index.php?rest_route=\/wp\/v2\/posts\/8524","targetHints":{"allow":["GET"]}}],"collection":[{"href":"http:\/\/metropoleemfoco.com.br\/index.php?rest_route=\/wp\/v2\/posts"}],"about":[{"href":"http:\/\/metropoleemfoco.com.br\/index.php?rest_route=\/wp\/v2\/types\/post"}],"author":[{"embeddable":true,"href":"http:\/\/metropoleemfoco.com.br\/index.php?rest_route=\/wp\/v2\/users\/1"}],"replies":[{"embeddable":true,"href":"http:\/\/metropoleemfoco.com.br\/index.php?rest_route=%2Fwp%2Fv2%2Fcomments&post=8524"}],"version-history":[{"count":1,"href":"http:\/\/metropoleemfoco.com.br\/index.php?rest_route=\/wp\/v2\/posts\/8524\/revisions"}],"predecessor-version":[{"id":8534,"href":"http:\/\/metropoleemfoco.com.br\/index.php?rest_route=\/wp\/v2\/posts\/8524\/revisions\/8534"}],"wp:featuredmedia":[{"embeddable":true,"href":"http:\/\/metropoleemfoco.com.br\/index.php?rest_route=\/wp\/v2\/media\/8533"}],"wp:attachment":[{"href":"http:\/\/metropoleemfoco.com.br\/index.php?rest_route=%2Fwp%2Fv2%2Fmedia&parent=8524"}],"wp:term":[{"taxonomy":"category","embeddable":true,"href":"http:\/\/metropoleemfoco.com.br\/index.php?rest_route=%2Fwp%2Fv2%2Fcategories&post=8524"},{"taxonomy":"post_tag","embeddable":true,"href":"http:\/\/metropoleemfoco.com.br\/index.php?rest_route=%2Fwp%2Fv2%2Ftags&post=8524"}],"curies":[{"name":"wp","href":"https:\/\/api.w.org\/{rel}","templated":true}]}}