{"id":8232,"date":"2023-09-05T18:13:30","date_gmt":"2023-09-05T21:13:30","guid":{"rendered":"http:\/\/metropoleemfoco.com.br\/?p=8232"},"modified":"2023-09-05T18:13:30","modified_gmt":"2023-09-05T21:13:30","slug":"acervo-do-mamm-e-destaque-em-exposicao-em-sao-paulo","status":"publish","type":"post","link":"http:\/\/metropoleemfoco.com.br\/?p=8232","title":{"rendered":"Acervo do Mamm \u00e9 destaque em exposi\u00e7\u00e3o em S\u00e3o Paulo"},"content":{"rendered":"<div id=\"pagetitle\" class=\"pagetitle\">\n<div class=\"container\">\n<p class=\"pagetitle-title\">Acervo do Mamm \u00e9 destaque em exposi\u00e7\u00e3o em S\u00e3o Paulo<\/p>\n<\/div>\n<\/div>\n<article id=\"post-102018\" class=\"post-102018 post type-post status-publish format-standard has-post-thumbnail hentry category-cultura-arte tag-destaque-noticias tag-destaque-servidor tag-mamm tag-murilo-mendes\">\n<div class=\"post-content\">\n<p class=\"wp-caption aligncenter fbx-instance\"><a class=\"fbx-link\" href=\"http:\/\/www2.ufjf.br\/noticias\/wp-content\/uploads\/sites\/2\/2023\/09\/divulgao.png\"><img loading=\"lazy\" decoding=\"async\" class=\"size-1col wp-image-102019\" src=\"http:\/\/www2.ufjf.br\/noticias\/wp-content\/uploads\/sites\/2\/2023\/09\/divulgao-630x354.png\" sizes=\"auto, (max-width: 630px) 100vw, 630px\" srcset=\"https:\/\/www2.ufjf.br\/noticias\/wp-content\/uploads\/sites\/2\/2023\/09\/divulgao-630x354.png 630w, https:\/\/www2.ufjf.br\/noticias\/wp-content\/uploads\/sites\/2\/2023\/09\/divulgao-300x169.png 300w, https:\/\/www2.ufjf.br\/noticias\/wp-content\/uploads\/sites\/2\/2023\/09\/divulgao-768x432.png 768w, https:\/\/www2.ufjf.br\/noticias\/wp-content\/uploads\/sites\/2\/2023\/09\/divulgao-1024x576.png 1024w, https:\/\/www2.ufjf.br\/noticias\/wp-content\/uploads\/sites\/2\/2023\/09\/divulgao-195x110.png 195w\" alt=\"\" width=\"630\" height=\"354\" \/><\/a><\/p>\n<p class=\"wp-caption-text\">Exposi\u00e7\u00e3o faz parte das comemora\u00e7\u00f5es dos 75 anos de atividades culturais e art\u00edsticas do MAM S\u00e3o Paulo<\/p>\n<p>Mais de 80 itens do acervo do Museu de Arte Murilo Mendes (Mamm\/UFJF), entre obras de arte e livros raros, participam da exposi\u00e7\u00e3o \u201cMurilo Mendes, poeta cr\u00edtico: o infinito \u00edntimo\u201d, em cartaz no Museu de Arte Moderna de S\u00e3o Paulo (MAM S\u00e3o Paulo) a partir de amanh\u00e3, dia 5. A mostra tem como enfoque a atua\u00e7\u00e3o desse juiz-forano como cr\u00edtico de arte, colecionador e organizador de exposi\u00e7\u00f5es, al\u00e9m de poeta.<\/p>\n<p>\u201cA exposi\u00e7\u00e3o re\u00fane um representativo conjunto de exemplares do acervo bibliogr\u00e1fico, arquiv\u00edstico e de artes pl\u00e1sticas de Murilo Mendes, compondo a proposta curatorial da exposi\u00e7\u00e3o. Isso confirma, portanto, as potencialidades do acervo de nosso museu como reposit\u00f3rio privilegiado de pesquisa do modernismo nacional e internacional\u201d, afirma o superintendente do Mamm\/UFJF, Aloisio Castro.<\/p>\n<p class=\"wp-caption alignleft fbx-instance\"><a class=\"fbx-link\" href=\"http:\/\/www2.ufjf.br\/noticias\/wp-content\/uploads\/sites\/2\/2023\/09\/procedimentos-de-conservao-restaurao-1.jpg\"><img loading=\"lazy\" decoding=\"async\" class=\"size-2col wp-image-102022\" src=\"http:\/\/www2.ufjf.br\/noticias\/wp-content\/uploads\/sites\/2\/2023\/09\/procedimentos-de-conservao-restaurao-1-300x533.jpg\" sizes=\"auto, (max-width: 300px) 100vw, 300px\" srcset=\"https:\/\/www2.ufjf.br\/noticias\/wp-content\/uploads\/sites\/2\/2023\/09\/procedimentos-de-conservao-restaurao-1-300x533.jpg 300w, https:\/\/www2.ufjf.br\/noticias\/wp-content\/uploads\/sites\/2\/2023\/09\/procedimentos-de-conservao-restaurao-1-169x300.jpg 169w, https:\/\/www2.ufjf.br\/noticias\/wp-content\/uploads\/sites\/2\/2023\/09\/procedimentos-de-conservao-restaurao-1-768x1365.jpg 768w, https:\/\/www2.ufjf.br\/noticias\/wp-content\/uploads\/sites\/2\/2023\/09\/procedimentos-de-conservao-restaurao-1-576x1024.jpg 576w, https:\/\/www2.ufjf.br\/noticias\/wp-content\/uploads\/sites\/2\/2023\/09\/procedimentos-de-conservao-restaurao-1-630x1120.jpg 630w, https:\/\/www2.ufjf.br\/noticias\/wp-content\/uploads\/sites\/2\/2023\/09\/procedimentos-de-conservao-restaurao-1-195x347.jpg 195w, https:\/\/www2.ufjf.br\/noticias\/wp-content\/uploads\/sites\/2\/2023\/09\/procedimentos-de-conservao-restaurao-1.jpg 1080w\" alt=\"\" width=\"300\" height=\"533\" \/><\/a><\/p>\n<p class=\"wp-caption-text\">Trabalho de conserva\u00e7\u00e3o e restaura\u00e7\u00e3o das obras no Mamm\/UFJF<\/p>\n<p>Al\u00e9m das obras que pertenceram ao poeta, a mostra apresenta trabalhos do acervo do Museu Nacional de Belas Artes e de colecionadores particulares. \u201cCom esta exposi\u00e7\u00e3o espera-se que o espa\u00e7o reservado a Murilo Mendes como cr\u00edtico de arte e colecionador, tanto na sua biografia como na hist\u00f3ria da cr\u00edtica brasileira, se afirme e se expanda\u201d, destacam os pesquisadores e curadores da mostra, Lorenzo Mammi, Maria Bet\u00e2nia Amoroso e Taisa Palhares.<\/p>\n<p><b>Infinito \u00edntimo<\/b><\/p>\n<p>Dividida em tr\u00eas blocos, a exposi\u00e7\u00e3o tem como ponto de partida o c\u00edrculo de amizades de Murilo Mendes e Ismael Nery no Rio de Janeiro nas d\u00e9cadas de 1920 e 1930. \u201cNessa fase, Murilo apoia um conjunto de artistas como o pr\u00f3prio Nery, C\u00edcero Dias, Alberto da Veiga Guignard e Jorge de Lima, que cultivam uma rela\u00e7\u00e3o estreita entre artes pl\u00e1sticas e poesia, pr\u00f3ximos das po\u00e9ticas surrealistas e metaf\u00edsicas, mas com diverg\u00eancias. Por outro lado, op\u00f5e-se \u00e0s tend\u00eancias dominantes na \u00e9poca, realistas e defensoras de uma volta ao\u00a0<i>m\u00e9tier<\/i>, a servi\u00e7o do nacionalismo e do engajamento social. \u00c9 a fase \u2018rebelde\u2019 de Murilo\u201d, afirmam os curadores no texto de apresenta\u00e7\u00e3o da mostra.<\/p>\n<p>Em um segundo momento, que compreende o per\u00edodo entre meados da d\u00e9cada de 1930 e o ano de 1957, quando Murilo Mendes se muda para a It\u00e1lia, est\u00e3o evidenciados artistas como Lasar Segall, Maria Martins, Milton Dacosta e Vieira da Silva. Nessa fase, segundo os curadores, ele j\u00e1 era um poeta famoso e um cr\u00edtico influente, e montava sua cole\u00e7\u00e3o a partir de obras adquiridas em viagens \u00e0 Europa.<\/p>\n<p>J\u00e1 o terceiro bloco engloba a fase em que viveu em Roma. Nesse per\u00edodo, aproximou-se do cr\u00edtico de arte Giulio Carlo Argan, colaborou com artistas como Alberto Magnelli e Lucio Fontana, em mostras e publica\u00e7\u00f5es, e organizou exposi\u00e7\u00f5es na Embaixada do Brasil em Roma. \u201cO \u00e1pice dessa \u00faltima fase talvez seja a curadoria da representa\u00e7\u00e3o brasileira na Bienal de Veneza de 1964, a primeira em que o Brasil conta com seu pr\u00f3prio pavilh\u00e3o\u201d, ressaltam os curadores.<\/p>\n<p class=\"wp-caption alignright fbx-instance\"><a class=\"fbx-link\" href=\"http:\/\/www2.ufjf.br\/noticias\/wp-content\/uploads\/sites\/2\/2023\/09\/transporte-das-obras.jpg\"><img loading=\"lazy\" decoding=\"async\" class=\"size-2col wp-image-102023\" src=\"http:\/\/www2.ufjf.br\/noticias\/wp-content\/uploads\/sites\/2\/2023\/09\/transporte-das-obras-300x533.jpg\" sizes=\"auto, (max-width: 300px) 100vw, 300px\" srcset=\"https:\/\/www2.ufjf.br\/noticias\/wp-content\/uploads\/sites\/2\/2023\/09\/transporte-das-obras-300x533.jpg 300w, https:\/\/www2.ufjf.br\/noticias\/wp-content\/uploads\/sites\/2\/2023\/09\/transporte-das-obras-169x300.jpg 169w, https:\/\/www2.ufjf.br\/noticias\/wp-content\/uploads\/sites\/2\/2023\/09\/transporte-das-obras-768x1365.jpg 768w, https:\/\/www2.ufjf.br\/noticias\/wp-content\/uploads\/sites\/2\/2023\/09\/transporte-das-obras-576x1024.jpg 576w, https:\/\/www2.ufjf.br\/noticias\/wp-content\/uploads\/sites\/2\/2023\/09\/transporte-das-obras-630x1120.jpg 630w, https:\/\/www2.ufjf.br\/noticias\/wp-content\/uploads\/sites\/2\/2023\/09\/transporte-das-obras-195x347.jpg 195w, https:\/\/www2.ufjf.br\/noticias\/wp-content\/uploads\/sites\/2\/2023\/09\/transporte-das-obras.jpg 1080w\" alt=\"\" width=\"300\" height=\"533\" \/><\/a><\/p>\n<p class=\"wp-caption-text\">Cerca de 80 obras do acervo do Mamm seguiram para S\u00e3o Paulo e ficam em cartaz na capital paulista at\u00e9 janeiro de 2024<\/p>\n<p>A exposi\u00e7\u00e3o conta com obras de 58 artistas, dos quais 38 est\u00e3o representados por pelo menos um trabalho emprestado pelo Mamm\/UFJF, n\u00famero que reflete o protagonismo da cole\u00e7\u00e3o muriliana na curadoria. Segundo Mammi, a mostra foi pensada a partir do acervo do poeta e complementada com outros artistas que marcaram sua trajet\u00f3ria.<\/p>\n<p><b>Contatos e expans\u00f5es<\/b><\/p>\n<p>O di\u00e1logo entre as institui\u00e7\u00f5es teve in\u00edcio ainda em 2022. \u201cA primeira conversa do MAM S\u00e3o Paulo conosco se deu em novembro do ano passado. Na ocasi\u00e3o, o curador-chefe Cau\u00ea Alves nos apresentou a proposta da exposi\u00e7\u00e3o. Segundo ele, o projeto partiu do contato de Maria Bet\u00e2nia Amoroso e Lorenzo Mammi com nosso Museu no in\u00edcio da d\u00e9cada de 2010\u201d, conta o superintendente do Mamm\/UFJF.<\/p>\n<p>Meses mais tarde, os curadores da mostra visitaram o museu juiz-forano para conhecer melhor as obras do acervo. \u201cDevido \u00e0 rica pesquisa desenvolvida pelos curadores, o MAM S\u00e3o Paulo optou por ampliar o tamanho e a dura\u00e7\u00e3o da exposi\u00e7\u00e3o, passando a ocupar a Sala Mil\u00fa Vilela, a maior galeria da institui\u00e7\u00e3o\u201d, explica Castro.<\/p>\n<p><b>Meses de trabalho<\/b><\/p>\n<p>Desde abril, a equipe do Mamm\/UFJF vinha se preparando para o envio das obras. Inicialmente, o Museu colaborou com a elabora\u00e7\u00e3o do cat\u00e1logo da exposi\u00e7\u00e3o, enviando imagens de documentos do acervo arquiv\u00edstico e das obras de arte selecionadas. A publica\u00e7\u00e3o apresenta textos dos curadores da mostra, do curador-chefe do MAM S\u00e3o Paulo e da presidente do Museu,\u00a0Elizabeth Machado. Al\u00e9m disso, o superintendente do Mamm\/UFJF assina um artigo sobre as marcas de proveni\u00eancia na Cole\u00e7\u00e3o Murilo Mendes.<\/p>\n<p>Em seguida, iniciou-se o processo de prepara\u00e7\u00e3o do acervo museol\u00f3gico. As obras foram submetidas a processos de conserva\u00e7\u00e3o-restaura\u00e7\u00e3o. As molduras tamb\u00e9m receberam tratamento especial, com a ado\u00e7\u00e3o de materiais t\u00e9cnicos adequados. \u201cIsso se justifica por salvaguardar a obra dos agentes de degrada\u00e7\u00e3o extr\u00ednsecos, como, por exemplo, o excesso de umidade, al\u00e9m de amenizar o empenamento do chassi\u201d, explica o conservador-restaurador do Mamm\/UFJF, Valtencir Passos.<\/p>\n<p>Antes de seguirem para S\u00e3o Paulo, ainda foram realizados os laudos t\u00e9cnicos de conserva\u00e7\u00e3o dos livros e obras de arte. Trata-se de um procedimento padr\u00e3o, realizado na presen\u00e7a de especialistas das duas institui\u00e7\u00f5es, que consiste na verifica\u00e7\u00e3o do estado de conserva\u00e7\u00e3o dos bens culturais no momento do empr\u00e9stimo. \u201cOs laudos foram conferidos novamente no momento da chegada no MAM S\u00e3o Paulo e voltam a ser realizados outras duas vezes, quando as obras retornarem a Juiz de Fora\u201d, ressalta Passos.<\/p>\n<p><b>Acesso e difus\u00e3o<\/b><\/p>\n<p>\u201cMurilo Mendes, poeta cr\u00edtico: o infinito \u00edntimo\u201d faz parte das comemora\u00e7\u00f5es dos 75 anos de atividades culturais e art\u00edsticas do MAM S\u00e3o Paulo. \u201cA exposi\u00e7\u00e3o conta com o inestim\u00e1vel apoio do Mamm\/UFJF e, com sua realiza\u00e7\u00e3o, contribui para a pesquisa e difus\u00e3o da arte moderna\u201d, ressaltam Elizabeth Machado e Cau\u00ea Alves.<\/p>\n<p>\u201cNo ano em que completa seus 18 anos, o Mamm\/UFJF reafirma, por meio desse interc\u00e2mbio com o MAM\/SP, o compromisso de interlocu\u00e7\u00e3o da UFJF com a sociedade, fomentando o acesso e a reflex\u00e3o cr\u00edtica em torno do acervo museol\u00f3gico relacionado com a vida e a obra universal do poeta Murilo Mendes\u201d, conclui Castro.<\/p>\n<p>A exposi\u00e7\u00e3o \u201cMurilo Mendes, poeta cr\u00edtico: o infinito \u00edntimo\u201d fica em cartaz na sala Mil\u00fa Villela do MAM S\u00e3o Paulo at\u00e9 28 de janeiro de 2024.<\/p>\n<p>Fonte: Ufjf<\/p>\n<\/div>\n<\/article>\n","protected":false},"excerpt":{"rendered":"<p>Acervo do Mamm \u00e9 destaque em exposi\u00e7\u00e3o em S\u00e3o Paulo Exposi\u00e7\u00e3o faz parte das comemora\u00e7\u00f5es dos 75 anos de atividades<\/p>\n","protected":false},"author":1,"featured_media":8241,"comment_status":"open","ping_status":"open","sticky":false,"template":"","format":"standard","meta":{"colormag_page_container_layout":"default_layout","colormag_page_sidebar_layout":"default_layout","footnotes":""},"categories":[1],"tags":[],"class_list":["post-8232","post","type-post","status-publish","format-standard","has-post-thumbnail","hentry","category-geral"],"_links":{"self":[{"href":"http:\/\/metropoleemfoco.com.br\/index.php?rest_route=\/wp\/v2\/posts\/8232","targetHints":{"allow":["GET"]}}],"collection":[{"href":"http:\/\/metropoleemfoco.com.br\/index.php?rest_route=\/wp\/v2\/posts"}],"about":[{"href":"http:\/\/metropoleemfoco.com.br\/index.php?rest_route=\/wp\/v2\/types\/post"}],"author":[{"embeddable":true,"href":"http:\/\/metropoleemfoco.com.br\/index.php?rest_route=\/wp\/v2\/users\/1"}],"replies":[{"embeddable":true,"href":"http:\/\/metropoleemfoco.com.br\/index.php?rest_route=%2Fwp%2Fv2%2Fcomments&post=8232"}],"version-history":[{"count":1,"href":"http:\/\/metropoleemfoco.com.br\/index.php?rest_route=\/wp\/v2\/posts\/8232\/revisions"}],"predecessor-version":[{"id":8242,"href":"http:\/\/metropoleemfoco.com.br\/index.php?rest_route=\/wp\/v2\/posts\/8232\/revisions\/8242"}],"wp:featuredmedia":[{"embeddable":true,"href":"http:\/\/metropoleemfoco.com.br\/index.php?rest_route=\/wp\/v2\/media\/8241"}],"wp:attachment":[{"href":"http:\/\/metropoleemfoco.com.br\/index.php?rest_route=%2Fwp%2Fv2%2Fmedia&parent=8232"}],"wp:term":[{"taxonomy":"category","embeddable":true,"href":"http:\/\/metropoleemfoco.com.br\/index.php?rest_route=%2Fwp%2Fv2%2Fcategories&post=8232"},{"taxonomy":"post_tag","embeddable":true,"href":"http:\/\/metropoleemfoco.com.br\/index.php?rest_route=%2Fwp%2Fv2%2Ftags&post=8232"}],"curies":[{"name":"wp","href":"https:\/\/api.w.org\/{rel}","templated":true}]}}