{"id":8183,"date":"2023-08-29T13:24:08","date_gmt":"2023-08-29T16:24:08","guid":{"rendered":"http:\/\/metropoleemfoco.com.br\/?p=8183"},"modified":"2023-08-29T13:24:08","modified_gmt":"2023-08-29T16:24:08","slug":"protesto-contra-sindicato-de-motoristas-de-onibus-bloqueia-avenida-na-zona-leste-de-sp","status":"publish","type":"post","link":"http:\/\/metropoleemfoco.com.br\/?p=8183","title":{"rendered":"Protesto contra sindicato de motoristas de \u00f4nibus bloqueia avenida na Zona Leste de SP"},"content":{"rendered":"<div class=\"mc-article-header\">\n<div class=\"row content-head non-featured \">\n<div class=\"title\" data-block-type=\"title\" data-block-id=\"0\">\n<p class=\"content-head__title\"><span style=\"font-size: 16px;\">Grupo de funcion\u00e1rios de empresa de \u00f4nibus \u00e9 contr\u00e1rio ao sindicato e colocou \u00f4nibus articulado atravessado na Avenida Ragueb Chohfi. Tr\u00e2nsito no local ficou intenso e in\u00fameros passageiros ficaram sem conseguir se locomover na regi\u00e3o.<\/span><\/p>\n<\/div>\n<\/div>\n<hr class=\"content__divider \" \/>\n<\/div>\n<div class=\"mc-article-body\">\n<article>\n<div class=\"row medium-uncollapsed content-media content-photo\" data-block-type=\"backstage-photo\" data-block-id=\"1\">\n<div class=\" mc-column  content-media__container\">\n<div class=\"content-media-container glb-skeleton-box\">\n<figure class=\"content-media-figure\"><img decoding=\"async\" class=\"i-amphtml-fill-content i-amphtml-replaced-content\" src=\"https:\/\/s2-g1.glbimg.com\/TT78zMWs1uVcb92LdLsXqFm9Pvs=\/0x0:1920x1080\/984x0\/smart\/filters:strip_icc()\/i.s3.glbimg.com\/v1\/AUTH_59edd422c0c84a879bd37670ae4f538a\/internal_photos\/bs\/2023\/R\/F\/C9J0lDR22yItB4ETrtyQ\/acervo-bdsp-bdbr-limpo-20230829-0545-frame-126764.jpeg\" sizes=\"(max-width: 1422px) 648px, 100vw\" srcset=\"https:\/\/s2-g1.glbimg.com\/wEujsoNntXiWA9RsyJgjFjBQIW8=\/0x0:1920x1080\/1000x0\/smart\/filters:strip_icc()\/i.s3.glbimg.com\/v1\/AUTH_59edd422c0c84a879bd37670ae4f538a\/internal_photos\/bs\/2023\/R\/F\/C9J0lDR22yItB4ETrtyQ\/acervo-bdsp-bdbr-limpo-20230829-0545-frame-126764.jpeg 1000w, https:\/\/s2-g1.glbimg.com\/TT78zMWs1uVcb92LdLsXqFm9Pvs=\/0x0:1920x1080\/984x0\/smart\/filters:strip_icc()\/i.s3.glbimg.com\/v1\/AUTH_59edd422c0c84a879bd37670ae4f538a\/internal_photos\/bs\/2023\/R\/F\/C9J0lDR22yItB4ETrtyQ\/acervo-bdsp-bdbr-limpo-20230829-0545-frame-126764.jpeg 984w, https:\/\/s2-g1.glbimg.com\/tFPx4xrdQZN35ONYZCmbMLX_PYw=\/0x0:1920x1080\/640x0\/smart\/filters:strip_icc()\/i.s3.glbimg.com\/v1\/AUTH_59edd422c0c84a879bd37670ae4f538a\/internal_photos\/bs\/2023\/R\/F\/C9J0lDR22yItB4ETrtyQ\/acervo-bdsp-bdbr-limpo-20230829-0545-frame-126764.jpeg 640w, https:\/\/s2-g1.glbimg.com\/DXSS2BJeZytPpX_F0ys1Z1Oz0C8=\/0x0:1920x1080\/600x0\/smart\/filters:strip_icc()\/i.s3.glbimg.com\/v1\/AUTH_59edd422c0c84a879bd37670ae4f538a\/internal_photos\/bs\/2023\/R\/F\/C9J0lDR22yItB4ETrtyQ\/acervo-bdsp-bdbr-limpo-20230829-0545-frame-126764.jpeg 600w\" alt=\"\u00d4nibus \u00e9 colocado atravessado em avenida na Zona Leste de SP \u2014 Foto: Reprodu\u00e7\u00e3o\/TV Globo\" \/><\/figure>\n<\/div>\n<p class=\"content-media__description  \">\u00d4nibus \u00e9 colocado atravessado em avenida na Zona Leste de SP \u2014 Foto: Reprodu\u00e7\u00e3o\/TV Globo<\/p>\n<\/div>\n<\/div>\n<div class=\"mc-column content-text active-extra-styles \" data-block-type=\"unstyled\" data-block-weight=\"46\" data-block-id=\"3\">\n<p class=\"content-text__container \" data-track-category=\"Link no Texto\" data-track-links=\"\">Um \u00f4nibus articulado foi colocado atravessado na Avenida Ragueb Chohfi, pr\u00f3ximo ao cruzamento com a Avenida Jacu P\u00eassego, na Zona Leste de S\u00e3o Paulo, durante disputa entre sindicalistas na manh\u00e3 desta ter\u00e7a-feira (29). O ve\u00edculo bloqueou os dois sentidos da via das 5h at\u00e9 7h30.<\/p>\n<\/div>\n<div class=\"wall protected-content\">\n<div class=\"mc-column content-text active-extra-styles \" data-block-type=\"unstyled\" data-block-weight=\"47\" data-block-id=\"4\">\n<p class=\"content-text__container \" data-track-category=\"Link no Texto\" data-track-links=\"\">Segundo a reportagem da\u00a0<strong>TV Globo<\/strong>\u00a0apurou, a a\u00e7\u00e3o fez parte de um grupo de funcion\u00e1rios que \u00e9 contr\u00e1rio \u00e0s medidas do sindicato de motoristas, que est\u00e1 em negocia\u00e7\u00e3o para campanha salarial de motoristas e cobradores, tentando chegar em acordo para reajuste salarial, PLR e outros benef\u00edcios.<\/p>\n<\/div>\n<div class=\"mc-column content-text active-extra-styles \" data-block-type=\"unstyled\" data-block-weight=\"36\" data-block-id=\"5\">\n<p class=\"content-text__container \" data-track-category=\"Link no Texto\" data-track-links=\"\">Eles impediram a sa\u00edda de \u00f4nibus nas Via\u00e7\u00f5es Samba\u00edba e Metr\u00f3pole Paulista por volta das 5h, e tentaram atear fogo em um ve\u00edculo na garagem da Via\u00e7\u00e3o Samba\u00edba, que fica na Vila Nilo, Zona Norte.<\/p>\n<\/div>\n<div class=\"mc-column content-text active-extra-styles \" data-block-type=\"unstyled\" data-block-weight=\"41\" data-block-id=\"7\">\n<p class=\"content-text__container \" data-track-category=\"Link no Texto\" data-track-links=\"\">Em nota, a dire\u00e7\u00e3o do sindicato afirmou que a a\u00e7\u00e3o foi orquestrada por um grupo de oposi\u00e7\u00e3o e que &#8220;repudia veementemente a a\u00e7\u00e3o de v\u00e2ndalos, que impediram a sa\u00edda dos \u00f4nibus nas Via\u00e7\u00f5es Samba\u00edba e Metr\u00f3pole Paulista na manh\u00e3 de (29)&#8221;.<\/p>\n<\/div>\n<div class=\"mc-column content-text active-extra-styles \" data-block-type=\"unstyled\" data-block-weight=\"32\" data-block-id=\"8\">\n<p class=\"content-text__container \" data-track-category=\"Link no Texto\" data-track-links=\"\">&#8220;N\u00e3o temos qualquer rela\u00e7\u00e3o com tais a\u00e7\u00f5es, que estamos em conversas com o patronal na Campanha Salarial deste ano. Colocamo-nos \u00e0 disposi\u00e7\u00e3o dos \u00f3rg\u00e3os de seguran\u00e7a para provid\u00eancias e puni\u00e7\u00e3o aos v\u00e2ndalos&#8221;.<\/p>\n<\/div>\n<div class=\"row medium-uncollapsed content-media content-photo\" data-block-type=\"backstage-photo\" data-block-id=\"9\">\n<div class=\" mc-column  content-media__container\">\n<div class=\"content-media-container glb-skeleton-box\">\n<figure class=\"content-media-figure\"><img decoding=\"async\" class=\"i-amphtml-fill-content i-amphtml-replaced-content\" src=\"https:\/\/s2-g1.glbimg.com\/EHuA7rYGNmvf5FBMJQDqVonrBQU=\/0x0:1920x1080\/984x0\/smart\/filters:strip_icc()\/i.s3.glbimg.com\/v1\/AUTH_59edd422c0c84a879bd37670ae4f538a\/internal_photos\/bs\/2023\/t\/O\/3Rjt3oSbGEP4BBKaZaXA\/globo-canal-5-20230829-0558-frame-143533.jpeg\" sizes=\"(max-width: 1422px) 648px, 100vw\" srcset=\"https:\/\/s2-g1.glbimg.com\/xs31KIXbqV-4cxgsClHkhzfF5ks=\/0x0:1920x1080\/1000x0\/smart\/filters:strip_icc()\/i.s3.glbimg.com\/v1\/AUTH_59edd422c0c84a879bd37670ae4f538a\/internal_photos\/bs\/2023\/t\/O\/3Rjt3oSbGEP4BBKaZaXA\/globo-canal-5-20230829-0558-frame-143533.jpeg 1000w, https:\/\/s2-g1.glbimg.com\/EHuA7rYGNmvf5FBMJQDqVonrBQU=\/0x0:1920x1080\/984x0\/smart\/filters:strip_icc()\/i.s3.glbimg.com\/v1\/AUTH_59edd422c0c84a879bd37670ae4f538a\/internal_photos\/bs\/2023\/t\/O\/3Rjt3oSbGEP4BBKaZaXA\/globo-canal-5-20230829-0558-frame-143533.jpeg 984w, https:\/\/s2-g1.glbimg.com\/zeq_nfLZ1MEAZuBitA8bFXMjGNU=\/0x0:1920x1080\/640x0\/smart\/filters:strip_icc()\/i.s3.glbimg.com\/v1\/AUTH_59edd422c0c84a879bd37670ae4f538a\/internal_photos\/bs\/2023\/t\/O\/3Rjt3oSbGEP4BBKaZaXA\/globo-canal-5-20230829-0558-frame-143533.jpeg 640w, https:\/\/s2-g1.glbimg.com\/R2jvLFJmmiqHpqoAhOq9dMGNcMo=\/0x0:1920x1080\/600x0\/smart\/filters:strip_icc()\/i.s3.glbimg.com\/v1\/AUTH_59edd422c0c84a879bd37670ae4f538a\/internal_photos\/bs\/2023\/t\/O\/3Rjt3oSbGEP4BBKaZaXA\/globo-canal-5-20230829-0558-frame-143533.jpeg 600w\" alt=\"\u00d4nibus atravessado prejudicou tr\u00e2nsito na Zona Leste de SP \u2014 Foto: TV Globo\" \/><\/figure>\n<\/div>\n<p class=\"content-media__description  \">\u00d4nibus atravessado prejudicou tr\u00e2nsito na Zona Leste de SP \u2014 Foto: TV Globo<\/p>\n<\/div>\n<\/div>\n<div class=\"mc-column content-text active-extra-styles \" data-block-type=\"unstyled\" data-block-weight=\"46\" data-block-id=\"10\">\n<p class=\"content-text__container \" data-track-category=\"Link no Texto\" data-track-links=\"\">Em nota, a SPTrans disse que tamb\u00e9m &#8220;repudia os atos de vandalismo praticados em ve\u00edculos de duas garagens da concession\u00e1ria Samba\u00edba e que ocasionaram atrasos na opera\u00e7\u00e3o das linhas da garagem localizada na Vila Sabrina, prejudicando a popula\u00e7\u00e3o entre 5h05 e 5h40 desta ter\u00e7a-feira (29\/8)&#8221;.<\/p>\n<\/div>\n<div class=\"mc-column content-text active-extra-styles \" data-block-type=\"unstyled\" data-block-weight=\"24\" data-block-id=\"12\">\n<p class=\"content-text__container \" data-track-category=\"Link no Texto\" data-track-links=\"\">&#8220;Os \u00f4nibus avariados foram removidos e a opera\u00e7\u00e3o est\u00e1 sendo normalizada gradativamente. A concession\u00e1ria foi autuada automaticamente pelas viagens que n\u00e3o foram realizadas&#8221;.<\/p>\n<\/div>\n<div class=\"mc-column content-text active-extra-styles \" data-block-type=\"unstyled\" data-block-weight=\"24\" data-block-id=\"13\">\n<p class=\"content-text__container \" data-track-category=\"Link no Texto\" data-track-links=\"\">Conforme a SPTrans, as linhas afetadas atendem a Zona Norte com dire\u00e7\u00e3o ao Centro e os bairros como Santana, Tucuruvi, Trememb\u00e9, Mandaqui e Ja\u00e7an\u00e3.<\/p>\n<\/div>\n<div class=\"mc-column content-text active-extra-styles \" data-block-type=\"unstyled\" data-block-weight=\"32\" data-block-id=\"14\">\n<p class=\"content-text__container \" data-track-category=\"Link no Texto\" data-track-links=\"\">Tamb\u00e9m houve preju\u00edzo \u00e0 opera\u00e7\u00e3o das linhas que circulam na Avenida Ragueb Chohfi, pr\u00f3ximo ao cruzamento com a Avenida Jacu P\u00eassego, na Zona Leste, ap\u00f3s o \u00f4nibus ter sido colocado atravessado.<\/p>\n<\/div>\n<div data-track-category=\"multicontent\" data-track-action=\"ultimo chunk conteudo\" data-track-noninteraction=\"false\" data-track-scroll=\"view\">\n<div id=\"chunk-f0kns\">\n<p class=\"block-podcast\">Fonte: G1<\/p>\n<\/div>\n<\/div>\n<\/div>\n<\/article>\n<\/div>\n","protected":false},"excerpt":{"rendered":"<p>Grupo de funcion\u00e1rios de empresa de \u00f4nibus \u00e9 contr\u00e1rio ao sindicato e colocou \u00f4nibus articulado atravessado na Avenida Ragueb Chohfi.<\/p>\n","protected":false},"author":1,"featured_media":8194,"comment_status":"open","ping_status":"open","sticky":false,"template":"","format":"standard","meta":{"colormag_page_container_layout":"default_layout","colormag_page_sidebar_layout":"default_layout","footnotes":""},"categories":[20],"tags":[],"class_list":["post-8183","post","type-post","status-publish","format-standard","has-post-thumbnail","hentry","category-zona-leste"],"_links":{"self":[{"href":"http:\/\/metropoleemfoco.com.br\/index.php?rest_route=\/wp\/v2\/posts\/8183","targetHints":{"allow":["GET"]}}],"collection":[{"href":"http:\/\/metropoleemfoco.com.br\/index.php?rest_route=\/wp\/v2\/posts"}],"about":[{"href":"http:\/\/metropoleemfoco.com.br\/index.php?rest_route=\/wp\/v2\/types\/post"}],"author":[{"embeddable":true,"href":"http:\/\/metropoleemfoco.com.br\/index.php?rest_route=\/wp\/v2\/users\/1"}],"replies":[{"embeddable":true,"href":"http:\/\/metropoleemfoco.com.br\/index.php?rest_route=%2Fwp%2Fv2%2Fcomments&post=8183"}],"version-history":[{"count":1,"href":"http:\/\/metropoleemfoco.com.br\/index.php?rest_route=\/wp\/v2\/posts\/8183\/revisions"}],"predecessor-version":[{"id":8195,"href":"http:\/\/metropoleemfoco.com.br\/index.php?rest_route=\/wp\/v2\/posts\/8183\/revisions\/8195"}],"wp:featuredmedia":[{"embeddable":true,"href":"http:\/\/metropoleemfoco.com.br\/index.php?rest_route=\/wp\/v2\/media\/8194"}],"wp:attachment":[{"href":"http:\/\/metropoleemfoco.com.br\/index.php?rest_route=%2Fwp%2Fv2%2Fmedia&parent=8183"}],"wp:term":[{"taxonomy":"category","embeddable":true,"href":"http:\/\/metropoleemfoco.com.br\/index.php?rest_route=%2Fwp%2Fv2%2Fcategories&post=8183"},{"taxonomy":"post_tag","embeddable":true,"href":"http:\/\/metropoleemfoco.com.br\/index.php?rest_route=%2Fwp%2Fv2%2Ftags&post=8183"}],"curies":[{"name":"wp","href":"https:\/\/api.w.org\/{rel}","templated":true}]}}