{"id":8136,"date":"2023-08-23T15:13:09","date_gmt":"2023-08-23T18:13:09","guid":{"rendered":"http:\/\/metropoleemfoco.com.br\/?p=8136"},"modified":"2023-08-23T15:13:09","modified_gmt":"2023-08-23T18:13:09","slug":"8136","status":"publish","type":"post","link":"http:\/\/metropoleemfoco.com.br\/?p=8136","title":{"rendered":""},"content":{"rendered":"<div class=\"mc-article-header\">\n<div class=\"row content-head non-featured \">\n<div class=\"title\" data-block-type=\"title\" data-block-id=\"0\">\n<p class=\"content-head__title\"><span style=\"font-size: 16px;\">Cadela da ra\u00e7a Golden Retriever, de 4 anos, est\u00e1 desaparecida desde a \u00faltima segunda-feira (21); animal de estima\u00e7\u00e3o estava dentro de carro, quando homens armados abordaram tutora na Vila Matilde.<\/span><\/p>\n<\/div>\n<\/div>\n<hr class=\"content__divider \" \/>\n<\/div>\n<div class=\"mc-article-body\">\n<article>\n<div class=\"row medium-uncollapsed content-media content-photo\" data-block-type=\"backstage-photo\" data-block-id=\"1\">\n<div class=\" mc-column  content-media__container\">\n<div class=\"content-media-container glb-skeleton-box\">\n<figure class=\"content-media-figure\"><img decoding=\"async\" class=\"i-amphtml-fill-content i-amphtml-replaced-content\" src=\"https:\/\/s2-g1.glbimg.com\/z7y7JVRHkZoqE3EZAtjuTRpHakw=\/0x0:1083x729\/984x0\/smart\/filters:strip_icc()\/i.s3.glbimg.com\/v1\/AUTH_59edd422c0c84a879bd37670ae4f538a\/internal_photos\/bs\/2023\/A\/w\/U8VjkgRXaeb9jmyay8zQ\/captura-de-tela-2023-08-23-085859.jpg\" sizes=\"(max-width: 1422px) 648px, 100vw\" srcset=\"https:\/\/s2-g1.glbimg.com\/UapxteQzp2mPGB5-pHsgnBHGRb0=\/0x0:1083x729\/1000x0\/smart\/filters:strip_icc()\/i.s3.glbimg.com\/v1\/AUTH_59edd422c0c84a879bd37670ae4f538a\/internal_photos\/bs\/2023\/A\/w\/U8VjkgRXaeb9jmyay8zQ\/captura-de-tela-2023-08-23-085859.jpg 1000w, https:\/\/s2-g1.glbimg.com\/z7y7JVRHkZoqE3EZAtjuTRpHakw=\/0x0:1083x729\/984x0\/smart\/filters:strip_icc()\/i.s3.glbimg.com\/v1\/AUTH_59edd422c0c84a879bd37670ae4f538a\/internal_photos\/bs\/2023\/A\/w\/U8VjkgRXaeb9jmyay8zQ\/captura-de-tela-2023-08-23-085859.jpg 984w, https:\/\/s2-g1.glbimg.com\/I_FVYXd33_LTUA__DhSAmgIy1P0=\/0x0:1083x729\/640x0\/smart\/filters:strip_icc()\/i.s3.glbimg.com\/v1\/AUTH_59edd422c0c84a879bd37670ae4f538a\/internal_photos\/bs\/2023\/A\/w\/U8VjkgRXaeb9jmyay8zQ\/captura-de-tela-2023-08-23-085859.jpg 640w, https:\/\/s2-g1.glbimg.com\/mGgdPkmiDjtSKn2G4C_iHibN-Ho=\/0x0:1083x729\/600x0\/smart\/filters:strip_icc()\/i.s3.glbimg.com\/v1\/AUTH_59edd422c0c84a879bd37670ae4f538a\/internal_photos\/bs\/2023\/A\/w\/U8VjkgRXaeb9jmyay8zQ\/captura-de-tela-2023-08-23-085859.jpg 600w\" alt=\"Cachorra da ra\u00e7a Golden foi levada por criminosos durante assalto na Zona Leste de SP \u2014 Foto: Arquivo Pessoal\" \/><\/figure>\n<\/div>\n<p class=\"content-media__description  \">Cachorra da ra\u00e7a Golden foi levada por criminosos durante assalto na Zona Leste de SP \u2014 Foto: Arquivo Pessoal<\/p>\n<\/div>\n<\/div>\n<div class=\"mc-column content-text active-extra-styles \" data-block-type=\"unstyled\" data-block-weight=\"33\" data-block-id=\"3\">\n<p class=\"content-text__container \" data-track-category=\"Link no Texto\" data-track-links=\"\">Uma fam\u00edlia faz buscas pela cachorra de estima\u00e7\u00e3o, da ra\u00e7a Golden Retriever, que est\u00e1 desaparecida desta a \u00faltima segunda-feira (21) ap\u00f3s ser levada por criminosos durante assalto na Zona Leste de S\u00e3o Paulo.<\/p>\n<\/div>\n<div class=\"wall protected-content\">\n<div class=\"mc-column content-text active-extra-styles \" data-block-type=\"unstyled\" data-block-weight=\"50\" data-block-id=\"4\">\n<p class=\"content-text__container \" data-track-category=\"Link no Texto\" data-track-links=\"\">Ao\u00a0<strong>g1<\/strong>, a tutora Mariana Bizagio contou que a cachorra, batizada de Tequila, ama passear de carro com a fam\u00edlia. Na segunda (21), a m\u00e3e de Mariana saiu com o ve\u00edculo para ir at\u00e9 um com\u00e9rcio na rua Jord\u00e2nia, Vila Matilde, e a cadela foi junto no banco traseiro.<\/p>\n<\/div>\n<div class=\"mc-column content-text active-extra-styles \" data-block-type=\"unstyled\" data-block-weight=\"57\" data-block-id=\"5\">\n<p class=\"content-text__container \" data-track-category=\"Link no Texto\" data-track-links=\"\">Por\u00e9m, ao estacionar o carro, ela foi abordada por criminosos. &#8220;Assim que ela parou e desceu do carro, um homem j\u00e1 se aproximou e disse para ela entregar o carro. Ela n\u00e3o reagiu e se afastou do ve\u00edculo. Nisso, outro homem surgiu e j\u00e1 entrou no carro. Por\u00e9m, Tequila estava ainda no ve\u00edculo e foi levada junto&#8221;.<\/p>\n<\/div>\n<div class=\"mc-column content-text active-extra-styles\" data-block-type=\"raw\" data-block-weight=\"33\" data-block-id=\"7\">\n<blockquote class=\"content-blockquote theme-border-color-primary-before\"><p>&#8220;Minha m\u00e3e come\u00e7ou a gritar e a porta traseira at\u00e9 estava aberta, mas minha cachorra \u00e9 medrosa. Ela nunca pularia de um carro em movimento e deve ter ficado acuada no canto. Desesperador&#8221;.<\/p><\/blockquote>\n<\/div>\n<div class=\"row medium-uncollapsed content-media content-photo\" data-block-type=\"backstage-photo\" data-block-id=\"8\">\n<div class=\" mc-column  content-media__container\">\n<div class=\"content-media-container glb-skeleton-box\">\n<figure class=\"content-media-figure\"><img decoding=\"async\" class=\"i-amphtml-fill-content i-amphtml-replaced-content\" src=\"https:\/\/s2-g1.glbimg.com\/6U4UHvRCUu1h7c4e1LRd96meA7I=\/0x0:825x752\/984x0\/smart\/filters:strip_icc()\/i.s3.glbimg.com\/v1\/AUTH_59edd422c0c84a879bd37670ae4f538a\/internal_photos\/bs\/2023\/4\/P\/UVdja5S5OWSjPA8Aff5A\/captura-de-tela-2023-08-23-085527.jpg\" sizes=\"(max-width: 1422px) 648px, 100vw\" srcset=\"https:\/\/s2-g1.glbimg.com\/QZ4jrclYTlOL7O_34u9JsQjUV8k=\/0x0:825x752\/1000x0\/smart\/filters:strip_icc()\/i.s3.glbimg.com\/v1\/AUTH_59edd422c0c84a879bd37670ae4f538a\/internal_photos\/bs\/2023\/4\/P\/UVdja5S5OWSjPA8Aff5A\/captura-de-tela-2023-08-23-085527.jpg 1000w, https:\/\/s2-g1.glbimg.com\/6U4UHvRCUu1h7c4e1LRd96meA7I=\/0x0:825x752\/984x0\/smart\/filters:strip_icc()\/i.s3.glbimg.com\/v1\/AUTH_59edd422c0c84a879bd37670ae4f538a\/internal_photos\/bs\/2023\/4\/P\/UVdja5S5OWSjPA8Aff5A\/captura-de-tela-2023-08-23-085527.jpg 984w, https:\/\/s2-g1.glbimg.com\/vNqvn78eq7yJ2ZPszvF8FuBsvQc=\/0x0:825x752\/640x0\/smart\/filters:strip_icc()\/i.s3.glbimg.com\/v1\/AUTH_59edd422c0c84a879bd37670ae4f538a\/internal_photos\/bs\/2023\/4\/P\/UVdja5S5OWSjPA8Aff5A\/captura-de-tela-2023-08-23-085527.jpg 640w, https:\/\/s2-g1.glbimg.com\/61bSC0z4Wfj5tgdcDO63p_m9Yso=\/0x0:825x752\/600x0\/smart\/filters:strip_icc()\/i.s3.glbimg.com\/v1\/AUTH_59edd422c0c84a879bd37670ae4f538a\/internal_photos\/bs\/2023\/4\/P\/UVdja5S5OWSjPA8Aff5A\/captura-de-tela-2023-08-23-085527.jpg 600w\" alt=\"Cachorra da ra\u00e7a Golden foi levada por criminosos durante assalto na Zona Leste de SP \u2014 Foto: Arquivo Pessoal\" \/><\/figure>\n<\/div>\n<p class=\"content-media__description  \">Cachorra da ra\u00e7a Golden foi levada por criminosos durante assalto na Zona Leste de SP \u2014 Foto: Arquivo Pessoal<\/p>\n<\/div>\n<\/div>\n<div class=\"mc-column content-text active-extra-styles \" data-block-type=\"unstyled\" data-block-weight=\"25\" data-block-id=\"9\">\n<p class=\"content-text__container \" data-track-category=\"Link no Texto\" data-track-links=\"\">Segundo Mariana, duas horas ap\u00f3s o crime, o carro foi encontrado estacionado no bairro Arthur Alvim. Os criminosos levaram o estepe e objetos pessoais.<\/p>\n<\/div>\n<div class=\"mc-column content-text active-extra-styles \" data-block-type=\"unstyled\" data-block-weight=\"45\" data-block-id=\"10\">\n<p class=\"content-text__container \" data-track-category=\"Link no Texto\" data-track-links=\"\">&#8220;Fomos correndo ver se ela estava dentro do ve\u00edculo, mas n\u00e3o a encontramos. At\u00e9 vimos pr\u00f3ximo da regi\u00e3o e nada. Depois, a seguradora nos informou que o carro esteve na favela Nhocune. Fomos at\u00e9 a entrada da comunidade, mas ningu\u00e9m tinha visto ela&#8221;.<\/p>\n<\/div>\n<div class=\"mc-column content-text active-extra-styles \" data-block-type=\"unstyled\" data-block-weight=\"28\" data-block-id=\"12\">\n<p class=\"content-text__container \" data-track-category=\"Link no Texto\" data-track-links=\"\">A tutora ainda conta que come\u00e7ou a compartilhar a foto de Tequila com o contato dela nas redes sociais para auxiliar nas buscas. Por\u00e9m, passou a receber trotes.<\/p>\n<\/div>\n<div class=\"mc-column content-text active-extra-styles \" data-block-type=\"unstyled\" data-block-weight=\"44\" data-block-id=\"13\">\n<p class=\"content-text__container \" data-track-category=\"Link no Texto\" data-track-links=\"\">&#8220;Eu j\u00e1 recebi mais de 40 liga\u00e7\u00f5es e todas trote. Em uma delas, o homem disse que se eu n\u00e3o fizesse transfer\u00eancia banc\u00e1ria ele n\u00e3o devolveria minha cachorra e ainda me mataria. Fiquei muito assustada. N\u00e3o imaginava que iam me ligar para me enganar&#8221;.<\/p>\n<\/div>\n<div class=\"mc-column content-text active-extra-styles\" data-block-type=\"raw\" data-block-weight=\"53\" data-block-id=\"14\">\n<blockquote class=\"content-blockquote theme-border-color-primary-before\"><p>&#8220;J\u00e1 n\u00e3o basta passar pelo assalto, tem pessoas que brincam com nosso emocional. Tive at\u00e9 crise de ansiedade e estamos apavorados. Nos trotes que recebi disse que \u00e9 comum trocar cachorro por droga, que tem troca de cachorro por pedra de crack. S\u00f3 queremos achar a Tequila. A casa est\u00e1 vazia sem ela&#8221;.<\/p><\/blockquote>\n<\/div>\n<div class=\"row medium-uncollapsed content-media content-photo\" data-block-type=\"backstage-photo\" data-block-id=\"15\">\n<div class=\" mc-column  content-media__container\">\n<div class=\"content-media-container glb-skeleton-box\">\n<figure class=\"content-media-figure\"><img decoding=\"async\" class=\"i-amphtml-fill-content i-amphtml-replaced-content\" src=\"https:\/\/s2-g1.glbimg.com\/uQMiV0iRiCBNP6mOOmMfawlHXRg=\/0x0:1600x1200\/984x0\/smart\/filters:strip_icc()\/i.s3.glbimg.com\/v1\/AUTH_59edd422c0c84a879bd37670ae4f538a\/internal_photos\/bs\/2023\/8\/J\/5wGqatSoWWjyDKvR1rsQ\/whatsapp-image-2023-08-23-at-08.07.57.jpeg\" sizes=\"(max-width: 1422px) 648px, 100vw\" srcset=\"https:\/\/s2-g1.glbimg.com\/RRI7l-1GtR1EFgPMsbniGww9kcU=\/0x0:1600x1200\/1000x0\/smart\/filters:strip_icc()\/i.s3.glbimg.com\/v1\/AUTH_59edd422c0c84a879bd37670ae4f538a\/internal_photos\/bs\/2023\/8\/J\/5wGqatSoWWjyDKvR1rsQ\/whatsapp-image-2023-08-23-at-08.07.57.jpeg 1000w, https:\/\/s2-g1.glbimg.com\/uQMiV0iRiCBNP6mOOmMfawlHXRg=\/0x0:1600x1200\/984x0\/smart\/filters:strip_icc()\/i.s3.glbimg.com\/v1\/AUTH_59edd422c0c84a879bd37670ae4f538a\/internal_photos\/bs\/2023\/8\/J\/5wGqatSoWWjyDKvR1rsQ\/whatsapp-image-2023-08-23-at-08.07.57.jpeg 984w, https:\/\/s2-g1.glbimg.com\/NXONJRn6trTi99US7ymZDMPArVs=\/0x0:1600x1200\/640x0\/smart\/filters:strip_icc()\/i.s3.glbimg.com\/v1\/AUTH_59edd422c0c84a879bd37670ae4f538a\/internal_photos\/bs\/2023\/8\/J\/5wGqatSoWWjyDKvR1rsQ\/whatsapp-image-2023-08-23-at-08.07.57.jpeg 640w, https:\/\/s2-g1.glbimg.com\/B5b08EmmbfYysegfafBnwSpGsOM=\/0x0:1600x1200\/600x0\/smart\/filters:strip_icc()\/i.s3.glbimg.com\/v1\/AUTH_59edd422c0c84a879bd37670ae4f538a\/internal_photos\/bs\/2023\/8\/J\/5wGqatSoWWjyDKvR1rsQ\/whatsapp-image-2023-08-23-at-08.07.57.jpeg 600w\" alt=\"Cachorra Tequila com a tutora Mariana em SP \u2014 Foto: Arquivo Pessoal\" \/><\/figure>\n<\/div>\n<p class=\"content-media__description  \">Cachorra Tequila com a tutora Mariana em SP \u2014 Foto: Arquivo Pessoal<\/p>\n<\/div>\n<\/div>\n<div class=\"mc-column content-text active-extra-styles \" data-block-type=\"unstyled\" data-block-weight=\"23\" data-block-id=\"17\">\n<p class=\"content-text__container \" data-track-category=\"Link no Texto\" data-track-links=\"\">O caso foi registrado no 21\u00ba DP e segue para investiga\u00e7\u00e3o. At\u00e9 a manh\u00e3 desta quarta-feira (23), nenhum suspeito havia sido preso.<\/p>\n<\/div>\n<div class=\"mc-column content-text active-extra-styles\" data-block-type=\"raw\" data-block-weight=\"63\" data-block-id=\"18\">\n<blockquote class=\"content-blockquote theme-border-color-primary-before\"><p>&#8220;Eu tenho uma filha de 3 anos que ama a Tequila. Est\u00e1 perguntando sem parar onde ela est\u00e1 e n\u00e3o falamos sobre o assalto. Para ela, Tequila foi passear na praia e logo volta. Espero mesmo que a encontremos. Ela \u00e9 d\u00f3cil, mansa, faz parte da fam\u00edlia. Se ela estiver solta, n\u00e3o vai estar em uma rua movimentada. Vai estar em algum cantinho&#8221;.<\/p><\/blockquote>\n<\/div>\n<div id=\"chunk-7986u\">\n<div class=\"row medium-uncollapsed content-media content-photo\" data-block-type=\"backstage-photo\" data-block-id=\"19\">\n<div class=\" mc-column  content-media__container\">\n<figure class=\"content-media-figure\"><img decoding=\"async\" class=\"i-amphtml-fill-content i-amphtml-replaced-content\" src=\"https:\/\/s2-g1.glbimg.com\/C-rYU1e8a130Dtl7QO2n5W944Y0=\/0x0:402x676\/984x0\/smart\/filters:strip_icc()\/i.s3.glbimg.com\/v1\/AUTH_59edd422c0c84a879bd37670ae4f538a\/internal_photos\/bs\/2023\/Z\/D\/afmtgcR8W57ADZcUg2cw\/captura-de-tela-2023-08-23-085601.jpg\" sizes=\"(max-width: 1422px) 648px, 100vw\" srcset=\"https:\/\/s2-g1.glbimg.com\/BL7-t8bfUES8pj9ih49pDL-JYCs=\/0x0:402x676\/1000x0\/smart\/filters:strip_icc()\/i.s3.glbimg.com\/v1\/AUTH_59edd422c0c84a879bd37670ae4f538a\/internal_photos\/bs\/2023\/Z\/D\/afmtgcR8W57ADZcUg2cw\/captura-de-tela-2023-08-23-085601.jpg 1000w, https:\/\/s2-g1.glbimg.com\/C-rYU1e8a130Dtl7QO2n5W944Y0=\/0x0:402x676\/984x0\/smart\/filters:strip_icc()\/i.s3.glbimg.com\/v1\/AUTH_59edd422c0c84a879bd37670ae4f538a\/internal_photos\/bs\/2023\/Z\/D\/afmtgcR8W57ADZcUg2cw\/captura-de-tela-2023-08-23-085601.jpg 984w, https:\/\/s2-g1.glbimg.com\/lGNf1rHoSaSjGeU8v_GK6909BeQ=\/0x0:402x676\/640x0\/smart\/filters:strip_icc()\/i.s3.glbimg.com\/v1\/AUTH_59edd422c0c84a879bd37670ae4f538a\/internal_photos\/bs\/2023\/Z\/D\/afmtgcR8W57ADZcUg2cw\/captura-de-tela-2023-08-23-085601.jpg 640w, https:\/\/s2-g1.glbimg.com\/xNgQs5PQ_AqpSBj86ejk735SMqU=\/0x0:402x676\/600x0\/smart\/filters:strip_icc()\/i.s3.glbimg.com\/v1\/AUTH_59edd422c0c84a879bd37670ae4f538a\/internal_photos\/bs\/2023\/Z\/D\/afmtgcR8W57ADZcUg2cw\/captura-de-tela-2023-08-23-085601.jpg 600w\" alt=\"Cadela Tequila, de 4 anos, foi levada por criminosos durante assalto em SP \u2014 Foto: Arquivo Pessoal\" \/><\/figure>\n<p class=\"content-media__description  \">Cadela Tequila, de 4 anos, foi levada por criminosos durante assalto em SP \u2014 Foto: Arquivo Pessoal<\/p>\n<p>Fonte: G1<\/p>\n<\/div>\n<\/div>\n<\/div>\n<\/div>\n<\/article>\n<\/div>\n","protected":false},"excerpt":{"rendered":"<p>Cadela da ra\u00e7a Golden Retriever, de 4 anos, est\u00e1 desaparecida desde a \u00faltima segunda-feira (21); animal de estima\u00e7\u00e3o estava dentro<\/p>\n","protected":false},"author":1,"featured_media":8148,"comment_status":"open","ping_status":"open","sticky":false,"template":"","format":"standard","meta":{"colormag_page_container_layout":"default_layout","colormag_page_sidebar_layout":"default_layout","footnotes":""},"categories":[3,20],"tags":[],"class_list":["post-8136","post","type-post","status-publish","format-standard","has-post-thumbnail","hentry","category-seu-bairro","category-zona-leste"],"_links":{"self":[{"href":"http:\/\/metropoleemfoco.com.br\/index.php?rest_route=\/wp\/v2\/posts\/8136","targetHints":{"allow":["GET"]}}],"collection":[{"href":"http:\/\/metropoleemfoco.com.br\/index.php?rest_route=\/wp\/v2\/posts"}],"about":[{"href":"http:\/\/metropoleemfoco.com.br\/index.php?rest_route=\/wp\/v2\/types\/post"}],"author":[{"embeddable":true,"href":"http:\/\/metropoleemfoco.com.br\/index.php?rest_route=\/wp\/v2\/users\/1"}],"replies":[{"embeddable":true,"href":"http:\/\/metropoleemfoco.com.br\/index.php?rest_route=%2Fwp%2Fv2%2Fcomments&post=8136"}],"version-history":[{"count":1,"href":"http:\/\/metropoleemfoco.com.br\/index.php?rest_route=\/wp\/v2\/posts\/8136\/revisions"}],"predecessor-version":[{"id":8149,"href":"http:\/\/metropoleemfoco.com.br\/index.php?rest_route=\/wp\/v2\/posts\/8136\/revisions\/8149"}],"wp:featuredmedia":[{"embeddable":true,"href":"http:\/\/metropoleemfoco.com.br\/index.php?rest_route=\/wp\/v2\/media\/8148"}],"wp:attachment":[{"href":"http:\/\/metropoleemfoco.com.br\/index.php?rest_route=%2Fwp%2Fv2%2Fmedia&parent=8136"}],"wp:term":[{"taxonomy":"category","embeddable":true,"href":"http:\/\/metropoleemfoco.com.br\/index.php?rest_route=%2Fwp%2Fv2%2Fcategories&post=8136"},{"taxonomy":"post_tag","embeddable":true,"href":"http:\/\/metropoleemfoco.com.br\/index.php?rest_route=%2Fwp%2Fv2%2Ftags&post=8136"}],"curies":[{"name":"wp","href":"https:\/\/api.w.org\/{rel}","templated":true}]}}