{"id":8042,"date":"2023-08-15T13:45:02","date_gmt":"2023-08-15T16:45:02","guid":{"rendered":"http:\/\/metropoleemfoco.com.br\/?p=8042"},"modified":"2023-08-15T13:45:02","modified_gmt":"2023-08-15T16:45:02","slug":"relatorio-aponta-que-santos-teve-de-pagar-quase-r-400-milhoes-por-negocio-relativo-a-leandro-damiao","status":"publish","type":"post","link":"http:\/\/metropoleemfoco.com.br\/?p=8042","title":{"rendered":"Relat\u00f3rio aponta que Santos teve de pagar quase R$ 400 milh\u00f5es por neg\u00f3cio relativo a Leandro Dami\u00e3o"},"content":{"rendered":"<div class=\"row content-head non-featured \">\n<div class=\"title\" data-block-type=\"title\" data-block-id=\"0\">\n<p class=\"content-head__title\"><span style=\"font-size: 16px;\">Documento foi apresentado em reuni\u00e3o do Conselho nesta segunda; veja detalhes<\/span><\/p>\n<\/div>\n<\/div>\n<hr class=\"content__divider \" \/>\n<div class=\"mc-article-body\">\n<article>\n<div class=\"mc-column mc-side-item__container\" data-block-type=\"ads\" data-block-id=\"1\">\n<div class=\"mc-side-item mc-side-item--right content-ads content-ads--side-ad\">\n<div id=\"banner_materia1\" class=\"tag-manager-publicidade-container tag-manager-publicidade-banner_materia1 tag-manager-publicidade-container--carregado tag-manager-publicidade-container--visivel\" data-google-query-id=\"CILWvo2O34ADFfmKlQIdw5wD4g\">\n<div id=\"google_ads_iframe_\/95377733\/tvg_GE\/Futebol\/Times\/Santos_0__container__\"><\/div>\n<\/div>\n<\/div>\n<\/div>\n<div class=\"mc-column content-text active-extra-styles active-capital-letter\" data-block-type=\"unstyled\" data-block-weight=\"38\" data-block-id=\"2\">\n<p class=\"content-text__container theme-color-primary-first-letter\" data-track-category=\"Link no Texto\" data-track-links=\"\">Um relat\u00f3rio apresentado na reuni\u00e3o do Conselho Deliberativo do\u00a0<a class=\"\" href=\"https:\/\/globoesporte.globo.com\/sp\/santos-e-regiao\/futebol\/times\/santos\/\">Santos<\/a>, nesta segunda-feira, aponta que o clube pagou, entre 2013 e 2019, R$ 384,7 milh\u00f5es ao fundo de investimentos Doyen pela negocia\u00e7\u00e3o envolvendo a contrata\u00e7\u00e3o do atacante Leandro Dami\u00e3o.<\/p>\n<\/div>\n<div class=\"wall protected-content\">\n<div class=\"mc-column content-text active-extra-styles \" data-block-type=\"unstyled\" data-block-weight=\"24\" data-block-id=\"3\">\n<p class=\"content-text__container \" data-track-category=\"Link no Texto\" data-track-links=\"\">O valor consta no documento produzido pelo Grupo de Avalia\u00e7\u00e3o de Riscos e Perdas e que foi lido pelo conselheiro Marcelo Camargo Milani.<\/p>\n<\/div>\n<div class=\"mc-column content-text active-extra-styles \" data-block-type=\"unstyled\" data-block-weight=\"54\" data-block-id=\"4\">\n<p class=\"content-text__container \" data-track-category=\"Link no Texto\" data-track-links=\"\">De acordo com o relat\u00f3rio, o valor inicial para a compra dos direitos econ\u00f4micos do atleta junto ao Internacional foi de 13 milh\u00f5es de euros. Por\u00e9m, em fevereiro de 2014, clube e fundo de investimento firmaram que o valor ideal para a venda de Dami\u00e3o pelo Peixe teria que ser de 18 milh\u00f5es.<\/p>\n<\/div>\n<div class=\"mc-column content-text active-extra-styles \" data-block-type=\"unstyled\" data-block-weight=\"35\" data-block-id=\"5\">\n<p class=\"content-text__container \" data-track-category=\"Link no Texto\" data-track-links=\"\">\u00c0 \u00e9poca, caso o jogador sa\u00edsse por um valor superior a esse, o\u00a0<a class=\"\" href=\"https:\/\/globoesporte.globo.com\/sp\/santos-e-regiao\/futebol\/times\/santos\/\">Santos<\/a> teria direito a 20% do lucro (diferen\u00e7a entre o valor de venda e o dinheiro investido na contrata\u00e7\u00e3o, acrescido de juros).<\/p>\n<\/div>\n<div class=\"row medium-uncollapsed content-media content-photo\" data-block-type=\"backstage-photo\" data-block-id=\"7\">\n<div class=\"mc-column content-media__container\">\n<div class=\"content-media-container glb-skeleton-box\">\n<figure class=\"content-media-figure\"><img decoding=\"async\" class=\"i-amphtml-fill-content i-amphtml-replaced-content\" src=\"https:\/\/s2-ge.glbimg.com\/x3XYduOt0Pbp6vHJ7xe_TZInrpg=\/0x0:1920x1080\/984x0\/smart\/filters:strip_icc()\/i.s3.glbimg.com\/v1\/AUTH_bc8228b6673f488aa253bbcb03c80ec5\/internal_photos\/bs\/2021\/6\/5\/hsUiLZRMu8Y4qUZae4uA\/kawasaki-j1-17-kashima-damiao-2021-j.jpg\" sizes=\"(max-width: 1280px) 648px, 100vw\" srcset=\"https:\/\/s2-ge.glbimg.com\/F2ZWPugo7mSH6XSUh9jieMQ-ZZs=\/0x0:1920x1080\/1000x0\/smart\/filters:strip_icc()\/i.s3.glbimg.com\/v1\/AUTH_bc8228b6673f488aa253bbcb03c80ec5\/internal_photos\/bs\/2021\/6\/5\/hsUiLZRMu8Y4qUZae4uA\/kawasaki-j1-17-kashima-damiao-2021-j.jpg 1000w, https:\/\/s2-ge.glbimg.com\/x3XYduOt0Pbp6vHJ7xe_TZInrpg=\/0x0:1920x1080\/984x0\/smart\/filters:strip_icc()\/i.s3.glbimg.com\/v1\/AUTH_bc8228b6673f488aa253bbcb03c80ec5\/internal_photos\/bs\/2021\/6\/5\/hsUiLZRMu8Y4qUZae4uA\/kawasaki-j1-17-kashima-damiao-2021-j.jpg 984w, https:\/\/s2-ge.glbimg.com\/kjFLskNZLsh5WjqJaJ_Ws5cqUiY=\/0x0:1920x1080\/640x0\/smart\/filters:strip_icc()\/i.s3.glbimg.com\/v1\/AUTH_bc8228b6673f488aa253bbcb03c80ec5\/internal_photos\/bs\/2021\/6\/5\/hsUiLZRMu8Y4qUZae4uA\/kawasaki-j1-17-kashima-damiao-2021-j.jpg 640w, https:\/\/s2-ge.glbimg.com\/5jTD8QUIDQMRISAwOCefeCGFssg=\/0x0:1920x1080\/600x0\/smart\/filters:strip_icc()\/i.s3.glbimg.com\/v1\/AUTH_bc8228b6673f488aa253bbcb03c80ec5\/internal_photos\/bs\/2021\/6\/5\/hsUiLZRMu8Y4qUZae4uA\/kawasaki-j1-17-kashima-damiao-2021-j.jpg 600w\" alt=\"Leandro Dami\u00e3o marcou de novo e tem agora 12 gols na J.League, empatado com o compatriota Anderson Lopes, do Consadole Sapporo \u2014 Foto: J.League Photos\" \/><\/figure>\n<\/div>\n<p class=\"content-media__description \">Leandro Dami\u00e3o marcou de novo e tem agora 12 gols na J.League, empatado com o compatriota Anderson Lopes, do Consadole Sapporo \u2014 Foto: J.League Photos<\/p>\n<\/div>\n<\/div>\n<div class=\"mc-column content-text active-extra-styles \" data-block-type=\"unstyled\" data-block-weight=\"45\" data-block-id=\"9\">\n<p class=\"content-text__container \" data-track-category=\"Link no Texto\" data-track-links=\"\">Contudo, em 2015, o jogador entrou em lit\u00edgio com o Peixe e foi \u00e0 Justi\u00e7a para conseguir a rescis\u00e3o de contrato. A Doyen, ent\u00e3o, entrou com uma a\u00e7\u00e3o para cobrar pelos valores n\u00e3o obtidos, j\u00e1 que o atleta deixou o clube por quebra de contrato.<\/p>\n<\/div>\n<div class=\"mc-column content-text active-extra-styles \" data-block-type=\"unstyled\" data-block-weight=\"41\" data-block-id=\"10\">\n<p class=\"content-text__container \" data-track-category=\"Link no Texto\" data-track-links=\"\">O\u00a0<a class=\"\" href=\"https:\/\/globoesporte.globo.com\/sp\/santos-e-regiao\/futebol\/times\/santos\/\">Santos<\/a>\u00a0foi condenado a ressarcir o fundo de investimentos em 18 milh\u00f5es de euros, al\u00e9m de juros, que elevaram os valores para 27 milh\u00f5es. Al\u00e9m disso, gest\u00f5es anteriores comprometeram direitos econ\u00f4micos de outros atletas para tentar abater a divida.<\/p>\n<\/div>\n<div class=\"mc-column content-text active-extra-styles \" data-block-type=\"unstyled\" data-block-weight=\"38\" data-block-id=\"11\">\n<p class=\"content-text__container \" data-track-category=\"Link no Texto\" data-track-links=\"\">Segundo o conselheiro, os valores referentes ao mecanismo de solidariedade envolvendo o meia Felipe Anderson, por exemplo, foram todos repassados diretamente \u00e0 Doyen. Todos os receb\u00edveis pelo patroc\u00ednio master de 2017 tamb\u00e9m teriam sido comprometidos com a d\u00edvida.<\/p>\n<\/div>\n<div class=\"bs-video-block mc-column  content-media content-video\" data-block-type=\"backstage-video\" data-block-id=\"12\">\n<div class=\"content-media__container\">\n<p class=\"content-media__description\">GE Santos atualiza situa\u00e7\u00e3o de Marcos Leonardo, que tem proposta da Roma, da It\u00e1lial<\/p>\n<\/div>\n<\/div>\n<div class=\"mc-column content-text active-extra-styles \" data-block-type=\"unstyled\" data-block-weight=\"70\" data-block-id=\"14\">\n<p class=\"content-text__container \" data-track-category=\"Link no Texto\" data-track-links=\"\">Em 2019, a gest\u00e3o Jos\u00e9 Carlos Peres entrou em acordo para quitar a d\u00edvida restante com a Doyen, ent\u00e3o fixada em 15 milh\u00f5es de euros, que deveria ser paga em parcelas. A diretoria do Peixe honrou com os dois primeiros pagamentos, no total de 10 milh\u00f5es de euros, mas deixou de quitar a \u00faltima parcela. O n\u00e3o pagamento da \u00faltima parcela fez a d\u00edvida retroceder para 15 milh\u00f5es de euros.<\/p>\n<\/div>\n<div class=\"mc-column content-text active-extra-styles \" data-block-type=\"unstyled\" data-block-weight=\"36\" data-block-id=\"15\">\n<p class=\"content-text__container \" data-track-category=\"Link no Texto\" data-track-links=\"\">O relat\u00f3rio aponta, tamb\u00e9m, que n\u00e3o havia motivo para o\u00a0<a class=\"\" href=\"https:\/\/globoesporte.globo.com\/sp\/santos-e-regiao\/futebol\/times\/santos\/\">Santos<\/a>\u00a0deixar de pagar a d\u00edvida, uma vez que havia acabado de negociar o atacante Rodrygo com o Real Madrid e estava com dinheiro em caixa.<\/p>\n<\/div>\n<div class=\"mc-column content-text active-extra-styles \" data-block-type=\"unstyled\" data-block-weight=\"36\" data-block-id=\"16\">\n<p class=\"content-text__container \" data-track-category=\"Link no Texto\" data-track-links=\"\">O conselheiro do\u00a0<a class=\"\" href=\"https:\/\/globoesporte.globo.com\/sp\/santos-e-regiao\/futebol\/times\/santos\/\">Santos<\/a>\u00a0tamb\u00e9m ressaltou que o grupo n\u00e3o conseguiu apurar o total dos valores j\u00e1 pagos \u00e0 Doyen, uma vez que a atual gest\u00e3o ainda busca quitar a d\u00edvida com o fundo de investimentos.<\/p>\n<\/div>\n<div class=\"mc-column content-text active-extra-styles \" data-block-type=\"unstyled\" data-block-weight=\"48\" data-block-id=\"17\">\n<p class=\"content-text__container \" data-track-category=\"Link no Texto\" data-track-links=\"\">Marcelo Milani tamb\u00e9m falou em ind\u00edcios de crimes como lavagem de dinheiro e caixa dois, al\u00e9m de prevarica\u00e7\u00e3o. E se disse decepcionado por ter relatado tudo ao presidente Andres Rueda e sugerido a\u00e7\u00f5es para que o\u00a0<a class=\"\" href=\"https:\/\/globoesporte.globo.com\/sp\/santos-e-regiao\/futebol\/times\/santos\/\">Santos<\/a>\u00a0fosse ressarcido e os gestores punidos, mas que nada foi feito.<\/p>\n<\/div>\n<div id=\"chunk-e4c84\">\n<div class=\"mc-column content-text active-extra-styles \" data-block-type=\"unstyled\" data-block-weight=\"41\" data-block-id=\"18\">\n<p class=\"content-text__container \" data-track-category=\"Link no Texto\" data-track-links=\"\">O conselheiro, por fim, disse que ir\u00e1 encaminhar o relat\u00f3rio para a Comiss\u00e3o de Inqu\u00e9rito e Sindic\u00e2ncia para que se instaure um procedimento de impeachment contra o presidente Andres Rueda pela omiss\u00e3o ap\u00f3s ter conhecimento dos fatos apontados no documento.<\/p>\n<p>Fonte: Ge<\/p>\n<\/div>\n<\/div>\n<\/div>\n<\/article>\n<\/div>\n","protected":false},"excerpt":{"rendered":"<p>Documento foi apresentado em reuni\u00e3o do Conselho nesta segunda; veja detalhes Um relat\u00f3rio apresentado na reuni\u00e3o do Conselho Deliberativo do\u00a0Santos,<\/p>\n","protected":false},"author":1,"featured_media":8057,"comment_status":"open","ping_status":"open","sticky":false,"template":"","format":"standard","meta":{"colormag_page_container_layout":"default_layout","colormag_page_sidebar_layout":"default_layout","footnotes":""},"categories":[1],"tags":[],"class_list":["post-8042","post","type-post","status-publish","format-standard","has-post-thumbnail","hentry","category-geral"],"_links":{"self":[{"href":"http:\/\/metropoleemfoco.com.br\/index.php?rest_route=\/wp\/v2\/posts\/8042","targetHints":{"allow":["GET"]}}],"collection":[{"href":"http:\/\/metropoleemfoco.com.br\/index.php?rest_route=\/wp\/v2\/posts"}],"about":[{"href":"http:\/\/metropoleemfoco.com.br\/index.php?rest_route=\/wp\/v2\/types\/post"}],"author":[{"embeddable":true,"href":"http:\/\/metropoleemfoco.com.br\/index.php?rest_route=\/wp\/v2\/users\/1"}],"replies":[{"embeddable":true,"href":"http:\/\/metropoleemfoco.com.br\/index.php?rest_route=%2Fwp%2Fv2%2Fcomments&post=8042"}],"version-history":[{"count":1,"href":"http:\/\/metropoleemfoco.com.br\/index.php?rest_route=\/wp\/v2\/posts\/8042\/revisions"}],"predecessor-version":[{"id":8058,"href":"http:\/\/metropoleemfoco.com.br\/index.php?rest_route=\/wp\/v2\/posts\/8042\/revisions\/8058"}],"wp:featuredmedia":[{"embeddable":true,"href":"http:\/\/metropoleemfoco.com.br\/index.php?rest_route=\/wp\/v2\/media\/8057"}],"wp:attachment":[{"href":"http:\/\/metropoleemfoco.com.br\/index.php?rest_route=%2Fwp%2Fv2%2Fmedia&parent=8042"}],"wp:term":[{"taxonomy":"category","embeddable":true,"href":"http:\/\/metropoleemfoco.com.br\/index.php?rest_route=%2Fwp%2Fv2%2Fcategories&post=8042"},{"taxonomy":"post_tag","embeddable":true,"href":"http:\/\/metropoleemfoco.com.br\/index.php?rest_route=%2Fwp%2Fv2%2Ftags&post=8042"}],"curies":[{"name":"wp","href":"https:\/\/api.w.org\/{rel}","templated":true}]}}