{"id":8012,"date":"2023-08-14T12:15:24","date_gmt":"2023-08-14T15:15:24","guid":{"rendered":"http:\/\/metropoleemfoco.com.br\/?p=8012"},"modified":"2023-08-14T12:15:24","modified_gmt":"2023-08-14T15:15:24","slug":"em-reforma-quadra-de-basquete-embaixo-do-monotrilho-e-vandalizada-na-zona-leste-de-sp","status":"publish","type":"post","link":"http:\/\/metropoleemfoco.com.br\/?p=8012","title":{"rendered":"Em reforma, quadra de basquete embaixo do monotrilho \u00e9 vandalizada na Zona Leste de SP"},"content":{"rendered":"<div class=\"mc-article-header\">\n<div class=\"row content-head non-featured \">\n<div class=\"title\" data-block-type=\"title\" data-block-id=\"0\">\n<p class=\"content-head__title\"><span style=\"font-size: 16px;\">A pergunta &#8216;Cad\u00ea o futebol?&#8217; foi escrita no ch\u00e3o da Quadra da 70. Moradores de Sapopemba reformavam piso do local, desgastado pelo uso frequente dos jogadores.<\/span><\/p>\n<\/div>\n<\/div>\n<hr class=\"content__divider \" \/>\n<\/div>\n<div class=\"mc-article-body\">\n<article>\n<div class=\"bs-video-block mc-column  content-media content-video\" data-block-type=\"backstage-video\" data-block-id=\"1\">\n<div class=\"content-media__container\">\n<div class=\"content-video__bigger-player-description-fixer\">\n<article class=\"content-video\">\n<section class=\"content-video__video-container\">\n<div class=\"content-video__video\">\n<div class=\"content-video__placeholder\" data-video-id=\"11860929\" data-video-has-viewport-play=\"True\"><img decoding=\"async\" class=\"content-video__placeholder__thumb\" title=\"Quadra de basquete \u00e9 vandalizada na Zona Leste de S\u00e3o Paulo\" src=\"https:\/\/s02.video.glbimg.com\/x240\/11860929.jpg\" alt=\"Quadra de basquete \u00e9 vandalizada na Zona Leste de S\u00e3o Paulo\" \/><\/div>\n<\/div>\n<\/section>\n<\/article>\n<\/div>\n<p class=\"content-media__description\">Quadra de basquete \u00e9 vandalizada na Zona Leste de S\u00e3o Paulo<\/p>\n<\/div>\n<\/div>\n<div class=\"mc-column content-text active-extra-styles \" data-block-type=\"unstyled\" data-block-weight=\"46\" data-block-id=\"3\">\n<p class=\"content-text__container \" data-track-category=\"Link no Texto\" data-track-links=\"\">Moradores de Sapopemba, na Zona Leste de S\u00e3o Paulo, denunciaram a vandaliza\u00e7\u00e3o de uma quadra de basquete que fica na Avenida Luiz In\u00e1cio de Anhaia Mello, pr\u00f3ximo ao 70\u00ba Distrito Policial. A Quadra da 70 estava em reforma, mas foi danificada na madrugada de domingo (13).<\/p>\n<\/div>\n<div class=\"wall protected-content\">\n<div class=\"mc-column content-text active-extra-styles \" data-block-type=\"unstyled\" data-block-weight=\"38\" data-block-id=\"4\">\n<p class=\"content-text__container \" data-track-category=\"Link no Texto\" data-track-links=\"\">V\u00eddeos feitos por moradores\u00a0<strong>(veja acima)<\/strong>\u00a0mostram o port\u00e3o aberto ap\u00f3s o cadeado que protege o lugar ser violado. O ch\u00e3o foi coberto com mais de uma cor de tinta e a frase &#8220;Cad\u00ea o futebol?&#8221; foi escrita.<\/p>\n<\/div>\n<div class=\"mc-column content-text active-extra-styles \" data-block-type=\"unstyled\" data-block-weight=\"46\" data-block-id=\"5\">\n<p class=\"content-text__container \" data-track-category=\"Link no Texto\" data-track-links=\"\">A quadra \u00e9 para a pr\u00e1tica exclusiva de basquete e foi inaugurada em maio de 2022. Pouco mais de um ano de uso, os moradores disseram que o uso \u00e9 constante e, por isso, o piso emborrachado se desgastou e foi preciso uma reforma do ch\u00e3o.<\/p>\n<\/div>\n<div class=\"mc-column content-text active-extra-styles\" data-block-type=\"raw\" data-block-weight=\"70\" data-block-id=\"7\">\n<blockquote class=\"content-blockquote theme-border-color-primary-before\"><p>&#8220;A pr\u00f3pria comunidade tinha tirado os aros para fazer os reparos da maneira que o basquete gosta de utilizar e quando foi ontem (s\u00e1bado, dia 12), foi avistado a\u00ed que quebraram o cadeado da quadra, que estava fechado para reforma, violaram o cadeado da quadra, entraram e jogaram tintas de v\u00e1rias cores&#8221;, conta o rapper Roney Cruz, mais conhecido como Roney Monarckas &#8211; nome do grupo que ele faz parte.<\/p><\/blockquote>\n<\/div>\n<div class=\"mc-column content-text active-extra-styles \" data-block-type=\"unstyled\" data-block-weight=\"61\" data-block-id=\"8\">\n<p class=\"content-text__container \" data-track-category=\"Link no Texto\" data-track-links=\"\">Segundo Monarckas, que tem 42 anos e morou toda a vida na regi\u00e3o de Sapopemba, uma quadra para a pr\u00e1tica de basquete na regi\u00e3o \u00e9 uma reivindica\u00e7\u00e3o desde a d\u00e9cada de 1990. Antes do local focar no esporte da bola laranja, a quadra que existia ali era poliesportiva &#8211; em que \u00e9 poss\u00edvel jogar basquete, v\u00f4lei e futsal, entre outros esportes.<\/p>\n<\/div>\n<div class=\"mc-column content-text active-extra-styles \" data-block-type=\"unstyled\" data-block-weight=\"58\" data-block-id=\"9\">\n<p class=\"content-text__container \" data-track-category=\"Link no Texto\" data-track-links=\"\">O rapper \u00e9 frequentador do espa\u00e7o e cita a compara\u00e7\u00e3o da Quadra da 70 com espa\u00e7os em outros pa\u00edses, como nos Estados Unidos, depois de o espa\u00e7o de lazer ser constru\u00eddo embaixo do a Linha 15- Prata do Metr\u00f4, o Monotrilho, que liga o extremo da Zona Leste com a Vila Prudente, mais pr\u00f3xima ao Centro da capital.<\/p>\n<\/div>\n<div class=\"content-ads content-ads--reveal\" data-block-type=\"ads\" data-block-id=\"12\"><\/div>\n<div class=\"mc-column content-text active-extra-styles \" data-block-type=\"unstyled\" data-block-weight=\"69\" data-block-id=\"13\">\n<p class=\"content-text__container \" data-track-category=\"Link no Texto\" data-track-links=\"\">&#8220;N\u00f3s indicamos [o local para constru\u00e7\u00e3o], que foi debaixo do monotrilho, bem no meio da ciclovia e, se perceber a\u00ed, ficou parecendo a\u00ed Brooklyn, Nova York&#8221;, conta. &#8220;Todos os jogadores, de todas as modalidades, n\u00e3o s\u00f3 futebol, e principalmente futebol, elogiaram muito essa quadra que fez refer\u00eancia a essa quadra como se fosse Nova York, Brooklyn, Estados Unidos, as quadras que existem ao redor do mundo, na Europa tamb\u00e9m&#8221;.<\/p>\n<\/div>\n<div class=\"row medium-uncollapsed content-media content-photo\" data-block-type=\"backstage-photo\" data-block-id=\"14\">\n<div class=\" mc-column  content-media__container\">\n<div class=\"content-media-container glb-skeleton-box\">\n<figure class=\"content-media-figure\"><img decoding=\"async\" class=\"i-amphtml-fill-content i-amphtml-replaced-content\" src=\"https:\/\/s2-g1.glbimg.com\/9aTiJKeHiO86dU9y8o-tgkiqiQ8=\/0x0:989x586\/984x0\/smart\/filters:strip_icc()\/i.s3.glbimg.com\/v1\/AUTH_59edd422c0c84a879bd37670ae4f538a\/internal_photos\/bs\/2023\/9\/y\/9LhK0RSKS6MJNkH90xfA\/quadra-basquete-vandalizada-zona-leste-sp.jpg\" sizes=\"(max-width: 1422px) 648px, 100vw\" srcset=\"https:\/\/s2-g1.glbimg.com\/yH0Qu4B2TOiolyXVl0soX6P_LMI=\/0x0:989x586\/1000x0\/smart\/filters:strip_icc()\/i.s3.glbimg.com\/v1\/AUTH_59edd422c0c84a879bd37670ae4f538a\/internal_photos\/bs\/2023\/9\/y\/9LhK0RSKS6MJNkH90xfA\/quadra-basquete-vandalizada-zona-leste-sp.jpg 1000w, https:\/\/s2-g1.glbimg.com\/9aTiJKeHiO86dU9y8o-tgkiqiQ8=\/0x0:989x586\/984x0\/smart\/filters:strip_icc()\/i.s3.glbimg.com\/v1\/AUTH_59edd422c0c84a879bd37670ae4f538a\/internal_photos\/bs\/2023\/9\/y\/9LhK0RSKS6MJNkH90xfA\/quadra-basquete-vandalizada-zona-leste-sp.jpg 984w, https:\/\/s2-g1.glbimg.com\/CgPKTbGGZuFU6BdqO8qKxxMvZ4k=\/0x0:989x586\/640x0\/smart\/filters:strip_icc()\/i.s3.glbimg.com\/v1\/AUTH_59edd422c0c84a879bd37670ae4f538a\/internal_photos\/bs\/2023\/9\/y\/9LhK0RSKS6MJNkH90xfA\/quadra-basquete-vandalizada-zona-leste-sp.jpg 640w, https:\/\/s2-g1.glbimg.com\/Dfc-MCkTIlhj_WE9t7Gk1eeAbak=\/0x0:989x586\/600x0\/smart\/filters:strip_icc()\/i.s3.glbimg.com\/v1\/AUTH_59edd422c0c84a879bd37670ae4f538a\/internal_photos\/bs\/2023\/9\/y\/9LhK0RSKS6MJNkH90xfA\/quadra-basquete-vandalizada-zona-leste-sp.jpg 600w\" alt=\"Inaugurada em 2022 (\u00e0 dir.), Quadra da 70 teve cadeado violado e tinta jogada no ch\u00e3o (\u00e0 esq.) \u2014 Foto: Arquivo pessoal\" \/><\/figure>\n<\/div>\n<p class=\"content-media__description  \">Inaugurada em 2022 (\u00e0 dir.), Quadra da 70 teve cadeado violado e tinta jogada no ch\u00e3o (\u00e0 esq.) \u2014 Foto: Arquivo pessoal<\/p>\n<\/div>\n<\/div>\n<div class=\"mc-column content-text active-extra-styles \" data-block-type=\"unstyled\" data-block-weight=\"57\" data-block-id=\"15\">\n<p class=\"content-text__container \" data-track-category=\"Link no Texto\" data-track-links=\"\">De acordo com Monarckas, os invasores que depredaram a quadra tentaram criar uma rivalidade que n\u00e3o existe ao escreverem a frase &#8220;Cad\u00ea o futebol&#8221;. Os moradores est\u00e3o atr\u00e1s de c\u00e2meras de seguran\u00e7a que ajudem a identificar os respons\u00e1veis pelo ato de vandalismo e pedem ao poder p\u00fablico que limpe o local para que a reforma seja terminada.<\/p>\n<\/div>\n<div class=\"mc-column content-text active-extra-styles \" data-block-type=\"unstyled\" data-block-weight=\"43\" data-block-id=\"17\">\n<p class=\"content-text__container \" data-track-category=\"Link no Texto\" data-track-links=\"\">&#8220;\u00c9 dif\u00edcil ter uma quadra s\u00f3 de basquete, ter essa vis\u00e3o e acontecer o que aconteceu. Ent\u00e3o, \u00e9 uma luta muito grande do pessoal da comunidade do basquete da regi\u00e3o da Zona Leste&#8221;, diz Roney, que promete uma grade reabertura do espa\u00e7o.<\/p>\n<\/div>\n<div id=\"chunk-8cgef\">\n<div class=\"mc-column content-text active-extra-styles \" data-block-type=\"unstyled\" data-block-weight=\"47\" data-block-id=\"18\">\n<p class=\"content-text__container \" data-track-category=\"Link no Texto\" data-track-links=\"\">&#8220;A gente vai fazer essa inaugura\u00e7\u00e3o com objetivo muito forte de p\u00f4r uma cultura de paz, de uni\u00e3o de todas as modalidades do esporte. E mostrar que o esporte e a cultura s\u00e3o um caminho forte para uma constru\u00e7\u00e3o de uma sociedade com uma cultura de paz&#8221;.<\/p>\n<p>Fonte: G1<\/p>\n<\/div>\n<\/div>\n<\/div>\n<\/article>\n<\/div>\n","protected":false},"excerpt":{"rendered":"<p>A pergunta &#8216;Cad\u00ea o futebol?&#8217; foi escrita no ch\u00e3o da Quadra da 70. Moradores de Sapopemba reformavam piso do local,<\/p>\n","protected":false},"author":1,"featured_media":8022,"comment_status":"open","ping_status":"open","sticky":false,"template":"","format":"standard","meta":{"colormag_page_container_layout":"default_layout","colormag_page_sidebar_layout":"default_layout","footnotes":""},"categories":[20],"tags":[],"class_list":["post-8012","post","type-post","status-publish","format-standard","has-post-thumbnail","hentry","category-zona-leste"],"_links":{"self":[{"href":"http:\/\/metropoleemfoco.com.br\/index.php?rest_route=\/wp\/v2\/posts\/8012","targetHints":{"allow":["GET"]}}],"collection":[{"href":"http:\/\/metropoleemfoco.com.br\/index.php?rest_route=\/wp\/v2\/posts"}],"about":[{"href":"http:\/\/metropoleemfoco.com.br\/index.php?rest_route=\/wp\/v2\/types\/post"}],"author":[{"embeddable":true,"href":"http:\/\/metropoleemfoco.com.br\/index.php?rest_route=\/wp\/v2\/users\/1"}],"replies":[{"embeddable":true,"href":"http:\/\/metropoleemfoco.com.br\/index.php?rest_route=%2Fwp%2Fv2%2Fcomments&post=8012"}],"version-history":[{"count":1,"href":"http:\/\/metropoleemfoco.com.br\/index.php?rest_route=\/wp\/v2\/posts\/8012\/revisions"}],"predecessor-version":[{"id":8023,"href":"http:\/\/metropoleemfoco.com.br\/index.php?rest_route=\/wp\/v2\/posts\/8012\/revisions\/8023"}],"wp:featuredmedia":[{"embeddable":true,"href":"http:\/\/metropoleemfoco.com.br\/index.php?rest_route=\/wp\/v2\/media\/8022"}],"wp:attachment":[{"href":"http:\/\/metropoleemfoco.com.br\/index.php?rest_route=%2Fwp%2Fv2%2Fmedia&parent=8012"}],"wp:term":[{"taxonomy":"category","embeddable":true,"href":"http:\/\/metropoleemfoco.com.br\/index.php?rest_route=%2Fwp%2Fv2%2Fcategories&post=8012"},{"taxonomy":"post_tag","embeddable":true,"href":"http:\/\/metropoleemfoco.com.br\/index.php?rest_route=%2Fwp%2Fv2%2Ftags&post=8012"}],"curies":[{"name":"wp","href":"https:\/\/api.w.org\/{rel}","templated":true}]}}