{"id":8011,"date":"2023-08-14T12:13:50","date_gmt":"2023-08-14T15:13:50","guid":{"rendered":"http:\/\/metropoleemfoco.com.br\/?p=8011"},"modified":"2023-08-14T12:13:50","modified_gmt":"2023-08-14T15:13:50","slug":"motorista-que-atropelou-nove-pessoas-na-zona-norte-de-sp-e-liberado-pela-justica-apos-pagamento-de-fianca","status":"publish","type":"post","link":"http:\/\/metropoleemfoco.com.br\/?p=8011","title":{"rendered":"Motorista que atropelou nove pessoas na Zona Norte de SP \u00e9 liberado pela Justi\u00e7a ap\u00f3s pagamento de fian\u00e7a"},"content":{"rendered":"<div class=\"mc-article-header\">\n<div class=\"row content-head non-featured \">\n<div class=\"title\" data-block-type=\"title\" data-block-id=\"0\">\n<p class=\"content-head__title\"><span style=\"font-size: 16px;\">Condutor embriagado perdeu o controle da dire\u00e7\u00e3o, invadiu cal\u00e7ada e atropelou pessoas que estavam em frente ao estabelecimento. Caso ocorreu na noite de s\u00e1bado (12). Ele passou por audi\u00eancia de cust\u00f3dia e responder\u00e1 em liberdade.<\/span><\/p>\n<\/div>\n<\/div>\n<div class=\"content__signature\">\n<div class=\"content-publication-data\">\n<div class=\"content-publication-data__text\"><\/div>\n<\/div>\n<\/div>\n<hr class=\"content__divider \" \/>\n<\/div>\n<div class=\"mc-article-body\">\n<article>\n<div class=\"bs-video-block mc-column  content-media content-video\" data-block-type=\"backstage-video\" data-block-id=\"1\">\n<div class=\"content-media__container\">\n<div class=\"content-video__bigger-player-description-fixer\">\n<article class=\"content-video\">\n<section class=\"content-video__video-container\">\n<div class=\"content-video__video\">\n<div class=\"content-video__placeholder\" data-video-id=\"11860951\" data-video-has-viewport-play=\"True\"><img decoding=\"async\" class=\"content-video__placeholder__thumb\" title=\"C\u00e2mera de seguran\u00e7a flagra motorista atropelando 9 pessoas em tabacaria\" src=\"https:\/\/s04.video.glbimg.com\/x240\/11860951.jpg\" alt=\"C\u00e2mera de seguran\u00e7a flagra motorista atropelando 9 pessoas em tabacaria\" \/><\/div>\n<\/div>\n<\/section>\n<\/article>\n<\/div>\n<p class=\"content-media__description\">C\u00e2mera de seguran\u00e7a flagra motorista atropelando 9 pessoas em tabacaria<\/p>\n<\/div>\n<\/div>\n<div class=\"mc-column content-text active-extra-styles \" data-block-type=\"unstyled\" data-block-weight=\"45\" data-block-id=\"3\">\n<p class=\"content-text__container \" data-track-category=\"Link no Texto\" data-track-links=\"\">O motorista de 36 anos que atropelou nove pessoas em frente a uma tabacaria na Avenida das Cerejeiras, na Zona Norte de S\u00e3o Paulo, no \u00faltimo s\u00e1bado (12), foi liberado pela Justi\u00e7a ap\u00f3s pagamento de fian\u00e7a de R$ 1.360 e cumprimento de medidas cautelares.<\/p>\n<\/div>\n<div class=\"wall protected-content\">\n<div class=\"mc-column content-text active-extra-styles \" data-block-type=\"unstyled\" data-block-weight=\"32\" data-block-id=\"4\">\n<p class=\"content-text__container \" data-track-category=\"Link no Texto\" data-track-links=\"\">Ele n\u00e3o poder\u00e1 frequentar bares e casas noturnas, dever\u00e1 se recolher ao domicilio no per\u00edodo noturno e nos dias de folga e n\u00e3o poder\u00e1 mudar de endere\u00e7o sem pr\u00e9via comunica\u00e7\u00e3o judicial.<\/p>\n<\/div>\n<div class=\"mc-column content-text active-extra-styles \" data-block-type=\"unstyled\" data-block-weight=\"21\" data-block-id=\"5\">\n<p class=\"content-text__container \" data-track-category=\"Link no Texto\" data-track-links=\"\">O condutor passou por audi\u00eancia de cust\u00f3dia no domingo (13) e teve a pris\u00e3o em flagrante convertida em liberdade provis\u00f3ria.<\/p>\n<\/div>\n<div class=\"mc-column content-text active-extra-styles\" data-block-type=\"raw\" data-block-weight=\"1\" data-block-id=\"6\">\n<div class=\"content-intertitle\">\n<h2>Choque<\/h2>\n<\/div>\n<\/div>\n<div class=\"mc-column content-text active-extra-styles \" data-block-type=\"unstyled\" data-block-weight=\"30\" data-block-id=\"7\">\n<p class=\"content-text__container \" data-track-category=\"Link no Texto\" data-track-links=\"\">O atropelamento ocorreu em frente a uma tabacaria. O dono do estabelecimento relatou os momentos de p\u00e2nico que viveu ap\u00f3s um motorista invadir o local e provocar o acidente.<\/p>\n<\/div>\n<div class=\"mc-column content-text active-extra-styles\" data-block-type=\"raw\" data-block-weight=\"30\" data-block-id=\"9\">\n<blockquote class=\"content-blockquote theme-border-color-primary-before\"><p>&#8220;N\u00e3o sab\u00edamos nem o que fazer. Era tentando controlar uns pra n\u00e3o linchar o condutor e, ao mesmo tempo, tentar prestar algum aux\u00edlio pros acidentados. Foi algo bem chocante&#8221;, diz.<\/p><\/blockquote>\n<\/div>\n<div class=\"mc-column content-text active-extra-styles \" data-block-type=\"unstyled\" data-block-weight=\"27\" data-block-id=\"10\">\n<p class=\"content-text__container \" data-track-category=\"Link no Texto\" data-track-links=\"\">Henrique trabalha ao lado do filho e conta que eles estavam preparando uma bebida para um dos clientes quando foram surpreendidos pelo ve\u00edculo invadindo o estabelecimento.<\/p>\n<\/div>\n<div class=\"mc-column content-text active-extra-styles \" data-block-type=\"unstyled\" data-block-weight=\"76\" data-block-id=\"11\">\n<p class=\"content-text__container \" data-track-category=\"Link no Texto\" data-track-links=\"\">&#8220;Pelo que as c\u00e2meras mostram, \u00e9 uma situa\u00e7\u00e3o que, para mim, foi proposital. Foi algo orquestrado pelo condutor. At\u00e9 ent\u00e3o, no momento da colis\u00e3o eu estava fazendo uma caipirinha pra atender um cliente e meu filho ia atender um outro cliente nosso enquanto alguns estavam na cal\u00e7ada. N\u00f3s costumamos nos reunir aqui para jogar um truco na cal\u00e7ada. Como o tempo estava bem gostoso, como de costume, estava a galera. Do nada, s\u00f3 ouvimos a pancada.&#8221;<\/p>\n<\/div>\n<div class=\"mc-column content-text active-extra-styles \" data-block-type=\"unstyled\" data-block-weight=\"28\" data-block-id=\"12\">\n<p class=\"content-text__container \" data-track-category=\"Link no Texto\" data-track-links=\"\">De acordo com a Secretaria de Seguran\u00e7a P\u00fablica (SSP), policiais foram acionados via Copom, por volta das 23h, para atender ocorr\u00eancia de acidente de tr\u00e2nsito com v\u00edtimas.<\/p>\n<\/div>\n<div class=\"mc-column content-text active-extra-styles \" data-block-type=\"unstyled\" data-block-weight=\"17\" data-block-id=\"13\">\n<p class=\"content-text__container \" data-track-category=\"Link no Texto\" data-track-links=\"\">O condutor foi submetido ao teste do baf\u00f4metro, que apontou embriaguez. Na sequ\u00eancia, foi levado \u00e0 delegacia.<\/p>\n<\/div>\n<div class=\"mc-column content-text active-extra-styles \" data-block-type=\"unstyled\" data-block-weight=\"33\" data-block-id=\"14\">\n<p class=\"content-text__container \" data-track-category=\"Link no Texto\" data-track-links=\"\">As 9 v\u00edtimas, com idades entre 15 e 30 anos, foram socorridas por equipes do Corpo de Bombeiros e Servi\u00e7o de Atendimento M\u00f3vel de Urg\u00eancia (Samu), e encaminhadas para hospitais da regi\u00e3o.<\/p>\n<\/div>\n<div class=\"mc-column content-text active-extra-styles \" data-block-type=\"unstyled\" data-block-weight=\"15\" data-block-id=\"16\">\n<p class=\"content-text__container \" data-track-category=\"Link no Texto\" data-track-links=\"\">Duas delas sofreram contus\u00f5es nas pernas e joelhos, conforme os bombeiros divulgaram nas redes sociais.<\/p>\n<\/div>\n<div id=\"chunk-d4tk1\">\n<div class=\"mc-column content-text active-extra-styles \" data-block-type=\"unstyled\" data-block-weight=\"41\" data-block-id=\"17\">\n<p class=\"content-text__container \" data-track-category=\"Link no Texto\" data-track-links=\"\">Ainda conforme a SSP, foram solicitados exames junto ao Instituto M\u00e9dico Legal (IML) e ao Instituto de Criminal\u00edstica (IC) e o caso foi registrado como les\u00e3o corporal culposa na dire\u00e7\u00e3o de ve\u00edculo automotor e embriaguez ao volante no 73\u00b0 DP (Ja\u00e7an\u00e3).<\/p>\n<p>Fonte: G1<\/p>\n<\/div>\n<\/div>\n<\/div>\n<\/article>\n<\/div>\n","protected":false},"excerpt":{"rendered":"<p>Condutor embriagado perdeu o controle da dire\u00e7\u00e3o, invadiu cal\u00e7ada e atropelou pessoas que estavam em frente ao estabelecimento. Caso ocorreu<\/p>\n","protected":false},"author":1,"featured_media":8020,"comment_status":"open","ping_status":"open","sticky":false,"template":"","format":"standard","meta":{"colormag_page_container_layout":"default_layout","colormag_page_sidebar_layout":"default_layout","footnotes":""},"categories":[3,18],"tags":[],"class_list":["post-8011","post","type-post","status-publish","format-standard","has-post-thumbnail","hentry","category-seu-bairro","category-zona-norte"],"_links":{"self":[{"href":"http:\/\/metropoleemfoco.com.br\/index.php?rest_route=\/wp\/v2\/posts\/8011","targetHints":{"allow":["GET"]}}],"collection":[{"href":"http:\/\/metropoleemfoco.com.br\/index.php?rest_route=\/wp\/v2\/posts"}],"about":[{"href":"http:\/\/metropoleemfoco.com.br\/index.php?rest_route=\/wp\/v2\/types\/post"}],"author":[{"embeddable":true,"href":"http:\/\/metropoleemfoco.com.br\/index.php?rest_route=\/wp\/v2\/users\/1"}],"replies":[{"embeddable":true,"href":"http:\/\/metropoleemfoco.com.br\/index.php?rest_route=%2Fwp%2Fv2%2Fcomments&post=8011"}],"version-history":[{"count":1,"href":"http:\/\/metropoleemfoco.com.br\/index.php?rest_route=\/wp\/v2\/posts\/8011\/revisions"}],"predecessor-version":[{"id":8021,"href":"http:\/\/metropoleemfoco.com.br\/index.php?rest_route=\/wp\/v2\/posts\/8011\/revisions\/8021"}],"wp:featuredmedia":[{"embeddable":true,"href":"http:\/\/metropoleemfoco.com.br\/index.php?rest_route=\/wp\/v2\/media\/8020"}],"wp:attachment":[{"href":"http:\/\/metropoleemfoco.com.br\/index.php?rest_route=%2Fwp%2Fv2%2Fmedia&parent=8011"}],"wp:term":[{"taxonomy":"category","embeddable":true,"href":"http:\/\/metropoleemfoco.com.br\/index.php?rest_route=%2Fwp%2Fv2%2Fcategories&post=8011"},{"taxonomy":"post_tag","embeddable":true,"href":"http:\/\/metropoleemfoco.com.br\/index.php?rest_route=%2Fwp%2Fv2%2Ftags&post=8011"}],"curies":[{"name":"wp","href":"https:\/\/api.w.org\/{rel}","templated":true}]}}