{"id":8010,"date":"2023-08-14T12:12:14","date_gmt":"2023-08-14T15:12:14","guid":{"rendered":"http:\/\/metropoleemfoco.com.br\/?p=8010"},"modified":"2023-08-14T12:12:14","modified_gmt":"2023-08-14T15:12:14","slug":"aeroporto-de-sp-volta-a-ter-mais-de-90-afegaos-acampados-a-espera-de-abrigo-sem-a-medida-efetiva-nao-cessara-diz-voluntaria-de-ong","status":"publish","type":"post","link":"http:\/\/metropoleemfoco.com.br\/?p=8010","title":{"rendered":"Aeroporto de SP volta a ter mais de 90 afeg\u00e3os acampados \u00e0 espera de abrigo: &#8216;Sem a medida efetiva n\u00e3o cessar\u00e1&#8217;, diz volunt\u00e1ria de ONG"},"content":{"rendered":"<div class=\"mc-article-header\">\n<div class=\"row content-head non-featured \">\n<div class=\"title\" data-block-type=\"title\" data-block-id=\"0\">\n<p class=\"content-head__title\"><span style=\"font-size: 16px;\">Segundo a ONG &#8220;Coletivo Frente Afeg\u00e3&#8221;, 97 afeg\u00e3os estavam na manh\u00e3 desta segunda-feira (14) no sagu\u00e3o do Aeroporto Internacional, em Guarulhos. At\u00e9 14 de junho de 2023, governo autorizou a concess\u00e3o de 11.576 vistos de acolhida humanit\u00e1ria em favor de afeg\u00e3os.<\/span><\/p>\n<\/div>\n<\/div>\n<div class=\"content__signature\">\n<div class=\"content-publication-data\">\n<div class=\"content-publication-data__text\"><\/div>\n<\/div>\n<\/div>\n<hr class=\"content__divider \" \/>\n<\/div>\n<div class=\"mc-article-body\">\n<article>\n<div class=\"row medium-uncollapsed content-media content-photo\" data-block-type=\"backstage-photo\" data-block-id=\"1\">\n<div class=\" mc-column  content-media__container\">\n<div class=\"content-media-container glb-skeleton-box\">\n<figure class=\"content-media-figure\"><img decoding=\"async\" class=\"i-amphtml-fill-content i-amphtml-replaced-content\" src=\"https:\/\/s2-g1.glbimg.com\/7Y8DuFJZQ80fMiLDQx0B1lCu9MA=\/44x0:1600x1200\/984x0\/smart\/filters:strip_icc()\/i.s3.glbimg.com\/v1\/AUTH_59edd422c0c84a879bd37670ae4f538a\/internal_photos\/bs\/2023\/Q\/P\/Lut9onSKal2Mpq9YfOOg\/whatsapp-image-2023-08-13-at-21.32.16.jpg\" sizes=\"(max-width: 1422px) 648px, 100vw\" srcset=\"https:\/\/s2-g1.glbimg.com\/aE16Lt_619d0e36VPkQqKfv_6lY=\/44x0:1600x1200\/1000x0\/smart\/filters:strip_icc()\/i.s3.glbimg.com\/v1\/AUTH_59edd422c0c84a879bd37670ae4f538a\/internal_photos\/bs\/2023\/Q\/P\/Lut9onSKal2Mpq9YfOOg\/whatsapp-image-2023-08-13-at-21.32.16.jpg 1000w, https:\/\/s2-g1.glbimg.com\/7Y8DuFJZQ80fMiLDQx0B1lCu9MA=\/44x0:1600x1200\/984x0\/smart\/filters:strip_icc()\/i.s3.glbimg.com\/v1\/AUTH_59edd422c0c84a879bd37670ae4f538a\/internal_photos\/bs\/2023\/Q\/P\/Lut9onSKal2Mpq9YfOOg\/whatsapp-image-2023-08-13-at-21.32.16.jpg 984w, https:\/\/s2-g1.glbimg.com\/5fq7FRW-ltSY6nMfcuKCtJXtdoM=\/44x0:1600x1200\/640x0\/smart\/filters:strip_icc()\/i.s3.glbimg.com\/v1\/AUTH_59edd422c0c84a879bd37670ae4f538a\/internal_photos\/bs\/2023\/Q\/P\/Lut9onSKal2Mpq9YfOOg\/whatsapp-image-2023-08-13-at-21.32.16.jpg 640w, https:\/\/s2-g1.glbimg.com\/GBocezS203OwEQyxap6UCmMWe_0=\/44x0:1600x1200\/600x0\/smart\/filters:strip_icc()\/i.s3.glbimg.com\/v1\/AUTH_59edd422c0c84a879bd37670ae4f538a\/internal_photos\/bs\/2023\/Q\/P\/Lut9onSKal2Mpq9YfOOg\/whatsapp-image-2023-08-13-at-21.32.16.jpg 600w\" alt=\"Afeg\u00e3os acampados no Aeroporto de Guarulhos \u2014 Foto: Arquivo Pessoal\" \/><\/figure>\n<\/div>\n<p class=\"content-media__description  \">Afeg\u00e3os acampados no Aeroporto de Guarulhos \u2014 Foto: Arquivo Pessoal<\/p>\n<\/div>\n<\/div>\n<div class=\"mc-column content-text active-extra-styles \" data-block-type=\"unstyled\" data-block-weight=\"37\" data-block-id=\"3\">\n<p class=\"content-text__container \" data-track-category=\"Link no Texto\" data-track-links=\"\">O Aeroporto Internacional de\u00a0<a class=\"\" href=\"https:\/\/g1.globo.com\/sp\/sao-paulo\/cidade\/sao-paulo\/\">S\u00e3o Paulo<\/a>, em\u00a0<a class=\"\" href=\"https:\/\/g1.globo.com\/sp\/sao-paulo\/cidade\/guarulhos\/\">Guarulhos<\/a>, voltou a ter mais de 90 afeg\u00e3os acampados nos sagu\u00f5es \u00e0 espera de acolhimento. Os imigrantes chegaram ao Brasil com vistos de acolhida humanit\u00e1ria nos \u00faltimos cinco dias.<\/p>\n<\/div>\n<div class=\"wall protected-content\">\n<div class=\"mc-column content-text active-extra-styles \" data-block-type=\"unstyled\" data-block-weight=\"27\" data-block-id=\"4\">\n<p class=\"content-text__container \" data-track-category=\"Link no Texto\" data-track-links=\"\">Segundo a ONG &#8220;Coletivo Frente Afeg\u00e3&#8221;, at\u00e9 a manh\u00e3 desta segunda-feira (14) eram 100 afeg\u00e3os acampados no aeroporto, entre eles 32 crian\u00e7as e 20 fam\u00edlias.<\/p>\n<\/div>\n<div class=\"mc-column content-text active-extra-styles\" data-block-type=\"raw\" data-block-weight=\"38\" data-block-id=\"5\">\n<blockquote class=\"content-blockquote theme-border-color-primary-before\"><p>&#8220;Sem uma medida efetiva n\u00e3o cessar\u00e1. Precisamos de um local provis\u00f3rio com estrutura, que foi prometido na reuni\u00e3o do dia 30 de junho entre os tr\u00eas poderes, municipal, estadual e federal&#8221;, afirmou a volunt\u00e1ria da ONG Aline Sobral.<\/p><\/blockquote>\n<\/div>\n<div class=\"mc-column content-text active-extra-styles \" data-block-type=\"unstyled\" data-block-weight=\"23\" data-block-id=\"7\">\n<p class=\"content-text__container \" data-track-category=\"Link no Texto\" data-track-links=\"\">Em nota, a prefeitura afirmou que a \u00faltima atualiza\u00e7\u00e3o, de domingo (13) \u00e0 tarde, apontava 98 afeg\u00e3os aguardando acolhimento no aeroporto de Guarulhos.<\/p>\n<\/div>\n<div class=\"mc-column content-text active-extra-styles \" data-block-type=\"unstyled\" data-block-weight=\"60\" data-block-id=\"8\">\n<p class=\"content-text__container \" data-track-category=\"Link no Texto\" data-track-links=\"\">&#8220;Guarulhos possui atualmente 177 vagas para acolhimento de migrantes e refugiados, sendo 127 geridas pela municipalidade e outras 50 pelo governo estadual. No momento, todas est\u00e3o lotadas. A Secretaria Municipal de Desenvolvimento e Assist\u00eancia Social est\u00e1 em contato com os governos estadual e federal e tamb\u00e9m com institui\u00e7\u00f5es parceiras buscando vagas para acolhimento, mas n\u00e3o h\u00e1 previs\u00e3o no momento&#8221;.<\/p>\n<\/div>\n<div class=\"mc-column content-text active-extra-styles \" data-block-type=\"unstyled\" data-block-weight=\"39\" data-block-id=\"9\">\n<p class=\"content-text__container \" data-track-category=\"Link no Texto\" data-track-links=\"\">O\u00a0<strong>g1<\/strong>\u00a0<a class=\"\" href=\"https:\/\/g1.globo.com\/sp\/sao-paulo\/noticia\/2022\/09\/20\/busca-por-liberdade-e-recomeco-afegaos-relatam-fuga-do-taliba-e-tentativa-de-nova-vida-no-brasil.ghtml\">acompanha desde o ano passado a chegada dessas fam\u00edlias afeg\u00e3s<\/a>, que come\u00e7aram a entrar no pa\u00eds quando as tropas americanas encerraram os\u00a0<a class=\"\" href=\"https:\/\/g1.globo.com\/mundo\/noticia\/2022\/08\/15\/afeganistao-um-ano-apos-a-volta-do-taliba-afegaos-relatam-tortura-e-desilusao.ghtml\">20 anos de interven\u00e7\u00e3o militar no Afeganist\u00e3o e o grupo extremista Talib\u00e3 voltou ao poder.<\/a><\/p>\n<\/div>\n<div class=\"mc-column content-text active-extra-styles \" data-block-type=\"unstyled\" data-block-weight=\"40\" data-block-id=\"10\">\n<p class=\"content-text__container \" data-track-category=\"Link no Texto\" data-track-links=\"\">O governo brasileiro publicou em setembro de 2021 uma portaria estabelecendo a concess\u00e3o de visto tempor\u00e1rio, para fins de acolhida humanit\u00e1ria, a cidad\u00e3os afeg\u00e3os. E sem abrigos, os afeg\u00e3os passaram a ficar acampados pelos corredores do aeroporto desde 2022.<\/p>\n<\/div>\n<div class=\"row medium-uncollapsed content-media content-photo\" data-block-type=\"backstage-photo\" data-block-id=\"11\">\n<div class=\" mc-column  content-media__container\">\n<div class=\"content-media-container glb-skeleton-box\">\n<figure class=\"content-media-figure\"><img decoding=\"async\" class=\"i-amphtml-fill-content i-amphtml-replaced-content\" src=\"https:\/\/s2-g1.glbimg.com\/CjKj6Jb48QeDVOkcXeRTOYnU-kQ=\/0x0:1600x1200\/984x0\/smart\/filters:strip_icc()\/i.s3.glbimg.com\/v1\/AUTH_59edd422c0c84a879bd37670ae4f538a\/internal_photos\/bs\/2023\/6\/b\/gsNAA6TMGmzXyLffiuhg\/whatsapp-image-2023-08-13-at-21.32.15-1-.jpeg\" sizes=\"(max-width: 1422px) 648px, 100vw\" srcset=\"https:\/\/s2-g1.glbimg.com\/_XmOXo_Eoaejrw2XvNaVu5g4B28=\/0x0:1600x1200\/1000x0\/smart\/filters:strip_icc()\/i.s3.glbimg.com\/v1\/AUTH_59edd422c0c84a879bd37670ae4f538a\/internal_photos\/bs\/2023\/6\/b\/gsNAA6TMGmzXyLffiuhg\/whatsapp-image-2023-08-13-at-21.32.15-1-.jpeg 1000w, https:\/\/s2-g1.glbimg.com\/CjKj6Jb48QeDVOkcXeRTOYnU-kQ=\/0x0:1600x1200\/984x0\/smart\/filters:strip_icc()\/i.s3.glbimg.com\/v1\/AUTH_59edd422c0c84a879bd37670ae4f538a\/internal_photos\/bs\/2023\/6\/b\/gsNAA6TMGmzXyLffiuhg\/whatsapp-image-2023-08-13-at-21.32.15-1-.jpeg 984w, https:\/\/s2-g1.glbimg.com\/1JBzs_52wJV9iWhuyqHX8yZLPwo=\/0x0:1600x1200\/640x0\/smart\/filters:strip_icc()\/i.s3.glbimg.com\/v1\/AUTH_59edd422c0c84a879bd37670ae4f538a\/internal_photos\/bs\/2023\/6\/b\/gsNAA6TMGmzXyLffiuhg\/whatsapp-image-2023-08-13-at-21.32.15-1-.jpeg 640w, https:\/\/s2-g1.glbimg.com\/4RSqAgfiEAJ0vMtTxIhGDGDh6Qc=\/0x0:1600x1200\/600x0\/smart\/filters:strip_icc()\/i.s3.glbimg.com\/v1\/AUTH_59edd422c0c84a879bd37670ae4f538a\/internal_photos\/bs\/2023\/6\/b\/gsNAA6TMGmzXyLffiuhg\/whatsapp-image-2023-08-13-at-21.32.15-1-.jpeg 600w\" alt=\"Afeg\u00e3os voltam a ficar acampados no Aeroporto de Guarulhos, em 14 de agosto \u2014 Foto: Arquivo Pessoal\" \/><\/figure>\n<\/div>\n<p class=\"content-media__description  \">Afeg\u00e3os voltam a ficar acampados no Aeroporto de Guarulhos, em 14 de agosto \u2014 Foto: Arquivo Pessoal<\/p>\n<\/div>\n<\/div>\n<div class=\"mc-column content-text active-extra-styles \" data-block-type=\"unstyled\" data-block-weight=\"30\" data-block-id=\"13\">\n<p class=\"content-text__container \" data-track-category=\"Link no Texto\" data-track-links=\"\">A pol\u00edtica de acolhida humanit\u00e1ria permanece em vigor. At\u00e9 14 de junho de 2023,\u00a0<strong><span class=\"highlight highlighted\">o governo brasileiro autorizou a concess\u00e3o de 11.576 vistos de acolhida humanit\u00e1ria em favor de afeg\u00e3os.<\/span><\/strong><\/p>\n<\/div>\n<div class=\"mc-column content-text active-extra-styles \" data-block-type=\"unstyled\" data-block-weight=\"20\" data-block-id=\"14\">\n<p class=\"content-text__container \" data-track-category=\"Link no Texto\" data-track-links=\"\">Do total de autorizados, 9.003 vistos foram efetivamente entregues aos requerentes, segundo informou o Minist\u00e9rio de Rela\u00e7\u00f5es Exteriores ao\u00a0<strong>g1<\/strong>.<\/p>\n<\/div>\n<div class=\"mc-column content-text active-extra-styles \" data-block-type=\"unstyled\" data-block-weight=\"32\" data-block-id=\"15\">\n<p class=\"content-text__container \" data-track-category=\"Link no Texto\" data-track-links=\"\">No dia 19 de julho, dezenas de mulheres foram dispersadas com jatos de \u00e1gua\u00a0<a class=\"\" href=\"https:\/\/g1.globo.com\/mundo\/noticia\/2023\/07\/19\/afegas-protestam-em-cabul-contra-o-fechamento-dos-saloes-de-beleza-pelo-taliba.ghtml\">quando protestavam em Cabul, no Afeganist\u00e3o,\u00a0<\/a>contra a decis\u00e3o do governo talib\u00e3 de fechar os sal\u00f5es de beleza.<\/p>\n<\/div>\n<div class=\"mc-column content-text active-extra-styles \" data-block-type=\"unstyled\" data-block-weight=\"39\" data-block-id=\"18\">\n<p class=\"content-text__container \" data-track-category=\"Link no Texto\" data-track-links=\"\">Desde seu retorno ao poder em agosto de 2021,\u00a0<strong><span class=\"highlight highlighted\">o Talib\u00e3 implantou uma s\u00e9rie de restri\u00e7\u00f5es para as mulheres.<\/span><\/strong>\u00a0Al\u00e9m dos centros de est\u00e9tica, as afeg\u00e3s n\u00e3o podem entrar em diversos estabelecimentos, como parques, jardins, est\u00e1dios e banheiros p\u00fablicos.<\/p>\n<\/div>\n<div class=\"mc-column content-text active-extra-styles \" data-block-type=\"unstyled\" data-block-weight=\"18\" data-block-id=\"19\">\n<p class=\"content-text__container \" data-track-category=\"Link no Texto\" data-track-links=\"\">No ano passado, o Alto-comissariado das Na\u00e7\u00f5es Unidas para os Refugiados (Acnur) atendeu 1.035 pessoas afeg\u00e3s.<\/p>\n<\/div>\n<div class=\"mc-column content-text active-extra-styles \" data-block-type=\"unstyled\" data-block-weight=\"30\" data-block-id=\"20\">\n<p class=\"content-text__container \" data-track-category=\"Link no Texto\" data-track-links=\"\">A maioria era composta por homens entre 18 e 59 anos (490) e mulheres na mesma faixa et\u00e1ria (248). Dessas 738 pessoas, 50,4% possuem forma\u00e7\u00e3o universit\u00e1ria e 6,5% s\u00e3o p\u00f3s-graduadas.<\/p>\n<\/div>\n<div class=\"row medium-uncollapsed content-media content-photo\" data-block-type=\"backstage-photo\" data-block-id=\"22\">\n<div class=\" mc-column  content-media__container\">\n<div class=\"content-media-container glb-skeleton-box\">\n<figure class=\"content-media-figure\"><img decoding=\"async\" class=\"i-amphtml-fill-content i-amphtml-replaced-content\" src=\"https:\/\/s2-g1.glbimg.com\/qIsnspFeEhq3hLPfzbhY5ESCRsY=\/139x0:1600x1068\/984x0\/smart\/filters:strip_icc()\/i.s3.glbimg.com\/v1\/AUTH_59edd422c0c84a879bd37670ae4f538a\/internal_photos\/bs\/2023\/s\/1\/CA0S5uRTe9gW2De8rnxw\/whatsapp-image-2023-08-13-at-21.32.15.jpeg\" sizes=\"(max-width: 1422px) 648px, 100vw\" srcset=\"https:\/\/s2-g1.glbimg.com\/fUMAHsT0ZFvYl5Ms5AUftabJUTY=\/139x0:1600x1068\/1000x0\/smart\/filters:strip_icc()\/i.s3.glbimg.com\/v1\/AUTH_59edd422c0c84a879bd37670ae4f538a\/internal_photos\/bs\/2023\/s\/1\/CA0S5uRTe9gW2De8rnxw\/whatsapp-image-2023-08-13-at-21.32.15.jpeg 1000w, https:\/\/s2-g1.glbimg.com\/qIsnspFeEhq3hLPfzbhY5ESCRsY=\/139x0:1600x1068\/984x0\/smart\/filters:strip_icc()\/i.s3.glbimg.com\/v1\/AUTH_59edd422c0c84a879bd37670ae4f538a\/internal_photos\/bs\/2023\/s\/1\/CA0S5uRTe9gW2De8rnxw\/whatsapp-image-2023-08-13-at-21.32.15.jpeg 984w, https:\/\/s2-g1.glbimg.com\/yDtZHwfhMwCzOgRK9wxVbZ7CZZI=\/139x0:1600x1068\/640x0\/smart\/filters:strip_icc()\/i.s3.glbimg.com\/v1\/AUTH_59edd422c0c84a879bd37670ae4f538a\/internal_photos\/bs\/2023\/s\/1\/CA0S5uRTe9gW2De8rnxw\/whatsapp-image-2023-08-13-at-21.32.15.jpeg 640w, https:\/\/s2-g1.glbimg.com\/3IhsZJFlLd4FzaDGqTeb47LJLos=\/139x0:1600x1068\/600x0\/smart\/filters:strip_icc()\/i.s3.glbimg.com\/v1\/AUTH_59edd422c0c84a879bd37670ae4f538a\/internal_photos\/bs\/2023\/s\/1\/CA0S5uRTe9gW2De8rnxw\/whatsapp-image-2023-08-13-at-21.32.15.jpeg 600w\" alt=\"Afeg\u00e3os no Aeroporto de Guarulhos em 13 de agosto de 2023 \u2014 Foto: Arquivo Pessoal\" \/><\/figure>\n<\/div>\n<p class=\"content-media__description  \">Afeg\u00e3os no Aeroporto de Guarulhos em 13 de agosto de 2023 \u2014 Foto: Arquivo Pessoal<\/p>\n<\/div>\n<\/div>\n<div class=\"mc-column content-text active-extra-styles \" data-block-type=\"unstyled\" data-block-weight=\"25\" data-block-id=\"23\">\n<p class=\"content-text__container \" data-track-category=\"Link no Texto\" data-track-links=\"\">O ministro da Justi\u00e7a Fl\u00e1vio Dino afirmou no dia 1\u00ba de julho, durante entrevista ao\u00a0<strong>Jornal Hoje<\/strong>, que a quest\u00e3o dos vistos humanit\u00e1rios seria debatida.<\/p>\n<\/div>\n<div class=\"mc-column content-text active-extra-styles \" data-block-type=\"unstyled\" data-block-weight=\"81\" data-block-id=\"24\">\n<p class=\"content-text__container \" data-track-category=\"Link no Texto\" data-track-links=\"\">&#8220;N\u00f3s temos uma capacidade naturalmente limitada, por isso haver\u00e1 debate com outros \u00f3rg\u00e3os do governo para ver se essa pol\u00edtica de 2021 ir\u00e1 continuar ou n\u00e3o. O fato \u00e9 que temos demanda previs\u00edvel porque houve entrega de 9 mil vistos. Lembro que n\u00f3s temos 5 milh\u00f5es de brasileiros morando em outros pa\u00edses, e isso imp\u00f5e deveres de reciprocidade, por isso houve a decis\u00e3o, e temos capacidade de atender esse n\u00famero. A continuidade dessa pol\u00edtica depender\u00e1 desse debate que ocorrer\u00e1&#8221;, ressaltou Dino.<\/p>\n<\/div>\n<div class=\"mc-column content-text active-extra-styles \" data-block-type=\"unstyled\" data-block-weight=\"73\" data-block-id=\"26\">\n<p class=\"content-text__container \" data-track-category=\"Link no Texto\" data-track-links=\"\">&#8220;Quanto aos vistos j\u00e1 concedidos, \u00e9 claro que vamos montar rede necess\u00e1ria para acolher essas pessoas, uma vez que houve entrega dos vistos, j\u00e1 que algum momento essas pessoas cheguem ao Brasil. Temos lei brasileira de migra\u00e7\u00f5es, temos obriga\u00e7\u00f5es previstas e compromisso internacional do Brasil. \u00c9 uma pol\u00edtica necess\u00e1ria de acolhida. Precisamos garantir a lei ao que est\u00e3o no territ\u00f3rio nacional e os que v\u00e3o chegar nos vistos concedidos&#8221;, ressaltou o ministro.<\/p>\n<\/div>\n<div class=\"bs-video-block mc-column  content-media content-video\" data-block-type=\"backstage-video\" data-block-id=\"27\">\n<div class=\"content-media__container\">\n<div class=\"content-video__bigger-player-description-fixer\">\n<article class=\"content-video\">\n<section class=\"content-video__video-container\">\n<div class=\"content-video__video\">\n<div class=\"content-video__placeholder\" data-video-id=\"11746303\" data-video-has-viewport-play=\"True\"><img decoding=\"async\" class=\"content-video__placeholder__thumb\" title=\"Ap\u00f3s recusar abrigo, Praia Grande, no litoral de SP, recebe afeg\u00e3os\" src=\"https:\/\/s04.video.glbimg.com\/x240\/11746303.jpg\" alt=\"Ap\u00f3s recusar abrigo, Praia Grande, no litoral de SP, recebe afeg\u00e3os\" \/><\/div>\n<\/div>\n<\/section>\n<\/article>\n<\/div>\n<p class=\"content-media__description\">Ap\u00f3s recusar abrigo, Praia Grande, no litoral de SP, recebe afeg\u00e3os<\/p>\n<\/div>\n<\/div>\n<div class=\"mc-column content-text active-extra-styles\" data-block-type=\"raw\" data-block-weight=\"4\" data-block-id=\"28\">\n<div class=\"content-intertitle\">\n<h2>Abrigo em\u00a0<a class=\"\" href=\"https:\/\/g1.globo.com\/sp\/santos-regiao\/cidade\/praia-grande-sp\/\">Praia Grande<\/a><\/h2>\n<\/div>\n<\/div>\n<div class=\"row medium-uncollapsed content-media content-photo\" data-block-type=\"backstage-photo\" data-block-id=\"29\">\n<div class=\" mc-column  content-media__container\">\n<div class=\"content-media-container glb-skeleton-box\">\n<figure class=\"content-media-figure\"><img decoding=\"async\" class=\"i-amphtml-fill-content i-amphtml-replaced-content\" src=\"https:\/\/s2-g1.glbimg.com\/7HclEMFqFXKJHQcRjcj33blRdYg=\/0x0:1600x900\/984x0\/smart\/filters:strip_icc()\/i.s3.glbimg.com\/v1\/AUTH_59edd422c0c84a879bd37670ae4f538a\/internal_photos\/bs\/2023\/X\/2\/bn9k5KS2KxlF6RxBBawA\/whatsapp-image-2023-07-01-at-09.52.14.jpeg\" sizes=\"(max-width: 1422px) 648px, 100vw\" srcset=\"https:\/\/s2-g1.glbimg.com\/gAU0pAhVm5oLLEsJGcrbtrHONeY=\/0x0:1600x900\/1000x0\/smart\/filters:strip_icc()\/i.s3.glbimg.com\/v1\/AUTH_59edd422c0c84a879bd37670ae4f538a\/internal_photos\/bs\/2023\/X\/2\/bn9k5KS2KxlF6RxBBawA\/whatsapp-image-2023-07-01-at-09.52.14.jpeg 1000w, https:\/\/s2-g1.glbimg.com\/7HclEMFqFXKJHQcRjcj33blRdYg=\/0x0:1600x900\/984x0\/smart\/filters:strip_icc()\/i.s3.glbimg.com\/v1\/AUTH_59edd422c0c84a879bd37670ae4f538a\/internal_photos\/bs\/2023\/X\/2\/bn9k5KS2KxlF6RxBBawA\/whatsapp-image-2023-07-01-at-09.52.14.jpeg 984w, https:\/\/s2-g1.glbimg.com\/Vo3IXn0aCi7XoMUmSDHcFjzZ6KQ=\/0x0:1600x900\/640x0\/smart\/filters:strip_icc()\/i.s3.glbimg.com\/v1\/AUTH_59edd422c0c84a879bd37670ae4f538a\/internal_photos\/bs\/2023\/X\/2\/bn9k5KS2KxlF6RxBBawA\/whatsapp-image-2023-07-01-at-09.52.14.jpeg 640w, https:\/\/s2-g1.glbimg.com\/wQ16pHt5aHZIhl0qO6HbU8WYEaQ=\/0x0:1600x900\/600x0\/smart\/filters:strip_icc()\/i.s3.glbimg.com\/v1\/AUTH_59edd422c0c84a879bd37670ae4f538a\/internal_photos\/bs\/2023\/X\/2\/bn9k5KS2KxlF6RxBBawA\/whatsapp-image-2023-07-01-at-09.52.14.jpeg 600w\" alt=\"\u00d4nibus com afeg\u00e3os refugiados ficaram parados em rodovia ap\u00f3s prefeitura negar abrigo \u2014 Foto: Divulga\u00e7\u00e3o\/PRF\" \/><\/figure>\n<\/div>\n<p class=\"content-media__description  \">\u00d4nibus com afeg\u00e3os refugiados ficaram parados em rodovia ap\u00f3s prefeitura negar abrigo \u2014 Foto: Divulga\u00e7\u00e3o\/PRF<\/p>\n<\/div>\n<\/div>\n<div class=\"mc-column content-text active-extra-styles \" data-block-type=\"unstyled\" data-block-weight=\"52\" data-block-id=\"31\">\n<p class=\"content-text__container \" data-track-category=\"Link no Texto\" data-track-links=\"\">A decis\u00e3o de\u00a0<a class=\"\" href=\"https:\/\/g1.globo.com\/sp\/sao-paulo\/noticia\/2023\/06\/30\/em-acao-humanitaria-124-afegaos-abrigados-no-aeroporto-internacional-de-sp-serao-acolhidos-em-colonia-de-ferias-no-litoral-de-sp.ghtml\">mover 123 afeg\u00e3os do aeroporto para a col\u00f4nia de f\u00e9rias\u00a0<\/a>em Praia Grande partiu da deputada federal Juliana Cardoso (PT-SP). A medida foi anunciada no dia 29 de junho pelo governo federal, uma semana ap\u00f3s\u00a0<a class=\"\" href=\"https:\/\/g1.globo.com\/sp\/sao-paulo\/noticia\/2023\/06\/26\/surto-de-sarna-e-identificado-em-afegaos-abrigados-no-aeroporto-internacional-de-sp-em-guarulhos.ghtml\">20 afeg\u00e3os acampados no aeroporto serem diagnosticados com escabiose, doen\u00e7a popularmente conhecida como sarna.<\/a><\/p>\n<\/div>\n<div class=\"mc-column content-text active-extra-styles \" data-block-type=\"unstyled\" data-block-weight=\"47\" data-block-id=\"32\">\n<p class=\"content-text__container \" data-track-category=\"Link no Texto\" data-track-links=\"\">Mas a ida dos imigrantes foi marcada por confus\u00e3o. Os afeg\u00e3os sa\u00edram do Aeroporto Internacional de S\u00e3o Paulo, em Guarulhos, no dia 30 de junho e seguiram em cinco \u00f4nibus para a Col\u00f4nia de F\u00e9rias do Sindicato dos Trabalhadores nas Ind\u00fastrias Qu\u00edmicas e Farmac\u00eauticas, no bairro Solemar.<\/p>\n<\/div>\n<div class=\"mc-column content-text active-extra-styles \" data-block-type=\"unstyled\" data-block-weight=\"52\" data-block-id=\"33\">\n<p class=\"content-text__container \" data-track-category=\"Link no Texto\" data-track-links=\"\">Contudo, durante o trajeto, a prefeitura de Praia Grande emitiu uma nota alegando que &#8220;n\u00e3o aceitava os afeg\u00e3os&#8221;, j\u00e1 que, segundo a prefeitura, o local onde os refugiados ficariam n\u00e3o estava com Auto de Vistoria do Corpo de Bombeiros (AVCB) e que eles &#8220;colocariam em risco a sa\u00fade dos moradores da cidade&#8221;<\/p>\n<\/div>\n<div class=\"bs-video-block mc-column  content-media content-video\" data-block-type=\"backstage-video\" data-block-id=\"34\">\n<div class=\"content-media__container\">\n<div class=\"content-video__bigger-player-description-fixer\">\n<article class=\"content-video\">\n<section class=\"content-video__video-container\">\n<div class=\"content-video__video\">\n<div class=\"content-video__placeholder\" data-video-id=\"11746285\" data-video-has-viewport-play=\"True\"><img decoding=\"async\" class=\"content-video__placeholder__thumb\" title=\"Afeg\u00e3os v\u00e3o para col\u00f4nia de f\u00e9rias em Praia Grande, SP, ap\u00f3s impasse com a prefeitura\" src=\"https:\/\/s02.video.glbimg.com\/x240\/11746285.jpg\" alt=\"Afeg\u00e3os v\u00e3o para col\u00f4nia de f\u00e9rias em Praia Grande, SP, ap\u00f3s impasse com a prefeitura\" \/><\/div>\n<\/div>\n<\/section>\n<\/article>\n<\/div>\n<p class=\"content-media__description\">Afeg\u00e3os v\u00e3o para col\u00f4nia de f\u00e9rias em Praia Grande, SP, ap\u00f3s impasse com a prefeitura<\/p>\n<\/div>\n<\/div>\n<div class=\"mc-column content-text active-extra-styles \" data-block-type=\"unstyled\" data-block-weight=\"29\" data-block-id=\"36\">\n<p class=\"content-text__container \" data-track-category=\"Link no Texto\" data-track-links=\"\">Depois,\u00a0<strong><span class=\"highlight\">guardas civis municipais foram acionados para impedir a entrada dos afeg\u00e3os<\/span><\/strong>\u00a0na Col\u00f4nia de F\u00e9rias. A Prefeitura alegou ainda que &#8220;n\u00e3o arcaria com despesas com os afeg\u00e3os&#8221;.<\/p>\n<\/div>\n<div class=\"mc-column content-text active-extra-styles \" data-block-type=\"unstyled\" data-block-weight=\"21\" data-block-id=\"37\">\n<p class=\"content-text__container \" data-track-category=\"Link no Texto\" data-track-links=\"\">Os cinco \u00f4nibus com afeg\u00e3os ficaram parados no km 40 da Rodovia Anchieta, na regi\u00e3o de S\u00e3o Bernardo do Campo.<\/p>\n<\/div>\n<div class=\"mc-column content-text active-extra-styles \" data-block-type=\"unstyled\" data-block-weight=\"27\" data-block-id=\"38\">\n<p class=\"content-text__container \" data-track-category=\"Link no Texto\" data-track-links=\"\">A libera\u00e7\u00e3o s\u00f3 aconteceu depois de uma reuni\u00e3o entre o ministro da Justi\u00e7a, Flavio Dino, e a prefeita Rachel Chini (PSDB), que fez uma s\u00e9rie de exig\u00eancias.<\/p>\n<\/div>\n<div class=\"row medium-uncollapsed content-media content-photo\" data-block-type=\"backstage-photo\" data-block-id=\"39\">\n<div class=\" mc-column  content-media__container\">\n<div class=\"content-media-container glb-skeleton-box\">\n<figure class=\"content-media-figure\"><img decoding=\"async\" class=\"i-amphtml-fill-content i-amphtml-replaced-content\" src=\"https:\/\/s2-g1.glbimg.com\/lzh5B_3ucNuX6K5SxXk3aeEua-4=\/0x0:769x472\/984x0\/smart\/filters:strip_icc()\/i.s3.glbimg.com\/v1\/AUTH_59edd422c0c84a879bd37670ae4f538a\/internal_photos\/bs\/2023\/Z\/q\/uQLDTySkGlYInCGtYZBw\/afegaos-1-.jpg\" sizes=\"(max-width: 1422px) 648px, 100vw\" srcset=\"https:\/\/s2-g1.glbimg.com\/pphqi-sHVLGyC2D0FOM6_AeC08s=\/0x0:769x472\/1000x0\/smart\/filters:strip_icc()\/i.s3.glbimg.com\/v1\/AUTH_59edd422c0c84a879bd37670ae4f538a\/internal_photos\/bs\/2023\/Z\/q\/uQLDTySkGlYInCGtYZBw\/afegaos-1-.jpg 1000w, https:\/\/s2-g1.glbimg.com\/lzh5B_3ucNuX6K5SxXk3aeEua-4=\/0x0:769x472\/984x0\/smart\/filters:strip_icc()\/i.s3.glbimg.com\/v1\/AUTH_59edd422c0c84a879bd37670ae4f538a\/internal_photos\/bs\/2023\/Z\/q\/uQLDTySkGlYInCGtYZBw\/afegaos-1-.jpg 984w, https:\/\/s2-g1.glbimg.com\/yPMR0mOTR54uz_xnpf5jXdWaNlQ=\/0x0:769x472\/640x0\/smart\/filters:strip_icc()\/i.s3.glbimg.com\/v1\/AUTH_59edd422c0c84a879bd37670ae4f538a\/internal_photos\/bs\/2023\/Z\/q\/uQLDTySkGlYInCGtYZBw\/afegaos-1-.jpg 640w, https:\/\/s2-g1.glbimg.com\/7VlivQPHwZIxMNGihFGB9N3cyzo=\/0x0:769x472\/600x0\/smart\/filters:strip_icc()\/i.s3.glbimg.com\/v1\/AUTH_59edd422c0c84a879bd37670ae4f538a\/internal_photos\/bs\/2023\/Z\/q\/uQLDTySkGlYInCGtYZBw\/afegaos-1-.jpg 600w\" alt=\"\u00d4nibus com afeg\u00e3os em dire\u00e7\u00e3o a Praia Grande, litoral de SP \u2014 Foto: Matheus Croce\/TV Tribuna\" \/><\/figure>\n<\/div>\n<p class=\"content-media__description  \">\u00d4nibus com afeg\u00e3os em dire\u00e7\u00e3o a Praia Grande, litoral de SP \u2014 Foto: Matheus Croce\/TV Tribuna<\/p>\n<\/div>\n<\/div>\n<div class=\"mc-column content-text active-extra-styles \" data-block-type=\"unstyled\" data-block-weight=\"37\" data-block-id=\"40\">\n<p class=\"content-text__container \" data-track-category=\"Link no Texto\" data-track-links=\"\">Depois da confus\u00e3o, a prefeitura divulgou uma nova nota afirmando\u00a0<strong><span class=\"highlight\">que havia chegado a um acordo com o Minist\u00e9rio da Justi\u00e7a para permitir a entrada dos afeg\u00e3os.<\/span><\/strong> O munic\u00edpio fez uma s\u00e9rie de exig\u00eancias ao governo federal.<\/p>\n<\/div>\n<div class=\"mc-column content-text active-extra-styles \" data-block-type=\"unstyled\" data-block-weight=\"39\" data-block-id=\"42\">\n<p class=\"content-text__container \" data-track-category=\"Link no Texto\" data-track-links=\"\">O Minist\u00e9rio da Justi\u00e7a e Seguran\u00e7a P\u00fablica (MJSP) informou, em nota, que as tratativas para o acolhimento dos imigrantes afeg\u00e3os foram realizadas diretamente com o sindicato. &#8220;A vistoria do local j\u00e1 foi providenciada junto ao Corpo de Bombeiros&#8221;.<\/p>\n<\/div>\n<div class=\"mc-column content-text active-extra-styles\" data-block-type=\"raw\" data-block-weight=\"2\" data-block-id=\"45\">\n<div class=\"content-intertitle\">\n<h2><strong>&#8216;Cidade fronteira&#8217;<\/strong><\/h2>\n<\/div>\n<\/div>\n<div class=\"row medium-uncollapsed content-media content-photo\" data-block-type=\"backstage-photo\" data-block-id=\"46\">\n<div class=\" mc-column  content-media__container\">\n<p class=\"content-media__description  \">Afeg\u00e3os voltam a acampar no Aeroporto Internacional de SP, em Guarulhos \u2014 Foto: Fabio Tito\/g1<\/p>\n<\/div>\n<\/div>\n<div class=\"mc-column content-text active-extra-styles \" data-block-type=\"unstyled\" data-block-weight=\"44\" data-block-id=\"47\">\n<p class=\"content-text__container \" data-track-category=\"Link no Texto\" data-track-links=\"\">A prefeitura de Guarulhos protocolou pela segunda vez, em junho deste ano, um of\u00edcio ao Minist\u00e9rio de Portos e Aeroportos para que o munic\u00edpio possa ser reconhecido como &#8220;cidade fronteira do Brasil&#8221; devido \u00e0 chegada frequente de afeg\u00e3os ao pa\u00eds desde o ano passado.<\/p>\n<\/div>\n<div class=\"mc-column content-text active-extra-styles \" data-block-type=\"unstyled\" data-block-weight=\"51\" data-block-id=\"49\">\n<p class=\"content-text__container \" data-track-category=\"Link no Texto\" data-track-links=\"\">O documento foi protocolado no dia 13 de junho pelo prefeito Gustavo Henric Costa. Outros \u00f3rg\u00e3os, como Minist\u00e9rio dos Direitos Humanos e da Cidadania, Minist\u00e9rio do Desenvolvimento e Assist\u00eancia Social, Fam\u00edlia e Combate \u00e0 Fome, Minist\u00e9rio da Justi\u00e7a e Seguran\u00e7a P\u00fablica, Casa Civil e a Organiza\u00e7\u00e3o das Na\u00e7\u00f5es Unidas tamb\u00e9m receberam.<\/p>\n<\/div>\n<div class=\"mc-column content-text active-extra-styles \" data-block-type=\"unstyled\" data-block-weight=\"47\" data-block-id=\"50\">\n<p class=\"content-text__container \" data-track-category=\"Link no Texto\" data-track-links=\"\">A expectativa da prefeitura \u00e9 a de que, sendo reconhecida como cidade fronteira, Guarulhos passe a ter acesso a verbas e a recursos que s\u00e3o caracter\u00edsticos de pol\u00edticas p\u00fablicas de lugares que recebem e acolhem refugiados, como cidades que fazem fronteira com pa\u00edses que est\u00e3o em guerra.<\/p>\n<\/div>\n<div class=\"mc-column content-text active-extra-styles \" data-block-type=\"unstyled\" data-block-weight=\"22\" data-block-id=\"51\">\n<p class=\"content-text__container \" data-track-category=\"Link no Texto\" data-track-links=\"\">N\u00e3o h\u00e1 pa\u00edses ao lado de Guarulhos, mas a chegada dos refugiados em grande quantidade coloca a cidade em uma situa\u00e7\u00e3o similar.<\/p>\n<\/div>\n<div class=\"mc-column content-text active-extra-styles \" data-block-type=\"unstyled\" data-block-weight=\"29\" data-block-id=\"52\">\n<p class=\"content-text__container \" data-track-category=\"Link no Texto\" data-track-links=\"\">&#8220;A inten\u00e7\u00e3o \u00e9 refor\u00e7ar a solicita\u00e7\u00e3o de reconhecimento da cidade como fronteira do Brasil e maior apoio financeiro para alimenta\u00e7\u00e3o daqueles que permanecem no aeroporto aguardando acolhimento&#8221;, disse prefeitura.<\/p>\n<\/div>\n<div class=\"mc-column content-text active-extra-styles \" data-block-type=\"unstyled\" data-block-weight=\"91\" data-block-id=\"53\">\n<p class=\"content-text__container \" data-track-category=\"Link no Texto\" data-track-links=\"\">&#8220;Apesar desta quest\u00e3o n\u00e3o ser de responsabilidade do munic\u00edpio, a Prefeitura de Guarulhos informa que segue acompanhando a situa\u00e7\u00e3o dos afeg\u00e3os acampados. Inicialmente n\u00e3o d\u00e1 para se prever o fluxo de refugiados que ainda podem desembarcar em Guarulhos ao longo deste ano. Para acomodar as pessoas que chegam em grande n\u00famero depende de muitos recursos que extrapolam a capacidade do munic\u00edpio, sendo necess\u00e1rio aportes do Estado e do Governo Federal. Na atual conjuntura dificilmente esse n\u00famero de pessoas no aeroporto ser\u00e1 zerado sem a interven\u00e7\u00e3o governamental&#8221;, ressaltou a prefeitura, em nota.<\/p>\n<\/div>\n<div class=\"mc-column content-text active-extra-styles\" data-block-type=\"raw\" data-block-weight=\"3\" data-block-id=\"55\">\n<div class=\"content-intertitle\">\n<h2>Afeg\u00e3os no Brasil<\/h2>\n<\/div>\n<\/div>\n<div class=\"row medium-uncollapsed content-media content-photo\" data-block-type=\"backstage-photo\" data-block-id=\"56\">\n<div class=\" mc-column  content-media__container\">\n<p class=\"content-media__description  \">Jornalista afeg\u00e3o com sua mulher e filhos na chegada ao Brasil \u2014 Foto: F\u00e1bio Tito\/g1<\/p>\n<\/div>\n<\/div>\n<div class=\"mc-column content-text active-extra-styles \" data-block-type=\"unstyled\" data-block-weight=\"31\" data-block-id=\"57\">\n<p class=\"content-text__container \" data-track-category=\"Link no Texto\" data-track-links=\"\">O Brasil passou a ser um dos principais destinos para os cidad\u00e3os do Afeganist\u00e3o ap\u00f3s o governo brasileiro publicar uma portaria em setembro de 2021 estabelecendo a concess\u00e3o de visto tempor\u00e1rio.<\/p>\n<\/div>\n<div class=\"mc-column content-text active-extra-styles \" data-block-type=\"unstyled\" data-block-weight=\"41\" data-block-id=\"58\">\n<p class=\"content-text__container \" data-track-category=\"Link no Texto\" data-track-links=\"\">Quase 3 mil afeg\u00e3os\u00a0<a class=\"\" href=\"https:\/\/g1.globo.com\/sp\/sao-paulo\/noticia\/2022\/10\/18\/brasil-recebeu-28-mil-afegaos-de-janeiro-a-setembro-de-2022-maioria-e-homem-e-tem-entre-25-e-40-anos.ghtml\">entraram no Brasil de janeiro a setembro de 2022, de acordo com um relat\u00f3rio elaborado pelo Observat\u00f3rio das Migra\u00e7\u00f5es Internacionais (OBMigra)\u00a0<\/a>a partir dos dados da Pol\u00edcia Federal e repassado com exclusividade ao g1 no ano passado.<\/p>\n<\/div>\n<div class=\"mc-column content-text active-extra-styles \" data-block-type=\"unstyled\" data-block-weight=\"49\" data-block-id=\"59\">\n<p class=\"content-text__container \" data-track-category=\"Link no Texto\" data-track-links=\"\">Os dados apontam que o pa\u00eds recebeu 2.842 imigrantes. Destes, 1846 s\u00e3o homens e 993 mulheres. Outros tr\u00eas imigrantes n\u00e3o houve a constata\u00e7\u00e3o de g\u00eanero. Al\u00e9m disso, a grande maioria que entrou no Brasil tem entre 25 e 40 anos. H\u00e1 tamb\u00e9m 712 crian\u00e7as de 0 a 15 anos.<\/p>\n<\/div>\n<div id=\"chunk-dgk05\">\n<div class=\"mc-column content-text active-extra-styles \" data-block-type=\"unstyled\" data-block-weight=\"27\" data-block-id=\"61\">\n<p class=\"content-text__container \" data-track-category=\"Link no Texto\" data-track-links=\"\">Ainda conforme o relat\u00f3rio, dos 2,8 mil que entraram no pa\u00eds, 149 j\u00e1 sa\u00edram do Brasil e a maioria desse grupo tem entre 25 e 40 anos.<\/p>\n<p>Fonte: G1<\/p>\n<\/div>\n<\/div>\n<\/div>\n<\/article>\n<\/div>\n","protected":false},"excerpt":{"rendered":"<p>Segundo a ONG &#8220;Coletivo Frente Afeg\u00e3&#8221;, 97 afeg\u00e3os estavam na manh\u00e3 desta segunda-feira (14) no sagu\u00e3o do Aeroporto Internacional, em<\/p>\n","protected":false},"author":1,"featured_media":8018,"comment_status":"open","ping_status":"open","sticky":false,"template":"","format":"standard","meta":{"colormag_page_container_layout":"default_layout","colormag_page_sidebar_layout":"default_layout","footnotes":""},"categories":[1],"tags":[],"class_list":["post-8010","post","type-post","status-publish","format-standard","has-post-thumbnail","hentry","category-geral"],"_links":{"self":[{"href":"http:\/\/metropoleemfoco.com.br\/index.php?rest_route=\/wp\/v2\/posts\/8010","targetHints":{"allow":["GET"]}}],"collection":[{"href":"http:\/\/metropoleemfoco.com.br\/index.php?rest_route=\/wp\/v2\/posts"}],"about":[{"href":"http:\/\/metropoleemfoco.com.br\/index.php?rest_route=\/wp\/v2\/types\/post"}],"author":[{"embeddable":true,"href":"http:\/\/metropoleemfoco.com.br\/index.php?rest_route=\/wp\/v2\/users\/1"}],"replies":[{"embeddable":true,"href":"http:\/\/metropoleemfoco.com.br\/index.php?rest_route=%2Fwp%2Fv2%2Fcomments&post=8010"}],"version-history":[{"count":1,"href":"http:\/\/metropoleemfoco.com.br\/index.php?rest_route=\/wp\/v2\/posts\/8010\/revisions"}],"predecessor-version":[{"id":8019,"href":"http:\/\/metropoleemfoco.com.br\/index.php?rest_route=\/wp\/v2\/posts\/8010\/revisions\/8019"}],"wp:featuredmedia":[{"embeddable":true,"href":"http:\/\/metropoleemfoco.com.br\/index.php?rest_route=\/wp\/v2\/media\/8018"}],"wp:attachment":[{"href":"http:\/\/metropoleemfoco.com.br\/index.php?rest_route=%2Fwp%2Fv2%2Fmedia&parent=8010"}],"wp:term":[{"taxonomy":"category","embeddable":true,"href":"http:\/\/metropoleemfoco.com.br\/index.php?rest_route=%2Fwp%2Fv2%2Fcategories&post=8010"},{"taxonomy":"post_tag","embeddable":true,"href":"http:\/\/metropoleemfoco.com.br\/index.php?rest_route=%2Fwp%2Fv2%2Ftags&post=8010"}],"curies":[{"name":"wp","href":"https:\/\/api.w.org\/{rel}","templated":true}]}}