{"id":7829,"date":"2023-08-01T08:19:37","date_gmt":"2023-08-01T11:19:37","guid":{"rendered":"http:\/\/metropoleemfoco.com.br\/?p=7829"},"modified":"2023-08-01T08:19:37","modified_gmt":"2023-08-01T11:19:37","slug":"saude-e-educacao-sao-pastas-mais-atingidas-por-bloqueio-de-r-15-bilhao-no-orcamento-detalha-governo","status":"publish","type":"post","link":"http:\/\/metropoleemfoco.com.br\/?p=7829","title":{"rendered":"Sa\u00fade e Educa\u00e7\u00e3o s\u00e3o pastas mais atingidas por bloqueio de R$ 1,5 bilh\u00e3o no Or\u00e7amento, detalha governo"},"content":{"rendered":"<div class=\"mc-article-header\">\n<div class=\"row content-head non-featured \">\n<div class=\"title\" data-block-type=\"title\" data-block-id=\"0\">\n<p class=\"content-head__title\"><span style=\"font-size: 16px;\">Esse \u00e9 o segundo bloqueio or\u00e7ament\u00e1rio feito pelo governo no ano. Ao longo dos pr\u00f3ximos meses, se metas fiscais forem atingidas, verba pode ser desbloqueada.<\/span><\/p>\n<\/div>\n<\/div>\n<hr class=\"content__divider \" \/>\n<\/div>\n<div class=\"mc-article-body\">\n<article>\n<div class=\"mc-column mc-side-item__container\" data-block-type=\"ads\" data-block-id=\"1\">\n<div class=\"mc-side-item mc-side-item--right content-ads content-ads--side-ad\">\n<div id=\"banner_materia1\" class=\"tag-manager-publicidade-container tag-manager-publicidade-banner_materia1 tag-manager-publicidade-container--carregado tag-manager-publicidade-container--visivel\" data-google-query-id=\"COamy5Cru4ADFQeflQIdg1wEBg\">\n<div id=\"google_ads_iframe_\/95377733\/tvg_G1\/Economia_0__container__\"><\/div>\n<\/div>\n<\/div>\n<\/div>\n<div class=\"mc-column content-text active-extra-styles active-capital-letter\" data-block-type=\"unstyled\" data-block-weight=\"31\" data-block-id=\"2\">\n<p class=\"content-text__container theme-color-primary-first-letter\" data-track-category=\"Link no Texto\" data-track-links=\"\">O\u00a0<a class=\"\" href=\"https:\/\/g1.globo.com\/tudo-sobre\/ministerio-da-saude\/\">Minist\u00e9rio da Sa\u00fade<\/a> e o Minist\u00e9rio da Educa\u00e7\u00e3o s\u00e3o as pastas mais atingidas pelo bloqueio adicional de R$ 1,5 bilh\u00e3o no Or\u00e7amento de 2023, informou o governo nesta sexta-feira (28).<\/p>\n<\/div>\n<div class=\"wall protected-content\">\n<div class=\"mc-column content-text active-extra-styles\" data-block-type=\"raw\" data-block-weight=\"17\" data-block-id=\"3\">\n<ul class=\"content-unordered-list\">\n<li>A Sa\u00fade teve bloqueio de R$ 452 milh\u00f5es<\/li>\n<li>Na Educa\u00e7\u00e3o, o contingenciamento foi de R$ 332 milh\u00f5es<\/li>\n<\/ul>\n<\/div>\n<div class=\"mc-column content-text active-extra-styles \" data-block-type=\"unstyled\" data-block-weight=\"34\" data-block-id=\"4\">\n<p class=\"content-text__container \" data-track-category=\"Link no Texto\" data-track-links=\"\"><a class=\"\" href=\"https:\/\/g1.globo.com\/economia\/noticia\/2023\/07\/21\/governo-indica-bloqueio-de-r-15-bilhao-no-orcamento-e-sobe-estimativa-para-rombo-nas-contas-em-2023.ghtml\">O bloqueio foi anunciado<\/a>\u00a0pelos minist\u00e9rios da Fazenda e do Planejamento na \u00faltima sexta-feira (21), mas o detalhamento das pastas atingidas s\u00f3 foi publicado hoje em edi\u00e7\u00e3o extra do &#8220;Di\u00e1rio Oficial da Uni\u00e3o&#8221;.<\/p>\n<\/div>\n<div class=\"mc-column content-text active-extra-styles \" data-block-type=\"unstyled\" data-block-weight=\"26\" data-block-id=\"5\">\n<p class=\"content-text__container \" data-track-category=\"Link no Texto\" data-track-links=\"\"><a class=\"\" href=\"https:\/\/g1.globo.com\/economia\/noticia\/2023\/05\/22\/para-cumprir-teto-de-gastos-governo-indica-bloqueio-de-r-17-bilhao-em-investimentos.ghtml\">Em maio, o governo j\u00e1 havia feito um contingenciamento de R$ 1,7 bilh\u00e3o<\/a>. Na ocasi\u00e3o, as pastas de Sa\u00fade e Educa\u00e7\u00e3o tinham sido poupadas do bloqueio.<\/p>\n<\/div>\n<div class=\"mc-column content-text active-extra-styles \" data-block-type=\"unstyled\" data-block-weight=\"15\" data-block-id=\"6\">\n<p class=\"content-text__container \" data-track-category=\"Link no Texto\" data-track-links=\"\">Com isso, o total bloqueado em 2023 \u00e9 de R$ 3,2 bilh\u00f5es (veja mais abaixo).<\/p>\n<\/div>\n<div class=\"mc-column content-text active-extra-styles \" data-block-type=\"unstyled\" data-block-weight=\"35\" data-block-id=\"7\">\n<p class=\"content-text__container \" data-track-category=\"Link no Texto\" data-track-links=\"\">O bloqueio \u00e9 necess\u00e1rio para garantir o cumprimento do teto de gastos, regra fiscal que limita a maior parte das despesas da Uni\u00e3o \u00e0 varia\u00e7\u00e3o da infla\u00e7\u00e3o. Essa regra ainda est\u00e1 em vigor neste ano.<\/p>\n<\/div>\n<div class=\"mc-column content-text active-extra-styles \" data-block-type=\"unstyled\" data-block-weight=\"25\" data-block-id=\"8\">\n<p class=\"content-text__container \" data-track-category=\"Link no Texto\" data-track-links=\"\">O bloqueio \u00e9 tempor\u00e1rio. Ao longo do ano, se as contas do governo forem se ajustando \u00e0s regras fiscais, a verba pode ser liberada novamente.<\/p>\n<\/div>\n<div class=\"mc-column content-text active-extra-styles \" data-block-type=\"unstyled\" data-block-weight=\"26\" data-block-id=\"9\">\n<p class=\"content-text__container \" data-track-category=\"Link no Texto\" data-track-links=\"\">A equipe econ\u00f4mica espera aprovar, no in\u00edcio do segundo semestre, o projeto do arcabou\u00e7o fiscal, um conjunto de ferramentas que vai substituir o teto de gastos.<\/p>\n<\/div>\n<div class=\"mc-column content-text active-extra-styles \" data-block-type=\"unstyled\" data-block-weight=\"22\" data-block-id=\"11\">\n<p class=\"content-text__container \" data-track-category=\"Link no Texto\" data-track-links=\"\">O texto j\u00e1 passou pela C\u00e2mara e pelo Senado Federal. Mas, como foi alterado, ainda ser\u00e1 necess\u00e1ria uma nova an\u00e1lise pelos deputados.<\/p>\n<\/div>\n<div class=\"mc-column content-text active-extra-styles\" data-block-type=\"raw\" data-block-weight=\"3\" data-block-id=\"12\">\n<div class=\"content-intertitle\">\n<h2>Bloqueio por pastas<\/h2>\n<\/div>\n<\/div>\n<div class=\"mc-column content-text active-extra-styles \" data-block-type=\"unstyled\" data-block-weight=\"13\" data-block-id=\"13\">\n<p class=\"content-text__container \" data-track-category=\"Link no Texto\" data-track-links=\"\">O segundo bloqueio no Or\u00e7amento atingiu dez pastas. Veja valor bloqueado por minist\u00e9rio:<\/p>\n<\/div>\n<div id=\"chunk-f3qeg\">\n<div class=\"mc-column content-text active-extra-styles\" data-block-type=\"raw\" data-block-weight=\"58\" data-block-id=\"14\">\n<ul class=\"content-unordered-list\">\n<li><strong>Sa\u00fade<\/strong>\u00a0&#8211; R$ 452,024 milh\u00f5es<\/li>\n<li><strong>Educa\u00e7\u00e3o<\/strong>\u00a0&#8211; R$ 332,017 milh\u00f5es<\/li>\n<li><strong>Transportes<\/strong>\u00a0&#8211; R$ 217,011 milh\u00f5es<\/li>\n<li><strong>Cidades<\/strong>\u00a0&#8211; R$ 144,007 milh\u00f5es<\/li>\n<li><strong>Desenvolvimento e Assist\u00eancia Social<\/strong>\u00a0&#8211; R$ 144,007 milh\u00f5es<\/li>\n<li><strong>Meio Ambiente<\/strong>\u00a0&#8211; R$ 97,505 milh\u00f5es<\/li>\n<li><strong>Integra\u00e7\u00e3o e Desenvolvimento Regional<\/strong>\u00a0&#8211; R$ 60,003 milh\u00f5es<\/li>\n<li><strong>Defesa<\/strong>\u00a0&#8211; R$ 35,001 milh\u00f5es<\/li>\n<li><strong>Cultura<\/strong>\u00a0&#8211; R$ 27,001 milh\u00f5es<\/li>\n<li><strong>Desenvolvimento Agr\u00e1rio<\/strong>\u00a0&#8211; R$ 24,001 milh\u00f5es<\/li>\n<\/ul>\n<p>Fonte: G1<\/p>\n<\/div>\n<\/div>\n<\/div>\n<\/article>\n<\/div>\n","protected":false},"excerpt":{"rendered":"<p>Esse \u00e9 o segundo bloqueio or\u00e7ament\u00e1rio feito pelo governo no ano. Ao longo dos pr\u00f3ximos meses, se metas fiscais forem<\/p>\n","protected":false},"author":1,"featured_media":7843,"comment_status":"open","ping_status":"open","sticky":false,"template":"","format":"standard","meta":{"colormag_page_container_layout":"default_layout","colormag_page_sidebar_layout":"default_layout","footnotes":""},"categories":[9],"tags":[],"class_list":["post-7829","post","type-post","status-publish","format-standard","has-post-thumbnail","hentry","category-saude"],"_links":{"self":[{"href":"http:\/\/metropoleemfoco.com.br\/index.php?rest_route=\/wp\/v2\/posts\/7829","targetHints":{"allow":["GET"]}}],"collection":[{"href":"http:\/\/metropoleemfoco.com.br\/index.php?rest_route=\/wp\/v2\/posts"}],"about":[{"href":"http:\/\/metropoleemfoco.com.br\/index.php?rest_route=\/wp\/v2\/types\/post"}],"author":[{"embeddable":true,"href":"http:\/\/metropoleemfoco.com.br\/index.php?rest_route=\/wp\/v2\/users\/1"}],"replies":[{"embeddable":true,"href":"http:\/\/metropoleemfoco.com.br\/index.php?rest_route=%2Fwp%2Fv2%2Fcomments&post=7829"}],"version-history":[{"count":1,"href":"http:\/\/metropoleemfoco.com.br\/index.php?rest_route=\/wp\/v2\/posts\/7829\/revisions"}],"predecessor-version":[{"id":7844,"href":"http:\/\/metropoleemfoco.com.br\/index.php?rest_route=\/wp\/v2\/posts\/7829\/revisions\/7844"}],"wp:featuredmedia":[{"embeddable":true,"href":"http:\/\/metropoleemfoco.com.br\/index.php?rest_route=\/wp\/v2\/media\/7843"}],"wp:attachment":[{"href":"http:\/\/metropoleemfoco.com.br\/index.php?rest_route=%2Fwp%2Fv2%2Fmedia&parent=7829"}],"wp:term":[{"taxonomy":"category","embeddable":true,"href":"http:\/\/metropoleemfoco.com.br\/index.php?rest_route=%2Fwp%2Fv2%2Fcategories&post=7829"},{"taxonomy":"post_tag","embeddable":true,"href":"http:\/\/metropoleemfoco.com.br\/index.php?rest_route=%2Fwp%2Fv2%2Ftags&post=7829"}],"curies":[{"name":"wp","href":"https:\/\/api.w.org\/{rel}","templated":true}]}}