{"id":7340,"date":"2023-03-17T13:46:52","date_gmt":"2023-03-17T16:46:52","guid":{"rendered":"http:\/\/metropoleemfoco.com.br\/?p=7340"},"modified":"2023-03-17T13:46:52","modified_gmt":"2023-03-17T16:46:52","slug":"homem-fica-24-horas-refem-de-criminosos-armados-na-zona-norte-de-sp-apos-cair-no-golpe-do-falso-encontro-amoroso-por-aplicativo","status":"publish","type":"post","link":"http:\/\/metropoleemfoco.com.br\/?p=7340","title":{"rendered":"Homem fica 24 horas ref\u00e9m de criminosos armados na Zona Norte de SP ap\u00f3s cair no golpe do falso encontro amoroso por aplicativo"},"content":{"rendered":"<div class=\"row content-head non-featured \">\n<div class=\"title\" data-block-type=\"title\" data-block-id=\"0\">\n<p class=\"content-head__title\"><span style=\"font-size: 16px;\">Quatro bandidos levaram um t\u00e9cnico eletr\u00f4nico de 35 anos para cativeiro em Guarulhos, na Grande S\u00e3o Paulo. Roubaram a moto dele e R$ 30 mil de sua conta banc\u00e1ria. Ele foi abordado pela quadrilha na quarta (15) num supermercado na capital. Depois foi solto. PM prendeu 3 suspeitos.<\/span><\/p>\n<\/div>\n<\/div>\n<div class=\"content__share-bar content__share-bar--cloned\" data-position=\"upper\"><\/div>\n<hr class=\"content__divider \" \/>\n<div class=\"mc-article-body\">\n<article>\n<div class=\"bs-video-block mc-column  content-media content-video\" data-block-type=\"backstage-video\" data-block-id=\"1\">\n<div class=\"content-media__container\">\n<div class=\"content-video__bigger-player-description-fixer\">\n<article class=\"content-video\">\n<section class=\"content-video__video-container\">\n<div class=\"content-video__video\">\n<div class=\"content-video__placeholder\" data-video-id=\"11456246\" data-video-has-viewport-play=\"True\"><img decoding=\"async\" class=\"content-video__placeholder__thumb\" title=\"Homem \u00e9 libertado ap\u00f3s ficar mais de 24h em cativeiro na zona norte\" src=\"https:\/\/s03.video.glbimg.com\/x240\/11456246.jpg\" alt=\"Homem \u00e9 libertado ap\u00f3s ficar mais de 24h em cativeiro na zona norte\" \/><\/div>\n<div id=\"wp3-player-2\" class=\"clappr-player\" tabindex=\"9999\" data-player=\"\">\n<div class=\"dfp-ad-overlay dfp-ad-overlay--poster-mode\"><\/div>\n<div class=\"media-control media-control-hide h720 w960\">\n<div class=\"media-control-panel\">\n<div class=\"media-control-panel__modal\"><\/div>\n<\/div>\n<\/div>\n<\/div>\n<\/div>\n<\/section>\n<\/article>\n<\/div>\n<p class=\"content-media__description\">Homem \u00e9 libertado ap\u00f3s ficar mais de 24h em cativeiro na zona norte<br \/>\nUm homem ficou mais de 24 horas ref\u00e9m de criminosos armados na Zona Norte de S\u00e3o Paulo ap\u00f3s cair no golpe do falso encontro amoroso por aplicativo de relacionamento pelo celular.<\/p>\n<\/div>\n<\/div>\n<div class=\"wall protected-content\">\n<div class=\"mc-column content-text active-extra-styles \" data-block-type=\"unstyled\" data-block-weight=\"38\" data-block-id=\"4\">\n<p class=\"content-text__container \" data-track-category=\"Link no Texto\" data-track-links=\"\">Quatro bandidos levaram o t\u00e9cnico eletr\u00f4nico de 35 anos para um cativeiro em Guarulhos, na Grande S\u00e3o Paulo, onde roubaram a moto dele e R$ 30 mil de sua conta banc\u00e1ria, depois de fazerem transfer\u00eancia pelo sistema Pix.<\/p>\n<\/div>\n<div class=\"mc-column content-text active-extra-styles \" data-block-type=\"unstyled\" data-block-weight=\"54\" data-block-id=\"5\">\n<p class=\"content-text__container \" data-track-category=\"Link no Texto\" data-track-links=\"\">A quadrilha libertou a v\u00edtima nesta quinta-feira (16) depois de t\u00ea-lo sequestrado na quarta (15). Ele foi solto na Rodovia Fern\u00e3o Dias, na capital paulista. Depois acionou a Pol\u00edcia Militar (PM), que prendeu tr\u00eas suspeitos de participarem do crime: dois sequestradores e uma mulher que tomava conta do cativeiro. Outros dois bandidos s\u00e3o procurados.<\/p>\n<\/div>\n<div class=\"mc-column content-text active-extra-styles \" data-block-type=\"unstyled\" data-block-weight=\"22\" data-block-id=\"7\">\n<p class=\"content-text__container \" data-track-category=\"Link no Texto\" data-track-links=\"\">Foi o 16\u00ba caso do &#8216;golpe do amor&#8217; na regi\u00e3o metropolitana de S\u00e3o Paulo neste ano, segundo levantamento da TV Globo.<\/p>\n<\/div>\n<div class=\"row medium-uncollapsed content-media content-photo\" data-block-type=\"backstage-photo\" data-block-id=\"8\">\n<div class=\"mc-column content-media__container\">\n<div class=\"content-media-container glb-skeleton-box\">\n<figure class=\"content-media-figure\"><img decoding=\"async\" class=\"i-amphtml-fill-content i-amphtml-replaced-content\" src=\"https:\/\/s2.glbimg.com\/GNTM-KyG-bG7YEZOZQQIODhdIyo=\/0x0:501x295\/984x0\/smart\/filters:strip_icc()\/i.s3.glbimg.com\/v1\/AUTH_59edd422c0c84a879bd37670ae4f538a\/internal_photos\/bs\/2023\/M\/1\/7jHj7LQpqYT01whaUBGQ\/homem-refem.jpg\" sizes=\"(max-width: 1280px) 648px, 100vw\" srcset=\"https:\/\/s2.glbimg.com\/5qvpmOLKQ5FUzCKfyART7w3wJ5E=\/0x0:501x295\/1000x0\/smart\/filters:strip_icc()\/i.s3.glbimg.com\/v1\/AUTH_59edd422c0c84a879bd37670ae4f538a\/internal_photos\/bs\/2023\/M\/1\/7jHj7LQpqYT01whaUBGQ\/homem-refem.jpg 1000w, https:\/\/s2.glbimg.com\/GNTM-KyG-bG7YEZOZQQIODhdIyo=\/0x0:501x295\/984x0\/smart\/filters:strip_icc()\/i.s3.glbimg.com\/v1\/AUTH_59edd422c0c84a879bd37670ae4f538a\/internal_photos\/bs\/2023\/M\/1\/7jHj7LQpqYT01whaUBGQ\/homem-refem.jpg 984w, https:\/\/s2.glbimg.com\/aU8dwUAOmRJ9NTWQQcIsQmH3jjM=\/0x0:501x295\/640x0\/smart\/filters:strip_icc()\/i.s3.glbimg.com\/v1\/AUTH_59edd422c0c84a879bd37670ae4f538a\/internal_photos\/bs\/2023\/M\/1\/7jHj7LQpqYT01whaUBGQ\/homem-refem.jpg 640w, https:\/\/s2.glbimg.com\/w-yjYSGmVMbYARkHN_LsVmPGcqU=\/0x0:501x295\/600x0\/smart\/filters:strip_icc()\/i.s3.glbimg.com\/v1\/AUTH_59edd422c0c84a879bd37670ae4f538a\/internal_photos\/bs\/2023\/M\/1\/7jHj7LQpqYT01whaUBGQ\/homem-refem.jpg 600w\" alt=\"T\u00e9cnico foi mantido ref\u00e9m por 24 horas: 'Me dizendo toda hora que iriam me matar', disse ele sobre o que ouviu dos criminosos \u2014 Foto: Reprodu\u00e7\u00e3o\/TV Globo\" \/><\/figure>\n<\/div>\n<p class=\"content-media__description \">T\u00e9cnico foi mantido ref\u00e9m por 24 horas: &#8216;Me dizendo toda hora que iriam me matar&#8217;, disse ele sobre o que ouviu dos criminosos \u2014 Foto: Reprodu\u00e7\u00e3o\/TV Globo<\/p>\n<\/div>\n<\/div>\n<div class=\"mc-column content-text active-extra-styles \" data-block-type=\"unstyled\" data-block-weight=\"31\" data-block-id=\"9\">\n<p class=\"content-text__container \" data-track-category=\"Link no Texto\" data-track-links=\"\">O t\u00e9cnico contou \u00e0 reportagem conheceu a mulher num aplicativo de relacionamento. Com v\u00e1rios casos de sequestro deste tipo sendo noticiados pela imprensa, ele disse que tomou todos os cuidados.<\/p>\n<\/div>\n<div class=\"mc-column content-text active-extra-styles \" data-block-type=\"unstyled\" data-block-weight=\"38\" data-block-id=\"10\">\n<p class=\"content-text__container \" data-track-category=\"Link no Texto\" data-track-links=\"\">Falou que fez chamadas v\u00eddeo com a mulher antes e marcou o encontro no estacionamento de um supermercado movimentado na Zona Norte de S\u00e3o Paulo. Mas em vez de encontrar a mulher, foi rendido por criminosos armados.<\/p>\n<\/div>\n<p class=\"content-text__container\">\n<p class=\"mc-column content-text active-extra-styles\" data-block-type=\"raw\" data-block-weight=\"41\" data-block-id=\"11\">\u201cMe renderam de uma forma bem truculenta, aonde abaixaram minha cabe\u00e7a no colo deles. Me dizendo toda hora que iriam me matar por quest\u00f5es de dinheiro, queriam senhas de celular e tudo mais\u201d, disse o homem, que n\u00e3o quis se identificar.<\/p>\n<div class=\"mc-column content-text active-extra-styles \" data-block-type=\"unstyled\" data-block-weight=\"30\" data-block-id=\"13\">\n<p class=\"content-text__container \" data-track-category=\"Link no Texto\" data-track-links=\"\">\u201cEles conseguiram fazer umas transa\u00e7\u00f5es no aplicativo, mas o valor ficou bloqueado e acabaram levando minha moto, tamb\u00e9m subtra\u00edram uma quantia que foi recuperada pelos policiais\u201d, falou a v\u00edtima.<\/p>\n<\/div>\n<div id=\"chunk-3fuar\">\n<div class=\"mc-column content-text active-extra-styles \" data-block-type=\"unstyled\" data-block-weight=\"21\" data-block-id=\"14\">\n<p class=\"content-text__container \" data-track-category=\"Link no Texto\" data-track-links=\"\">Segundo a PM, os bandidos que sequestraram e roubaram o t\u00e9cnico fazem parte de uma quadrilha especializada neste tipo de golpe.<\/p>\n<p>Fonte: G1<\/p>\n<\/div>\n<\/div>\n<\/div>\n<\/article>\n<\/div>\n","protected":false},"excerpt":{"rendered":"<p>Quatro bandidos levaram um t\u00e9cnico eletr\u00f4nico de 35 anos para cativeiro em Guarulhos, na Grande S\u00e3o Paulo. Roubaram a moto<\/p>\n","protected":false},"author":1,"featured_media":7341,"comment_status":"open","ping_status":"open","sticky":false,"template":"","format":"standard","meta":{"colormag_page_container_layout":"default_layout","colormag_page_sidebar_layout":"default_layout","footnotes":""},"categories":[3,18],"tags":[],"class_list":["post-7340","post","type-post","status-publish","format-standard","has-post-thumbnail","hentry","category-seu-bairro","category-zona-norte"],"_links":{"self":[{"href":"http:\/\/metropoleemfoco.com.br\/index.php?rest_route=\/wp\/v2\/posts\/7340","targetHints":{"allow":["GET"]}}],"collection":[{"href":"http:\/\/metropoleemfoco.com.br\/index.php?rest_route=\/wp\/v2\/posts"}],"about":[{"href":"http:\/\/metropoleemfoco.com.br\/index.php?rest_route=\/wp\/v2\/types\/post"}],"author":[{"embeddable":true,"href":"http:\/\/metropoleemfoco.com.br\/index.php?rest_route=\/wp\/v2\/users\/1"}],"replies":[{"embeddable":true,"href":"http:\/\/metropoleemfoco.com.br\/index.php?rest_route=%2Fwp%2Fv2%2Fcomments&post=7340"}],"version-history":[{"count":1,"href":"http:\/\/metropoleemfoco.com.br\/index.php?rest_route=\/wp\/v2\/posts\/7340\/revisions"}],"predecessor-version":[{"id":7342,"href":"http:\/\/metropoleemfoco.com.br\/index.php?rest_route=\/wp\/v2\/posts\/7340\/revisions\/7342"}],"wp:featuredmedia":[{"embeddable":true,"href":"http:\/\/metropoleemfoco.com.br\/index.php?rest_route=\/wp\/v2\/media\/7341"}],"wp:attachment":[{"href":"http:\/\/metropoleemfoco.com.br\/index.php?rest_route=%2Fwp%2Fv2%2Fmedia&parent=7340"}],"wp:term":[{"taxonomy":"category","embeddable":true,"href":"http:\/\/metropoleemfoco.com.br\/index.php?rest_route=%2Fwp%2Fv2%2Fcategories&post=7340"},{"taxonomy":"post_tag","embeddable":true,"href":"http:\/\/metropoleemfoco.com.br\/index.php?rest_route=%2Fwp%2Fv2%2Ftags&post=7340"}],"curies":[{"name":"wp","href":"https:\/\/api.w.org\/{rel}","templated":true}]}}