{"id":7170,"date":"2023-03-04T12:54:41","date_gmt":"2023-03-04T15:54:41","guid":{"rendered":"http:\/\/metropoleemfoco.com.br\/?p=7170"},"modified":"2023-03-04T12:54:41","modified_gmt":"2023-03-04T15:54:41","slug":"por-que-falar-sobre-saude-mental-no-ambiente-de-trabalho-e-tao-importante","status":"publish","type":"post","link":"http:\/\/metropoleemfoco.com.br\/?p=7170","title":{"rendered":"Por que falar sobre sa\u00fade mental no ambiente de trabalho \u00e9 t\u00e3o importante?"},"content":{"rendered":"<div class=\"row content-head non-featured \">\n<div class=\"title\" data-block-type=\"title\" data-block-id=\"0\">\n<p class=\"content-head__title\"><span style=\"font-size: 16px;\">Como a sa\u00fade mental pode afetar diretamente os custos da empresa<\/span><\/p>\n<\/div>\n<\/div>\n<div class=\"content__signature\">\n<div class=\"content-publication-data\">\n<div class=\"content-publication-data__logo content-publication-data__logo--circle\"><\/div>\n<\/div>\n<\/div>\n<div class=\"content__share-bar content__share-bar--cloned\" data-position=\"upper\"><\/div>\n<hr class=\"content__divider \" \/>\n<div class=\"mc-article-body\">\n<article>\n<div class=\"mc-column mc-side-item__container\" data-block-type=\"ads\" data-block-id=\"1\">\n<div class=\"mc-side-item mc-side-item--right content-ads content-ads--side-ad\">\n<div id=\"banner_materia1\" class=\"tag-manager-publicidade-container tag-manager-publicidade-banner_materia1 tag-manager-publicidade-container--carregado tag-manager-publicidade-container--visivel\" data-google-query-id=\"CIDtsL_Pwv0CFag3uQYd9KkNeA\">\n<p>&nbsp;<\/p>\n<\/div>\n<\/div>\n<\/div>\n<div class=\"mc-column content-text active-extra-styles active-capital-letter\" data-block-type=\"unstyled\" data-block-weight=\"20\" data-block-id=\"2\">\n<p class=\"content-text__container theme-color-primary-first-letter\" data-track-category=\"Link no Texto\" data-track-links=\"\">As doen\u00e7as mentais podem ter um impacto significativo no mercado de trabalho, tanto em termos de custos diretos quanto indiretos.<\/p>\n<\/div>\n<div class=\"wall protected-content\">\n<div class=\"mc-column content-text active-extra-styles \" data-block-type=\"unstyled\" data-block-weight=\"48\" data-block-id=\"3\">\n<p class=\"content-text__container \" data-track-category=\"Link no Texto\" data-track-links=\"\">Os custos diretos incluem os servi\u00e7os de sa\u00fade mental, consultas com profissionais e medicamentos. Os custos indiretos incluem a perda de produtividade, absente\u00edsmo e presente\u00edsmo no trabalho e toda uma sorte de fatores complicadores de relacionamento interpessoal devido a problemas de sa\u00fade mental que afetam diretamente a produtividade.<\/p>\n<\/div>\n<div class=\"mc-column content-text active-extra-styles \" data-block-type=\"unstyled\" data-block-weight=\"38\" data-block-id=\"4\">\n<p class=\"content-text__container \" data-track-category=\"Link no Texto\" data-track-links=\"\">De acordo com um estudo realizado pela Organiza\u00e7\u00e3o Mundial da Sa\u00fade (OMS), as doen\u00e7as mentais e neurol\u00f3gicas representam cerca de 10% do \u00f4nus global de doen\u00e7as e custam \u00e0 economia mundial cerca de US$ 2,5 trilh\u00f5es por ano.<\/p>\n<\/div>\n<div class=\"mc-column content-text active-extra-styles \" data-block-type=\"unstyled\" data-block-weight=\"81\" data-block-id=\"5\">\n<p class=\"content-text__container \" data-track-category=\"Link no Texto\" data-track-links=\"\">Outro estudo realizado nos Estados Unidos mostrou que as doen\u00e7as mentais custam cerca de US$ 193,2 bilh\u00f5es em perda de produtividade a cada ano. O presente\u00edsmo, que \u00e9 quando os funcion\u00e1rios est\u00e3o presentes no trabalho, mas n\u00e3o conseguem realizar suas tarefas com efic\u00e1cia devido a problemas de sa\u00fade mental, \u00e9 estimado como respons\u00e1vel por mais de 80% desse custo. Al\u00e9m disso, h\u00e1 v\u00e1rias pesquisas que mostram um aumento exponencial no n\u00famero de afastamentos do trabalho por motivo ligado \u00e0 sa\u00fade mental.<\/p>\n<\/div>\n<div class=\"mc-column content-text active-extra-styles \" data-block-type=\"unstyled\" data-block-weight=\"48\" data-block-id=\"6\">\n<p class=\"content-text__container \" data-track-category=\"Link no Texto\" data-track-links=\"\">Nos Estados Unidos, a Associa\u00e7\u00e3o Americana de Psicologia relatou que 61% dos trabalhadores americanos relataram que o estresse no trabalho os deixou desgastados e incapazes de realizar suas tarefas, enquanto outro estudo indicou que mais de 50% dos trabalhadores norte-americanos relataram ter experimentado sintomas de estresse e ansiedade.<\/p>\n<\/div>\n<div class=\"content-ads content-ads--reveal\" data-block-type=\"ads\" data-block-id=\"7\"><\/div>\n<div class=\"mc-column content-text active-extra-styles \" data-block-type=\"unstyled\" data-block-weight=\"47\" data-block-id=\"8\">\n<p class=\"content-text__container \" data-track-category=\"Link no Texto\" data-track-links=\"\">Um estudo do Reino Unido mostrou que o n\u00famero de dias perdidos de trabalho devido a problemas de sa\u00fade mental aumentou em 24% entre 2009 e 2017, e que os trabalhadores com problemas de sa\u00fade mental eram mais propensos a tirar licen\u00e7a m\u00e9dica por um per\u00edodo prolongado.<\/p>\n<\/div>\n<div class=\"mc-column content-text active-extra-styles \" data-block-type=\"unstyled\" data-block-weight=\"33\" data-block-id=\"9\">\n<p class=\"content-text__container \" data-track-category=\"Link no Texto\" data-track-links=\"\">No Brasil, por exemplo, um estudo realizado em 2018 pelo Minist\u00e9rio da Sa\u00fade mostrou que os transtornos mentais foram respons\u00e1veis por cerca de 35% dos afastamentos do trabalho por mais de 15 dias.<\/p>\n<\/div>\n<div class=\"mc-column content-text active-extra-styles \" data-block-type=\"unstyled\" data-block-weight=\"77\" data-block-id=\"10\">\n<p class=\"content-text__container \" data-track-category=\"Link no Texto\" data-track-links=\"\">Em pesquisa realizada pela Assessoria de Sa\u00fade e Previd\u00eancia da Federa\u00e7\u00e3o dos Trabalhadores do Ramo Qu\u00edmicos da CUT do Estado de S\u00e3o Paulo (FETQUIM\/CUT\/Intersindical), com base em dados abertos da Previd\u00eancia sobre afastamentos, coletados no Instituto Nacional do Seguro Social (INSS) e nos minist\u00e9rios do Trabalho e Previd\u00eancia, entre 2015 a 2020, revela que o porcentual de transtornos mentais e comportamentais passou de 8,43% para 12,45% do total de CIDs (C\u00f3digo Internacional de Doen\u00e7as) registradas.<\/p>\n<\/div>\n<div class=\"mc-column content-text active-extra-styles \" data-block-type=\"unstyled\" data-block-weight=\"26\" data-block-id=\"11\">\n<p class=\"content-text__container \" data-track-category=\"Link no Texto\" data-track-links=\"\">Entre as 100 CIDs referentes ao cap\u00edtulo V, de transtornos mentais, tr\u00eas se destacaram mais intensamente com percentuais elevados de transtornos mentais entre os trabalhadores:<\/p>\n<\/div>\n<div class=\"mc-column content-text active-extra-styles \" data-block-type=\"unstyled\" data-block-weight=\"4\" data-block-id=\"12\">\n<p class=\"content-text__container \" data-track-category=\"Link no Texto\" data-track-links=\"\">&#8211; F-32 (epis\u00f3dios depressivos),<\/p>\n<\/div>\n<div class=\"mc-column content-text active-extra-styles \" data-block-type=\"unstyled\" data-block-weight=\"4\" data-block-id=\"13\">\n<p class=\"content-text__container \" data-track-category=\"Link no Texto\" data-track-links=\"\">-F-41 (transtornos ansiosos), e<\/p>\n<\/div>\n<div class=\"mc-column content-text active-extra-styles \" data-block-type=\"unstyled\" data-block-weight=\"7\" data-block-id=\"14\">\n<p class=\"content-text__container \" data-track-category=\"Link no Texto\" data-track-links=\"\">-F-43 (estresse grave e transtorno de adapta\u00e7\u00e3o).<\/p>\n<\/div>\n<div class=\"mc-column content-text active-extra-styles \" data-block-type=\"unstyled\" data-block-weight=\"15\" data-block-id=\"15\">\n<p class=\"content-text__container \" data-track-category=\"Link no Texto\" data-track-links=\"\">Por\u00e9m, dados compilados ap\u00f3s os efeitos da pandemia demonstram um crescimento ainda maior do problema.<\/p>\n<\/div>\n<div class=\"content-ads content-ads--reveal\" data-block-type=\"ads\" data-block-id=\"16\"><\/div>\n<div class=\"mc-column content-text active-extra-styles \" data-block-type=\"unstyled\" data-block-weight=\"34\" data-block-id=\"17\">\n<p class=\"content-text__container \" data-track-category=\"Link no Texto\" data-track-links=\"\">Recentemente duas novas publica\u00e7\u00f5es que visam abordar essa quest\u00e3o foram disponibilizadas &#8211; diretrizes da OMS sobre sa\u00fade mental no trabalho (WHO Guidelines on mental health at work) e uma nota conjunta da OMS\/OIT .<\/p>\n<\/div>\n<div class=\"mc-column content-text active-extra-styles \" data-block-type=\"unstyled\" data-block-weight=\"62\" data-block-id=\"18\">\n<p class=\"content-text__container \" data-track-category=\"Link no Texto\" data-track-links=\"\">As diretrizes globais da OMS sobre sa\u00fade mental no trabalho recomendam a\u00e7\u00f5es para enfrentar os riscos para a sa\u00fade mental, como cargas de trabalho pesadas, comportamentos negativos e outros fatores que criam ang\u00fastia no trabalho. Pela primeira vez, recomenda o treinamento de gerente, para construir sua capacidade de evitar ambientes de trabalho estressantes e responder aos trabalhadores e \u00e0s trabalhadoras em perigo.<\/p>\n<\/div>\n<div class=\"mc-column content-text active-extra-styles \" data-block-type=\"unstyled\" data-block-weight=\"40\" data-block-id=\"19\">\n<p class=\"content-text__container \" data-track-category=\"Link no Texto\" data-track-links=\"\">O Relat\u00f3rio Mundial de Sa\u00fade Mental da OMS, publicado em junho de 2022, mostrou que de um bilh\u00e3o de pessoas que viviam com algum transtorno mental em 2019, 15 % dos adultos em idade ativa sofreram um transtorno mental.<\/p>\n<\/div>\n<div class=\"mc-column content-text active-extra-styles \" data-block-type=\"unstyled\" data-block-weight=\"67\" data-block-id=\"20\">\n<p class=\"content-text__container \" data-track-category=\"Link no Texto\" data-track-links=\"\">Com efeito, o trabalho amplifica quest\u00f5es sociais mais amplas que afetam negativamente a sa\u00fade mental, incluindo discrimina\u00e7\u00e3o e desigualdade. O bullying e a viol\u00eancia psicol\u00f3gica (tamb\u00e9m conhecidos como &#8220;mobbing&#8221;) s\u00e3o as principais queixas de ass\u00e9dio no local de trabalho que t\u00eam um impacto negativo na sa\u00fade mental. No entanto, discutir ou divulgar a sa\u00fade mental continua sendo um tabu nos meios de trabalho em todo o mundo.<\/p>\n<\/div>\n<div class=\"content-ads content-ads--reveal\" data-block-type=\"ads\" data-block-id=\"21\"><\/div>\n<div class=\"mc-column content-text active-extra-styles \" data-block-type=\"unstyled\" data-block-weight=\"65\" data-block-id=\"22\">\n<p class=\"content-text__container \" data-track-category=\"Link no Texto\" data-track-links=\"\">Esses dados destacam a import\u00e2ncia de abordar a sa\u00fade mental no ambiente de trabalho e implementar pr\u00e1ticas e pol\u00edticas que ajudem a promover a sa\u00fade mental dos funcion\u00e1rios, bem como prevenir o absente\u00edsmo e o presente\u00edsmo relacionados \u00e0 sa\u00fade mental. Isso pode ajudar a reduzir os custos associados \u00e0s doen\u00e7as mentais no local de trabalho e melhorar a produtividade e o bem-estar geral dos funcion\u00e1rios.<\/p>\n<\/div>\n<div class=\"mc-column content-text active-extra-styles \" data-block-type=\"unstyled\" data-block-weight=\"45\" data-block-id=\"23\">\n<p class=\"content-text__container \" data-track-category=\"Link no Texto\" data-track-links=\"\">Para tanto, no dia 24 de mar\u00e7o de 2023, a partir das 13h, no Sal\u00e3o Nobre da Universidade S\u00e3o Francisco em Bragan\u00e7a Paulista \u2013 SP, faremos um evento com grandes nomes e com olhares da Filosofia, Medicina, Psicologia e do Direito a prop\u00f3sito do tema.<\/p>\n<\/div>\n<div data-track-category=\"multicontent\" data-track-action=\"ultimo chunk conteudo\" data-track-noninteraction=\"false\" data-track-scroll=\"view\">\n<div id=\"chunk-d3dsr\">\n<div class=\"mc-column content-text active-extra-styles \" data-block-type=\"unstyled\" data-block-weight=\"62\" data-block-id=\"24\">\n<p class=\"content-text__container \" data-track-category=\"Link no Texto\" data-track-links=\"\">Para participar do 1\u00ba Semin\u00e1rio de Sa\u00fade Mental, Trabalho e Justi\u00e7a, que acontece em Bragan\u00e7a Paulista, basta voc\u00ea acessar o link\u00a0<a href=\"https:\/\/swiy.co\/Mtplus\" target=\"_blank\" rel=\"noopener\">https:\/\/swiy.co\/Mtplus<\/a>\u00a0e garantir a sua vaga. O evento ocorre pr\u00f3ximo a hot\u00e9is e restaurantes, al\u00e9m disso, ficar\u00e1 localizado em uma \u00e1rea estrat\u00e9gica de Bragan\u00e7a, onde quem chega pela Rodovia Fern\u00e3o Dias e Rodovia Alkindar Monteiro Junqueira (Bragan\u00e7a \/Itatiba) tem f\u00e1cil acesso.<br \/>\nFonte: G1<\/p>\n<\/div>\n<\/div>\n<\/div>\n<\/div>\n<\/article>\n<\/div>\n","protected":false},"excerpt":{"rendered":"<p>Como a sa\u00fade mental pode afetar diretamente os custos da empresa &nbsp; As doen\u00e7as mentais podem ter um impacto significativo<\/p>\n","protected":false},"author":1,"featured_media":7171,"comment_status":"open","ping_status":"open","sticky":false,"template":"","format":"standard","meta":{"colormag_page_container_layout":"default_layout","colormag_page_sidebar_layout":"default_layout","footnotes":""},"categories":[9],"tags":[],"class_list":["post-7170","post","type-post","status-publish","format-standard","has-post-thumbnail","hentry","category-saude"],"_links":{"self":[{"href":"http:\/\/metropoleemfoco.com.br\/index.php?rest_route=\/wp\/v2\/posts\/7170","targetHints":{"allow":["GET"]}}],"collection":[{"href":"http:\/\/metropoleemfoco.com.br\/index.php?rest_route=\/wp\/v2\/posts"}],"about":[{"href":"http:\/\/metropoleemfoco.com.br\/index.php?rest_route=\/wp\/v2\/types\/post"}],"author":[{"embeddable":true,"href":"http:\/\/metropoleemfoco.com.br\/index.php?rest_route=\/wp\/v2\/users\/1"}],"replies":[{"embeddable":true,"href":"http:\/\/metropoleemfoco.com.br\/index.php?rest_route=%2Fwp%2Fv2%2Fcomments&post=7170"}],"version-history":[{"count":1,"href":"http:\/\/metropoleemfoco.com.br\/index.php?rest_route=\/wp\/v2\/posts\/7170\/revisions"}],"predecessor-version":[{"id":7172,"href":"http:\/\/metropoleemfoco.com.br\/index.php?rest_route=\/wp\/v2\/posts\/7170\/revisions\/7172"}],"wp:featuredmedia":[{"embeddable":true,"href":"http:\/\/metropoleemfoco.com.br\/index.php?rest_route=\/wp\/v2\/media\/7171"}],"wp:attachment":[{"href":"http:\/\/metropoleemfoco.com.br\/index.php?rest_route=%2Fwp%2Fv2%2Fmedia&parent=7170"}],"wp:term":[{"taxonomy":"category","embeddable":true,"href":"http:\/\/metropoleemfoco.com.br\/index.php?rest_route=%2Fwp%2Fv2%2Fcategories&post=7170"},{"taxonomy":"post_tag","embeddable":true,"href":"http:\/\/metropoleemfoco.com.br\/index.php?rest_route=%2Fwp%2Fv2%2Ftags&post=7170"}],"curies":[{"name":"wp","href":"https:\/\/api.w.org\/{rel}","templated":true}]}}